{"id":44110,"date":"2020-07-22T21:54:52","date_gmt":"2020-07-23T00:54:52","guid":{"rendered":"https:\/\/www.gaveanews.com\/?p=44110"},"modified":"2020-07-22T21:54:56","modified_gmt":"2020-07-23T00:54:56","slug":"ao-menos-20-tecnicos-ja-foram-oferecidos-ao-flamengo","status":"publish","type":"post","link":"https:\/\/www.gaveanews.com\/index.php\/2020\/07\/22\/ao-menos-20-tecnicos-ja-foram-oferecidos-ao-flamengo\/","title":{"rendered":"Ao menos 20 t\u00e9cnicos j\u00e1 foram oferecidos ao Flamengo"},"content":{"rendered":"\n<p>Quarta-feira. Foi esse o prazo dado por Marcos Braz, vice-presidente de futebol do Flamengo, para escolher um novo treinador. E a quarta chegou sem qualquer defini\u00e7\u00e3o rubro-negra, mas com pelo 20 nomes oferecidos desde a sa\u00edda de Jorge Jesus.<\/p>\n\n\n\n<p>Entre os nomes sugeridos recentemente, um que agradou foi o de Jurgen Klinsmann, respons\u00e1vel pela transforma\u00e7\u00e3o da sele\u00e7\u00e3o alem\u00e3 no fim da d\u00e9cada passada. A informa\u00e7\u00e3o sobre o comandante da Alemanha na Copa de 2010 foi divulgada pelo site Goal.<\/p>\n\n\n\n<p>O mexicano Javier Aguirre, o portugu\u00eas Carlos Carvalhal, o espanhol Domenec Torrent, al\u00e9m de uma por\u00e7\u00e3o de brasileiros tamb\u00e9m acabaram oferecidos para Marcos Braz.<\/p>\n\n\n\n<p>Depois de ouvir algumas das lideran\u00e7as do elenco e entender melhor o mercado, o vice de futebol do Fla espera por avan\u00e7os a partir de agora. No s\u00e1bado, em contato com o Blog, ele havia assegurado que nenhum treinador seria contratado antes de quarta-feira. Na vis\u00e3o rubro-negra, a escolha do substituto de JJ estar\u00e1 entre as decis\u00f5es mais dif\u00edceis e importantes da temporada.<\/p>\n\n\n\n<p>Braz continuava mais propenso a contratar um t\u00e9cnico portugu\u00eas que mudasse pouco o estilo de jogo da equipe, mas se frustrou com as recusas de Marco Silva e Leonardo Jardim.<\/p>\n\n\n\n<p>Vale a lembran\u00e7a de que o in\u00edcio do Campeonato Brasileiro est\u00e1 previsto para 9 de agosto e Maur\u00edcio Souza, t\u00e9cnico multicampe\u00e3o \u00e0 frente do sub-20, ser\u00e1 o comandante de forma interina durante o per\u00edodo.<\/p>\n\n\n\n<p>Retirado de: Yahoo Esportes <\/p>\n","protected":false},"excerpt":{"rendered":"<p>Quarta-feira. Foi esse o prazo dado por Marcos Braz, vice-presidente de futebol do Flamengo, para escolher um novo treinador. E a quarta chegou sem qualquer defini\u00e7\u00e3o rubro-negra, mas com pelo 20 nomes oferecidos desde a sa\u00edda de Jorge Jesus. Entre os nomes sugeridos recentemente, um que agradou foi o de Jurgen Klinsmann, respons\u00e1vel pela transforma\u00e7\u00e3o [&hellip;]<\/p>\n","protected":false},"author":1,"featured_media":23694,"comment_status":"open","ping_status":"closed","sticky":false,"template":"","format":"standard","meta":{"footnotes":""},"categories":[1],"tags":[],"class_list":["post-44110","post","type-post","status-publish","format-standard","has-post-thumbnail","hentry","category-flamengo"],"yoast_head":"<!-- This site is optimized with the Yoast SEO Premium plugin v24.2 (Yoast SEO v26.9) - https:\/\/yoast.com\/product\/yoast-seo-premium-wordpress\/ -->\n<title>Ao menos 20 t\u00e9cnicos j\u00e1 foram oferecidos ao Flamengo<\/title>\n<meta name=\"description\" content=\"Vale a lembran\u00e7a de que o in\u00edcio do Campeonato Brasileiro de 2020 est\u00e1 previsto para 9 de agosto e Maur\u00edcio Souza comandar\u00e1 o rubro-negro.\" \/>\n<meta name=\"robots\" content=\"index, follow, max-snippet:-1, max-image-preview:large, max-video-preview:-1\" \/>\n<link rel=\"canonical\" href=\"https:\/\/www.gaveanews.com\/index.php\/2020\/07\/22\/ao-menos-20-tecnicos-ja-foram-oferecidos-ao-flamengo\/\" \/>\n<meta property=\"og:locale\" content=\"pt_BR\" \/>\n<meta property=\"og:type\" content=\"article\" \/>\n<meta property=\"og:title\" content=\"Ao menos 20 t\u00e9cnicos j\u00e1 foram oferecidos ao Flamengo\" \/>\n<meta property=\"og:description\" content=\"Vale a lembran\u00e7a de que o in\u00edcio do Campeonato Brasileiro de 2020 est\u00e1 previsto para 9 de agosto e Maur\u00edcio Souza comandar\u00e1 o rubro-negro.\" \/>\n<meta property=\"og:url\" content=\"https:\/\/www.gaveanews.com\/index.php\/2020\/07\/22\/ao-menos-20-tecnicos-ja-foram-oferecidos-ao-flamengo\/\" \/>\n<meta property=\"og:site_name\" content=\"G\u00e1vea News\" \/>\n<meta property=\"article:publisher\" content=\"https:\/\/facebook.com\/gaveaNews\/\" \/>\n<meta property=\"article:published_time\" content=\"2020-07-23T00:54:52+00:00\" \/>\n<meta property=\"article:modified_time\" content=\"2020-07-23T00:54:56+00:00\" \/>\n<meta property=\"og:image\" content=\"https:\/\/www.gaveanews.com\/wp-content\/uploads\/2019\/07\/Marcos-Braz-durante-coletiva-de-imprensa-no-Ninho-do-Urubu.webp\" \/>\n\t<meta property=\"og:image:width\" content=\"846\" \/>\n\t<meta property=\"og:image:height\" content=\"563\" \/>\n\t<meta property=\"og:image:type\" content=\"image\/jpeg\" \/>\n<meta name=\"author\" content=\"Equipe G\u00e1vea News\" \/>\n<meta name=\"twitter:card\" content=\"summary_large_image\" \/>\n<meta name=\"twitter:label1\" content=\"Escrito por\" \/>\n\t<meta name=\"twitter:data1\" content=\"Equipe G\u00e1vea News\" \/>\n\t<meta name=\"twitter:label2\" content=\"Est. tempo de leitura\" \/>\n\t<meta name=\"twitter:data2\" content=\"1 minuto\" \/>\n<script type=\"application\/ld+json\" class=\"yoast-schema-graph\">{\"@context\":\"https:\/\/schema.org\",\"@graph\":[{\"@type\":\"NewsArticle\",\"@id\":\"https:\/\/www.gaveanews.com\/index.php\/2020\/07\/22\/ao-menos-20-tecnicos-ja-foram-oferecidos-ao-flamengo\/#article\",\"isPartOf\":{\"@id\":\"https:\/\/www.gaveanews.com\/index.php\/2020\/07\/22\/ao-menos-20-tecnicos-ja-foram-oferecidos-ao-flamengo\/\"},\"author\":{\"name\":\"Equipe G\u00e1vea News\",\"@id\":\"https:\/\/www.gaveanews.com\/#\/schema\/person\/2ec14f73fb96be2caf28f91afb14749d\"},\"headline\":\"Ao menos 20 t\u00e9cnicos j\u00e1 foram oferecidos ao Flamengo\",\"datePublished\":\"2020-07-23T00:54:52+00:00\",\"dateModified\":\"2020-07-23T00:54:56+00:00\",\"mainEntityOfPage\":{\"@id\":\"https:\/\/www.gaveanews.com\/index.php\/2020\/07\/22\/ao-menos-20-tecnicos-ja-foram-oferecidos-ao-flamengo\/\"},\"wordCount\":264,\"commentCount\":5,\"image\":{\"@id\":\"https:\/\/www.gaveanews.com\/index.php\/2020\/07\/22\/ao-menos-20-tecnicos-ja-foram-oferecidos-ao-flamengo\/#primaryimage\"},\"thumbnailUrl\":\"https:\/\/www.gaveanews.com\/wp-content\/uploads\/2019\/07\/Marcos-Braz-durante-coletiva-de-imprensa-no-Ninho-do-Urubu.webp\",\"articleSection\":[\"Flamengo\"],\"inLanguage\":\"pt-BR\",\"potentialAction\":[{\"@type\":\"CommentAction\",\"name\":\"Comment\",\"target\":[\"https:\/\/www.gaveanews.com\/index.php\/2020\/07\/22\/ao-menos-20-tecnicos-ja-foram-oferecidos-ao-flamengo\/#respond\"]}],\"copyrightYear\":\"2020\",\"copyrightHolder\":{\"@id\":\"https:\/\/www.gaveanews.com\/#organization\"}},{\"@type\":\"WebPage\",\"@id\":\"https:\/\/www.gaveanews.com\/index.php\/2020\/07\/22\/ao-menos-20-tecnicos-ja-foram-oferecidos-ao-flamengo\/\",\"url\":\"https:\/\/www.gaveanews.com\/index.php\/2020\/07\/22\/ao-menos-20-tecnicos-ja-foram-oferecidos-ao-flamengo\/\",\"name\":\"Ao menos 20 t\u00e9cnicos j\u00e1 foram oferecidos ao Flamengo\",\"isPartOf\":{\"@id\":\"https:\/\/www.gaveanews.com\/#website\"},\"primaryImageOfPage\":{\"@id\":\"https:\/\/www.gaveanews.com\/index.php\/2020\/07\/22\/ao-menos-20-tecnicos-ja-foram-oferecidos-ao-flamengo\/#primaryimage\"},\"image\":{\"@id\":\"https:\/\/www.gaveanews.com\/index.php\/2020\/07\/22\/ao-menos-20-tecnicos-ja-foram-oferecidos-ao-flamengo\/#primaryimage\"},\"thumbnailUrl\":\"https:\/\/www.gaveanews.com\/wp-content\/uploads\/2019\/07\/Marcos-Braz-durante-coletiva-de-imprensa-no-Ninho-do-Urubu.webp\",\"datePublished\":\"2020-07-23T00:54:52+00:00\",\"dateModified\":\"2020-07-23T00:54:56+00:00\",\"author\":{\"@id\":\"https:\/\/www.gaveanews.com\/#\/schema\/person\/2ec14f73fb96be2caf28f91afb14749d\"},\"description\":\"Vale a lembran\u00e7a de que o in\u00edcio do Campeonato Brasileiro de 2020 est\u00e1 previsto para 9 de agosto e Maur\u00edcio Souza comandar\u00e1 o rubro-negro.\",\"breadcrumb\":{\"@id\":\"https:\/\/www.gaveanews.com\/index.php\/2020\/07\/22\/ao-menos-20-tecnicos-ja-foram-oferecidos-ao-flamengo\/#breadcrumb\"},\"inLanguage\":\"pt-BR\",\"potentialAction\":[{\"@type\":\"ReadAction\",\"target\":[\"https:\/\/www.gaveanews.com\/index.php\/2020\/07\/22\/ao-menos-20-tecnicos-ja-foram-oferecidos-ao-flamengo\/\"]}]},{\"@type\":\"ImageObject\",\"inLanguage\":\"pt-BR\",\"@id\":\"https:\/\/www.gaveanews.com\/index.php\/2020\/07\/22\/ao-menos-20-tecnicos-ja-foram-oferecidos-ao-flamengo\/#primaryimage\",\"url\":\"https:\/\/www.gaveanews.com\/wp-content\/uploads\/2019\/07\/Marcos-Braz-durante-coletiva-de-imprensa-no-Ninho-do-Urubu.webp\",\"contentUrl\":\"https:\/\/www.gaveanews.com\/wp-content\/uploads\/2019\/07\/Marcos-Braz-durante-coletiva-de-imprensa-no-Ninho-do-Urubu.webp\",\"width\":846,\"height\":563,\"caption\":\"Marcos Braz durante coletiva de imprensa no Ninho do Urubu (Foto: Alexandre Vidal\/Flamengo)\"},{\"@type\":\"BreadcrumbList\",\"@id\":\"https:\/\/www.gaveanews.com\/index.php\/2020\/07\/22\/ao-menos-20-tecnicos-ja-foram-oferecidos-ao-flamengo\/#breadcrumb\",\"itemListElement\":[{\"@type\":\"ListItem\",\"position\":1,\"name\":\"Home\",\"item\":\"https:\/\/www.gaveanews.com\/\"},{\"@type\":\"ListItem\",\"position\":2,\"name\":\"Ao menos 20 t\u00e9cnicos j\u00e1 foram oferecidos ao Flamengo\"}]},{\"@type\":\"WebSite\",\"@id\":\"https:\/\/www.gaveanews.com\/#website\",\"url\":\"https:\/\/www.gaveanews.com\/\",\"name\":\"G\u00e1vea News\",\"description\":\"Veja todas as not\u00edcias sobre o Flamengo: Contrata\u00e7\u00f5es, categorias de base, resultados das partidas, tabela de classifica\u00e7\u00e3o, pr\u00f3ximos jogos!\",\"potentialAction\":[{\"@type\":\"SearchAction\",\"target\":{\"@type\":\"EntryPoint\",\"urlTemplate\":\"https:\/\/www.gaveanews.com\/?s={search_term_string}\"},\"query-input\":{\"@type\":\"PropertyValueSpecification\",\"valueRequired\":true,\"valueName\":\"search_term_string\"}}],\"inLanguage\":\"pt-BR\"},{\"@type\":\"Person\",\"@id\":\"https:\/\/www.gaveanews.com\/#\/schema\/person\/2ec14f73fb96be2caf28f91afb14749d\",\"name\":\"Equipe G\u00e1vea News\",\"image\":{\"@type\":\"ImageObject\",\"inLanguage\":\"pt-BR\",\"@id\":\"https:\/\/www.gaveanews.com\/#\/schema\/person\/image\/\",\"url\":\"https:\/\/secure.gravatar.com\/avatar\/1e1956f1facbffd3f8fa53a326721950116b3b9dc9bd44939c01180fd4a745a9?s=96&d=mm&r=g\",\"contentUrl\":\"https:\/\/secure.gravatar.com\/avatar\/1e1956f1facbffd3f8fa53a326721950116b3b9dc9bd44939c01180fd4a745a9?s=96&d=mm&r=g\",\"caption\":\"Equipe G\u00e1vea News\"}}]}<\/script>\n<!-- \/ Yoast SEO Premium plugin. -->","yoast_head_json":{"title":"Ao menos 20 t\u00e9cnicos j\u00e1 foram oferecidos ao Flamengo","description":"Vale a lembran\u00e7a de que o in\u00edcio do Campeonato Brasileiro de 2020 est\u00e1 previsto para 9 de agosto e Maur\u00edcio Souza comandar\u00e1 o rubro-negro.","robots":{"index":"index","follow":"follow","max-snippet":"max-snippet:-1","max-image-preview":"max-image-preview:large","max-video-preview":"max-video-preview:-1"},"canonical":"https:\/\/www.gaveanews.com\/index.php\/2020\/07\/22\/ao-menos-20-tecnicos-ja-foram-oferecidos-ao-flamengo\/","og_locale":"pt_BR","og_type":"article","og_title":"Ao menos 20 t\u00e9cnicos j\u00e1 foram oferecidos ao Flamengo","og_description":"Vale a lembran\u00e7a de que o in\u00edcio do Campeonato Brasileiro de 2020 est\u00e1 previsto para 9 de agosto e Maur\u00edcio Souza comandar\u00e1 o rubro-negro.","og_url":"https:\/\/www.gaveanews.com\/index.php\/2020\/07\/22\/ao-menos-20-tecnicos-ja-foram-oferecidos-ao-flamengo\/","og_site_name":"G\u00e1vea News","article_publisher":"https:\/\/facebook.com\/gaveaNews\/","article_published_time":"2020-07-23T00:54:52+00:00","article_modified_time":"2020-07-23T00:54:56+00:00","og_image":[{"width":846,"height":563,"url":"https:\/\/www.gaveanews.com\/wp-content\/uploads\/2019\/07\/Marcos-Braz-durante-coletiva-de-imprensa-no-Ninho-do-Urubu.webp","type":"image\/jpeg"}],"author":"Equipe G\u00e1vea News","twitter_card":"summary_large_image","twitter_misc":{"Escrito por":"Equipe G\u00e1vea News","Est. tempo de leitura":"1 minuto"},"schema":{"@context":"https:\/\/schema.org","@graph":[{"@type":"NewsArticle","@id":"https:\/\/www.gaveanews.com\/index.php\/2020\/07\/22\/ao-menos-20-tecnicos-ja-foram-oferecidos-ao-flamengo\/#article","isPartOf":{"@id":"https:\/\/www.gaveanews.com\/index.php\/2020\/07\/22\/ao-menos-20-tecnicos-ja-foram-oferecidos-ao-flamengo\/"},"author":{"name":"Equipe G\u00e1vea News","@id":"https:\/\/www.gaveanews.com\/#\/schema\/person\/2ec14f73fb96be2caf28f91afb14749d"},"headline":"Ao menos 20 t\u00e9cnicos j\u00e1 foram oferecidos ao Flamengo","datePublished":"2020-07-23T00:54:52+00:00","dateModified":"2020-07-23T00:54:56+00:00","mainEntityOfPage":{"@id":"https:\/\/www.gaveanews.com\/index.php\/2020\/07\/22\/ao-menos-20-tecnicos-ja-foram-oferecidos-ao-flamengo\/"},"wordCount":264,"commentCount":5,"image":{"@id":"https:\/\/www.gaveanews.com\/index.php\/2020\/07\/22\/ao-menos-20-tecnicos-ja-foram-oferecidos-ao-flamengo\/#primaryimage"},"thumbnailUrl":"https:\/\/www.gaveanews.com\/wp-content\/uploads\/2019\/07\/Marcos-Braz-durante-coletiva-de-imprensa-no-Ninho-do-Urubu.webp","articleSection":["Flamengo"],"inLanguage":"pt-BR","potentialAction":[{"@type":"CommentAction","name":"Comment","target":["https:\/\/www.gaveanews.com\/index.php\/2020\/07\/22\/ao-menos-20-tecnicos-ja-foram-oferecidos-ao-flamengo\/#respond"]}],"copyrightYear":"2020","copyrightHolder":{"@id":"https:\/\/www.gaveanews.com\/#organization"}},{"@type":"WebPage","@id":"https:\/\/www.gaveanews.com\/index.php\/2020\/07\/22\/ao-menos-20-tecnicos-ja-foram-oferecidos-ao-flamengo\/","url":"https:\/\/www.gaveanews.com\/index.php\/2020\/07\/22\/ao-menos-20-tecnicos-ja-foram-oferecidos-ao-flamengo\/","name":"Ao menos 20 t\u00e9cnicos j\u00e1 foram oferecidos ao Flamengo","isPartOf":{"@id":"https:\/\/www.gaveanews.com\/#website"},"primaryImageOfPage":{"@id":"https:\/\/www.gaveanews.com\/index.php\/2020\/07\/22\/ao-menos-20-tecnicos-ja-foram-oferecidos-ao-flamengo\/#primaryimage"},"image":{"@id":"https:\/\/www.gaveanews.com\/index.php\/2020\/07\/22\/ao-menos-20-tecnicos-ja-foram-oferecidos-ao-flamengo\/#primaryimage"},"thumbnailUrl":"https:\/\/www.gaveanews.com\/wp-content\/uploads\/2019\/07\/Marcos-Braz-durante-coletiva-de-imprensa-no-Ninho-do-Urubu.webp","datePublished":"2020-07-23T00:54:52+00:00","dateModified":"2020-07-23T00:54:56+00:00","author":{"@id":"https:\/\/www.gaveanews.com\/#\/schema\/person\/2ec14f73fb96be2caf28f91afb14749d"},"description":"Vale a lembran\u00e7a de que o in\u00edcio do Campeonato Brasileiro de 2020 est\u00e1 previsto para 9 de agosto e Maur\u00edcio Souza comandar\u00e1 o rubro-negro.","breadcrumb":{"@id":"https:\/\/www.gaveanews.com\/index.php\/2020\/07\/22\/ao-menos-20-tecnicos-ja-foram-oferecidos-ao-flamengo\/#breadcrumb"},"inLanguage":"pt-BR","potentialAction":[{"@type":"ReadAction","target":["https:\/\/www.gaveanews.com\/index.php\/2020\/07\/22\/ao-menos-20-tecnicos-ja-foram-oferecidos-ao-flamengo\/"]}]},{"@type":"ImageObject","inLanguage":"pt-BR","@id":"https:\/\/www.gaveanews.com\/index.php\/2020\/07\/22\/ao-menos-20-tecnicos-ja-foram-oferecidos-ao-flamengo\/#primaryimage","url":"https:\/\/www.gaveanews.com\/wp-content\/uploads\/2019\/07\/Marcos-Braz-durante-coletiva-de-imprensa-no-Ninho-do-Urubu.webp","contentUrl":"https:\/\/www.gaveanews.com\/wp-content\/uploads\/2019\/07\/Marcos-Braz-durante-coletiva-de-imprensa-no-Ninho-do-Urubu.webp","width":846,"height":563,"caption":"Marcos Braz durante coletiva de imprensa no Ninho do Urubu (Foto: Alexandre Vidal\/Flamengo)"},{"@type":"BreadcrumbList","@id":"https:\/\/www.gaveanews.com\/index.php\/2020\/07\/22\/ao-menos-20-tecnicos-ja-foram-oferecidos-ao-flamengo\/#breadcrumb","itemListElement":[{"@type":"ListItem","position":1,"name":"Home","item":"https:\/\/www.gaveanews.com\/"},{"@type":"ListItem","position":2,"name":"Ao menos 20 t\u00e9cnicos j\u00e1 foram oferecidos ao Flamengo"}]},{"@type":"WebSite","@id":"https:\/\/www.gaveanews.com\/#website","url":"https:\/\/www.gaveanews.com\/","name":"G\u00e1vea News","description":"Veja todas as not\u00edcias sobre o Flamengo: Contrata\u00e7\u00f5es, categorias de base, resultados das partidas, tabela de classifica\u00e7\u00e3o, pr\u00f3ximos jogos!","potentialAction":[{"@type":"SearchAction","target":{"@type":"EntryPoint","urlTemplate":"https:\/\/www.gaveanews.com\/?s={search_term_string}"},"query-input":{"@type":"PropertyValueSpecification","valueRequired":true,"valueName":"search_term_string"}}],"inLanguage":"pt-BR"},{"@type":"Person","@id":"https:\/\/www.gaveanews.com\/#\/schema\/person\/2ec14f73fb96be2caf28f91afb14749d","name":"Equipe G\u00e1vea News","image":{"@type":"ImageObject","inLanguage":"pt-BR","@id":"https:\/\/www.gaveanews.com\/#\/schema\/person\/image\/","url":"https:\/\/secure.gravatar.com\/avatar\/1e1956f1facbffd3f8fa53a326721950116b3b9dc9bd44939c01180fd4a745a9?s=96&d=mm&r=g","contentUrl":"https:\/\/secure.gravatar.com\/avatar\/1e1956f1facbffd3f8fa53a326721950116b3b9dc9bd44939c01180fd4a745a9?s=96&d=mm&r=g","caption":"Equipe G\u00e1vea News"}}]}},"_links":{"self":[{"href":"https:\/\/www.gaveanews.com\/index.php\/wp-json\/wp\/v2\/posts\/44110","targetHints":{"allow":["GET"]}}],"collection":[{"href":"https:\/\/www.gaveanews.com\/index.php\/wp-json\/wp\/v2\/posts"}],"about":[{"href":"https:\/\/www.gaveanews.com\/index.php\/wp-json\/wp\/v2\/types\/post"}],"author":[{"embeddable":true,"href":"https:\/\/www.gaveanews.com\/index.php\/wp-json\/wp\/v2\/users\/1"}],"replies":[{"embeddable":true,"href":"https:\/\/www.gaveanews.com\/index.php\/wp-json\/wp\/v2\/comments?post=44110"}],"version-history":[{"count":0,"href":"https:\/\/www.gaveanews.com\/index.php\/wp-json\/wp\/v2\/posts\/44110\/revisions"}],"wp:featuredmedia":[{"embeddable":true,"href":"https:\/\/www.gaveanews.com\/index.php\/wp-json\/wp\/v2\/media\/23694"}],"wp:attachment":[{"href":"https:\/\/www.gaveanews.com\/index.php\/wp-json\/wp\/v2\/media?parent=44110"}],"wp:term":[{"taxonomy":"category","embeddable":true,"href":"https:\/\/www.gaveanews.com\/index.php\/wp-json\/wp\/v2\/categories?post=44110"},{"taxonomy":"post_tag","embeddable":true,"href":"https:\/\/www.gaveanews.com\/index.php\/wp-json\/wp\/v2\/tags?post=44110"}],"curies":[{"name":"wp","href":"https:\/\/api.w.org\/{rel}","templated":true}]}}