{"id":44119,"date":"2020-07-22T23:19:45","date_gmt":"2020-07-23T02:19:45","guid":{"rendered":"https:\/\/www.gaveanews.com\/?p=44119"},"modified":"2020-07-22T23:20:18","modified_gmt":"2020-07-23T02:20:18","slug":"conheca-a-cozinheira-que-deu-aula-em-roda-de-samba-no-flamengo-e-virou-amiga-de-rafinha-e-jesus","status":"publish","type":"post","link":"https:\/\/www.gaveanews.com\/index.php\/2020\/07\/22\/conheca-a-cozinheira-que-deu-aula-em-roda-de-samba-no-flamengo-e-virou-amiga-de-rafinha-e-jesus\/","title":{"rendered":"Conhe\u00e7a a cozinheira que &#8216;deu aula&#8217; em roda de samba no Flamengo e virou amiga de Rafinha e Jesus"},"content":{"rendered":"\n<p>Um animado v\u00eddeo de uma roda de samba dos jogadores do Flamengo marcou a confraterniza\u00e7\u00e3o de despedida do t\u00e9cnico Jorge Jesus. Mas n\u00e3o eram apenas atletas que estavam presentes no Ninho do Urubu. De avental e touca, uma funcion\u00e1ria chamou a aten\u00e7\u00e3o pela qualidade com que tocava seu instrumento no pagode. Ela \u00e9 Tia Cuti, cozinheira do elenco profissional e uma das pessoas mais carism\u00e1ticas do clube.<\/p>\n\n\n\n<p>Elenir de Souza, 55, est\u00e1 em sua segunda passagem pelo Rubro-Negro. Moradora de uma comunidade em Padre Miguel, Zona Oeste do Rio, ela entrou no clube pela primeira vez em 2010, atrav\u00e9s de uma empresa terceirizada. Posteriormente, foi indicada por uma nutricionista e foi contratada para ser cozinheira, em 2016. Tia Cuti \u00e9 m\u00e3e de seis filhos, mas cria 12 pois casou com o marido que tamb\u00e9m era pai de outros seis. A maioria, claro, \u00e9 Flamengo.<\/p>\n\n\n\n<p>Cuti recebeu dois convites para estar na celebra\u00e7\u00e3o. Primeiramente, o de Rafinha, que se tornou um amigo pessoal da cozinheira gra\u00e7as ao samba. Semanas antes, ao saber que ela gostava do ritmo, o lateral-direito prometeu convid\u00e1-la para a pr\u00f3xima roda. Assim como Betinho, o preparador f\u00edsico do clube, que foi o respons\u00e1vel por cham\u00e1-la durante o servi\u00e7o. Ela ficou amiga at\u00e9 mesmo do ex-t\u00e9cnico Jorge Jesus.<\/p>\n\n\n\n<blockquote class=\"twitter-tweet\" data-conversation=\"none\" data-theme=\"dark\"><p lang=\"pt\" dir=\"ltr\">Tia Cuti fez sucesso ao aparecer no v\u00eddeo da despedida de Jorge Jesus. Gra\u00e7as ao samba, virou int\u00e9rprete da Unidos de Padre Miguel e fez amizade com Rafinha e Jorge Jesus. Contamos essa hist\u00f3ria no <a href=\"https:\/\/twitter.com\/Jogo_Extra?ref_src=twsrc%5Etfw\">@Jogo_Extra<\/a>. <a href=\"https:\/\/t.co\/1TPptg1ziO\">pic.twitter.com\/1TPptg1ziO<\/a><\/p>&mdash; Marcello Neves (@mneves_) <a href=\"https:\/\/twitter.com\/mneves_\/status\/1286023210572509184?ref_src=twsrc%5Etfw\">July 22, 2020<\/a><\/blockquote> <script async src=\"https:\/\/platform.twitter.com\/widgets.js\" charset=\"utf-8\"><\/script>\n\n\n\n<p>\u2014 Jorge Jesus sempre falou com a gente. Chamava a gente para tirar foto e tudo. Ele sempre queria o que estava l\u00e1, nunca quis dar trabalho para a gente. Passava a m\u00e3o no nosso ombro, desejava uma boa apetite. Ele n\u00e3o gosta de carne, ent\u00e3o sempre pens\u00e1vamos em outra op\u00e7\u00e3o. Estamos realmente sentindo a sa\u00edda \u2014 conta Tia Cuti.<\/p>\n\n\n\n<p>Inicialmente, a cozinheira recebeu um reco-reco em suas m\u00e3os. Tocou, mas n\u00e3o era a sua especialidade. Disse a Betinho que se dava melhor com um afox\u00e9 e foi prontamente atendida. Minutos depois, o v\u00eddeo que viralizou nas redes sociais estava publicado.<\/p>\n\n\n\n<p>\u2014 A minha familia gosta muito de cantar e de samba. Todo final de ano, nossa reuni\u00e3o acaba em pagode. Minha irm\u00e3 ca\u00e7ula, Viviane, e o irm\u00e3o, Guto, tamb\u00e9m chegam junto \u2014 conta ela, que aprendeu a tocar instrumentos sozinha, sem escola ou cursos, apenas com a ajuda dos familiares.<\/p>\n\n\n\n<figure class=\"wp-block-image size-large\"><img decoding=\"async\" src=\"https:\/\/extra.globo.com\/incoming\/24545358-640-400\/w640h360-PROP\/xdxyacghwaaep9j4.webp.pagespeed.ic.B6dTjodBdX.webp\" alt=\"\"\/><\/figure>\n\n\n\n<p>O gosto por samba n\u00e3o \u00e9 exagero. Tia Cuti \u00e9 uma das compositoras da Unidos do Padre Miguel, escola que disputa o grupo de acesso do carnaval do Rio. Atrav\u00e9s de seus filhos, passou a frequentar a quadra e foi convidada para entrar na equipe. Ela ajuda a comp\u00f4r os sambas que concorrem para estar na avenida, mas infelizmente nunca venceu uma vota\u00e7\u00e3o \u2014 seu melhor resultado foi um segundo lugar.<\/p>\n\n\n\n<p>Cuti tamb\u00e9m participa do bloco &#8216;Chega Junto&#8217;, que acontece tr\u00eas meses antes do carnaval na comunidade onde mora. Assim como na escola de samba, ela ajuda a escrever as can\u00e7\u00f5es ao lado da irm\u00e3o, de um sobrinho e de um amigo, que tamb\u00e9m s\u00e3o int\u00e9rpretes. No samba ou no Flamengo, Elenir \u00e9 querida por onde passa.<\/p>\n\n\n\n<p>\u2014 At\u00e9 o final do ano estou aprendendo a tocar pandeiro. Minha fam\u00edlia morava toda dentro de um \u00fanico apartamento. Minha m\u00e3e tinha cinco filhos. Ent\u00e3o, voc\u00ea se acostuma a cozinhar para muita gente. Cuidava de 12 crian\u00e7as, cozinhar \u00e9 festa \u2014 completa.<\/p>\n\n\n\n<p>Retirado de: Extra<\/p>\n","protected":false},"excerpt":{"rendered":"<p>Um animado v\u00eddeo de uma roda de samba dos jogadores do Flamengo marcou a confraterniza\u00e7\u00e3o de despedida do t\u00e9cnico Jorge Jesus. Mas n\u00e3o eram apenas atletas que estavam presentes no Ninho do Urubu. De avental e touca, uma funcion\u00e1ria chamou a aten\u00e7\u00e3o pela qualidade com que tocava seu instrumento no pagode. Ela \u00e9 Tia Cuti, [&hellip;]<\/p>\n","protected":false},"author":1,"featured_media":15184,"comment_status":"open","ping_status":"closed","sticky":false,"template":"","format":"standard","meta":{"footnotes":""},"categories":[1],"tags":[],"class_list":["post-44119","post","type-post","status-publish","format-standard","has-post-thumbnail","hentry","category-flamengo"],"yoast_head":"<!-- This site is optimized with the Yoast SEO Premium plugin v24.2 (Yoast SEO v26.9) - https:\/\/yoast.com\/product\/yoast-seo-premium-wordpress\/ -->\n<title>Conhe\u00e7a a cozinheira que &#039;deu aula&#039; na despedida de Jorge Jesus<\/title>\n<meta name=\"description\" content=\"Um animado v\u00eddeo de uma roda de samba dos jogadores do Flamengo marcou a confraterniza\u00e7\u00e3o de despedida do t\u00e9cnico Jorge Jesus.\" \/>\n<meta name=\"robots\" content=\"index, follow, max-snippet:-1, max-image-preview:large, max-video-preview:-1\" \/>\n<link rel=\"canonical\" href=\"https:\/\/www.gaveanews.com\/index.php\/2020\/07\/22\/conheca-a-cozinheira-que-deu-aula-em-roda-de-samba-no-flamengo-e-virou-amiga-de-rafinha-e-jesus\/\" \/>\n<meta property=\"og:locale\" content=\"pt_BR\" \/>\n<meta property=\"og:type\" content=\"article\" \/>\n<meta property=\"og:title\" content=\"Conhe\u00e7a a cozinheira que &#039;deu aula&#039; em roda de samba no Flamengo e virou amiga de Rafinha e Jesus\" \/>\n<meta property=\"og:description\" content=\"Um animado v\u00eddeo de uma roda de samba dos jogadores do Flamengo marcou a confraterniza\u00e7\u00e3o de despedida do t\u00e9cnico Jorge Jesus.\" \/>\n<meta property=\"og:url\" content=\"https:\/\/www.gaveanews.com\/index.php\/2020\/07\/22\/conheca-a-cozinheira-que-deu-aula-em-roda-de-samba-no-flamengo-e-virou-amiga-de-rafinha-e-jesus\/\" \/>\n<meta property=\"og:site_name\" content=\"G\u00e1vea News\" \/>\n<meta property=\"article:publisher\" content=\"https:\/\/facebook.com\/gaveaNews\/\" \/>\n<meta property=\"article:published_time\" content=\"2020-07-23T02:19:45+00:00\" \/>\n<meta property=\"article:modified_time\" content=\"2020-07-23T02:20:18+00:00\" \/>\n<meta property=\"og:image\" content=\"https:\/\/www.gaveanews.com\/wp-content\/uploads\/2019\/03\/Entrada-do-Ninho-do-Urubu.webp\" \/>\n\t<meta property=\"og:image:width\" content=\"846\" \/>\n\t<meta property=\"og:image:height\" content=\"564\" \/>\n\t<meta property=\"og:image:type\" content=\"image\/jpeg\" \/>\n<meta name=\"author\" content=\"Equipe G\u00e1vea News\" \/>\n<meta name=\"twitter:card\" content=\"summary_large_image\" \/>\n<meta name=\"twitter:label1\" content=\"Escrito por\" \/>\n\t<meta name=\"twitter:data1\" content=\"Equipe G\u00e1vea News\" \/>\n\t<meta name=\"twitter:label2\" content=\"Est. tempo de leitura\" \/>\n\t<meta name=\"twitter:data2\" content=\"3 minutos\" \/>\n<script type=\"application\/ld+json\" class=\"yoast-schema-graph\">{\"@context\":\"https:\/\/schema.org\",\"@graph\":[{\"@type\":\"NewsArticle\",\"@id\":\"https:\/\/www.gaveanews.com\/index.php\/2020\/07\/22\/conheca-a-cozinheira-que-deu-aula-em-roda-de-samba-no-flamengo-e-virou-amiga-de-rafinha-e-jesus\/#article\",\"isPartOf\":{\"@id\":\"https:\/\/www.gaveanews.com\/index.php\/2020\/07\/22\/conheca-a-cozinheira-que-deu-aula-em-roda-de-samba-no-flamengo-e-virou-amiga-de-rafinha-e-jesus\/\"},\"author\":{\"name\":\"Equipe G\u00e1vea News\",\"@id\":\"https:\/\/www.gaveanews.com\/#\/schema\/person\/2ec14f73fb96be2caf28f91afb14749d\"},\"headline\":\"Conhe\u00e7a a cozinheira que &#8216;deu aula&#8217; em roda de samba no Flamengo e virou amiga de Rafinha e Jesus\",\"datePublished\":\"2020-07-23T02:19:45+00:00\",\"dateModified\":\"2020-07-23T02:20:18+00:00\",\"mainEntityOfPage\":{\"@id\":\"https:\/\/www.gaveanews.com\/index.php\/2020\/07\/22\/conheca-a-cozinheira-que-deu-aula-em-roda-de-samba-no-flamengo-e-virou-amiga-de-rafinha-e-jesus\/\"},\"wordCount\":633,\"commentCount\":5,\"image\":{\"@id\":\"https:\/\/www.gaveanews.com\/index.php\/2020\/07\/22\/conheca-a-cozinheira-que-deu-aula-em-roda-de-samba-no-flamengo-e-virou-amiga-de-rafinha-e-jesus\/#primaryimage\"},\"thumbnailUrl\":\"https:\/\/www.gaveanews.com\/wp-content\/uploads\/2019\/03\/Entrada-do-Ninho-do-Urubu.webp\",\"articleSection\":[\"Flamengo\"],\"inLanguage\":\"pt-BR\",\"potentialAction\":[{\"@type\":\"CommentAction\",\"name\":\"Comment\",\"target\":[\"https:\/\/www.gaveanews.com\/index.php\/2020\/07\/22\/conheca-a-cozinheira-que-deu-aula-em-roda-de-samba-no-flamengo-e-virou-amiga-de-rafinha-e-jesus\/#respond\"]}],\"copyrightYear\":\"2020\",\"copyrightHolder\":{\"@id\":\"https:\/\/www.gaveanews.com\/#organization\"}},{\"@type\":\"WebPage\",\"@id\":\"https:\/\/www.gaveanews.com\/index.php\/2020\/07\/22\/conheca-a-cozinheira-que-deu-aula-em-roda-de-samba-no-flamengo-e-virou-amiga-de-rafinha-e-jesus\/\",\"url\":\"https:\/\/www.gaveanews.com\/index.php\/2020\/07\/22\/conheca-a-cozinheira-que-deu-aula-em-roda-de-samba-no-flamengo-e-virou-amiga-de-rafinha-e-jesus\/\",\"name\":\"Conhe\u00e7a a cozinheira que 'deu aula' na despedida de Jorge Jesus\",\"isPartOf\":{\"@id\":\"https:\/\/www.gaveanews.com\/#website\"},\"primaryImageOfPage\":{\"@id\":\"https:\/\/www.gaveanews.com\/index.php\/2020\/07\/22\/conheca-a-cozinheira-que-deu-aula-em-roda-de-samba-no-flamengo-e-virou-amiga-de-rafinha-e-jesus\/#primaryimage\"},\"image\":{\"@id\":\"https:\/\/www.gaveanews.com\/index.php\/2020\/07\/22\/conheca-a-cozinheira-que-deu-aula-em-roda-de-samba-no-flamengo-e-virou-amiga-de-rafinha-e-jesus\/#primaryimage\"},\"thumbnailUrl\":\"https:\/\/www.gaveanews.com\/wp-content\/uploads\/2019\/03\/Entrada-do-Ninho-do-Urubu.webp\",\"datePublished\":\"2020-07-23T02:19:45+00:00\",\"dateModified\":\"2020-07-23T02:20:18+00:00\",\"author\":{\"@id\":\"https:\/\/www.gaveanews.com\/#\/schema\/person\/2ec14f73fb96be2caf28f91afb14749d\"},\"description\":\"Um animado v\u00eddeo de uma roda de samba dos jogadores do Flamengo marcou a confraterniza\u00e7\u00e3o de despedida do t\u00e9cnico Jorge Jesus.\",\"breadcrumb\":{\"@id\":\"https:\/\/www.gaveanews.com\/index.php\/2020\/07\/22\/conheca-a-cozinheira-que-deu-aula-em-roda-de-samba-no-flamengo-e-virou-amiga-de-rafinha-e-jesus\/#breadcrumb\"},\"inLanguage\":\"pt-BR\",\"potentialAction\":[{\"@type\":\"ReadAction\",\"target\":[\"https:\/\/www.gaveanews.com\/index.php\/2020\/07\/22\/conheca-a-cozinheira-que-deu-aula-em-roda-de-samba-no-flamengo-e-virou-amiga-de-rafinha-e-jesus\/\"]}]},{\"@type\":\"ImageObject\",\"inLanguage\":\"pt-BR\",\"@id\":\"https:\/\/www.gaveanews.com\/index.php\/2020\/07\/22\/conheca-a-cozinheira-que-deu-aula-em-roda-de-samba-no-flamengo-e-virou-amiga-de-rafinha-e-jesus\/#primaryimage\",\"url\":\"https:\/\/www.gaveanews.com\/wp-content\/uploads\/2019\/03\/Entrada-do-Ninho-do-Urubu.webp\",\"contentUrl\":\"https:\/\/www.gaveanews.com\/wp-content\/uploads\/2019\/03\/Entrada-do-Ninho-do-Urubu.webp\",\"width\":846,\"height\":564,\"caption\":\"Entrada do Ninho do Urubu (Foto: Gilvan de Souza\/Flamengo)\"},{\"@type\":\"BreadcrumbList\",\"@id\":\"https:\/\/www.gaveanews.com\/index.php\/2020\/07\/22\/conheca-a-cozinheira-que-deu-aula-em-roda-de-samba-no-flamengo-e-virou-amiga-de-rafinha-e-jesus\/#breadcrumb\",\"itemListElement\":[{\"@type\":\"ListItem\",\"position\":1,\"name\":\"Home\",\"item\":\"https:\/\/www.gaveanews.com\/\"},{\"@type\":\"ListItem\",\"position\":2,\"name\":\"Conhe\u00e7a a cozinheira que &#8216;deu aula&#8217; em roda de samba no Flamengo e virou amiga de Rafinha e Jesus\"}]},{\"@type\":\"WebSite\",\"@id\":\"https:\/\/www.gaveanews.com\/#website\",\"url\":\"https:\/\/www.gaveanews.com\/\",\"name\":\"G\u00e1vea News\",\"description\":\"Veja todas as not\u00edcias sobre o Flamengo: Contrata\u00e7\u00f5es, categorias de base, resultados das partidas, tabela de classifica\u00e7\u00e3o, pr\u00f3ximos jogos!\",\"potentialAction\":[{\"@type\":\"SearchAction\",\"target\":{\"@type\":\"EntryPoint\",\"urlTemplate\":\"https:\/\/www.gaveanews.com\/?s={search_term_string}\"},\"query-input\":{\"@type\":\"PropertyValueSpecification\",\"valueRequired\":true,\"valueName\":\"search_term_string\"}}],\"inLanguage\":\"pt-BR\"},{\"@type\":\"Person\",\"@id\":\"https:\/\/www.gaveanews.com\/#\/schema\/person\/2ec14f73fb96be2caf28f91afb14749d\",\"name\":\"Equipe G\u00e1vea News\",\"image\":{\"@type\":\"ImageObject\",\"inLanguage\":\"pt-BR\",\"@id\":\"https:\/\/www.gaveanews.com\/#\/schema\/person\/image\/\",\"url\":\"https:\/\/secure.gravatar.com\/avatar\/1e1956f1facbffd3f8fa53a326721950116b3b9dc9bd44939c01180fd4a745a9?s=96&d=mm&r=g\",\"contentUrl\":\"https:\/\/secure.gravatar.com\/avatar\/1e1956f1facbffd3f8fa53a326721950116b3b9dc9bd44939c01180fd4a745a9?s=96&d=mm&r=g\",\"caption\":\"Equipe G\u00e1vea News\"}}]}<\/script>\n<!-- \/ Yoast SEO Premium plugin. -->","yoast_head_json":{"title":"Conhe\u00e7a a cozinheira que 'deu aula' na despedida de Jorge Jesus","description":"Um animado v\u00eddeo de uma roda de samba dos jogadores do Flamengo marcou a confraterniza\u00e7\u00e3o de despedida do t\u00e9cnico Jorge Jesus.","robots":{"index":"index","follow":"follow","max-snippet":"max-snippet:-1","max-image-preview":"max-image-preview:large","max-video-preview":"max-video-preview:-1"},"canonical":"https:\/\/www.gaveanews.com\/index.php\/2020\/07\/22\/conheca-a-cozinheira-que-deu-aula-em-roda-de-samba-no-flamengo-e-virou-amiga-de-rafinha-e-jesus\/","og_locale":"pt_BR","og_type":"article","og_title":"Conhe\u00e7a a cozinheira que 'deu aula' em roda de samba no Flamengo e virou amiga de Rafinha e Jesus","og_description":"Um animado v\u00eddeo de uma roda de samba dos jogadores do Flamengo marcou a confraterniza\u00e7\u00e3o de despedida do t\u00e9cnico Jorge Jesus.","og_url":"https:\/\/www.gaveanews.com\/index.php\/2020\/07\/22\/conheca-a-cozinheira-que-deu-aula-em-roda-de-samba-no-flamengo-e-virou-amiga-de-rafinha-e-jesus\/","og_site_name":"G\u00e1vea News","article_publisher":"https:\/\/facebook.com\/gaveaNews\/","article_published_time":"2020-07-23T02:19:45+00:00","article_modified_time":"2020-07-23T02:20:18+00:00","og_image":[{"width":846,"height":564,"url":"https:\/\/www.gaveanews.com\/wp-content\/uploads\/2019\/03\/Entrada-do-Ninho-do-Urubu.webp","type":"image\/jpeg"}],"author":"Equipe G\u00e1vea News","twitter_card":"summary_large_image","twitter_misc":{"Escrito por":"Equipe G\u00e1vea News","Est. tempo de leitura":"3 minutos"},"schema":{"@context":"https:\/\/schema.org","@graph":[{"@type":"NewsArticle","@id":"https:\/\/www.gaveanews.com\/index.php\/2020\/07\/22\/conheca-a-cozinheira-que-deu-aula-em-roda-de-samba-no-flamengo-e-virou-amiga-de-rafinha-e-jesus\/#article","isPartOf":{"@id":"https:\/\/www.gaveanews.com\/index.php\/2020\/07\/22\/conheca-a-cozinheira-que-deu-aula-em-roda-de-samba-no-flamengo-e-virou-amiga-de-rafinha-e-jesus\/"},"author":{"name":"Equipe G\u00e1vea News","@id":"https:\/\/www.gaveanews.com\/#\/schema\/person\/2ec14f73fb96be2caf28f91afb14749d"},"headline":"Conhe\u00e7a a cozinheira que &#8216;deu aula&#8217; em roda de samba no Flamengo e virou amiga de Rafinha e Jesus","datePublished":"2020-07-23T02:19:45+00:00","dateModified":"2020-07-23T02:20:18+00:00","mainEntityOfPage":{"@id":"https:\/\/www.gaveanews.com\/index.php\/2020\/07\/22\/conheca-a-cozinheira-que-deu-aula-em-roda-de-samba-no-flamengo-e-virou-amiga-de-rafinha-e-jesus\/"},"wordCount":633,"commentCount":5,"image":{"@id":"https:\/\/www.gaveanews.com\/index.php\/2020\/07\/22\/conheca-a-cozinheira-que-deu-aula-em-roda-de-samba-no-flamengo-e-virou-amiga-de-rafinha-e-jesus\/#primaryimage"},"thumbnailUrl":"https:\/\/www.gaveanews.com\/wp-content\/uploads\/2019\/03\/Entrada-do-Ninho-do-Urubu.webp","articleSection":["Flamengo"],"inLanguage":"pt-BR","potentialAction":[{"@type":"CommentAction","name":"Comment","target":["https:\/\/www.gaveanews.com\/index.php\/2020\/07\/22\/conheca-a-cozinheira-que-deu-aula-em-roda-de-samba-no-flamengo-e-virou-amiga-de-rafinha-e-jesus\/#respond"]}],"copyrightYear":"2020","copyrightHolder":{"@id":"https:\/\/www.gaveanews.com\/#organization"}},{"@type":"WebPage","@id":"https:\/\/www.gaveanews.com\/index.php\/2020\/07\/22\/conheca-a-cozinheira-que-deu-aula-em-roda-de-samba-no-flamengo-e-virou-amiga-de-rafinha-e-jesus\/","url":"https:\/\/www.gaveanews.com\/index.php\/2020\/07\/22\/conheca-a-cozinheira-que-deu-aula-em-roda-de-samba-no-flamengo-e-virou-amiga-de-rafinha-e-jesus\/","name":"Conhe\u00e7a a cozinheira que 'deu aula' na despedida de Jorge Jesus","isPartOf":{"@id":"https:\/\/www.gaveanews.com\/#website"},"primaryImageOfPage":{"@id":"https:\/\/www.gaveanews.com\/index.php\/2020\/07\/22\/conheca-a-cozinheira-que-deu-aula-em-roda-de-samba-no-flamengo-e-virou-amiga-de-rafinha-e-jesus\/#primaryimage"},"image":{"@id":"https:\/\/www.gaveanews.com\/index.php\/2020\/07\/22\/conheca-a-cozinheira-que-deu-aula-em-roda-de-samba-no-flamengo-e-virou-amiga-de-rafinha-e-jesus\/#primaryimage"},"thumbnailUrl":"https:\/\/www.gaveanews.com\/wp-content\/uploads\/2019\/03\/Entrada-do-Ninho-do-Urubu.webp","datePublished":"2020-07-23T02:19:45+00:00","dateModified":"2020-07-23T02:20:18+00:00","author":{"@id":"https:\/\/www.gaveanews.com\/#\/schema\/person\/2ec14f73fb96be2caf28f91afb14749d"},"description":"Um animado v\u00eddeo de uma roda de samba dos jogadores do Flamengo marcou a confraterniza\u00e7\u00e3o de despedida do t\u00e9cnico Jorge Jesus.","breadcrumb":{"@id":"https:\/\/www.gaveanews.com\/index.php\/2020\/07\/22\/conheca-a-cozinheira-que-deu-aula-em-roda-de-samba-no-flamengo-e-virou-amiga-de-rafinha-e-jesus\/#breadcrumb"},"inLanguage":"pt-BR","potentialAction":[{"@type":"ReadAction","target":["https:\/\/www.gaveanews.com\/index.php\/2020\/07\/22\/conheca-a-cozinheira-que-deu-aula-em-roda-de-samba-no-flamengo-e-virou-amiga-de-rafinha-e-jesus\/"]}]},{"@type":"ImageObject","inLanguage":"pt-BR","@id":"https:\/\/www.gaveanews.com\/index.php\/2020\/07\/22\/conheca-a-cozinheira-que-deu-aula-em-roda-de-samba-no-flamengo-e-virou-amiga-de-rafinha-e-jesus\/#primaryimage","url":"https:\/\/www.gaveanews.com\/wp-content\/uploads\/2019\/03\/Entrada-do-Ninho-do-Urubu.webp","contentUrl":"https:\/\/www.gaveanews.com\/wp-content\/uploads\/2019\/03\/Entrada-do-Ninho-do-Urubu.webp","width":846,"height":564,"caption":"Entrada do Ninho do Urubu (Foto: Gilvan de Souza\/Flamengo)"},{"@type":"BreadcrumbList","@id":"https:\/\/www.gaveanews.com\/index.php\/2020\/07\/22\/conheca-a-cozinheira-que-deu-aula-em-roda-de-samba-no-flamengo-e-virou-amiga-de-rafinha-e-jesus\/#breadcrumb","itemListElement":[{"@type":"ListItem","position":1,"name":"Home","item":"https:\/\/www.gaveanews.com\/"},{"@type":"ListItem","position":2,"name":"Conhe\u00e7a a cozinheira que &#8216;deu aula&#8217; em roda de samba no Flamengo e virou amiga de Rafinha e Jesus"}]},{"@type":"WebSite","@id":"https:\/\/www.gaveanews.com\/#website","url":"https:\/\/www.gaveanews.com\/","name":"G\u00e1vea News","description":"Veja todas as not\u00edcias sobre o Flamengo: Contrata\u00e7\u00f5es, categorias de base, resultados das partidas, tabela de classifica\u00e7\u00e3o, pr\u00f3ximos jogos!","potentialAction":[{"@type":"SearchAction","target":{"@type":"EntryPoint","urlTemplate":"https:\/\/www.gaveanews.com\/?s={search_term_string}"},"query-input":{"@type":"PropertyValueSpecification","valueRequired":true,"valueName":"search_term_string"}}],"inLanguage":"pt-BR"},{"@type":"Person","@id":"https:\/\/www.gaveanews.com\/#\/schema\/person\/2ec14f73fb96be2caf28f91afb14749d","name":"Equipe G\u00e1vea News","image":{"@type":"ImageObject","inLanguage":"pt-BR","@id":"https:\/\/www.gaveanews.com\/#\/schema\/person\/image\/","url":"https:\/\/secure.gravatar.com\/avatar\/1e1956f1facbffd3f8fa53a326721950116b3b9dc9bd44939c01180fd4a745a9?s=96&d=mm&r=g","contentUrl":"https:\/\/secure.gravatar.com\/avatar\/1e1956f1facbffd3f8fa53a326721950116b3b9dc9bd44939c01180fd4a745a9?s=96&d=mm&r=g","caption":"Equipe G\u00e1vea News"}}]}},"_links":{"self":[{"href":"https:\/\/www.gaveanews.com\/index.php\/wp-json\/wp\/v2\/posts\/44119","targetHints":{"allow":["GET"]}}],"collection":[{"href":"https:\/\/www.gaveanews.com\/index.php\/wp-json\/wp\/v2\/posts"}],"about":[{"href":"https:\/\/www.gaveanews.com\/index.php\/wp-json\/wp\/v2\/types\/post"}],"author":[{"embeddable":true,"href":"https:\/\/www.gaveanews.com\/index.php\/wp-json\/wp\/v2\/users\/1"}],"replies":[{"embeddable":true,"href":"https:\/\/www.gaveanews.com\/index.php\/wp-json\/wp\/v2\/comments?post=44119"}],"version-history":[{"count":0,"href":"https:\/\/www.gaveanews.com\/index.php\/wp-json\/wp\/v2\/posts\/44119\/revisions"}],"wp:featuredmedia":[{"embeddable":true,"href":"https:\/\/www.gaveanews.com\/index.php\/wp-json\/wp\/v2\/media\/15184"}],"wp:attachment":[{"href":"https:\/\/www.gaveanews.com\/index.php\/wp-json\/wp\/v2\/media?parent=44119"}],"wp:term":[{"taxonomy":"category","embeddable":true,"href":"https:\/\/www.gaveanews.com\/index.php\/wp-json\/wp\/v2\/categories?post=44119"},{"taxonomy":"post_tag","embeddable":true,"href":"https:\/\/www.gaveanews.com\/index.php\/wp-json\/wp\/v2\/tags?post=44119"}],"curies":[{"name":"wp","href":"https:\/\/api.w.org\/{rel}","templated":true}]}}