{"id":44139,"date":"2020-07-23T14:17:12","date_gmt":"2020-07-23T17:17:12","guid":{"rendered":"https:\/\/www.gaveanews.com\/?p=44139"},"modified":"2020-07-23T14:41:27","modified_gmt":"2020-07-23T17:41:27","slug":"treinador-espanhol-e-oferecido-ao-flamengo","status":"publish","type":"post","link":"https:\/\/www.gaveanews.com\/index.php\/2020\/07\/23\/treinador-espanhol-e-oferecido-ao-flamengo\/","title":{"rendered":"Treinador espanhol \u00e9 oferecido ao Flamengo"},"content":{"rendered":"\n<p>Ap\u00f3s a sa\u00edda de Jorge Jesus para o Benfica, o Flamengo est\u00e1 no mercado atr\u00e1s de um novo treinador. Marcos Braz, inclusive, desembarcou em Portugal nesta quinta-feira, e desde a despedida do Mister, h\u00e1 uma semana, dezenas de nomes j\u00e1 foram oferecidos \u00e0 dire\u00e7\u00e3o rubro-negra. Um deles foi o de Juan Carlos Carcedo, que trabalhou com Unai Emery, ex-PSG e Arsenal por 14 temporadas.<\/p>\n\n\n\n<p>Aos 46 anos, o espanhol Carcedo &#8211; que jogou at\u00e9 o in\u00edcio dos anos 2000 &#8211; deseja iniciar a carreira como treinador e foi indicado ao clube por intermedi\u00e1rios no Brasil. Seu companheiro por anos, Unai Emery tamb\u00e9m teve o nome avaliado pelo Flamengo, mas foi anunciado pelo Villareal, da Espanha, nesta quinta-feira.<\/p>\n\n\n\n<p>Carcedo fez quase toda sua carreira como jogador no futebol espanhol, onde atuou pelo Espanyol, Atl\u00e9tico de Madrid, Legan\u00e9s e Las Palmas. Na Fran\u00e7a, defendeu o Nice. A partir de 2006 passou a ser auxiliar t\u00e9cnico de Unai Emery, trabalhando no Almer\u00eda, Valencia, Spartak Moscow, Sevilla, PSG e Arsenal.<\/p>\n\n\n\n<figure class=\"wp-block-image size-large\"><img decoding=\"async\" src=\"https:\/\/i.pinimg.com\/originals\/36\/20\/4f\/36204f36c7cce339bb432a0f9c28e098.webp\" alt=\"\"\/><figcaption>Juan Carlos Carcedo segura a bola durante treinamento do Arsenal<\/figcaption><\/figure>\n\n\n\n<p>Ap\u00f3s a sa\u00edda do clube ingl\u00eas, em novembro de 2019, Juan Carlos Carcedo deixou a fun\u00e7\u00e3o de auxiliar t\u00e9cnico de Unai Emery e busca seu primeiro trabalho como treinador principal. Seu grupo de trabalho j\u00e1 conta com o assistente t\u00e9cnico David Iglesias e o preparador f\u00edsico Sergio Dom\u00ednguez.<\/p>\n\n\n\n<p>Retirado de: Lance<\/p>\n","protected":false},"excerpt":{"rendered":"<p>Ap\u00f3s a sa\u00edda de Jorge Jesus para o Benfica, o Flamengo est\u00e1 no mercado atr\u00e1s de um novo treinador. Marcos Braz, inclusive, desembarcou em Portugal nesta quinta-feira, e desde a despedida do Mister, h\u00e1 uma semana, dezenas de nomes j\u00e1 foram oferecidos \u00e0 dire\u00e7\u00e3o rubro-negra. Um deles foi o de Juan Carlos Carcedo, que trabalhou [&hellip;]<\/p>\n","protected":false},"author":1,"featured_media":15077,"comment_status":"open","ping_status":"closed","sticky":false,"template":"","format":"standard","meta":{"footnotes":""},"categories":[47],"tags":[],"class_list":["post-44139","post","type-post","status-publish","format-standard","has-post-thumbnail","hentry","category-destaques"],"yoast_head":"<!-- This site is optimized with the Yoast SEO Premium plugin v24.2 (Yoast SEO v26.9) - https:\/\/yoast.com\/product\/yoast-seo-premium-wordpress\/ -->\n<title>Treinador espanhol \u00e9 oferecido ao Flamengo<\/title>\n<meta name=\"description\" content=\"Ap\u00f3s a sa\u00edda de Jorge Jesus para o Benfica, a diretoria do Flamengo est\u00e1 mapeando o mercado da bola atr\u00e1s de um novo treinador.\" \/>\n<meta name=\"robots\" content=\"index, follow, max-snippet:-1, max-image-preview:large, max-video-preview:-1\" \/>\n<link rel=\"canonical\" href=\"https:\/\/www.gaveanews.com\/index.php\/2020\/07\/23\/treinador-espanhol-e-oferecido-ao-flamengo\/\" \/>\n<meta property=\"og:locale\" content=\"pt_BR\" \/>\n<meta property=\"og:type\" content=\"article\" \/>\n<meta property=\"og:title\" content=\"Treinador espanhol \u00e9 oferecido ao Flamengo\" \/>\n<meta property=\"og:description\" content=\"Ap\u00f3s a sa\u00edda de Jorge Jesus para o Benfica, a diretoria do Flamengo est\u00e1 mapeando o mercado da bola atr\u00e1s de um novo treinador.\" \/>\n<meta property=\"og:url\" content=\"https:\/\/www.gaveanews.com\/index.php\/2020\/07\/23\/treinador-espanhol-e-oferecido-ao-flamengo\/\" \/>\n<meta property=\"og:site_name\" content=\"G\u00e1vea News\" \/>\n<meta property=\"article:publisher\" content=\"https:\/\/facebook.com\/gaveaNews\/\" \/>\n<meta property=\"article:published_time\" content=\"2020-07-23T17:17:12+00:00\" \/>\n<meta property=\"article:modified_time\" content=\"2020-07-23T17:41:27+00:00\" \/>\n<meta property=\"og:image\" content=\"https:\/\/www.gaveanews.com\/wp-content\/uploads\/2019\/03\/Rodolfo-Landim-durante-entrevista-coletiva-na-Gavea.webp\" \/>\n\t<meta property=\"og:image:width\" content=\"1\" \/>\n\t<meta property=\"og:image:height\" content=\"1\" \/>\n\t<meta property=\"og:image:type\" content=\"image\/jpeg\" \/>\n<meta name=\"author\" content=\"Equipe G\u00e1vea News\" \/>\n<meta name=\"twitter:card\" content=\"summary_large_image\" \/>\n<meta name=\"twitter:label1\" content=\"Escrito por\" \/>\n\t<meta name=\"twitter:data1\" content=\"Equipe G\u00e1vea News\" \/>\n\t<meta name=\"twitter:label2\" content=\"Est. tempo de leitura\" \/>\n\t<meta name=\"twitter:data2\" content=\"1 minuto\" \/>\n<script type=\"application\/ld+json\" class=\"yoast-schema-graph\">{\"@context\":\"https:\/\/schema.org\",\"@graph\":[{\"@type\":\"NewsArticle\",\"@id\":\"https:\/\/www.gaveanews.com\/index.php\/2020\/07\/23\/treinador-espanhol-e-oferecido-ao-flamengo\/#article\",\"isPartOf\":{\"@id\":\"https:\/\/www.gaveanews.com\/index.php\/2020\/07\/23\/treinador-espanhol-e-oferecido-ao-flamengo\/\"},\"author\":{\"name\":\"Equipe G\u00e1vea News\",\"@id\":\"https:\/\/www.gaveanews.com\/#\/schema\/person\/2ec14f73fb96be2caf28f91afb14749d\"},\"headline\":\"Treinador espanhol \u00e9 oferecido ao Flamengo\",\"datePublished\":\"2020-07-23T17:17:12+00:00\",\"dateModified\":\"2020-07-23T17:41:27+00:00\",\"mainEntityOfPage\":{\"@id\":\"https:\/\/www.gaveanews.com\/index.php\/2020\/07\/23\/treinador-espanhol-e-oferecido-ao-flamengo\/\"},\"wordCount\":246,\"commentCount\":11,\"image\":{\"@id\":\"https:\/\/www.gaveanews.com\/index.php\/2020\/07\/23\/treinador-espanhol-e-oferecido-ao-flamengo\/#primaryimage\"},\"thumbnailUrl\":\"https:\/\/www.gaveanews.com\/wp-content\/uploads\/2019\/03\/Rodolfo-Landim-durante-entrevista-coletiva-na-Gavea.webp\",\"articleSection\":[\"Destaques\"],\"inLanguage\":\"pt-BR\",\"potentialAction\":[{\"@type\":\"CommentAction\",\"name\":\"Comment\",\"target\":[\"https:\/\/www.gaveanews.com\/index.php\/2020\/07\/23\/treinador-espanhol-e-oferecido-ao-flamengo\/#respond\"]}],\"copyrightYear\":\"2020\",\"copyrightHolder\":{\"@id\":\"https:\/\/www.gaveanews.com\/#organization\"}},{\"@type\":\"WebPage\",\"@id\":\"https:\/\/www.gaveanews.com\/index.php\/2020\/07\/23\/treinador-espanhol-e-oferecido-ao-flamengo\/\",\"url\":\"https:\/\/www.gaveanews.com\/index.php\/2020\/07\/23\/treinador-espanhol-e-oferecido-ao-flamengo\/\",\"name\":\"Treinador espanhol \u00e9 oferecido ao Flamengo\",\"isPartOf\":{\"@id\":\"https:\/\/www.gaveanews.com\/#website\"},\"primaryImageOfPage\":{\"@id\":\"https:\/\/www.gaveanews.com\/index.php\/2020\/07\/23\/treinador-espanhol-e-oferecido-ao-flamengo\/#primaryimage\"},\"image\":{\"@id\":\"https:\/\/www.gaveanews.com\/index.php\/2020\/07\/23\/treinador-espanhol-e-oferecido-ao-flamengo\/#primaryimage\"},\"thumbnailUrl\":\"https:\/\/www.gaveanews.com\/wp-content\/uploads\/2019\/03\/Rodolfo-Landim-durante-entrevista-coletiva-na-Gavea.webp\",\"datePublished\":\"2020-07-23T17:17:12+00:00\",\"dateModified\":\"2020-07-23T17:41:27+00:00\",\"author\":{\"@id\":\"https:\/\/www.gaveanews.com\/#\/schema\/person\/2ec14f73fb96be2caf28f91afb14749d\"},\"description\":\"Ap\u00f3s a sa\u00edda de Jorge Jesus para o Benfica, a diretoria do Flamengo est\u00e1 mapeando o mercado da bola atr\u00e1s de um novo treinador.\",\"breadcrumb\":{\"@id\":\"https:\/\/www.gaveanews.com\/index.php\/2020\/07\/23\/treinador-espanhol-e-oferecido-ao-flamengo\/#breadcrumb\"},\"inLanguage\":\"pt-BR\",\"potentialAction\":[{\"@type\":\"ReadAction\",\"target\":[\"https:\/\/www.gaveanews.com\/index.php\/2020\/07\/23\/treinador-espanhol-e-oferecido-ao-flamengo\/\"]}]},{\"@type\":\"ImageObject\",\"inLanguage\":\"pt-BR\",\"@id\":\"https:\/\/www.gaveanews.com\/index.php\/2020\/07\/23\/treinador-espanhol-e-oferecido-ao-flamengo\/#primaryimage\",\"url\":\"https:\/\/www.gaveanews.com\/wp-content\/uploads\/2019\/03\/Rodolfo-Landim-durante-entrevista-coletiva-na-Gavea.webp\",\"contentUrl\":\"https:\/\/www.gaveanews.com\/wp-content\/uploads\/2019\/03\/Rodolfo-Landim-durante-entrevista-coletiva-na-Gavea.webp\",\"width\":900,\"height\":599,\"caption\":\"Rodolfo Landim durante entrevista coletiva na G\u00e1vea (Foto: Ag\u00eancia Foto BR)\"},{\"@type\":\"BreadcrumbList\",\"@id\":\"https:\/\/www.gaveanews.com\/index.php\/2020\/07\/23\/treinador-espanhol-e-oferecido-ao-flamengo\/#breadcrumb\",\"itemListElement\":[{\"@type\":\"ListItem\",\"position\":1,\"name\":\"Home\",\"item\":\"https:\/\/www.gaveanews.com\/\"},{\"@type\":\"ListItem\",\"position\":2,\"name\":\"Treinador espanhol \u00e9 oferecido ao Flamengo\"}]},{\"@type\":\"WebSite\",\"@id\":\"https:\/\/www.gaveanews.com\/#website\",\"url\":\"https:\/\/www.gaveanews.com\/\",\"name\":\"G\u00e1vea News\",\"description\":\"Veja todas as not\u00edcias sobre o Flamengo: Contrata\u00e7\u00f5es, categorias de base, resultados das partidas, tabela de classifica\u00e7\u00e3o, pr\u00f3ximos jogos!\",\"potentialAction\":[{\"@type\":\"SearchAction\",\"target\":{\"@type\":\"EntryPoint\",\"urlTemplate\":\"https:\/\/www.gaveanews.com\/?s={search_term_string}\"},\"query-input\":{\"@type\":\"PropertyValueSpecification\",\"valueRequired\":true,\"valueName\":\"search_term_string\"}}],\"inLanguage\":\"pt-BR\"},{\"@type\":\"Person\",\"@id\":\"https:\/\/www.gaveanews.com\/#\/schema\/person\/2ec14f73fb96be2caf28f91afb14749d\",\"name\":\"Equipe G\u00e1vea News\",\"image\":{\"@type\":\"ImageObject\",\"inLanguage\":\"pt-BR\",\"@id\":\"https:\/\/www.gaveanews.com\/#\/schema\/person\/image\/\",\"url\":\"https:\/\/secure.gravatar.com\/avatar\/1e1956f1facbffd3f8fa53a326721950116b3b9dc9bd44939c01180fd4a745a9?s=96&d=mm&r=g\",\"contentUrl\":\"https:\/\/secure.gravatar.com\/avatar\/1e1956f1facbffd3f8fa53a326721950116b3b9dc9bd44939c01180fd4a745a9?s=96&d=mm&r=g\",\"caption\":\"Equipe G\u00e1vea News\"}}]}<\/script>\n<!-- \/ Yoast SEO Premium plugin. -->","yoast_head_json":{"title":"Treinador espanhol \u00e9 oferecido ao Flamengo","description":"Ap\u00f3s a sa\u00edda de Jorge Jesus para o Benfica, a diretoria do Flamengo est\u00e1 mapeando o mercado da bola atr\u00e1s de um novo treinador.","robots":{"index":"index","follow":"follow","max-snippet":"max-snippet:-1","max-image-preview":"max-image-preview:large","max-video-preview":"max-video-preview:-1"},"canonical":"https:\/\/www.gaveanews.com\/index.php\/2020\/07\/23\/treinador-espanhol-e-oferecido-ao-flamengo\/","og_locale":"pt_BR","og_type":"article","og_title":"Treinador espanhol \u00e9 oferecido ao Flamengo","og_description":"Ap\u00f3s a sa\u00edda de Jorge Jesus para o Benfica, a diretoria do Flamengo est\u00e1 mapeando o mercado da bola atr\u00e1s de um novo treinador.","og_url":"https:\/\/www.gaveanews.com\/index.php\/2020\/07\/23\/treinador-espanhol-e-oferecido-ao-flamengo\/","og_site_name":"G\u00e1vea News","article_publisher":"https:\/\/facebook.com\/gaveaNews\/","article_published_time":"2020-07-23T17:17:12+00:00","article_modified_time":"2020-07-23T17:41:27+00:00","og_image":[{"url":"https:\/\/www.gaveanews.com\/wp-content\/uploads\/2019\/03\/Rodolfo-Landim-durante-entrevista-coletiva-na-Gavea.webp","width":1,"height":1,"type":"image\/jpeg"}],"author":"Equipe G\u00e1vea News","twitter_card":"summary_large_image","twitter_misc":{"Escrito por":"Equipe G\u00e1vea News","Est. tempo de leitura":"1 minuto"},"schema":{"@context":"https:\/\/schema.org","@graph":[{"@type":"NewsArticle","@id":"https:\/\/www.gaveanews.com\/index.php\/2020\/07\/23\/treinador-espanhol-e-oferecido-ao-flamengo\/#article","isPartOf":{"@id":"https:\/\/www.gaveanews.com\/index.php\/2020\/07\/23\/treinador-espanhol-e-oferecido-ao-flamengo\/"},"author":{"name":"Equipe G\u00e1vea News","@id":"https:\/\/www.gaveanews.com\/#\/schema\/person\/2ec14f73fb96be2caf28f91afb14749d"},"headline":"Treinador espanhol \u00e9 oferecido ao Flamengo","datePublished":"2020-07-23T17:17:12+00:00","dateModified":"2020-07-23T17:41:27+00:00","mainEntityOfPage":{"@id":"https:\/\/www.gaveanews.com\/index.php\/2020\/07\/23\/treinador-espanhol-e-oferecido-ao-flamengo\/"},"wordCount":246,"commentCount":11,"image":{"@id":"https:\/\/www.gaveanews.com\/index.php\/2020\/07\/23\/treinador-espanhol-e-oferecido-ao-flamengo\/#primaryimage"},"thumbnailUrl":"https:\/\/www.gaveanews.com\/wp-content\/uploads\/2019\/03\/Rodolfo-Landim-durante-entrevista-coletiva-na-Gavea.webp","articleSection":["Destaques"],"inLanguage":"pt-BR","potentialAction":[{"@type":"CommentAction","name":"Comment","target":["https:\/\/www.gaveanews.com\/index.php\/2020\/07\/23\/treinador-espanhol-e-oferecido-ao-flamengo\/#respond"]}],"copyrightYear":"2020","copyrightHolder":{"@id":"https:\/\/www.gaveanews.com\/#organization"}},{"@type":"WebPage","@id":"https:\/\/www.gaveanews.com\/index.php\/2020\/07\/23\/treinador-espanhol-e-oferecido-ao-flamengo\/","url":"https:\/\/www.gaveanews.com\/index.php\/2020\/07\/23\/treinador-espanhol-e-oferecido-ao-flamengo\/","name":"Treinador espanhol \u00e9 oferecido ao Flamengo","isPartOf":{"@id":"https:\/\/www.gaveanews.com\/#website"},"primaryImageOfPage":{"@id":"https:\/\/www.gaveanews.com\/index.php\/2020\/07\/23\/treinador-espanhol-e-oferecido-ao-flamengo\/#primaryimage"},"image":{"@id":"https:\/\/www.gaveanews.com\/index.php\/2020\/07\/23\/treinador-espanhol-e-oferecido-ao-flamengo\/#primaryimage"},"thumbnailUrl":"https:\/\/www.gaveanews.com\/wp-content\/uploads\/2019\/03\/Rodolfo-Landim-durante-entrevista-coletiva-na-Gavea.webp","datePublished":"2020-07-23T17:17:12+00:00","dateModified":"2020-07-23T17:41:27+00:00","author":{"@id":"https:\/\/www.gaveanews.com\/#\/schema\/person\/2ec14f73fb96be2caf28f91afb14749d"},"description":"Ap\u00f3s a sa\u00edda de Jorge Jesus para o Benfica, a diretoria do Flamengo est\u00e1 mapeando o mercado da bola atr\u00e1s de um novo treinador.","breadcrumb":{"@id":"https:\/\/www.gaveanews.com\/index.php\/2020\/07\/23\/treinador-espanhol-e-oferecido-ao-flamengo\/#breadcrumb"},"inLanguage":"pt-BR","potentialAction":[{"@type":"ReadAction","target":["https:\/\/www.gaveanews.com\/index.php\/2020\/07\/23\/treinador-espanhol-e-oferecido-ao-flamengo\/"]}]},{"@type":"ImageObject","inLanguage":"pt-BR","@id":"https:\/\/www.gaveanews.com\/index.php\/2020\/07\/23\/treinador-espanhol-e-oferecido-ao-flamengo\/#primaryimage","url":"https:\/\/www.gaveanews.com\/wp-content\/uploads\/2019\/03\/Rodolfo-Landim-durante-entrevista-coletiva-na-Gavea.webp","contentUrl":"https:\/\/www.gaveanews.com\/wp-content\/uploads\/2019\/03\/Rodolfo-Landim-durante-entrevista-coletiva-na-Gavea.webp","width":900,"height":599,"caption":"Rodolfo Landim durante entrevista coletiva na G\u00e1vea (Foto: Ag\u00eancia Foto BR)"},{"@type":"BreadcrumbList","@id":"https:\/\/www.gaveanews.com\/index.php\/2020\/07\/23\/treinador-espanhol-e-oferecido-ao-flamengo\/#breadcrumb","itemListElement":[{"@type":"ListItem","position":1,"name":"Home","item":"https:\/\/www.gaveanews.com\/"},{"@type":"ListItem","position":2,"name":"Treinador espanhol \u00e9 oferecido ao Flamengo"}]},{"@type":"WebSite","@id":"https:\/\/www.gaveanews.com\/#website","url":"https:\/\/www.gaveanews.com\/","name":"G\u00e1vea News","description":"Veja todas as not\u00edcias sobre o Flamengo: Contrata\u00e7\u00f5es, categorias de base, resultados das partidas, tabela de classifica\u00e7\u00e3o, pr\u00f3ximos jogos!","potentialAction":[{"@type":"SearchAction","target":{"@type":"EntryPoint","urlTemplate":"https:\/\/www.gaveanews.com\/?s={search_term_string}"},"query-input":{"@type":"PropertyValueSpecification","valueRequired":true,"valueName":"search_term_string"}}],"inLanguage":"pt-BR"},{"@type":"Person","@id":"https:\/\/www.gaveanews.com\/#\/schema\/person\/2ec14f73fb96be2caf28f91afb14749d","name":"Equipe G\u00e1vea News","image":{"@type":"ImageObject","inLanguage":"pt-BR","@id":"https:\/\/www.gaveanews.com\/#\/schema\/person\/image\/","url":"https:\/\/secure.gravatar.com\/avatar\/1e1956f1facbffd3f8fa53a326721950116b3b9dc9bd44939c01180fd4a745a9?s=96&d=mm&r=g","contentUrl":"https:\/\/secure.gravatar.com\/avatar\/1e1956f1facbffd3f8fa53a326721950116b3b9dc9bd44939c01180fd4a745a9?s=96&d=mm&r=g","caption":"Equipe G\u00e1vea News"}}]}},"_links":{"self":[{"href":"https:\/\/www.gaveanews.com\/index.php\/wp-json\/wp\/v2\/posts\/44139","targetHints":{"allow":["GET"]}}],"collection":[{"href":"https:\/\/www.gaveanews.com\/index.php\/wp-json\/wp\/v2\/posts"}],"about":[{"href":"https:\/\/www.gaveanews.com\/index.php\/wp-json\/wp\/v2\/types\/post"}],"author":[{"embeddable":true,"href":"https:\/\/www.gaveanews.com\/index.php\/wp-json\/wp\/v2\/users\/1"}],"replies":[{"embeddable":true,"href":"https:\/\/www.gaveanews.com\/index.php\/wp-json\/wp\/v2\/comments?post=44139"}],"version-history":[{"count":0,"href":"https:\/\/www.gaveanews.com\/index.php\/wp-json\/wp\/v2\/posts\/44139\/revisions"}],"wp:featuredmedia":[{"embeddable":true,"href":"https:\/\/www.gaveanews.com\/index.php\/wp-json\/wp\/v2\/media\/15077"}],"wp:attachment":[{"href":"https:\/\/www.gaveanews.com\/index.php\/wp-json\/wp\/v2\/media?parent=44139"}],"wp:term":[{"taxonomy":"category","embeddable":true,"href":"https:\/\/www.gaveanews.com\/index.php\/wp-json\/wp\/v2\/categories?post=44139"},{"taxonomy":"post_tag","embeddable":true,"href":"https:\/\/www.gaveanews.com\/index.php\/wp-json\/wp\/v2\/tags?post=44139"}],"curies":[{"name":"wp","href":"https:\/\/api.w.org\/{rel}","templated":true}]}}