{"id":44151,"date":"2020-07-23T15:24:22","date_gmt":"2020-07-23T18:24:22","guid":{"rendered":"https:\/\/www.gaveanews.com\/?p=44151"},"modified":"2020-07-23T15:24:24","modified_gmt":"2020-07-23T18:24:24","slug":"medico-da-cbf-fala-sobre-possibilidade-de-volta-das-torcidas-aos-estadios","status":"publish","type":"post","link":"https:\/\/www.gaveanews.com\/index.php\/2020\/07\/23\/medico-da-cbf-fala-sobre-possibilidade-de-volta-das-torcidas-aos-estadios\/","title":{"rendered":"M\u00e9dico da CBF fala sobre possibilidade de volta das torcidas aos est\u00e1dios"},"content":{"rendered":"\n<p>O panorama do futebol na era da Covid-19 tem sido de est\u00e1dios praticamente vazios para evitar que torcedores sejam contaminados pela doen\u00e7a. E para a CBF, tal panorama deve seguir at\u00e9 que haja uma vacina seguramente eficaz para debelar a dissemina\u00e7\u00e3o do v\u00edrus.<\/p>\n\n\n\n<p>Na vis\u00e3o de Jorge Pagura, m\u00e9dico da CBF e respons\u00e1vel pelo protocolo a ser seguido pela entidade para a volta do Campeonato Brasileiro, o torcedor s\u00f3 poder\u00e1 ver o seu time de cora\u00e7\u00e3o nos est\u00e1dios assim que houver de fato a t\u00e3o esperada vacina.<\/p>\n\n\n\n<p>\u201cFutebol com torcida s\u00f3 depois que tiver vacina e essa vacina for comprovada\u201d, disse Pagura em entrevista ao &#8216;Globo Esporte&#8217;.<\/p>\n\n\n\n<p>\u201c\u00c9 uma doen\u00e7a muito nova e todo mundo sabe disso. Ouvi uma frase, que n\u00e3o \u00e9 minha mas diz que \u2018futebol sem torcida n\u00e3o \u00e9 nada, mas hoje \u00e9 tudo. Precisamos retornar, mas isso tem que ser feito com responsabilidade\u201d, completou.<\/p>\n\n\n\n<p>Para que tal desejo do m\u00e9dico da CBF possa ser realizado, talvez apenas em 2021. Segundo estimativa da Organiza\u00e7\u00e3o Mundial de Sa\u00fade (OMS), apenas no pr\u00f3ximo ano \u00e9 previsto que uma vacina adequadamente testada e comprovada esteja \u00e0 disposi\u00e7\u00e3o da popula\u00e7\u00e3o em geral para imuniz\u00e1-la do coronav\u00edrus. Diversas vacinas est\u00e3o sendo testadas.<\/p>\n\n\n\n<p>Retirado de: Torcedores <\/p>\n","protected":false},"excerpt":{"rendered":"<p>O panorama do futebol na era da Covid-19 tem sido de est\u00e1dios praticamente vazios para evitar que torcedores sejam contaminados pela doen\u00e7a. E para a CBF, tal panorama deve seguir at\u00e9 que haja uma vacina seguramente eficaz para debelar a dissemina\u00e7\u00e3o do v\u00edrus. Na vis\u00e3o de Jorge Pagura, m\u00e9dico da CBF e respons\u00e1vel pelo protocolo [&hellip;]<\/p>\n","protected":false},"author":1,"featured_media":16271,"comment_status":"open","ping_status":"closed","sticky":false,"template":"","format":"standard","meta":{"footnotes":""},"categories":[47],"tags":[],"class_list":["post-44151","post","type-post","status-publish","format-standard","has-post-thumbnail","hentry","category-destaques"],"yoast_head":"<!-- This site is optimized with the Yoast SEO Premium plugin v24.2 (Yoast SEO v26.9) - https:\/\/yoast.com\/product\/yoast-seo-premium-wordpress\/ -->\n<title>M\u00e9dico da CBF fala sobre possibilidade de volta das torcidas aos est\u00e1dios<\/title>\n<meta name=\"description\" content=\"Jorge Pagura (m\u00e9dico da Confedera\u00e7\u00e3o Brasileira de Futebol) falou sobre a possibilidade de volta das torcidas aos est\u00e1dios.\" \/>\n<meta name=\"robots\" content=\"index, follow, max-snippet:-1, max-image-preview:large, max-video-preview:-1\" \/>\n<link rel=\"canonical\" href=\"https:\/\/www.gaveanews.com\/index.php\/2020\/07\/23\/medico-da-cbf-fala-sobre-possibilidade-de-volta-das-torcidas-aos-estadios\/\" \/>\n<meta property=\"og:locale\" content=\"pt_BR\" \/>\n<meta property=\"og:type\" content=\"article\" \/>\n<meta property=\"og:title\" content=\"M\u00e9dico da CBF fala sobre possibilidade de volta das torcidas aos est\u00e1dios\" \/>\n<meta property=\"og:description\" content=\"Jorge Pagura (m\u00e9dico da Confedera\u00e7\u00e3o Brasileira de Futebol) falou sobre a possibilidade de volta das torcidas aos est\u00e1dios.\" \/>\n<meta property=\"og:url\" content=\"https:\/\/www.gaveanews.com\/index.php\/2020\/07\/23\/medico-da-cbf-fala-sobre-possibilidade-de-volta-das-torcidas-aos-estadios\/\" \/>\n<meta property=\"og:site_name\" content=\"G\u00e1vea News\" \/>\n<meta property=\"article:publisher\" content=\"https:\/\/facebook.com\/gaveaNews\/\" \/>\n<meta property=\"article:published_time\" content=\"2020-07-23T18:24:22+00:00\" \/>\n<meta property=\"article:modified_time\" content=\"2020-07-23T18:24:24+00:00\" \/>\n<meta property=\"og:image\" content=\"https:\/\/www.gaveanews.com\/wp-content\/uploads\/2019\/02\/Sede-da-CBF-no-Rio-de-Janeiro.webp\" \/>\n\t<meta property=\"og:image:width\" content=\"690\" \/>\n\t<meta property=\"og:image:height\" content=\"518\" \/>\n\t<meta property=\"og:image:type\" content=\"image\/jpeg\" \/>\n<meta name=\"author\" content=\"Equipe G\u00e1vea News\" \/>\n<meta name=\"twitter:card\" content=\"summary_large_image\" \/>\n<meta name=\"twitter:label1\" content=\"Escrito por\" \/>\n\t<meta name=\"twitter:data1\" content=\"Equipe G\u00e1vea News\" \/>\n\t<meta name=\"twitter:label2\" content=\"Est. tempo de leitura\" \/>\n\t<meta name=\"twitter:data2\" content=\"1 minuto\" \/>\n<script type=\"application\/ld+json\" class=\"yoast-schema-graph\">{\"@context\":\"https:\/\/schema.org\",\"@graph\":[{\"@type\":\"NewsArticle\",\"@id\":\"https:\/\/www.gaveanews.com\/index.php\/2020\/07\/23\/medico-da-cbf-fala-sobre-possibilidade-de-volta-das-torcidas-aos-estadios\/#article\",\"isPartOf\":{\"@id\":\"https:\/\/www.gaveanews.com\/index.php\/2020\/07\/23\/medico-da-cbf-fala-sobre-possibilidade-de-volta-das-torcidas-aos-estadios\/\"},\"author\":{\"name\":\"Equipe G\u00e1vea News\",\"@id\":\"https:\/\/www.gaveanews.com\/#\/schema\/person\/2ec14f73fb96be2caf28f91afb14749d\"},\"headline\":\"M\u00e9dico da CBF fala sobre possibilidade de volta das torcidas aos est\u00e1dios\",\"datePublished\":\"2020-07-23T18:24:22+00:00\",\"dateModified\":\"2020-07-23T18:24:24+00:00\",\"mainEntityOfPage\":{\"@id\":\"https:\/\/www.gaveanews.com\/index.php\/2020\/07\/23\/medico-da-cbf-fala-sobre-possibilidade-de-volta-das-torcidas-aos-estadios\/\"},\"wordCount\":232,\"commentCount\":1,\"image\":{\"@id\":\"https:\/\/www.gaveanews.com\/index.php\/2020\/07\/23\/medico-da-cbf-fala-sobre-possibilidade-de-volta-das-torcidas-aos-estadios\/#primaryimage\"},\"thumbnailUrl\":\"https:\/\/www.gaveanews.com\/wp-content\/uploads\/2019\/02\/Sede-da-CBF-no-Rio-de-Janeiro.webp\",\"articleSection\":[\"Destaques\"],\"inLanguage\":\"pt-BR\",\"potentialAction\":[{\"@type\":\"CommentAction\",\"name\":\"Comment\",\"target\":[\"https:\/\/www.gaveanews.com\/index.php\/2020\/07\/23\/medico-da-cbf-fala-sobre-possibilidade-de-volta-das-torcidas-aos-estadios\/#respond\"]}],\"copyrightYear\":\"2020\",\"copyrightHolder\":{\"@id\":\"https:\/\/www.gaveanews.com\/#organization\"}},{\"@type\":\"WebPage\",\"@id\":\"https:\/\/www.gaveanews.com\/index.php\/2020\/07\/23\/medico-da-cbf-fala-sobre-possibilidade-de-volta-das-torcidas-aos-estadios\/\",\"url\":\"https:\/\/www.gaveanews.com\/index.php\/2020\/07\/23\/medico-da-cbf-fala-sobre-possibilidade-de-volta-das-torcidas-aos-estadios\/\",\"name\":\"M\u00e9dico da CBF fala sobre possibilidade de volta das torcidas aos est\u00e1dios\",\"isPartOf\":{\"@id\":\"https:\/\/www.gaveanews.com\/#website\"},\"primaryImageOfPage\":{\"@id\":\"https:\/\/www.gaveanews.com\/index.php\/2020\/07\/23\/medico-da-cbf-fala-sobre-possibilidade-de-volta-das-torcidas-aos-estadios\/#primaryimage\"},\"image\":{\"@id\":\"https:\/\/www.gaveanews.com\/index.php\/2020\/07\/23\/medico-da-cbf-fala-sobre-possibilidade-de-volta-das-torcidas-aos-estadios\/#primaryimage\"},\"thumbnailUrl\":\"https:\/\/www.gaveanews.com\/wp-content\/uploads\/2019\/02\/Sede-da-CBF-no-Rio-de-Janeiro.webp\",\"datePublished\":\"2020-07-23T18:24:22+00:00\",\"dateModified\":\"2020-07-23T18:24:24+00:00\",\"author\":{\"@id\":\"https:\/\/www.gaveanews.com\/#\/schema\/person\/2ec14f73fb96be2caf28f91afb14749d\"},\"description\":\"Jorge Pagura (m\u00e9dico da Confedera\u00e7\u00e3o Brasileira de Futebol) falou sobre a possibilidade de volta das torcidas aos est\u00e1dios.\",\"breadcrumb\":{\"@id\":\"https:\/\/www.gaveanews.com\/index.php\/2020\/07\/23\/medico-da-cbf-fala-sobre-possibilidade-de-volta-das-torcidas-aos-estadios\/#breadcrumb\"},\"inLanguage\":\"pt-BR\",\"potentialAction\":[{\"@type\":\"ReadAction\",\"target\":[\"https:\/\/www.gaveanews.com\/index.php\/2020\/07\/23\/medico-da-cbf-fala-sobre-possibilidade-de-volta-das-torcidas-aos-estadios\/\"]}]},{\"@type\":\"ImageObject\",\"inLanguage\":\"pt-BR\",\"@id\":\"https:\/\/www.gaveanews.com\/index.php\/2020\/07\/23\/medico-da-cbf-fala-sobre-possibilidade-de-volta-das-torcidas-aos-estadios\/#primaryimage\",\"url\":\"https:\/\/www.gaveanews.com\/wp-content\/uploads\/2019\/02\/Sede-da-CBF-no-Rio-de-Janeiro.webp\",\"contentUrl\":\"https:\/\/www.gaveanews.com\/wp-content\/uploads\/2019\/02\/Sede-da-CBF-no-Rio-de-Janeiro.webp\",\"width\":690,\"height\":518,\"caption\":\"Sede da CBF no Rio de Janeiro (Foto: Cah\u00ea Mota\/Globo Esporte)\"},{\"@type\":\"BreadcrumbList\",\"@id\":\"https:\/\/www.gaveanews.com\/index.php\/2020\/07\/23\/medico-da-cbf-fala-sobre-possibilidade-de-volta-das-torcidas-aos-estadios\/#breadcrumb\",\"itemListElement\":[{\"@type\":\"ListItem\",\"position\":1,\"name\":\"Home\",\"item\":\"https:\/\/www.gaveanews.com\/\"},{\"@type\":\"ListItem\",\"position\":2,\"name\":\"M\u00e9dico da CBF fala sobre possibilidade de volta das torcidas aos est\u00e1dios\"}]},{\"@type\":\"WebSite\",\"@id\":\"https:\/\/www.gaveanews.com\/#website\",\"url\":\"https:\/\/www.gaveanews.com\/\",\"name\":\"G\u00e1vea News\",\"description\":\"Veja todas as not\u00edcias sobre o Flamengo: Contrata\u00e7\u00f5es, categorias de base, resultados das partidas, tabela de classifica\u00e7\u00e3o, pr\u00f3ximos jogos!\",\"potentialAction\":[{\"@type\":\"SearchAction\",\"target\":{\"@type\":\"EntryPoint\",\"urlTemplate\":\"https:\/\/www.gaveanews.com\/?s={search_term_string}\"},\"query-input\":{\"@type\":\"PropertyValueSpecification\",\"valueRequired\":true,\"valueName\":\"search_term_string\"}}],\"inLanguage\":\"pt-BR\"},{\"@type\":\"Person\",\"@id\":\"https:\/\/www.gaveanews.com\/#\/schema\/person\/2ec14f73fb96be2caf28f91afb14749d\",\"name\":\"Equipe G\u00e1vea News\",\"image\":{\"@type\":\"ImageObject\",\"inLanguage\":\"pt-BR\",\"@id\":\"https:\/\/www.gaveanews.com\/#\/schema\/person\/image\/\",\"url\":\"https:\/\/secure.gravatar.com\/avatar\/1e1956f1facbffd3f8fa53a326721950116b3b9dc9bd44939c01180fd4a745a9?s=96&d=mm&r=g\",\"contentUrl\":\"https:\/\/secure.gravatar.com\/avatar\/1e1956f1facbffd3f8fa53a326721950116b3b9dc9bd44939c01180fd4a745a9?s=96&d=mm&r=g\",\"caption\":\"Equipe G\u00e1vea News\"}}]}<\/script>\n<!-- \/ Yoast SEO Premium plugin. -->","yoast_head_json":{"title":"M\u00e9dico da CBF fala sobre possibilidade de volta das torcidas aos est\u00e1dios","description":"Jorge Pagura (m\u00e9dico da Confedera\u00e7\u00e3o Brasileira de Futebol) falou sobre a possibilidade de volta das torcidas aos est\u00e1dios.","robots":{"index":"index","follow":"follow","max-snippet":"max-snippet:-1","max-image-preview":"max-image-preview:large","max-video-preview":"max-video-preview:-1"},"canonical":"https:\/\/www.gaveanews.com\/index.php\/2020\/07\/23\/medico-da-cbf-fala-sobre-possibilidade-de-volta-das-torcidas-aos-estadios\/","og_locale":"pt_BR","og_type":"article","og_title":"M\u00e9dico da CBF fala sobre possibilidade de volta das torcidas aos est\u00e1dios","og_description":"Jorge Pagura (m\u00e9dico da Confedera\u00e7\u00e3o Brasileira de Futebol) falou sobre a possibilidade de volta das torcidas aos est\u00e1dios.","og_url":"https:\/\/www.gaveanews.com\/index.php\/2020\/07\/23\/medico-da-cbf-fala-sobre-possibilidade-de-volta-das-torcidas-aos-estadios\/","og_site_name":"G\u00e1vea News","article_publisher":"https:\/\/facebook.com\/gaveaNews\/","article_published_time":"2020-07-23T18:24:22+00:00","article_modified_time":"2020-07-23T18:24:24+00:00","og_image":[{"width":690,"height":518,"url":"https:\/\/www.gaveanews.com\/wp-content\/uploads\/2019\/02\/Sede-da-CBF-no-Rio-de-Janeiro.webp","type":"image\/jpeg"}],"author":"Equipe G\u00e1vea News","twitter_card":"summary_large_image","twitter_misc":{"Escrito por":"Equipe G\u00e1vea News","Est. tempo de leitura":"1 minuto"},"schema":{"@context":"https:\/\/schema.org","@graph":[{"@type":"NewsArticle","@id":"https:\/\/www.gaveanews.com\/index.php\/2020\/07\/23\/medico-da-cbf-fala-sobre-possibilidade-de-volta-das-torcidas-aos-estadios\/#article","isPartOf":{"@id":"https:\/\/www.gaveanews.com\/index.php\/2020\/07\/23\/medico-da-cbf-fala-sobre-possibilidade-de-volta-das-torcidas-aos-estadios\/"},"author":{"name":"Equipe G\u00e1vea News","@id":"https:\/\/www.gaveanews.com\/#\/schema\/person\/2ec14f73fb96be2caf28f91afb14749d"},"headline":"M\u00e9dico da CBF fala sobre possibilidade de volta das torcidas aos est\u00e1dios","datePublished":"2020-07-23T18:24:22+00:00","dateModified":"2020-07-23T18:24:24+00:00","mainEntityOfPage":{"@id":"https:\/\/www.gaveanews.com\/index.php\/2020\/07\/23\/medico-da-cbf-fala-sobre-possibilidade-de-volta-das-torcidas-aos-estadios\/"},"wordCount":232,"commentCount":1,"image":{"@id":"https:\/\/www.gaveanews.com\/index.php\/2020\/07\/23\/medico-da-cbf-fala-sobre-possibilidade-de-volta-das-torcidas-aos-estadios\/#primaryimage"},"thumbnailUrl":"https:\/\/www.gaveanews.com\/wp-content\/uploads\/2019\/02\/Sede-da-CBF-no-Rio-de-Janeiro.webp","articleSection":["Destaques"],"inLanguage":"pt-BR","potentialAction":[{"@type":"CommentAction","name":"Comment","target":["https:\/\/www.gaveanews.com\/index.php\/2020\/07\/23\/medico-da-cbf-fala-sobre-possibilidade-de-volta-das-torcidas-aos-estadios\/#respond"]}],"copyrightYear":"2020","copyrightHolder":{"@id":"https:\/\/www.gaveanews.com\/#organization"}},{"@type":"WebPage","@id":"https:\/\/www.gaveanews.com\/index.php\/2020\/07\/23\/medico-da-cbf-fala-sobre-possibilidade-de-volta-das-torcidas-aos-estadios\/","url":"https:\/\/www.gaveanews.com\/index.php\/2020\/07\/23\/medico-da-cbf-fala-sobre-possibilidade-de-volta-das-torcidas-aos-estadios\/","name":"M\u00e9dico da CBF fala sobre possibilidade de volta das torcidas aos est\u00e1dios","isPartOf":{"@id":"https:\/\/www.gaveanews.com\/#website"},"primaryImageOfPage":{"@id":"https:\/\/www.gaveanews.com\/index.php\/2020\/07\/23\/medico-da-cbf-fala-sobre-possibilidade-de-volta-das-torcidas-aos-estadios\/#primaryimage"},"image":{"@id":"https:\/\/www.gaveanews.com\/index.php\/2020\/07\/23\/medico-da-cbf-fala-sobre-possibilidade-de-volta-das-torcidas-aos-estadios\/#primaryimage"},"thumbnailUrl":"https:\/\/www.gaveanews.com\/wp-content\/uploads\/2019\/02\/Sede-da-CBF-no-Rio-de-Janeiro.webp","datePublished":"2020-07-23T18:24:22+00:00","dateModified":"2020-07-23T18:24:24+00:00","author":{"@id":"https:\/\/www.gaveanews.com\/#\/schema\/person\/2ec14f73fb96be2caf28f91afb14749d"},"description":"Jorge Pagura (m\u00e9dico da Confedera\u00e7\u00e3o Brasileira de Futebol) falou sobre a possibilidade de volta das torcidas aos est\u00e1dios.","breadcrumb":{"@id":"https:\/\/www.gaveanews.com\/index.php\/2020\/07\/23\/medico-da-cbf-fala-sobre-possibilidade-de-volta-das-torcidas-aos-estadios\/#breadcrumb"},"inLanguage":"pt-BR","potentialAction":[{"@type":"ReadAction","target":["https:\/\/www.gaveanews.com\/index.php\/2020\/07\/23\/medico-da-cbf-fala-sobre-possibilidade-de-volta-das-torcidas-aos-estadios\/"]}]},{"@type":"ImageObject","inLanguage":"pt-BR","@id":"https:\/\/www.gaveanews.com\/index.php\/2020\/07\/23\/medico-da-cbf-fala-sobre-possibilidade-de-volta-das-torcidas-aos-estadios\/#primaryimage","url":"https:\/\/www.gaveanews.com\/wp-content\/uploads\/2019\/02\/Sede-da-CBF-no-Rio-de-Janeiro.webp","contentUrl":"https:\/\/www.gaveanews.com\/wp-content\/uploads\/2019\/02\/Sede-da-CBF-no-Rio-de-Janeiro.webp","width":690,"height":518,"caption":"Sede da CBF no Rio de Janeiro (Foto: Cah\u00ea Mota\/Globo Esporte)"},{"@type":"BreadcrumbList","@id":"https:\/\/www.gaveanews.com\/index.php\/2020\/07\/23\/medico-da-cbf-fala-sobre-possibilidade-de-volta-das-torcidas-aos-estadios\/#breadcrumb","itemListElement":[{"@type":"ListItem","position":1,"name":"Home","item":"https:\/\/www.gaveanews.com\/"},{"@type":"ListItem","position":2,"name":"M\u00e9dico da CBF fala sobre possibilidade de volta das torcidas aos est\u00e1dios"}]},{"@type":"WebSite","@id":"https:\/\/www.gaveanews.com\/#website","url":"https:\/\/www.gaveanews.com\/","name":"G\u00e1vea News","description":"Veja todas as not\u00edcias sobre o Flamengo: Contrata\u00e7\u00f5es, categorias de base, resultados das partidas, tabela de classifica\u00e7\u00e3o, pr\u00f3ximos jogos!","potentialAction":[{"@type":"SearchAction","target":{"@type":"EntryPoint","urlTemplate":"https:\/\/www.gaveanews.com\/?s={search_term_string}"},"query-input":{"@type":"PropertyValueSpecification","valueRequired":true,"valueName":"search_term_string"}}],"inLanguage":"pt-BR"},{"@type":"Person","@id":"https:\/\/www.gaveanews.com\/#\/schema\/person\/2ec14f73fb96be2caf28f91afb14749d","name":"Equipe G\u00e1vea News","image":{"@type":"ImageObject","inLanguage":"pt-BR","@id":"https:\/\/www.gaveanews.com\/#\/schema\/person\/image\/","url":"https:\/\/secure.gravatar.com\/avatar\/1e1956f1facbffd3f8fa53a326721950116b3b9dc9bd44939c01180fd4a745a9?s=96&d=mm&r=g","contentUrl":"https:\/\/secure.gravatar.com\/avatar\/1e1956f1facbffd3f8fa53a326721950116b3b9dc9bd44939c01180fd4a745a9?s=96&d=mm&r=g","caption":"Equipe G\u00e1vea News"}}]}},"_links":{"self":[{"href":"https:\/\/www.gaveanews.com\/index.php\/wp-json\/wp\/v2\/posts\/44151","targetHints":{"allow":["GET"]}}],"collection":[{"href":"https:\/\/www.gaveanews.com\/index.php\/wp-json\/wp\/v2\/posts"}],"about":[{"href":"https:\/\/www.gaveanews.com\/index.php\/wp-json\/wp\/v2\/types\/post"}],"author":[{"embeddable":true,"href":"https:\/\/www.gaveanews.com\/index.php\/wp-json\/wp\/v2\/users\/1"}],"replies":[{"embeddable":true,"href":"https:\/\/www.gaveanews.com\/index.php\/wp-json\/wp\/v2\/comments?post=44151"}],"version-history":[{"count":0,"href":"https:\/\/www.gaveanews.com\/index.php\/wp-json\/wp\/v2\/posts\/44151\/revisions"}],"wp:featuredmedia":[{"embeddable":true,"href":"https:\/\/www.gaveanews.com\/index.php\/wp-json\/wp\/v2\/media\/16271"}],"wp:attachment":[{"href":"https:\/\/www.gaveanews.com\/index.php\/wp-json\/wp\/v2\/media?parent=44151"}],"wp:term":[{"taxonomy":"category","embeddable":true,"href":"https:\/\/www.gaveanews.com\/index.php\/wp-json\/wp\/v2\/categories?post=44151"},{"taxonomy":"post_tag","embeddable":true,"href":"https:\/\/www.gaveanews.com\/index.php\/wp-json\/wp\/v2\/tags?post=44151"}],"curies":[{"name":"wp","href":"https:\/\/api.w.org\/{rel}","templated":true}]}}