{"id":44156,"date":"2020-07-23T18:26:26","date_gmt":"2020-07-23T21:26:26","guid":{"rendered":"https:\/\/www.gaveanews.com\/?p=44156"},"modified":"2020-07-23T18:26:28","modified_gmt":"2020-07-23T21:26:28","slug":"renovacoes-no-flamengo-ficam-paradas-por-busca-por-treinador","status":"publish","type":"post","link":"https:\/\/www.gaveanews.com\/index.php\/2020\/07\/23\/renovacoes-no-flamengo-ficam-paradas-por-busca-por-treinador\/","title":{"rendered":"Renova\u00e7\u00f5es no Flamengo ficam paradas por busca por treinador"},"content":{"rendered":"\n<p>O Flamengo agora se v\u00ea em uma nova realidade com a ida de Jorge Jesus para o Benfica. O clube agora vem priorizando a contrata\u00e7\u00e3o de um novo t\u00e9cnico e isto tamb\u00e9m influi em negocia\u00e7\u00f5es de renova\u00e7\u00e3o de contrato de atletas do elenco flamenguista.<\/p>\n\n\n\n<p>Segundo o &#8216;Globo Esporte&#8217;, pelo menos duas renova\u00e7\u00f5es de contrato, as do goleiro Diego Alves e do meia Diego Ribas, ficaram paradas por causa da busca rubro-negra pelo novo treinador. Ambos tem contratos que est\u00e3o para se encerrar e o futuro de ambos est\u00e1 em aberto.<\/p>\n\n\n\n<p>Por enquanto, tanto Flamengo quanto os respectivos estafes dos atletas, n\u00e3o demonstrariam qualquer preocupa\u00e7\u00e3o com a demora para o acerto da renova\u00e7\u00e3o. Marcos Braz, vice-presidente de futebol rubro-negro, declarou que apenas quando houvesse defini\u00e7\u00e3o sobre o calend\u00e1rio do futebol brasileiro \u00e9 que tais discuss\u00f5es sobre a perman\u00eancia de jogadores seja feita com mais for\u00e7a.<\/p>\n\n\n\n<p>Mesmo a demora na renova\u00e7\u00e3o n\u00e3o afeta os jogadores. As representa\u00e7\u00f5es dos dois Diegos aposta na paci\u00eancia e em rela\u00e7\u00f5es harm\u00f4nicas com a diretoria para cuidar em breve destes contratos. A esperan\u00e7a \u00e9 de que os dois jogadores fiquem na G\u00e1vea. Mas isto apenas quando o novo treinador for confirmado.<\/p>\n\n\n\n<p>Diego Ribas tem boas chances de renovar at\u00e9 o final da temporada, que se estender\u00e1 para fevereiro com a mudan\u00e7a dos calend\u00e1rios. J\u00e1 Diego Alves negocia uma renova\u00e7\u00e3o de maior extens\u00e3o de seu contrato, at\u00e9 2022.<\/p>\n\n\n\n<p>Retirado de: Torcedores <\/p>\n","protected":false},"excerpt":{"rendered":"<p>O Flamengo agora se v\u00ea em uma nova realidade com a ida de Jorge Jesus para o Benfica. O clube agora vem priorizando a contrata\u00e7\u00e3o de um novo t\u00e9cnico e isto tamb\u00e9m influi em negocia\u00e7\u00f5es de renova\u00e7\u00e3o de contrato de atletas do elenco flamenguista. Segundo o &#8216;Globo Esporte&#8217;, pelo menos duas renova\u00e7\u00f5es de contrato, as [&hellip;]<\/p>\n","protected":false},"author":1,"featured_media":27046,"comment_status":"open","ping_status":"closed","sticky":false,"template":"","format":"standard","meta":{"footnotes":""},"categories":[1],"tags":[],"class_list":["post-44156","post","type-post","status-publish","format-standard","has-post-thumbnail","hentry","category-flamengo"],"yoast_head":"<!-- This site is optimized with the Yoast SEO Premium plugin v24.2 (Yoast SEO v26.9) - https:\/\/yoast.com\/product\/yoast-seo-premium-wordpress\/ -->\n<title>Renova\u00e7\u00f5es no Flamengo ficam paradas por busca por treinador<\/title>\n<meta name=\"description\" content=\"O clube agora vem priorizando a contrata\u00e7\u00e3o de um novo t\u00e9cnico e isto tamb\u00e9m influi em negocia\u00e7\u00f5es de renova\u00e7\u00e3o de contrato de atletas do elenco.\" \/>\n<meta name=\"robots\" content=\"index, follow, max-snippet:-1, max-image-preview:large, max-video-preview:-1\" \/>\n<link rel=\"canonical\" href=\"https:\/\/www.gaveanews.com\/index.php\/2020\/07\/23\/renovacoes-no-flamengo-ficam-paradas-por-busca-por-treinador\/\" \/>\n<meta property=\"og:locale\" content=\"pt_BR\" \/>\n<meta property=\"og:type\" content=\"article\" \/>\n<meta property=\"og:title\" content=\"Renova\u00e7\u00f5es no Flamengo ficam paradas por busca por treinador\" \/>\n<meta property=\"og:description\" content=\"O clube agora vem priorizando a contrata\u00e7\u00e3o de um novo t\u00e9cnico e isto tamb\u00e9m influi em negocia\u00e7\u00f5es de renova\u00e7\u00e3o de contrato de atletas do elenco.\" \/>\n<meta property=\"og:url\" content=\"https:\/\/www.gaveanews.com\/index.php\/2020\/07\/23\/renovacoes-no-flamengo-ficam-paradas-por-busca-por-treinador\/\" \/>\n<meta property=\"og:site_name\" content=\"G\u00e1vea News\" \/>\n<meta property=\"article:publisher\" content=\"https:\/\/facebook.com\/gaveaNews\/\" \/>\n<meta property=\"article:published_time\" content=\"2020-07-23T21:26:26+00:00\" \/>\n<meta property=\"article:modified_time\" content=\"2020-07-23T21:26:28+00:00\" \/>\n<meta property=\"og:image\" content=\"https:\/\/www.gaveanews.com\/wp-content\/uploads\/2019\/09\/Diego-Alves-em-acao-pelo-Flamengo.webp\" \/>\n\t<meta property=\"og:image:width\" content=\"1\" \/>\n\t<meta property=\"og:image:height\" content=\"1\" \/>\n\t<meta property=\"og:image:type\" content=\"image\/jpeg\" \/>\n<meta name=\"author\" content=\"Equipe G\u00e1vea News\" \/>\n<meta name=\"twitter:card\" content=\"summary_large_image\" \/>\n<meta name=\"twitter:label1\" content=\"Escrito por\" \/>\n\t<meta name=\"twitter:data1\" content=\"Equipe G\u00e1vea News\" \/>\n\t<meta name=\"twitter:label2\" content=\"Est. tempo de leitura\" \/>\n\t<meta name=\"twitter:data2\" content=\"1 minuto\" \/>\n<script type=\"application\/ld+json\" class=\"yoast-schema-graph\">{\"@context\":\"https:\/\/schema.org\",\"@graph\":[{\"@type\":\"NewsArticle\",\"@id\":\"https:\/\/www.gaveanews.com\/index.php\/2020\/07\/23\/renovacoes-no-flamengo-ficam-paradas-por-busca-por-treinador\/#article\",\"isPartOf\":{\"@id\":\"https:\/\/www.gaveanews.com\/index.php\/2020\/07\/23\/renovacoes-no-flamengo-ficam-paradas-por-busca-por-treinador\/\"},\"author\":{\"name\":\"Equipe G\u00e1vea News\",\"@id\":\"https:\/\/www.gaveanews.com\/#\/schema\/person\/2ec14f73fb96be2caf28f91afb14749d\"},\"headline\":\"Renova\u00e7\u00f5es no Flamengo ficam paradas por busca por treinador\",\"datePublished\":\"2020-07-23T21:26:26+00:00\",\"dateModified\":\"2020-07-23T21:26:28+00:00\",\"mainEntityOfPage\":{\"@id\":\"https:\/\/www.gaveanews.com\/index.php\/2020\/07\/23\/renovacoes-no-flamengo-ficam-paradas-por-busca-por-treinador\/\"},\"wordCount\":267,\"commentCount\":2,\"image\":{\"@id\":\"https:\/\/www.gaveanews.com\/index.php\/2020\/07\/23\/renovacoes-no-flamengo-ficam-paradas-por-busca-por-treinador\/#primaryimage\"},\"thumbnailUrl\":\"https:\/\/www.gaveanews.com\/wp-content\/uploads\/2019\/09\/Diego-Alves-em-acao-pelo-Flamengo.webp\",\"articleSection\":[\"Flamengo\"],\"inLanguage\":\"pt-BR\",\"potentialAction\":[{\"@type\":\"CommentAction\",\"name\":\"Comment\",\"target\":[\"https:\/\/www.gaveanews.com\/index.php\/2020\/07\/23\/renovacoes-no-flamengo-ficam-paradas-por-busca-por-treinador\/#respond\"]}],\"copyrightYear\":\"2020\",\"copyrightHolder\":{\"@id\":\"https:\/\/www.gaveanews.com\/#organization\"}},{\"@type\":\"WebPage\",\"@id\":\"https:\/\/www.gaveanews.com\/index.php\/2020\/07\/23\/renovacoes-no-flamengo-ficam-paradas-por-busca-por-treinador\/\",\"url\":\"https:\/\/www.gaveanews.com\/index.php\/2020\/07\/23\/renovacoes-no-flamengo-ficam-paradas-por-busca-por-treinador\/\",\"name\":\"Renova\u00e7\u00f5es no Flamengo ficam paradas por busca por treinador\",\"isPartOf\":{\"@id\":\"https:\/\/www.gaveanews.com\/#website\"},\"primaryImageOfPage\":{\"@id\":\"https:\/\/www.gaveanews.com\/index.php\/2020\/07\/23\/renovacoes-no-flamengo-ficam-paradas-por-busca-por-treinador\/#primaryimage\"},\"image\":{\"@id\":\"https:\/\/www.gaveanews.com\/index.php\/2020\/07\/23\/renovacoes-no-flamengo-ficam-paradas-por-busca-por-treinador\/#primaryimage\"},\"thumbnailUrl\":\"https:\/\/www.gaveanews.com\/wp-content\/uploads\/2019\/09\/Diego-Alves-em-acao-pelo-Flamengo.webp\",\"datePublished\":\"2020-07-23T21:26:26+00:00\",\"dateModified\":\"2020-07-23T21:26:28+00:00\",\"author\":{\"@id\":\"https:\/\/www.gaveanews.com\/#\/schema\/person\/2ec14f73fb96be2caf28f91afb14749d\"},\"description\":\"O clube agora vem priorizando a contrata\u00e7\u00e3o de um novo t\u00e9cnico e isto tamb\u00e9m influi em negocia\u00e7\u00f5es de renova\u00e7\u00e3o de contrato de atletas do elenco.\",\"breadcrumb\":{\"@id\":\"https:\/\/www.gaveanews.com\/index.php\/2020\/07\/23\/renovacoes-no-flamengo-ficam-paradas-por-busca-por-treinador\/#breadcrumb\"},\"inLanguage\":\"pt-BR\",\"potentialAction\":[{\"@type\":\"ReadAction\",\"target\":[\"https:\/\/www.gaveanews.com\/index.php\/2020\/07\/23\/renovacoes-no-flamengo-ficam-paradas-por-busca-por-treinador\/\"]}]},{\"@type\":\"ImageObject\",\"inLanguage\":\"pt-BR\",\"@id\":\"https:\/\/www.gaveanews.com\/index.php\/2020\/07\/23\/renovacoes-no-flamengo-ficam-paradas-por-busca-por-treinador\/#primaryimage\",\"url\":\"https:\/\/www.gaveanews.com\/wp-content\/uploads\/2019\/09\/Diego-Alves-em-acao-pelo-Flamengo.webp\",\"contentUrl\":\"https:\/\/www.gaveanews.com\/wp-content\/uploads\/2019\/09\/Diego-Alves-em-acao-pelo-Flamengo.webp\",\"caption\":\"Diego Alves em a\u00e7\u00e3o pelo Flamengo (Foto: Alexandre Vidal\/Flamengo)\"},{\"@type\":\"BreadcrumbList\",\"@id\":\"https:\/\/www.gaveanews.com\/index.php\/2020\/07\/23\/renovacoes-no-flamengo-ficam-paradas-por-busca-por-treinador\/#breadcrumb\",\"itemListElement\":[{\"@type\":\"ListItem\",\"position\":1,\"name\":\"Home\",\"item\":\"https:\/\/www.gaveanews.com\/\"},{\"@type\":\"ListItem\",\"position\":2,\"name\":\"Renova\u00e7\u00f5es no Flamengo ficam paradas por busca por treinador\"}]},{\"@type\":\"WebSite\",\"@id\":\"https:\/\/www.gaveanews.com\/#website\",\"url\":\"https:\/\/www.gaveanews.com\/\",\"name\":\"G\u00e1vea News\",\"description\":\"Veja todas as not\u00edcias sobre o Flamengo: Contrata\u00e7\u00f5es, categorias de base, resultados das partidas, tabela de classifica\u00e7\u00e3o, pr\u00f3ximos jogos!\",\"potentialAction\":[{\"@type\":\"SearchAction\",\"target\":{\"@type\":\"EntryPoint\",\"urlTemplate\":\"https:\/\/www.gaveanews.com\/?s={search_term_string}\"},\"query-input\":{\"@type\":\"PropertyValueSpecification\",\"valueRequired\":true,\"valueName\":\"search_term_string\"}}],\"inLanguage\":\"pt-BR\"},{\"@type\":\"Person\",\"@id\":\"https:\/\/www.gaveanews.com\/#\/schema\/person\/2ec14f73fb96be2caf28f91afb14749d\",\"name\":\"Equipe G\u00e1vea News\",\"image\":{\"@type\":\"ImageObject\",\"inLanguage\":\"pt-BR\",\"@id\":\"https:\/\/www.gaveanews.com\/#\/schema\/person\/image\/\",\"url\":\"https:\/\/secure.gravatar.com\/avatar\/1e1956f1facbffd3f8fa53a326721950116b3b9dc9bd44939c01180fd4a745a9?s=96&d=mm&r=g\",\"contentUrl\":\"https:\/\/secure.gravatar.com\/avatar\/1e1956f1facbffd3f8fa53a326721950116b3b9dc9bd44939c01180fd4a745a9?s=96&d=mm&r=g\",\"caption\":\"Equipe G\u00e1vea News\"}}]}<\/script>\n<!-- \/ Yoast SEO Premium plugin. -->","yoast_head_json":{"title":"Renova\u00e7\u00f5es no Flamengo ficam paradas por busca por treinador","description":"O clube agora vem priorizando a contrata\u00e7\u00e3o de um novo t\u00e9cnico e isto tamb\u00e9m influi em negocia\u00e7\u00f5es de renova\u00e7\u00e3o de contrato de atletas do elenco.","robots":{"index":"index","follow":"follow","max-snippet":"max-snippet:-1","max-image-preview":"max-image-preview:large","max-video-preview":"max-video-preview:-1"},"canonical":"https:\/\/www.gaveanews.com\/index.php\/2020\/07\/23\/renovacoes-no-flamengo-ficam-paradas-por-busca-por-treinador\/","og_locale":"pt_BR","og_type":"article","og_title":"Renova\u00e7\u00f5es no Flamengo ficam paradas por busca por treinador","og_description":"O clube agora vem priorizando a contrata\u00e7\u00e3o de um novo t\u00e9cnico e isto tamb\u00e9m influi em negocia\u00e7\u00f5es de renova\u00e7\u00e3o de contrato de atletas do elenco.","og_url":"https:\/\/www.gaveanews.com\/index.php\/2020\/07\/23\/renovacoes-no-flamengo-ficam-paradas-por-busca-por-treinador\/","og_site_name":"G\u00e1vea News","article_publisher":"https:\/\/facebook.com\/gaveaNews\/","article_published_time":"2020-07-23T21:26:26+00:00","article_modified_time":"2020-07-23T21:26:28+00:00","og_image":[{"url":"https:\/\/www.gaveanews.com\/wp-content\/uploads\/2019\/09\/Diego-Alves-em-acao-pelo-Flamengo.webp","width":1,"height":1,"type":"image\/jpeg"}],"author":"Equipe G\u00e1vea News","twitter_card":"summary_large_image","twitter_misc":{"Escrito por":"Equipe G\u00e1vea News","Est. tempo de leitura":"1 minuto"},"schema":{"@context":"https:\/\/schema.org","@graph":[{"@type":"NewsArticle","@id":"https:\/\/www.gaveanews.com\/index.php\/2020\/07\/23\/renovacoes-no-flamengo-ficam-paradas-por-busca-por-treinador\/#article","isPartOf":{"@id":"https:\/\/www.gaveanews.com\/index.php\/2020\/07\/23\/renovacoes-no-flamengo-ficam-paradas-por-busca-por-treinador\/"},"author":{"name":"Equipe G\u00e1vea News","@id":"https:\/\/www.gaveanews.com\/#\/schema\/person\/2ec14f73fb96be2caf28f91afb14749d"},"headline":"Renova\u00e7\u00f5es no Flamengo ficam paradas por busca por treinador","datePublished":"2020-07-23T21:26:26+00:00","dateModified":"2020-07-23T21:26:28+00:00","mainEntityOfPage":{"@id":"https:\/\/www.gaveanews.com\/index.php\/2020\/07\/23\/renovacoes-no-flamengo-ficam-paradas-por-busca-por-treinador\/"},"wordCount":267,"commentCount":2,"image":{"@id":"https:\/\/www.gaveanews.com\/index.php\/2020\/07\/23\/renovacoes-no-flamengo-ficam-paradas-por-busca-por-treinador\/#primaryimage"},"thumbnailUrl":"https:\/\/www.gaveanews.com\/wp-content\/uploads\/2019\/09\/Diego-Alves-em-acao-pelo-Flamengo.webp","articleSection":["Flamengo"],"inLanguage":"pt-BR","potentialAction":[{"@type":"CommentAction","name":"Comment","target":["https:\/\/www.gaveanews.com\/index.php\/2020\/07\/23\/renovacoes-no-flamengo-ficam-paradas-por-busca-por-treinador\/#respond"]}],"copyrightYear":"2020","copyrightHolder":{"@id":"https:\/\/www.gaveanews.com\/#organization"}},{"@type":"WebPage","@id":"https:\/\/www.gaveanews.com\/index.php\/2020\/07\/23\/renovacoes-no-flamengo-ficam-paradas-por-busca-por-treinador\/","url":"https:\/\/www.gaveanews.com\/index.php\/2020\/07\/23\/renovacoes-no-flamengo-ficam-paradas-por-busca-por-treinador\/","name":"Renova\u00e7\u00f5es no Flamengo ficam paradas por busca por treinador","isPartOf":{"@id":"https:\/\/www.gaveanews.com\/#website"},"primaryImageOfPage":{"@id":"https:\/\/www.gaveanews.com\/index.php\/2020\/07\/23\/renovacoes-no-flamengo-ficam-paradas-por-busca-por-treinador\/#primaryimage"},"image":{"@id":"https:\/\/www.gaveanews.com\/index.php\/2020\/07\/23\/renovacoes-no-flamengo-ficam-paradas-por-busca-por-treinador\/#primaryimage"},"thumbnailUrl":"https:\/\/www.gaveanews.com\/wp-content\/uploads\/2019\/09\/Diego-Alves-em-acao-pelo-Flamengo.webp","datePublished":"2020-07-23T21:26:26+00:00","dateModified":"2020-07-23T21:26:28+00:00","author":{"@id":"https:\/\/www.gaveanews.com\/#\/schema\/person\/2ec14f73fb96be2caf28f91afb14749d"},"description":"O clube agora vem priorizando a contrata\u00e7\u00e3o de um novo t\u00e9cnico e isto tamb\u00e9m influi em negocia\u00e7\u00f5es de renova\u00e7\u00e3o de contrato de atletas do elenco.","breadcrumb":{"@id":"https:\/\/www.gaveanews.com\/index.php\/2020\/07\/23\/renovacoes-no-flamengo-ficam-paradas-por-busca-por-treinador\/#breadcrumb"},"inLanguage":"pt-BR","potentialAction":[{"@type":"ReadAction","target":["https:\/\/www.gaveanews.com\/index.php\/2020\/07\/23\/renovacoes-no-flamengo-ficam-paradas-por-busca-por-treinador\/"]}]},{"@type":"ImageObject","inLanguage":"pt-BR","@id":"https:\/\/www.gaveanews.com\/index.php\/2020\/07\/23\/renovacoes-no-flamengo-ficam-paradas-por-busca-por-treinador\/#primaryimage","url":"https:\/\/www.gaveanews.com\/wp-content\/uploads\/2019\/09\/Diego-Alves-em-acao-pelo-Flamengo.webp","contentUrl":"https:\/\/www.gaveanews.com\/wp-content\/uploads\/2019\/09\/Diego-Alves-em-acao-pelo-Flamengo.webp","caption":"Diego Alves em a\u00e7\u00e3o pelo Flamengo (Foto: Alexandre Vidal\/Flamengo)"},{"@type":"BreadcrumbList","@id":"https:\/\/www.gaveanews.com\/index.php\/2020\/07\/23\/renovacoes-no-flamengo-ficam-paradas-por-busca-por-treinador\/#breadcrumb","itemListElement":[{"@type":"ListItem","position":1,"name":"Home","item":"https:\/\/www.gaveanews.com\/"},{"@type":"ListItem","position":2,"name":"Renova\u00e7\u00f5es no Flamengo ficam paradas por busca por treinador"}]},{"@type":"WebSite","@id":"https:\/\/www.gaveanews.com\/#website","url":"https:\/\/www.gaveanews.com\/","name":"G\u00e1vea News","description":"Veja todas as not\u00edcias sobre o Flamengo: Contrata\u00e7\u00f5es, categorias de base, resultados das partidas, tabela de classifica\u00e7\u00e3o, pr\u00f3ximos jogos!","potentialAction":[{"@type":"SearchAction","target":{"@type":"EntryPoint","urlTemplate":"https:\/\/www.gaveanews.com\/?s={search_term_string}"},"query-input":{"@type":"PropertyValueSpecification","valueRequired":true,"valueName":"search_term_string"}}],"inLanguage":"pt-BR"},{"@type":"Person","@id":"https:\/\/www.gaveanews.com\/#\/schema\/person\/2ec14f73fb96be2caf28f91afb14749d","name":"Equipe G\u00e1vea News","image":{"@type":"ImageObject","inLanguage":"pt-BR","@id":"https:\/\/www.gaveanews.com\/#\/schema\/person\/image\/","url":"https:\/\/secure.gravatar.com\/avatar\/1e1956f1facbffd3f8fa53a326721950116b3b9dc9bd44939c01180fd4a745a9?s=96&d=mm&r=g","contentUrl":"https:\/\/secure.gravatar.com\/avatar\/1e1956f1facbffd3f8fa53a326721950116b3b9dc9bd44939c01180fd4a745a9?s=96&d=mm&r=g","caption":"Equipe G\u00e1vea News"}}]}},"_links":{"self":[{"href":"https:\/\/www.gaveanews.com\/index.php\/wp-json\/wp\/v2\/posts\/44156","targetHints":{"allow":["GET"]}}],"collection":[{"href":"https:\/\/www.gaveanews.com\/index.php\/wp-json\/wp\/v2\/posts"}],"about":[{"href":"https:\/\/www.gaveanews.com\/index.php\/wp-json\/wp\/v2\/types\/post"}],"author":[{"embeddable":true,"href":"https:\/\/www.gaveanews.com\/index.php\/wp-json\/wp\/v2\/users\/1"}],"replies":[{"embeddable":true,"href":"https:\/\/www.gaveanews.com\/index.php\/wp-json\/wp\/v2\/comments?post=44156"}],"version-history":[{"count":0,"href":"https:\/\/www.gaveanews.com\/index.php\/wp-json\/wp\/v2\/posts\/44156\/revisions"}],"wp:featuredmedia":[{"embeddable":true,"href":"https:\/\/www.gaveanews.com\/index.php\/wp-json\/wp\/v2\/media\/27046"}],"wp:attachment":[{"href":"https:\/\/www.gaveanews.com\/index.php\/wp-json\/wp\/v2\/media?parent=44156"}],"wp:term":[{"taxonomy":"category","embeddable":true,"href":"https:\/\/www.gaveanews.com\/index.php\/wp-json\/wp\/v2\/categories?post=44156"},{"taxonomy":"post_tag","embeddable":true,"href":"https:\/\/www.gaveanews.com\/index.php\/wp-json\/wp\/v2\/tags?post=44156"}],"curies":[{"name":"wp","href":"https:\/\/api.w.org\/{rel}","templated":true}]}}