{"id":44159,"date":"2020-07-23T18:56:28","date_gmt":"2020-07-23T21:56:28","guid":{"rendered":"https:\/\/www.gaveanews.com\/?p=44159"},"modified":"2020-07-23T18:56:32","modified_gmt":"2020-07-23T21:56:32","slug":"flamengo-fara-varredura-na-europa","status":"publish","type":"post","link":"https:\/\/www.gaveanews.com\/index.php\/2020\/07\/23\/flamengo-fara-varredura-na-europa\/","title":{"rendered":"Flamengo far\u00e1 &#8216;varredura&#8217; na Europa"},"content":{"rendered":"\n<p>A ida do vice de futebol do Flamengo, Marcos Braz, para a Europa, nesta madrugada de quinta-feira, deu in\u00edcio ao processo de &#8220;varredura&#8221; da diretoria em busca de um novo treinador para suceder Jorge Jesus. O termo foi usado pelo pr\u00f3prio Braz, ao ser consultado se o clube viajava com alvo definido.<\/p>\n\n\n\n<p>Com o estilo de trabalho j\u00e1 debatido internamente, os dirigentes agora partem para abordagem presencial, modelo que deu certo com o pr\u00f3prio Jesus, e tamb\u00e9m na contrata\u00e7\u00e3o de jogadores na Europa, como Rafinha, Gerson e Gabigol.<\/p>\n\n\n\n<p>A viagem foi vista como solu\u00e7\u00e3o importante para o processo de prospec\u00e7\u00e3o dos candidatos, antes mesmo de qualquer proposta oficial ou indica\u00e7\u00e3o de que profissional estaria disposto a assumir o Flamengo.<\/p>\n\n\n\n<p>Antes de iniciar as conversas presenciais com os profissionais, Marcos Braz aguarda a chegada do diretor executivo Bruno Spindel, que se organiza para deixar o Brasil nesta sexta-feira.<\/p>\n\n\n\n<p>Como n\u00e3o tem passaporte portugu\u00eas, tal qual Braz, o dirigente agiliza uma outra forma legal de entrar no continente europeu com aval das autoridades de sa\u00fade, j\u00e1 que existe restri\u00e7\u00e3o de circula\u00e7\u00e3o em fun\u00e7\u00e3o da pandemia de Covid-19.<\/p>\n\n\n\n<p>Com a dupla unida, nomes como Carlos Carvalhal, do Rio Ave, Leonardo Jardim, sem clube, e Dom\u00e8nec Torrent est\u00e3o na lista para uma consulta oficial. Marcos Silva, que era desejado por Braz, perdeu for\u00e7a e foi praticamente descartado, em fun\u00e7\u00e3o do estilo de suas equipes, pouco semelhante ao de Jorge Jesus.<\/p>\n\n\n\n<p>A presen\u00e7a na Europa n\u00e3o impede que op\u00e7\u00f5es interessantes sejam avaliadas pelos dirigentes, n\u00e3o apenas em Portugal, mas nos pa\u00edses vizinhos. Inicialmente, n\u00e3o h\u00e1 prazo definido para retorno ao Brasil. Vai depender do avan\u00e7o das negocia\u00e7\u00f5es.<\/p>\n\n\n\n<p>O elenco principal j\u00e1 se reapresentou sob comando do t\u00e9cnico da base, Mauricio de Souza, e vai com ele e outros profissionais at\u00e9 que seja necess\u00e1rio. O Flamengo estreia no Brasileiro no dia 9 de agosto.<\/p>\n\n\n\n<p>A diretoria n\u00e3o se incomoda em demorar para contratar o treinador definitivo. A ordem \u00e9 n\u00e3o errar na escolha para que a temporada em andamento n\u00e3o seja prejudicada com uma eventual nova troca.<\/p>\n\n\n\n<p>Retirado de: Extra<\/p>\n","protected":false},"excerpt":{"rendered":"<p>A ida do vice de futebol do Flamengo, Marcos Braz, para a Europa, nesta madrugada de quinta-feira, deu in\u00edcio ao processo de &#8220;varredura&#8221; da diretoria em busca de um novo treinador para suceder Jorge Jesus. O termo foi usado pelo pr\u00f3prio Braz, ao ser consultado se o clube viajava com alvo definido. Com o estilo [&hellip;]<\/p>\n","protected":false},"author":1,"featured_media":23694,"comment_status":"open","ping_status":"closed","sticky":false,"template":"","format":"standard","meta":{"footnotes":""},"categories":[1],"tags":[],"class_list":["post-44159","post","type-post","status-publish","format-standard","has-post-thumbnail","hentry","category-flamengo"],"yoast_head":"<!-- This site is optimized with the Yoast SEO Premium plugin v24.2 (Yoast SEO v26.9) - https:\/\/yoast.com\/product\/yoast-seo-premium-wordpress\/ -->\n<title>Flamengo far\u00e1 &#039;varredura&#039; na Europa<\/title>\n<meta name=\"description\" content=\"O termo foi usado pelo pr\u00f3prio Marcos Braz, ao ser consultado se o clube viajava com alvo definido para substituir Jorge Jesus.\" \/>\n<meta name=\"robots\" content=\"index, follow, max-snippet:-1, max-image-preview:large, max-video-preview:-1\" \/>\n<link rel=\"canonical\" href=\"https:\/\/www.gaveanews.com\/index.php\/2020\/07\/23\/flamengo-fara-varredura-na-europa\/\" \/>\n<meta property=\"og:locale\" content=\"pt_BR\" \/>\n<meta property=\"og:type\" content=\"article\" \/>\n<meta property=\"og:title\" content=\"Flamengo far\u00e1 &#039;varredura&#039; na Europa\" \/>\n<meta property=\"og:description\" content=\"O termo foi usado pelo pr\u00f3prio Marcos Braz, ao ser consultado se o clube viajava com alvo definido para substituir Jorge Jesus.\" \/>\n<meta property=\"og:url\" content=\"https:\/\/www.gaveanews.com\/index.php\/2020\/07\/23\/flamengo-fara-varredura-na-europa\/\" \/>\n<meta property=\"og:site_name\" content=\"G\u00e1vea News\" \/>\n<meta property=\"article:publisher\" content=\"https:\/\/facebook.com\/gaveaNews\/\" \/>\n<meta property=\"article:published_time\" content=\"2020-07-23T21:56:28+00:00\" \/>\n<meta property=\"article:modified_time\" content=\"2020-07-23T21:56:32+00:00\" \/>\n<meta property=\"og:image\" content=\"https:\/\/www.gaveanews.com\/wp-content\/uploads\/2019\/07\/Marcos-Braz-durante-coletiva-de-imprensa-no-Ninho-do-Urubu.webp\" \/>\n\t<meta property=\"og:image:width\" content=\"846\" \/>\n\t<meta property=\"og:image:height\" content=\"563\" \/>\n\t<meta property=\"og:image:type\" content=\"image\/jpeg\" \/>\n<meta name=\"author\" content=\"Equipe G\u00e1vea News\" \/>\n<meta name=\"twitter:card\" content=\"summary_large_image\" \/>\n<meta name=\"twitter:label1\" content=\"Escrito por\" \/>\n\t<meta name=\"twitter:data1\" content=\"Equipe G\u00e1vea News\" \/>\n\t<meta name=\"twitter:label2\" content=\"Est. tempo de leitura\" \/>\n\t<meta name=\"twitter:data2\" content=\"2 minutos\" \/>\n<script type=\"application\/ld+json\" class=\"yoast-schema-graph\">{\"@context\":\"https:\/\/schema.org\",\"@graph\":[{\"@type\":\"NewsArticle\",\"@id\":\"https:\/\/www.gaveanews.com\/index.php\/2020\/07\/23\/flamengo-fara-varredura-na-europa\/#article\",\"isPartOf\":{\"@id\":\"https:\/\/www.gaveanews.com\/index.php\/2020\/07\/23\/flamengo-fara-varredura-na-europa\/\"},\"author\":{\"name\":\"Equipe G\u00e1vea News\",\"@id\":\"https:\/\/www.gaveanews.com\/#\/schema\/person\/2ec14f73fb96be2caf28f91afb14749d\"},\"headline\":\"Flamengo far\u00e1 &#8216;varredura&#8217; na Europa\",\"datePublished\":\"2020-07-23T21:56:28+00:00\",\"dateModified\":\"2020-07-23T21:56:32+00:00\",\"mainEntityOfPage\":{\"@id\":\"https:\/\/www.gaveanews.com\/index.php\/2020\/07\/23\/flamengo-fara-varredura-na-europa\/\"},\"wordCount\":378,\"commentCount\":4,\"image\":{\"@id\":\"https:\/\/www.gaveanews.com\/index.php\/2020\/07\/23\/flamengo-fara-varredura-na-europa\/#primaryimage\"},\"thumbnailUrl\":\"https:\/\/www.gaveanews.com\/wp-content\/uploads\/2019\/07\/Marcos-Braz-durante-coletiva-de-imprensa-no-Ninho-do-Urubu.webp\",\"articleSection\":[\"Flamengo\"],\"inLanguage\":\"pt-BR\",\"potentialAction\":[{\"@type\":\"CommentAction\",\"name\":\"Comment\",\"target\":[\"https:\/\/www.gaveanews.com\/index.php\/2020\/07\/23\/flamengo-fara-varredura-na-europa\/#respond\"]}],\"copyrightYear\":\"2020\",\"copyrightHolder\":{\"@id\":\"https:\/\/www.gaveanews.com\/#organization\"}},{\"@type\":\"WebPage\",\"@id\":\"https:\/\/www.gaveanews.com\/index.php\/2020\/07\/23\/flamengo-fara-varredura-na-europa\/\",\"url\":\"https:\/\/www.gaveanews.com\/index.php\/2020\/07\/23\/flamengo-fara-varredura-na-europa\/\",\"name\":\"Flamengo far\u00e1 'varredura' na Europa\",\"isPartOf\":{\"@id\":\"https:\/\/www.gaveanews.com\/#website\"},\"primaryImageOfPage\":{\"@id\":\"https:\/\/www.gaveanews.com\/index.php\/2020\/07\/23\/flamengo-fara-varredura-na-europa\/#primaryimage\"},\"image\":{\"@id\":\"https:\/\/www.gaveanews.com\/index.php\/2020\/07\/23\/flamengo-fara-varredura-na-europa\/#primaryimage\"},\"thumbnailUrl\":\"https:\/\/www.gaveanews.com\/wp-content\/uploads\/2019\/07\/Marcos-Braz-durante-coletiva-de-imprensa-no-Ninho-do-Urubu.webp\",\"datePublished\":\"2020-07-23T21:56:28+00:00\",\"dateModified\":\"2020-07-23T21:56:32+00:00\",\"author\":{\"@id\":\"https:\/\/www.gaveanews.com\/#\/schema\/person\/2ec14f73fb96be2caf28f91afb14749d\"},\"description\":\"O termo foi usado pelo pr\u00f3prio Marcos Braz, ao ser consultado se o clube viajava com alvo definido para substituir Jorge Jesus.\",\"breadcrumb\":{\"@id\":\"https:\/\/www.gaveanews.com\/index.php\/2020\/07\/23\/flamengo-fara-varredura-na-europa\/#breadcrumb\"},\"inLanguage\":\"pt-BR\",\"potentialAction\":[{\"@type\":\"ReadAction\",\"target\":[\"https:\/\/www.gaveanews.com\/index.php\/2020\/07\/23\/flamengo-fara-varredura-na-europa\/\"]}]},{\"@type\":\"ImageObject\",\"inLanguage\":\"pt-BR\",\"@id\":\"https:\/\/www.gaveanews.com\/index.php\/2020\/07\/23\/flamengo-fara-varredura-na-europa\/#primaryimage\",\"url\":\"https:\/\/www.gaveanews.com\/wp-content\/uploads\/2019\/07\/Marcos-Braz-durante-coletiva-de-imprensa-no-Ninho-do-Urubu.webp\",\"contentUrl\":\"https:\/\/www.gaveanews.com\/wp-content\/uploads\/2019\/07\/Marcos-Braz-durante-coletiva-de-imprensa-no-Ninho-do-Urubu.webp\",\"width\":846,\"height\":563,\"caption\":\"Marcos Braz durante coletiva de imprensa no Ninho do Urubu (Foto: Alexandre Vidal\/Flamengo)\"},{\"@type\":\"BreadcrumbList\",\"@id\":\"https:\/\/www.gaveanews.com\/index.php\/2020\/07\/23\/flamengo-fara-varredura-na-europa\/#breadcrumb\",\"itemListElement\":[{\"@type\":\"ListItem\",\"position\":1,\"name\":\"Home\",\"item\":\"https:\/\/www.gaveanews.com\/\"},{\"@type\":\"ListItem\",\"position\":2,\"name\":\"Flamengo far\u00e1 &#8216;varredura&#8217; na Europa\"}]},{\"@type\":\"WebSite\",\"@id\":\"https:\/\/www.gaveanews.com\/#website\",\"url\":\"https:\/\/www.gaveanews.com\/\",\"name\":\"G\u00e1vea News\",\"description\":\"Veja todas as not\u00edcias sobre o Flamengo: Contrata\u00e7\u00f5es, categorias de base, resultados das partidas, tabela de classifica\u00e7\u00e3o, pr\u00f3ximos jogos!\",\"potentialAction\":[{\"@type\":\"SearchAction\",\"target\":{\"@type\":\"EntryPoint\",\"urlTemplate\":\"https:\/\/www.gaveanews.com\/?s={search_term_string}\"},\"query-input\":{\"@type\":\"PropertyValueSpecification\",\"valueRequired\":true,\"valueName\":\"search_term_string\"}}],\"inLanguage\":\"pt-BR\"},{\"@type\":\"Person\",\"@id\":\"https:\/\/www.gaveanews.com\/#\/schema\/person\/2ec14f73fb96be2caf28f91afb14749d\",\"name\":\"Equipe G\u00e1vea News\",\"image\":{\"@type\":\"ImageObject\",\"inLanguage\":\"pt-BR\",\"@id\":\"https:\/\/www.gaveanews.com\/#\/schema\/person\/image\/\",\"url\":\"https:\/\/secure.gravatar.com\/avatar\/1e1956f1facbffd3f8fa53a326721950116b3b9dc9bd44939c01180fd4a745a9?s=96&d=mm&r=g\",\"contentUrl\":\"https:\/\/secure.gravatar.com\/avatar\/1e1956f1facbffd3f8fa53a326721950116b3b9dc9bd44939c01180fd4a745a9?s=96&d=mm&r=g\",\"caption\":\"Equipe G\u00e1vea News\"}}]}<\/script>\n<!-- \/ Yoast SEO Premium plugin. -->","yoast_head_json":{"title":"Flamengo far\u00e1 'varredura' na Europa","description":"O termo foi usado pelo pr\u00f3prio Marcos Braz, ao ser consultado se o clube viajava com alvo definido para substituir Jorge Jesus.","robots":{"index":"index","follow":"follow","max-snippet":"max-snippet:-1","max-image-preview":"max-image-preview:large","max-video-preview":"max-video-preview:-1"},"canonical":"https:\/\/www.gaveanews.com\/index.php\/2020\/07\/23\/flamengo-fara-varredura-na-europa\/","og_locale":"pt_BR","og_type":"article","og_title":"Flamengo far\u00e1 'varredura' na Europa","og_description":"O termo foi usado pelo pr\u00f3prio Marcos Braz, ao ser consultado se o clube viajava com alvo definido para substituir Jorge Jesus.","og_url":"https:\/\/www.gaveanews.com\/index.php\/2020\/07\/23\/flamengo-fara-varredura-na-europa\/","og_site_name":"G\u00e1vea News","article_publisher":"https:\/\/facebook.com\/gaveaNews\/","article_published_time":"2020-07-23T21:56:28+00:00","article_modified_time":"2020-07-23T21:56:32+00:00","og_image":[{"width":846,"height":563,"url":"https:\/\/www.gaveanews.com\/wp-content\/uploads\/2019\/07\/Marcos-Braz-durante-coletiva-de-imprensa-no-Ninho-do-Urubu.webp","type":"image\/jpeg"}],"author":"Equipe G\u00e1vea News","twitter_card":"summary_large_image","twitter_misc":{"Escrito por":"Equipe G\u00e1vea News","Est. tempo de leitura":"2 minutos"},"schema":{"@context":"https:\/\/schema.org","@graph":[{"@type":"NewsArticle","@id":"https:\/\/www.gaveanews.com\/index.php\/2020\/07\/23\/flamengo-fara-varredura-na-europa\/#article","isPartOf":{"@id":"https:\/\/www.gaveanews.com\/index.php\/2020\/07\/23\/flamengo-fara-varredura-na-europa\/"},"author":{"name":"Equipe G\u00e1vea News","@id":"https:\/\/www.gaveanews.com\/#\/schema\/person\/2ec14f73fb96be2caf28f91afb14749d"},"headline":"Flamengo far\u00e1 &#8216;varredura&#8217; na Europa","datePublished":"2020-07-23T21:56:28+00:00","dateModified":"2020-07-23T21:56:32+00:00","mainEntityOfPage":{"@id":"https:\/\/www.gaveanews.com\/index.php\/2020\/07\/23\/flamengo-fara-varredura-na-europa\/"},"wordCount":378,"commentCount":4,"image":{"@id":"https:\/\/www.gaveanews.com\/index.php\/2020\/07\/23\/flamengo-fara-varredura-na-europa\/#primaryimage"},"thumbnailUrl":"https:\/\/www.gaveanews.com\/wp-content\/uploads\/2019\/07\/Marcos-Braz-durante-coletiva-de-imprensa-no-Ninho-do-Urubu.webp","articleSection":["Flamengo"],"inLanguage":"pt-BR","potentialAction":[{"@type":"CommentAction","name":"Comment","target":["https:\/\/www.gaveanews.com\/index.php\/2020\/07\/23\/flamengo-fara-varredura-na-europa\/#respond"]}],"copyrightYear":"2020","copyrightHolder":{"@id":"https:\/\/www.gaveanews.com\/#organization"}},{"@type":"WebPage","@id":"https:\/\/www.gaveanews.com\/index.php\/2020\/07\/23\/flamengo-fara-varredura-na-europa\/","url":"https:\/\/www.gaveanews.com\/index.php\/2020\/07\/23\/flamengo-fara-varredura-na-europa\/","name":"Flamengo far\u00e1 'varredura' na Europa","isPartOf":{"@id":"https:\/\/www.gaveanews.com\/#website"},"primaryImageOfPage":{"@id":"https:\/\/www.gaveanews.com\/index.php\/2020\/07\/23\/flamengo-fara-varredura-na-europa\/#primaryimage"},"image":{"@id":"https:\/\/www.gaveanews.com\/index.php\/2020\/07\/23\/flamengo-fara-varredura-na-europa\/#primaryimage"},"thumbnailUrl":"https:\/\/www.gaveanews.com\/wp-content\/uploads\/2019\/07\/Marcos-Braz-durante-coletiva-de-imprensa-no-Ninho-do-Urubu.webp","datePublished":"2020-07-23T21:56:28+00:00","dateModified":"2020-07-23T21:56:32+00:00","author":{"@id":"https:\/\/www.gaveanews.com\/#\/schema\/person\/2ec14f73fb96be2caf28f91afb14749d"},"description":"O termo foi usado pelo pr\u00f3prio Marcos Braz, ao ser consultado se o clube viajava com alvo definido para substituir Jorge Jesus.","breadcrumb":{"@id":"https:\/\/www.gaveanews.com\/index.php\/2020\/07\/23\/flamengo-fara-varredura-na-europa\/#breadcrumb"},"inLanguage":"pt-BR","potentialAction":[{"@type":"ReadAction","target":["https:\/\/www.gaveanews.com\/index.php\/2020\/07\/23\/flamengo-fara-varredura-na-europa\/"]}]},{"@type":"ImageObject","inLanguage":"pt-BR","@id":"https:\/\/www.gaveanews.com\/index.php\/2020\/07\/23\/flamengo-fara-varredura-na-europa\/#primaryimage","url":"https:\/\/www.gaveanews.com\/wp-content\/uploads\/2019\/07\/Marcos-Braz-durante-coletiva-de-imprensa-no-Ninho-do-Urubu.webp","contentUrl":"https:\/\/www.gaveanews.com\/wp-content\/uploads\/2019\/07\/Marcos-Braz-durante-coletiva-de-imprensa-no-Ninho-do-Urubu.webp","width":846,"height":563,"caption":"Marcos Braz durante coletiva de imprensa no Ninho do Urubu (Foto: Alexandre Vidal\/Flamengo)"},{"@type":"BreadcrumbList","@id":"https:\/\/www.gaveanews.com\/index.php\/2020\/07\/23\/flamengo-fara-varredura-na-europa\/#breadcrumb","itemListElement":[{"@type":"ListItem","position":1,"name":"Home","item":"https:\/\/www.gaveanews.com\/"},{"@type":"ListItem","position":2,"name":"Flamengo far\u00e1 &#8216;varredura&#8217; na Europa"}]},{"@type":"WebSite","@id":"https:\/\/www.gaveanews.com\/#website","url":"https:\/\/www.gaveanews.com\/","name":"G\u00e1vea News","description":"Veja todas as not\u00edcias sobre o Flamengo: Contrata\u00e7\u00f5es, categorias de base, resultados das partidas, tabela de classifica\u00e7\u00e3o, pr\u00f3ximos jogos!","potentialAction":[{"@type":"SearchAction","target":{"@type":"EntryPoint","urlTemplate":"https:\/\/www.gaveanews.com\/?s={search_term_string}"},"query-input":{"@type":"PropertyValueSpecification","valueRequired":true,"valueName":"search_term_string"}}],"inLanguage":"pt-BR"},{"@type":"Person","@id":"https:\/\/www.gaveanews.com\/#\/schema\/person\/2ec14f73fb96be2caf28f91afb14749d","name":"Equipe G\u00e1vea News","image":{"@type":"ImageObject","inLanguage":"pt-BR","@id":"https:\/\/www.gaveanews.com\/#\/schema\/person\/image\/","url":"https:\/\/secure.gravatar.com\/avatar\/1e1956f1facbffd3f8fa53a326721950116b3b9dc9bd44939c01180fd4a745a9?s=96&d=mm&r=g","contentUrl":"https:\/\/secure.gravatar.com\/avatar\/1e1956f1facbffd3f8fa53a326721950116b3b9dc9bd44939c01180fd4a745a9?s=96&d=mm&r=g","caption":"Equipe G\u00e1vea News"}}]}},"_links":{"self":[{"href":"https:\/\/www.gaveanews.com\/index.php\/wp-json\/wp\/v2\/posts\/44159","targetHints":{"allow":["GET"]}}],"collection":[{"href":"https:\/\/www.gaveanews.com\/index.php\/wp-json\/wp\/v2\/posts"}],"about":[{"href":"https:\/\/www.gaveanews.com\/index.php\/wp-json\/wp\/v2\/types\/post"}],"author":[{"embeddable":true,"href":"https:\/\/www.gaveanews.com\/index.php\/wp-json\/wp\/v2\/users\/1"}],"replies":[{"embeddable":true,"href":"https:\/\/www.gaveanews.com\/index.php\/wp-json\/wp\/v2\/comments?post=44159"}],"version-history":[{"count":0,"href":"https:\/\/www.gaveanews.com\/index.php\/wp-json\/wp\/v2\/posts\/44159\/revisions"}],"wp:featuredmedia":[{"embeddable":true,"href":"https:\/\/www.gaveanews.com\/index.php\/wp-json\/wp\/v2\/media\/23694"}],"wp:attachment":[{"href":"https:\/\/www.gaveanews.com\/index.php\/wp-json\/wp\/v2\/media?parent=44159"}],"wp:term":[{"taxonomy":"category","embeddable":true,"href":"https:\/\/www.gaveanews.com\/index.php\/wp-json\/wp\/v2\/categories?post=44159"},{"taxonomy":"post_tag","embeddable":true,"href":"https:\/\/www.gaveanews.com\/index.php\/wp-json\/wp\/v2\/tags?post=44159"}],"curies":[{"name":"wp","href":"https:\/\/api.w.org\/{rel}","templated":true}]}}