{"id":44180,"date":"2020-07-24T09:47:16","date_gmt":"2020-07-24T12:47:16","guid":{"rendered":"https:\/\/www.gaveanews.com\/?p=44180"},"modified":"2020-07-24T09:47:25","modified_gmt":"2020-07-24T12:47:25","slug":"flamengo-quer-evitar-novela-e-descarta-interino-para-abrir-serie-a","status":"publish","type":"post","link":"https:\/\/www.gaveanews.com\/index.php\/2020\/07\/24\/flamengo-quer-evitar-novela-e-descarta-interino-para-abrir-serie-a\/","title":{"rendered":"Flamengo quer evitar &#8216;novela&#8217; e descarta interino para abrir S\u00e9rie A"},"content":{"rendered":"\n<p>A diretoria do Flamengo age com cautela no mercado em busca de um t\u00e9cnico para ocupar a vaga deixada por Jorge Jesus, mas com um olho na tabela do Campeonato Brasileiro. Apesar da calma da c\u00fapula durante esta procura, h\u00e1 uma inten\u00e7\u00e3o inicial de come\u00e7ar a competi\u00e7\u00e3o nacional j\u00e1 com o novo nome \u00e0 beira do gramado.<\/p>\n\n\n\n<p>O diretor-executivo Bruno Spindel embarca hoje (24) para Portugal, onde vai se encontrar com Marcos Braz, vice-presidente de futebol, para que possam avan\u00e7ar em algumas conversas. Carlos Carvalhal, do Rio Ave, por exemplo, \u00e9 um dos integrantes da lista de interesse, que conta ainda com outros nomes.<\/p>\n\n\n\n<p>A ideia \u00e9 que as tratativas n\u00e3o se arrastem muito a ponto de atrapalhar o planejamento para o restante da temporada. No ano passado, Abel Braga pediu demiss\u00e3o em de maio, e o Rubro-Negro anunciou Jorge Jesus em 1\u00ba de junho.<\/p>\n\n\n\n<p>Enquanto isso, Maur\u00edcio Souza, t\u00e9cnico do sub-20, vem comandando o elenco profissional neste retorno aos treinos, ap\u00f3s a conquista do Campeonato Carioca. Embora o trabalho seja bem avaliado internamente, n\u00e3o h\u00e1 o pensamento de se realizar uma &#8220;promo\u00e7\u00e3o for\u00e7ada&#8221; e coloc\u00e1-lo como interino nesta reta inicial do Brasileiro. A estreia do Flamengo no torneio ser\u00e1 em 9 de agosto, contra o Atl\u00e9tico-MG, no Maracan\u00e3.<\/p>\n\n\n\n<p>Por outro lado, ap\u00f3s a divulga\u00e7\u00e3o do calend\u00e1rio sub-20 e sub-17 por parte da Confedera\u00e7\u00e3o Brasileira de Futebol (CBF), ontem (23), a diretoria do Rubro-Negro discute o retorno dos treinos presenciais por parte dos jogadores da base e h\u00e1 a chance de o sub-20 voltar na primeira semana de agosto.<\/p>\n\n\n\n<p>Como precau\u00e7\u00e3o, tamb\u00e9m s\u00e3o colocadas \u00e0 mesa possibilidades para o caso de a categoria retomar os trabalhos e o elenco profissional ainda estar sob o comando de Maur\u00edcio Souza.<\/p>\n\n\n\n<p>Jorge Jesus deixou o Flamengo h\u00e1 uma semana, ap\u00f3s acertar contrato com o Benfica, de Portugal. As partes haviam alinhado a renova\u00e7\u00e3o at\u00e9 2021 no come\u00e7o de junho, mas o treinador decidiu por aceitar a proposta dos &#8220;Encarnados&#8221; e retornar ao pa\u00eds natal.<\/p>\n\n\n\n<p>Jesus ficou no Rubro-Negro por 13 meses e marcou \u00e9poca no clube ao conquistar o Campeonato Brasileiro e a Libertadores do ano passado, al\u00e9m da Supercopa do Brasil, Recopa Sul-Americana e Campeonato Carioca nesta temporada.<\/p>\n\n\n\n<p>Retirado de: UOL<\/p>\n","protected":false},"excerpt":{"rendered":"<p>A diretoria do Flamengo age com cautela no mercado em busca de um t\u00e9cnico para ocupar a vaga deixada por Jorge Jesus, mas com um olho na tabela do Campeonato Brasileiro. Apesar da calma da c\u00fapula durante esta procura, h\u00e1 uma inten\u00e7\u00e3o inicial de come\u00e7ar a competi\u00e7\u00e3o nacional j\u00e1 com o novo nome \u00e0 beira [&hellip;]<\/p>\n","protected":false},"author":1,"featured_media":15077,"comment_status":"open","ping_status":"closed","sticky":false,"template":"","format":"standard","meta":{"footnotes":""},"categories":[47],"tags":[],"class_list":["post-44180","post","type-post","status-publish","format-standard","has-post-thumbnail","hentry","category-destaques"],"yoast_head":"<!-- This site is optimized with the Yoast SEO Premium plugin v24.2 (Yoast SEO v26.9) - https:\/\/yoast.com\/product\/yoast-seo-premium-wordpress\/ -->\n<title>Flamengo quer evitar &#039;novela&#039; e descarta interino para abrir S\u00e9rie A<\/title>\n<meta name=\"description\" content=\"H\u00e1 uma inten\u00e7\u00e3o inicial, da diretoria do Flamengo, de come\u00e7ar a principal competi\u00e7\u00e3o nacional j\u00e1 com o novo nome \u00e0 beira do gramado.\" \/>\n<meta name=\"robots\" content=\"index, follow, max-snippet:-1, max-image-preview:large, max-video-preview:-1\" \/>\n<link rel=\"canonical\" href=\"https:\/\/www.gaveanews.com\/index.php\/2020\/07\/24\/flamengo-quer-evitar-novela-e-descarta-interino-para-abrir-serie-a\/\" \/>\n<meta property=\"og:locale\" content=\"pt_BR\" \/>\n<meta property=\"og:type\" content=\"article\" \/>\n<meta property=\"og:title\" content=\"Flamengo quer evitar &#039;novela&#039; e descarta interino para abrir S\u00e9rie A\" \/>\n<meta property=\"og:description\" content=\"H\u00e1 uma inten\u00e7\u00e3o inicial, da diretoria do Flamengo, de come\u00e7ar a principal competi\u00e7\u00e3o nacional j\u00e1 com o novo nome \u00e0 beira do gramado.\" \/>\n<meta property=\"og:url\" content=\"https:\/\/www.gaveanews.com\/index.php\/2020\/07\/24\/flamengo-quer-evitar-novela-e-descarta-interino-para-abrir-serie-a\/\" \/>\n<meta property=\"og:site_name\" content=\"G\u00e1vea News\" \/>\n<meta property=\"article:publisher\" content=\"https:\/\/facebook.com\/gaveaNews\/\" \/>\n<meta property=\"article:published_time\" content=\"2020-07-24T12:47:16+00:00\" \/>\n<meta property=\"article:modified_time\" content=\"2020-07-24T12:47:25+00:00\" \/>\n<meta property=\"og:image\" content=\"https:\/\/www.gaveanews.com\/wp-content\/uploads\/2019\/03\/Rodolfo-Landim-durante-entrevista-coletiva-na-Gavea.webp\" \/>\n\t<meta property=\"og:image:width\" content=\"1\" \/>\n\t<meta property=\"og:image:height\" content=\"1\" \/>\n\t<meta property=\"og:image:type\" content=\"image\/jpeg\" \/>\n<meta name=\"author\" content=\"Equipe G\u00e1vea News\" \/>\n<meta name=\"twitter:card\" content=\"summary_large_image\" \/>\n<meta name=\"twitter:label1\" content=\"Escrito por\" \/>\n\t<meta name=\"twitter:data1\" content=\"Equipe G\u00e1vea News\" \/>\n\t<meta name=\"twitter:label2\" content=\"Est. tempo de leitura\" \/>\n\t<meta name=\"twitter:data2\" content=\"2 minutos\" \/>\n<script type=\"application\/ld+json\" class=\"yoast-schema-graph\">{\"@context\":\"https:\/\/schema.org\",\"@graph\":[{\"@type\":\"NewsArticle\",\"@id\":\"https:\/\/www.gaveanews.com\/index.php\/2020\/07\/24\/flamengo-quer-evitar-novela-e-descarta-interino-para-abrir-serie-a\/#article\",\"isPartOf\":{\"@id\":\"https:\/\/www.gaveanews.com\/index.php\/2020\/07\/24\/flamengo-quer-evitar-novela-e-descarta-interino-para-abrir-serie-a\/\"},\"author\":{\"name\":\"Equipe G\u00e1vea News\",\"@id\":\"https:\/\/www.gaveanews.com\/#\/schema\/person\/2ec14f73fb96be2caf28f91afb14749d\"},\"headline\":\"Flamengo quer evitar &#8216;novela&#8217; e descarta interino para abrir S\u00e9rie A\",\"datePublished\":\"2020-07-24T12:47:16+00:00\",\"dateModified\":\"2020-07-24T12:47:25+00:00\",\"mainEntityOfPage\":{\"@id\":\"https:\/\/www.gaveanews.com\/index.php\/2020\/07\/24\/flamengo-quer-evitar-novela-e-descarta-interino-para-abrir-serie-a\/\"},\"wordCount\":400,\"commentCount\":4,\"image\":{\"@id\":\"https:\/\/www.gaveanews.com\/index.php\/2020\/07\/24\/flamengo-quer-evitar-novela-e-descarta-interino-para-abrir-serie-a\/#primaryimage\"},\"thumbnailUrl\":\"https:\/\/www.gaveanews.com\/wp-content\/uploads\/2019\/03\/Rodolfo-Landim-durante-entrevista-coletiva-na-Gavea.webp\",\"articleSection\":[\"Destaques\"],\"inLanguage\":\"pt-BR\",\"potentialAction\":[{\"@type\":\"CommentAction\",\"name\":\"Comment\",\"target\":[\"https:\/\/www.gaveanews.com\/index.php\/2020\/07\/24\/flamengo-quer-evitar-novela-e-descarta-interino-para-abrir-serie-a\/#respond\"]}],\"copyrightYear\":\"2020\",\"copyrightHolder\":{\"@id\":\"https:\/\/www.gaveanews.com\/#organization\"}},{\"@type\":\"WebPage\",\"@id\":\"https:\/\/www.gaveanews.com\/index.php\/2020\/07\/24\/flamengo-quer-evitar-novela-e-descarta-interino-para-abrir-serie-a\/\",\"url\":\"https:\/\/www.gaveanews.com\/index.php\/2020\/07\/24\/flamengo-quer-evitar-novela-e-descarta-interino-para-abrir-serie-a\/\",\"name\":\"Flamengo quer evitar 'novela' e descarta interino para abrir S\u00e9rie A\",\"isPartOf\":{\"@id\":\"https:\/\/www.gaveanews.com\/#website\"},\"primaryImageOfPage\":{\"@id\":\"https:\/\/www.gaveanews.com\/index.php\/2020\/07\/24\/flamengo-quer-evitar-novela-e-descarta-interino-para-abrir-serie-a\/#primaryimage\"},\"image\":{\"@id\":\"https:\/\/www.gaveanews.com\/index.php\/2020\/07\/24\/flamengo-quer-evitar-novela-e-descarta-interino-para-abrir-serie-a\/#primaryimage\"},\"thumbnailUrl\":\"https:\/\/www.gaveanews.com\/wp-content\/uploads\/2019\/03\/Rodolfo-Landim-durante-entrevista-coletiva-na-Gavea.webp\",\"datePublished\":\"2020-07-24T12:47:16+00:00\",\"dateModified\":\"2020-07-24T12:47:25+00:00\",\"author\":{\"@id\":\"https:\/\/www.gaveanews.com\/#\/schema\/person\/2ec14f73fb96be2caf28f91afb14749d\"},\"description\":\"H\u00e1 uma inten\u00e7\u00e3o inicial, da diretoria do Flamengo, de come\u00e7ar a principal competi\u00e7\u00e3o nacional j\u00e1 com o novo nome \u00e0 beira do gramado.\",\"breadcrumb\":{\"@id\":\"https:\/\/www.gaveanews.com\/index.php\/2020\/07\/24\/flamengo-quer-evitar-novela-e-descarta-interino-para-abrir-serie-a\/#breadcrumb\"},\"inLanguage\":\"pt-BR\",\"potentialAction\":[{\"@type\":\"ReadAction\",\"target\":[\"https:\/\/www.gaveanews.com\/index.php\/2020\/07\/24\/flamengo-quer-evitar-novela-e-descarta-interino-para-abrir-serie-a\/\"]}]},{\"@type\":\"ImageObject\",\"inLanguage\":\"pt-BR\",\"@id\":\"https:\/\/www.gaveanews.com\/index.php\/2020\/07\/24\/flamengo-quer-evitar-novela-e-descarta-interino-para-abrir-serie-a\/#primaryimage\",\"url\":\"https:\/\/www.gaveanews.com\/wp-content\/uploads\/2019\/03\/Rodolfo-Landim-durante-entrevista-coletiva-na-Gavea.webp\",\"contentUrl\":\"https:\/\/www.gaveanews.com\/wp-content\/uploads\/2019\/03\/Rodolfo-Landim-durante-entrevista-coletiva-na-Gavea.webp\",\"width\":900,\"height\":599,\"caption\":\"Rodolfo Landim durante entrevista coletiva na G\u00e1vea (Foto: Ag\u00eancia Foto BR)\"},{\"@type\":\"BreadcrumbList\",\"@id\":\"https:\/\/www.gaveanews.com\/index.php\/2020\/07\/24\/flamengo-quer-evitar-novela-e-descarta-interino-para-abrir-serie-a\/#breadcrumb\",\"itemListElement\":[{\"@type\":\"ListItem\",\"position\":1,\"name\":\"Home\",\"item\":\"https:\/\/www.gaveanews.com\/\"},{\"@type\":\"ListItem\",\"position\":2,\"name\":\"Flamengo quer evitar &#8216;novela&#8217; e descarta interino para abrir S\u00e9rie A\"}]},{\"@type\":\"WebSite\",\"@id\":\"https:\/\/www.gaveanews.com\/#website\",\"url\":\"https:\/\/www.gaveanews.com\/\",\"name\":\"G\u00e1vea News\",\"description\":\"Veja todas as not\u00edcias sobre o Flamengo: Contrata\u00e7\u00f5es, categorias de base, resultados das partidas, tabela de classifica\u00e7\u00e3o, pr\u00f3ximos jogos!\",\"potentialAction\":[{\"@type\":\"SearchAction\",\"target\":{\"@type\":\"EntryPoint\",\"urlTemplate\":\"https:\/\/www.gaveanews.com\/?s={search_term_string}\"},\"query-input\":{\"@type\":\"PropertyValueSpecification\",\"valueRequired\":true,\"valueName\":\"search_term_string\"}}],\"inLanguage\":\"pt-BR\"},{\"@type\":\"Person\",\"@id\":\"https:\/\/www.gaveanews.com\/#\/schema\/person\/2ec14f73fb96be2caf28f91afb14749d\",\"name\":\"Equipe G\u00e1vea News\",\"image\":{\"@type\":\"ImageObject\",\"inLanguage\":\"pt-BR\",\"@id\":\"https:\/\/www.gaveanews.com\/#\/schema\/person\/image\/\",\"url\":\"https:\/\/secure.gravatar.com\/avatar\/1e1956f1facbffd3f8fa53a326721950116b3b9dc9bd44939c01180fd4a745a9?s=96&d=mm&r=g\",\"contentUrl\":\"https:\/\/secure.gravatar.com\/avatar\/1e1956f1facbffd3f8fa53a326721950116b3b9dc9bd44939c01180fd4a745a9?s=96&d=mm&r=g\",\"caption\":\"Equipe G\u00e1vea News\"}}]}<\/script>\n<!-- \/ Yoast SEO Premium plugin. -->","yoast_head_json":{"title":"Flamengo quer evitar 'novela' e descarta interino para abrir S\u00e9rie A","description":"H\u00e1 uma inten\u00e7\u00e3o inicial, da diretoria do Flamengo, de come\u00e7ar a principal competi\u00e7\u00e3o nacional j\u00e1 com o novo nome \u00e0 beira do gramado.","robots":{"index":"index","follow":"follow","max-snippet":"max-snippet:-1","max-image-preview":"max-image-preview:large","max-video-preview":"max-video-preview:-1"},"canonical":"https:\/\/www.gaveanews.com\/index.php\/2020\/07\/24\/flamengo-quer-evitar-novela-e-descarta-interino-para-abrir-serie-a\/","og_locale":"pt_BR","og_type":"article","og_title":"Flamengo quer evitar 'novela' e descarta interino para abrir S\u00e9rie A","og_description":"H\u00e1 uma inten\u00e7\u00e3o inicial, da diretoria do Flamengo, de come\u00e7ar a principal competi\u00e7\u00e3o nacional j\u00e1 com o novo nome \u00e0 beira do gramado.","og_url":"https:\/\/www.gaveanews.com\/index.php\/2020\/07\/24\/flamengo-quer-evitar-novela-e-descarta-interino-para-abrir-serie-a\/","og_site_name":"G\u00e1vea News","article_publisher":"https:\/\/facebook.com\/gaveaNews\/","article_published_time":"2020-07-24T12:47:16+00:00","article_modified_time":"2020-07-24T12:47:25+00:00","og_image":[{"url":"https:\/\/www.gaveanews.com\/wp-content\/uploads\/2019\/03\/Rodolfo-Landim-durante-entrevista-coletiva-na-Gavea.webp","width":1,"height":1,"type":"image\/jpeg"}],"author":"Equipe G\u00e1vea News","twitter_card":"summary_large_image","twitter_misc":{"Escrito por":"Equipe G\u00e1vea News","Est. tempo de leitura":"2 minutos"},"schema":{"@context":"https:\/\/schema.org","@graph":[{"@type":"NewsArticle","@id":"https:\/\/www.gaveanews.com\/index.php\/2020\/07\/24\/flamengo-quer-evitar-novela-e-descarta-interino-para-abrir-serie-a\/#article","isPartOf":{"@id":"https:\/\/www.gaveanews.com\/index.php\/2020\/07\/24\/flamengo-quer-evitar-novela-e-descarta-interino-para-abrir-serie-a\/"},"author":{"name":"Equipe G\u00e1vea News","@id":"https:\/\/www.gaveanews.com\/#\/schema\/person\/2ec14f73fb96be2caf28f91afb14749d"},"headline":"Flamengo quer evitar &#8216;novela&#8217; e descarta interino para abrir S\u00e9rie A","datePublished":"2020-07-24T12:47:16+00:00","dateModified":"2020-07-24T12:47:25+00:00","mainEntityOfPage":{"@id":"https:\/\/www.gaveanews.com\/index.php\/2020\/07\/24\/flamengo-quer-evitar-novela-e-descarta-interino-para-abrir-serie-a\/"},"wordCount":400,"commentCount":4,"image":{"@id":"https:\/\/www.gaveanews.com\/index.php\/2020\/07\/24\/flamengo-quer-evitar-novela-e-descarta-interino-para-abrir-serie-a\/#primaryimage"},"thumbnailUrl":"https:\/\/www.gaveanews.com\/wp-content\/uploads\/2019\/03\/Rodolfo-Landim-durante-entrevista-coletiva-na-Gavea.webp","articleSection":["Destaques"],"inLanguage":"pt-BR","potentialAction":[{"@type":"CommentAction","name":"Comment","target":["https:\/\/www.gaveanews.com\/index.php\/2020\/07\/24\/flamengo-quer-evitar-novela-e-descarta-interino-para-abrir-serie-a\/#respond"]}],"copyrightYear":"2020","copyrightHolder":{"@id":"https:\/\/www.gaveanews.com\/#organization"}},{"@type":"WebPage","@id":"https:\/\/www.gaveanews.com\/index.php\/2020\/07\/24\/flamengo-quer-evitar-novela-e-descarta-interino-para-abrir-serie-a\/","url":"https:\/\/www.gaveanews.com\/index.php\/2020\/07\/24\/flamengo-quer-evitar-novela-e-descarta-interino-para-abrir-serie-a\/","name":"Flamengo quer evitar 'novela' e descarta interino para abrir S\u00e9rie A","isPartOf":{"@id":"https:\/\/www.gaveanews.com\/#website"},"primaryImageOfPage":{"@id":"https:\/\/www.gaveanews.com\/index.php\/2020\/07\/24\/flamengo-quer-evitar-novela-e-descarta-interino-para-abrir-serie-a\/#primaryimage"},"image":{"@id":"https:\/\/www.gaveanews.com\/index.php\/2020\/07\/24\/flamengo-quer-evitar-novela-e-descarta-interino-para-abrir-serie-a\/#primaryimage"},"thumbnailUrl":"https:\/\/www.gaveanews.com\/wp-content\/uploads\/2019\/03\/Rodolfo-Landim-durante-entrevista-coletiva-na-Gavea.webp","datePublished":"2020-07-24T12:47:16+00:00","dateModified":"2020-07-24T12:47:25+00:00","author":{"@id":"https:\/\/www.gaveanews.com\/#\/schema\/person\/2ec14f73fb96be2caf28f91afb14749d"},"description":"H\u00e1 uma inten\u00e7\u00e3o inicial, da diretoria do Flamengo, de come\u00e7ar a principal competi\u00e7\u00e3o nacional j\u00e1 com o novo nome \u00e0 beira do gramado.","breadcrumb":{"@id":"https:\/\/www.gaveanews.com\/index.php\/2020\/07\/24\/flamengo-quer-evitar-novela-e-descarta-interino-para-abrir-serie-a\/#breadcrumb"},"inLanguage":"pt-BR","potentialAction":[{"@type":"ReadAction","target":["https:\/\/www.gaveanews.com\/index.php\/2020\/07\/24\/flamengo-quer-evitar-novela-e-descarta-interino-para-abrir-serie-a\/"]}]},{"@type":"ImageObject","inLanguage":"pt-BR","@id":"https:\/\/www.gaveanews.com\/index.php\/2020\/07\/24\/flamengo-quer-evitar-novela-e-descarta-interino-para-abrir-serie-a\/#primaryimage","url":"https:\/\/www.gaveanews.com\/wp-content\/uploads\/2019\/03\/Rodolfo-Landim-durante-entrevista-coletiva-na-Gavea.webp","contentUrl":"https:\/\/www.gaveanews.com\/wp-content\/uploads\/2019\/03\/Rodolfo-Landim-durante-entrevista-coletiva-na-Gavea.webp","width":900,"height":599,"caption":"Rodolfo Landim durante entrevista coletiva na G\u00e1vea (Foto: Ag\u00eancia Foto BR)"},{"@type":"BreadcrumbList","@id":"https:\/\/www.gaveanews.com\/index.php\/2020\/07\/24\/flamengo-quer-evitar-novela-e-descarta-interino-para-abrir-serie-a\/#breadcrumb","itemListElement":[{"@type":"ListItem","position":1,"name":"Home","item":"https:\/\/www.gaveanews.com\/"},{"@type":"ListItem","position":2,"name":"Flamengo quer evitar &#8216;novela&#8217; e descarta interino para abrir S\u00e9rie A"}]},{"@type":"WebSite","@id":"https:\/\/www.gaveanews.com\/#website","url":"https:\/\/www.gaveanews.com\/","name":"G\u00e1vea News","description":"Veja todas as not\u00edcias sobre o Flamengo: Contrata\u00e7\u00f5es, categorias de base, resultados das partidas, tabela de classifica\u00e7\u00e3o, pr\u00f3ximos jogos!","potentialAction":[{"@type":"SearchAction","target":{"@type":"EntryPoint","urlTemplate":"https:\/\/www.gaveanews.com\/?s={search_term_string}"},"query-input":{"@type":"PropertyValueSpecification","valueRequired":true,"valueName":"search_term_string"}}],"inLanguage":"pt-BR"},{"@type":"Person","@id":"https:\/\/www.gaveanews.com\/#\/schema\/person\/2ec14f73fb96be2caf28f91afb14749d","name":"Equipe G\u00e1vea News","image":{"@type":"ImageObject","inLanguage":"pt-BR","@id":"https:\/\/www.gaveanews.com\/#\/schema\/person\/image\/","url":"https:\/\/secure.gravatar.com\/avatar\/1e1956f1facbffd3f8fa53a326721950116b3b9dc9bd44939c01180fd4a745a9?s=96&d=mm&r=g","contentUrl":"https:\/\/secure.gravatar.com\/avatar\/1e1956f1facbffd3f8fa53a326721950116b3b9dc9bd44939c01180fd4a745a9?s=96&d=mm&r=g","caption":"Equipe G\u00e1vea News"}}]}},"_links":{"self":[{"href":"https:\/\/www.gaveanews.com\/index.php\/wp-json\/wp\/v2\/posts\/44180","targetHints":{"allow":["GET"]}}],"collection":[{"href":"https:\/\/www.gaveanews.com\/index.php\/wp-json\/wp\/v2\/posts"}],"about":[{"href":"https:\/\/www.gaveanews.com\/index.php\/wp-json\/wp\/v2\/types\/post"}],"author":[{"embeddable":true,"href":"https:\/\/www.gaveanews.com\/index.php\/wp-json\/wp\/v2\/users\/1"}],"replies":[{"embeddable":true,"href":"https:\/\/www.gaveanews.com\/index.php\/wp-json\/wp\/v2\/comments?post=44180"}],"version-history":[{"count":0,"href":"https:\/\/www.gaveanews.com\/index.php\/wp-json\/wp\/v2\/posts\/44180\/revisions"}],"wp:featuredmedia":[{"embeddable":true,"href":"https:\/\/www.gaveanews.com\/index.php\/wp-json\/wp\/v2\/media\/15077"}],"wp:attachment":[{"href":"https:\/\/www.gaveanews.com\/index.php\/wp-json\/wp\/v2\/media?parent=44180"}],"wp:term":[{"taxonomy":"category","embeddable":true,"href":"https:\/\/www.gaveanews.com\/index.php\/wp-json\/wp\/v2\/categories?post=44180"},{"taxonomy":"post_tag","embeddable":true,"href":"https:\/\/www.gaveanews.com\/index.php\/wp-json\/wp\/v2\/tags?post=44180"}],"curies":[{"name":"wp","href":"https:\/\/api.w.org\/{rel}","templated":true}]}}