{"id":44184,"date":"2020-07-24T10:42:05","date_gmt":"2020-07-24T13:42:05","guid":{"rendered":"https:\/\/www.gaveanews.com\/?p=44184"},"modified":"2020-07-24T10:42:09","modified_gmt":"2020-07-24T13:42:09","slug":"saiba-tudo-sobre-os-quatro-tecnicos-cotados-para-assumir-o-flamengo","status":"publish","type":"post","link":"https:\/\/www.gaveanews.com\/index.php\/2020\/07\/24\/saiba-tudo-sobre-os-quatro-tecnicos-cotados-para-assumir-o-flamengo\/","title":{"rendered":"Saiba tudo sobre os quatro t\u00e9cnicos cotados para assumir o Flamengo"},"content":{"rendered":"\n<p>Uma semana depois do adeus de Jorge Jesus, o Flamengo ainda continua \u00e0 busca de um sucessor para o treinador que revolucionou a equipe rubro-negra e conquistou o t\u00edtulo brasileiro e a Libertadores do ano passado.<\/p>\n\n\n\n<p>O vice-presidente de futebol do clube, Marcos Braz, est\u00e1 em Lisboa para conversar com candidatos ao cargo e tentar decidir quem \u00e9 o melhor nome para assumir o time na sequ\u00eancia de 2020.<\/p>\n\n\n\n<p>O Flamengo j\u00e1 definiu que, mesmo com as dificuldades impostas pela pandemia do novo coronav\u00edrus (Covid-19), deseja manter a aposta em t\u00e9cnicos estrangeiros. Por isso, os nomes mais cotados para a fun\u00e7\u00e3o s\u00e3o portugueses e espanh\u00f3is.<\/p>\n\n\n\n<p>O &#8220;Blog do Rafael Reis&#8221; apresenta abaixo os quatro favoritos para suceder Jorge Jesus na equipe carioca, explica os pr\u00f3s e contras de cada um deles e tamb\u00e9m como eles costumam armar suas equipes.<\/p>\n\n\n\n<h2 class=\"wp-block-heading\">Leonardo Jardim<\/h2>\n\n\n\n<div class=\"wp-block-image\"><figure class=\"aligncenter size-large\"><img decoding=\"async\" src=\"https:\/\/th.bing.com\/th\/id\/OIP.N5riLLka1DuopV3WxMEpOAHaLH?pid=Api&amp;rs=1\" alt=\"\"\/><\/figure><\/div>\n\n\n\n<ul class=\"wp-block-list\"><li>Portugu\u00eas<\/li><li>45 anos<\/li><li>Sem clube<\/li><\/ul>\n\n\n\n<p>No cen\u00e1rio atual, \u00e9 o nome preferido da diretoria do Flamengo. Nascido na Venezuela, mas naturalizado portugu\u00eas, Jardim fez at\u00e9 mais sucesso que Jorge Jesus no cen\u00e1rio europeu. Seu auge foi na temporada 2016\/17, quando interrompeu a hegemonia do Paris Saint-Germain no Campeonato Franc\u00eas e tamb\u00e9m levou o Monaco at\u00e9 as semifinais da Liga dos Campe\u00f5es da Europa. O treinador ainda fez a dobradinha (t\u00edtulo da liga e copa) na Gr\u00e9cia, pelo Olympiacos, e ganhou a segundona portuguesa, com o Beira-Mar.<\/p>\n\n\n\n<p>Adepto de um futebol bastante agressivo, com laterais bem avan\u00e7ados e abuso das jogadas em velocidade pelos lados do campo, Jardim tem uma outra vantagem sobre Jesus: a facilidade em trabalhar com jovens jogadores. Durante a passagem pelo Principado, ele revelou Kylian Mbapp\u00e9, lapidou Bernardo Silva e transformou Fabinho em jogador de meio-campo. O maior problema para o Flamengo \u00e9 que ele j\u00e1 expressou que prefere continuar trabalhando na Europa.<\/p>\n\n\n\n<h2 class=\"wp-block-heading\">Carlos Carvalhal<\/h2>\n\n\n\n<div class=\"wp-block-image\"><figure class=\"aligncenter size-large\"><img decoding=\"async\" src=\"https:\/\/upload.wikimedia.org\/wikipedia\/commons\/6\/68\/Carvalhal.JPG\" alt=\"\"\/><\/figure><\/div>\n\n\n\n<ul class=\"wp-block-list\"><li>Portugu\u00eas<\/li><li>54 anos<\/li><li>Rio Ave (POR)<\/li><\/ul>\n\n\n\n<p>Apesar de n\u00e3o estar entre os t\u00e9cnicos portugueses mais badalados da atualidade, goza da simpatia da diretoria flamenguista por ter um estilo de trabalho bastante semelhante ao de Jesus. Assim como ex-comandante do Flamengo, Carvalhal tamb\u00e9m costuma exigir bastante empenho t\u00e1tico dos jogadores e monta times que se imp\u00f5e sobre os advers\u00e1rios \u2014o modesto Rio Ave, que comanda nesta temporada, tem m\u00e9dia de 54,4% de posse de bola, inferior apenas \u00e0s marcas dos quatro maiores clubes de Portugal (Benfica, Porto, Sporting e Braga).<\/p>\n\n\n\n<p>O portugu\u00eas j\u00e1 tem mais de 20 anos de experi\u00eancia como treinador e trabalhou em mercados como Gr\u00e9cia, Turquia e Inglaterra (chegou a dirigir o Swansea City na Premier League). No entanto, n\u00e3o est\u00e1 muito acostumado a comandar equipes com pretens\u00e3o de ocupar o alto da tabela.<\/p>\n\n\n\n<p>Seus dois trabalhos mais ambiciosos n\u00e3o tiveram muito sucesso. Em 2009\/10, foi s\u00f3 quarto colocado no Campeonato Portugu\u00eas com o Sporting. Dois anos depois, repetiu a posi\u00e7\u00e3o com o Besiktas na Turquia. Em contrapartida, com elencos mais pobres e menor press\u00e3o por resultados, foi campe\u00e3o da Ta\u00e7a da Liga portuguesa pelo Vit\u00f3ria de Set\u00fabal (2007\/08) e vice da Ta\u00e7a de Portugal com o Aves (2001\/02).<\/p>\n\n\n\n<h2 class=\"wp-block-heading\">Miguel \u00c1ngel Ram\u00edrez<\/h2>\n\n\n\n<figure class=\"wp-block-image size-large\"><img decoding=\"async\" src=\"https:\/\/flahoje.com\/wp-content\/uploads\/2020\/02\/MIGUEL-ANGEL-RAMIREZ.webp\" alt=\"\"\/><\/figure>\n\n\n\n<ul class=\"wp-block-list\"><li>Espanhol<\/li><li>35 anos<\/li><li>Independiente del Valle (EQU)<\/li><\/ul>\n\n\n\n<p>Como o argentino Marcelo Gallardo, do River Plate, \u00e9 considerado uma carta fora do baralho, o comandante do Independiente del Valle \u00e9 tratado pelo Flamengo como a melhor op\u00e7\u00e3o dispon\u00edvel no futebol sul-americano. Apesar de trabalhar no Equador, Ram\u00edrez \u00e9 t\u00e3o europeu quanto os outros nomes desta lista. E tem a vantagem de j\u00e1 conhecer melhor que os outros portugueses e espanh\u00f3is o mercado e os campeonatos nos quais o Flamengo est\u00e3o inseridos.<\/p>\n\n\n\n<p>O espanhol de Las Palmas tem uma carreira mete\u00f3rica no banco de reservas. Ele estreou como treinador de times adulto h\u00e1 apenas um ano, j\u00e1 no Del Valle, e, mesmo assim, j\u00e1 tem um t\u00edtulo relevante da Copa Sul-Americana no curr\u00edculo. Mesmo assim, a pouca experi\u00eancia ainda \u00e9 um peso que ele carrega.<\/p>\n\n\n\n<p>Ex-treinador de times de base, Ram\u00edrez trabalhou durante seis anos na Academia Aspire, o centro de forma\u00e7\u00e3o de jogadores do Qatar que foi desenvolvido em cima dos mesmos m\u00e9todos utilizados na base do Barcelona. Por isso, os ideias de futebol de Ram\u00edrez passam por uma profunda valoriza\u00e7\u00e3o da posse de bola e o uso frequente de jovens atletas rec\u00e9m-promovidos para os profissionais.<\/p>\n\n\n\n<h2 class=\"wp-block-heading\">Domen\u00e8c Torrent<\/h2>\n\n\n\n<div class=\"wp-block-image\"><figure class=\"aligncenter size-large\"><img decoding=\"async\" src=\"https:\/\/th.bing.com\/th\/id\/OIP.TTNrW_XoTI8WnNtsJSAL4AHaKl?pid=Api&amp;rs=1\" alt=\"\"\/><figcaption>(Foto: Anthony J. Causi)<\/figcaption><\/figure><\/div>\n\n\n\n<ul class=\"wp-block-list\"><li>Espanhol<\/li><li>58 anos<\/li><li>Sem clube<\/li><\/ul>\n\n\n\n<p>O ex-meia catal\u00e3o que teve uma carreira incipiente como jogador na d\u00e9cada de 1980 n\u00e3o aparecia nas primeiras listas de interesse do Flamengo para substituir Jorge Jesus. No entanto, as dificuldades de encontrar um sucessor \u00e0 altura do portugu\u00eas foram tornando seu nome uma possibilidade cada vez mais real.<\/p>\n\n\n\n<p>Ao longo dos \u00faltimos 14 anos, Torrent s\u00f3 teve um trabalho em voo solo como t\u00e9cnico. Entre junho de 2018 e novembro de 2019, ele comandou o New York City, onde conquistou 44,4% dos pontos que disputou e fez da equipe a segunda melhor campanha da \u00faltima temporada regular da Major League Soccer (MLS).<\/p>\n\n\n\n<p>Mas suas melhores credenciais nem vem do que ele aprontou nos Estados Unidos, mas sim das dez temporadas em que foi auxiliar de Pep Guardiola no Barcelona, no Bayern de Munique e no Manchester City. Assim como o antigo chefe, Torrent \u00e9 detalhista, curte um futebol mais ofensivo, \u00e9 adepto da marca\u00e7\u00e3o alta e costuma armar seus times com tr\u00eas homens de frente.<\/p>\n\n\n\n<p>A vasta experi\u00eancia em gigantes europeus faz dele tamb\u00e9m um profissional acostumado a lidar com estrelas e egos inflados, o que pode lhe ajudar um vesti\u00e1rio cheio de nomes de peso (para o cen\u00e1rio nacional), como o do Flamengo. Por outro lado, o catal\u00e3o ainda \u00e9 uma aposta como treinador e n\u00e3o ganhou nada nos EUA.<\/p>\n\n\n\n<p>Retirado de: Blog do Rafael Reis\/UOL<\/p>\n","protected":false},"excerpt":{"rendered":"<p>Uma semana depois do adeus de Jorge Jesus, o Flamengo ainda continua \u00e0 busca de um sucessor para o treinador que revolucionou a equipe rubro-negra e conquistou o t\u00edtulo brasileiro e a Libertadores do ano passado. O vice-presidente de futebol do clube, Marcos Braz, est\u00e1 em Lisboa para conversar com candidatos ao cargo e tentar [&hellip;]<\/p>\n","protected":false},"author":1,"featured_media":15077,"comment_status":"open","ping_status":"closed","sticky":false,"template":"","format":"standard","meta":{"footnotes":""},"categories":[47],"tags":[],"class_list":["post-44184","post","type-post","status-publish","format-standard","has-post-thumbnail","hentry","category-destaques"],"yoast_head":"<!-- This site is optimized with the Yoast SEO Premium plugin v24.2 (Yoast SEO v26.9) - https:\/\/yoast.com\/product\/yoast-seo-premium-wordpress\/ -->\n<title>Saiba tudo sobre os quatro t\u00e9cnicos cotados para assumir o Flamengo<\/title>\n<meta name=\"description\" content=\"Uma semana depois do adeus de Jorge Jesus, o Flamengo ainda continua \u00e0 busca de um sucessor para o treinador, que foi para o Benfica.\" \/>\n<meta name=\"robots\" content=\"index, follow, max-snippet:-1, max-image-preview:large, max-video-preview:-1\" \/>\n<link rel=\"canonical\" href=\"https:\/\/www.gaveanews.com\/index.php\/2020\/07\/24\/saiba-tudo-sobre-os-quatro-tecnicos-cotados-para-assumir-o-flamengo\/\" \/>\n<meta property=\"og:locale\" content=\"pt_BR\" \/>\n<meta property=\"og:type\" content=\"article\" \/>\n<meta property=\"og:title\" content=\"Saiba tudo sobre os quatro t\u00e9cnicos cotados para assumir o Flamengo\" \/>\n<meta property=\"og:description\" content=\"Uma semana depois do adeus de Jorge Jesus, o Flamengo ainda continua \u00e0 busca de um sucessor para o treinador, que foi para o Benfica.\" \/>\n<meta property=\"og:url\" content=\"https:\/\/www.gaveanews.com\/index.php\/2020\/07\/24\/saiba-tudo-sobre-os-quatro-tecnicos-cotados-para-assumir-o-flamengo\/\" \/>\n<meta property=\"og:site_name\" content=\"G\u00e1vea News\" \/>\n<meta property=\"article:publisher\" content=\"https:\/\/facebook.com\/gaveaNews\/\" \/>\n<meta property=\"article:published_time\" content=\"2020-07-24T13:42:05+00:00\" \/>\n<meta property=\"article:modified_time\" content=\"2020-07-24T13:42:09+00:00\" \/>\n<meta property=\"og:image\" content=\"https:\/\/www.gaveanews.com\/wp-content\/uploads\/2019\/03\/Rodolfo-Landim-durante-entrevista-coletiva-na-Gavea.webp\" \/>\n\t<meta property=\"og:image:width\" content=\"1\" \/>\n\t<meta property=\"og:image:height\" content=\"1\" \/>\n\t<meta property=\"og:image:type\" content=\"image\/jpeg\" \/>\n<meta name=\"author\" content=\"Equipe G\u00e1vea News\" \/>\n<meta name=\"twitter:card\" content=\"summary_large_image\" \/>\n<meta name=\"twitter:label1\" content=\"Escrito por\" \/>\n\t<meta name=\"twitter:data1\" content=\"Equipe G\u00e1vea News\" \/>\n\t<meta name=\"twitter:label2\" content=\"Est. tempo de leitura\" \/>\n\t<meta name=\"twitter:data2\" content=\"5 minutos\" \/>\n<script type=\"application\/ld+json\" class=\"yoast-schema-graph\">{\"@context\":\"https:\/\/schema.org\",\"@graph\":[{\"@type\":\"NewsArticle\",\"@id\":\"https:\/\/www.gaveanews.com\/index.php\/2020\/07\/24\/saiba-tudo-sobre-os-quatro-tecnicos-cotados-para-assumir-o-flamengo\/#article\",\"isPartOf\":{\"@id\":\"https:\/\/www.gaveanews.com\/index.php\/2020\/07\/24\/saiba-tudo-sobre-os-quatro-tecnicos-cotados-para-assumir-o-flamengo\/\"},\"author\":{\"name\":\"Equipe G\u00e1vea News\",\"@id\":\"https:\/\/www.gaveanews.com\/#\/schema\/person\/2ec14f73fb96be2caf28f91afb14749d\"},\"headline\":\"Saiba tudo sobre os quatro t\u00e9cnicos cotados para assumir o Flamengo\",\"datePublished\":\"2020-07-24T13:42:05+00:00\",\"dateModified\":\"2020-07-24T13:42:09+00:00\",\"mainEntityOfPage\":{\"@id\":\"https:\/\/www.gaveanews.com\/index.php\/2020\/07\/24\/saiba-tudo-sobre-os-quatro-tecnicos-cotados-para-assumir-o-flamengo\/\"},\"wordCount\":994,\"commentCount\":28,\"image\":{\"@id\":\"https:\/\/www.gaveanews.com\/index.php\/2020\/07\/24\/saiba-tudo-sobre-os-quatro-tecnicos-cotados-para-assumir-o-flamengo\/#primaryimage\"},\"thumbnailUrl\":\"https:\/\/www.gaveanews.com\/wp-content\/uploads\/2019\/03\/Rodolfo-Landim-durante-entrevista-coletiva-na-Gavea.webp\",\"articleSection\":[\"Destaques\"],\"inLanguage\":\"pt-BR\",\"potentialAction\":[{\"@type\":\"CommentAction\",\"name\":\"Comment\",\"target\":[\"https:\/\/www.gaveanews.com\/index.php\/2020\/07\/24\/saiba-tudo-sobre-os-quatro-tecnicos-cotados-para-assumir-o-flamengo\/#respond\"]}],\"copyrightYear\":\"2020\",\"copyrightHolder\":{\"@id\":\"https:\/\/www.gaveanews.com\/#organization\"}},{\"@type\":\"WebPage\",\"@id\":\"https:\/\/www.gaveanews.com\/index.php\/2020\/07\/24\/saiba-tudo-sobre-os-quatro-tecnicos-cotados-para-assumir-o-flamengo\/\",\"url\":\"https:\/\/www.gaveanews.com\/index.php\/2020\/07\/24\/saiba-tudo-sobre-os-quatro-tecnicos-cotados-para-assumir-o-flamengo\/\",\"name\":\"Saiba tudo sobre os quatro t\u00e9cnicos cotados para assumir o Flamengo\",\"isPartOf\":{\"@id\":\"https:\/\/www.gaveanews.com\/#website\"},\"primaryImageOfPage\":{\"@id\":\"https:\/\/www.gaveanews.com\/index.php\/2020\/07\/24\/saiba-tudo-sobre-os-quatro-tecnicos-cotados-para-assumir-o-flamengo\/#primaryimage\"},\"image\":{\"@id\":\"https:\/\/www.gaveanews.com\/index.php\/2020\/07\/24\/saiba-tudo-sobre-os-quatro-tecnicos-cotados-para-assumir-o-flamengo\/#primaryimage\"},\"thumbnailUrl\":\"https:\/\/www.gaveanews.com\/wp-content\/uploads\/2019\/03\/Rodolfo-Landim-durante-entrevista-coletiva-na-Gavea.webp\",\"datePublished\":\"2020-07-24T13:42:05+00:00\",\"dateModified\":\"2020-07-24T13:42:09+00:00\",\"author\":{\"@id\":\"https:\/\/www.gaveanews.com\/#\/schema\/person\/2ec14f73fb96be2caf28f91afb14749d\"},\"description\":\"Uma semana depois do adeus de Jorge Jesus, o Flamengo ainda continua \u00e0 busca de um sucessor para o treinador, que foi para o Benfica.\",\"breadcrumb\":{\"@id\":\"https:\/\/www.gaveanews.com\/index.php\/2020\/07\/24\/saiba-tudo-sobre-os-quatro-tecnicos-cotados-para-assumir-o-flamengo\/#breadcrumb\"},\"inLanguage\":\"pt-BR\",\"potentialAction\":[{\"@type\":\"ReadAction\",\"target\":[\"https:\/\/www.gaveanews.com\/index.php\/2020\/07\/24\/saiba-tudo-sobre-os-quatro-tecnicos-cotados-para-assumir-o-flamengo\/\"]}]},{\"@type\":\"ImageObject\",\"inLanguage\":\"pt-BR\",\"@id\":\"https:\/\/www.gaveanews.com\/index.php\/2020\/07\/24\/saiba-tudo-sobre-os-quatro-tecnicos-cotados-para-assumir-o-flamengo\/#primaryimage\",\"url\":\"https:\/\/www.gaveanews.com\/wp-content\/uploads\/2019\/03\/Rodolfo-Landim-durante-entrevista-coletiva-na-Gavea.webp\",\"contentUrl\":\"https:\/\/www.gaveanews.com\/wp-content\/uploads\/2019\/03\/Rodolfo-Landim-durante-entrevista-coletiva-na-Gavea.webp\",\"width\":900,\"height\":599,\"caption\":\"Rodolfo Landim durante entrevista coletiva na G\u00e1vea (Foto: Ag\u00eancia Foto BR)\"},{\"@type\":\"BreadcrumbList\",\"@id\":\"https:\/\/www.gaveanews.com\/index.php\/2020\/07\/24\/saiba-tudo-sobre-os-quatro-tecnicos-cotados-para-assumir-o-flamengo\/#breadcrumb\",\"itemListElement\":[{\"@type\":\"ListItem\",\"position\":1,\"name\":\"Home\",\"item\":\"https:\/\/www.gaveanews.com\/\"},{\"@type\":\"ListItem\",\"position\":2,\"name\":\"Saiba tudo sobre os quatro t\u00e9cnicos cotados para assumir o Flamengo\"}]},{\"@type\":\"WebSite\",\"@id\":\"https:\/\/www.gaveanews.com\/#website\",\"url\":\"https:\/\/www.gaveanews.com\/\",\"name\":\"G\u00e1vea News\",\"description\":\"Veja todas as not\u00edcias sobre o Flamengo: Contrata\u00e7\u00f5es, categorias de base, resultados das partidas, tabela de classifica\u00e7\u00e3o, pr\u00f3ximos jogos!\",\"potentialAction\":[{\"@type\":\"SearchAction\",\"target\":{\"@type\":\"EntryPoint\",\"urlTemplate\":\"https:\/\/www.gaveanews.com\/?s={search_term_string}\"},\"query-input\":{\"@type\":\"PropertyValueSpecification\",\"valueRequired\":true,\"valueName\":\"search_term_string\"}}],\"inLanguage\":\"pt-BR\"},{\"@type\":\"Person\",\"@id\":\"https:\/\/www.gaveanews.com\/#\/schema\/person\/2ec14f73fb96be2caf28f91afb14749d\",\"name\":\"Equipe G\u00e1vea News\",\"image\":{\"@type\":\"ImageObject\",\"inLanguage\":\"pt-BR\",\"@id\":\"https:\/\/www.gaveanews.com\/#\/schema\/person\/image\/\",\"url\":\"https:\/\/secure.gravatar.com\/avatar\/1e1956f1facbffd3f8fa53a326721950116b3b9dc9bd44939c01180fd4a745a9?s=96&d=mm&r=g\",\"contentUrl\":\"https:\/\/secure.gravatar.com\/avatar\/1e1956f1facbffd3f8fa53a326721950116b3b9dc9bd44939c01180fd4a745a9?s=96&d=mm&r=g\",\"caption\":\"Equipe G\u00e1vea News\"}}]}<\/script>\n<!-- \/ Yoast SEO Premium plugin. -->","yoast_head_json":{"title":"Saiba tudo sobre os quatro t\u00e9cnicos cotados para assumir o Flamengo","description":"Uma semana depois do adeus de Jorge Jesus, o Flamengo ainda continua \u00e0 busca de um sucessor para o treinador, que foi para o Benfica.","robots":{"index":"index","follow":"follow","max-snippet":"max-snippet:-1","max-image-preview":"max-image-preview:large","max-video-preview":"max-video-preview:-1"},"canonical":"https:\/\/www.gaveanews.com\/index.php\/2020\/07\/24\/saiba-tudo-sobre-os-quatro-tecnicos-cotados-para-assumir-o-flamengo\/","og_locale":"pt_BR","og_type":"article","og_title":"Saiba tudo sobre os quatro t\u00e9cnicos cotados para assumir o Flamengo","og_description":"Uma semana depois do adeus de Jorge Jesus, o Flamengo ainda continua \u00e0 busca de um sucessor para o treinador, que foi para o Benfica.","og_url":"https:\/\/www.gaveanews.com\/index.php\/2020\/07\/24\/saiba-tudo-sobre-os-quatro-tecnicos-cotados-para-assumir-o-flamengo\/","og_site_name":"G\u00e1vea News","article_publisher":"https:\/\/facebook.com\/gaveaNews\/","article_published_time":"2020-07-24T13:42:05+00:00","article_modified_time":"2020-07-24T13:42:09+00:00","og_image":[{"url":"https:\/\/www.gaveanews.com\/wp-content\/uploads\/2019\/03\/Rodolfo-Landim-durante-entrevista-coletiva-na-Gavea.webp","width":1,"height":1,"type":"image\/jpeg"}],"author":"Equipe G\u00e1vea News","twitter_card":"summary_large_image","twitter_misc":{"Escrito por":"Equipe G\u00e1vea News","Est. tempo de leitura":"5 minutos"},"schema":{"@context":"https:\/\/schema.org","@graph":[{"@type":"NewsArticle","@id":"https:\/\/www.gaveanews.com\/index.php\/2020\/07\/24\/saiba-tudo-sobre-os-quatro-tecnicos-cotados-para-assumir-o-flamengo\/#article","isPartOf":{"@id":"https:\/\/www.gaveanews.com\/index.php\/2020\/07\/24\/saiba-tudo-sobre-os-quatro-tecnicos-cotados-para-assumir-o-flamengo\/"},"author":{"name":"Equipe G\u00e1vea News","@id":"https:\/\/www.gaveanews.com\/#\/schema\/person\/2ec14f73fb96be2caf28f91afb14749d"},"headline":"Saiba tudo sobre os quatro t\u00e9cnicos cotados para assumir o Flamengo","datePublished":"2020-07-24T13:42:05+00:00","dateModified":"2020-07-24T13:42:09+00:00","mainEntityOfPage":{"@id":"https:\/\/www.gaveanews.com\/index.php\/2020\/07\/24\/saiba-tudo-sobre-os-quatro-tecnicos-cotados-para-assumir-o-flamengo\/"},"wordCount":994,"commentCount":28,"image":{"@id":"https:\/\/www.gaveanews.com\/index.php\/2020\/07\/24\/saiba-tudo-sobre-os-quatro-tecnicos-cotados-para-assumir-o-flamengo\/#primaryimage"},"thumbnailUrl":"https:\/\/www.gaveanews.com\/wp-content\/uploads\/2019\/03\/Rodolfo-Landim-durante-entrevista-coletiva-na-Gavea.webp","articleSection":["Destaques"],"inLanguage":"pt-BR","potentialAction":[{"@type":"CommentAction","name":"Comment","target":["https:\/\/www.gaveanews.com\/index.php\/2020\/07\/24\/saiba-tudo-sobre-os-quatro-tecnicos-cotados-para-assumir-o-flamengo\/#respond"]}],"copyrightYear":"2020","copyrightHolder":{"@id":"https:\/\/www.gaveanews.com\/#organization"}},{"@type":"WebPage","@id":"https:\/\/www.gaveanews.com\/index.php\/2020\/07\/24\/saiba-tudo-sobre-os-quatro-tecnicos-cotados-para-assumir-o-flamengo\/","url":"https:\/\/www.gaveanews.com\/index.php\/2020\/07\/24\/saiba-tudo-sobre-os-quatro-tecnicos-cotados-para-assumir-o-flamengo\/","name":"Saiba tudo sobre os quatro t\u00e9cnicos cotados para assumir o Flamengo","isPartOf":{"@id":"https:\/\/www.gaveanews.com\/#website"},"primaryImageOfPage":{"@id":"https:\/\/www.gaveanews.com\/index.php\/2020\/07\/24\/saiba-tudo-sobre-os-quatro-tecnicos-cotados-para-assumir-o-flamengo\/#primaryimage"},"image":{"@id":"https:\/\/www.gaveanews.com\/index.php\/2020\/07\/24\/saiba-tudo-sobre-os-quatro-tecnicos-cotados-para-assumir-o-flamengo\/#primaryimage"},"thumbnailUrl":"https:\/\/www.gaveanews.com\/wp-content\/uploads\/2019\/03\/Rodolfo-Landim-durante-entrevista-coletiva-na-Gavea.webp","datePublished":"2020-07-24T13:42:05+00:00","dateModified":"2020-07-24T13:42:09+00:00","author":{"@id":"https:\/\/www.gaveanews.com\/#\/schema\/person\/2ec14f73fb96be2caf28f91afb14749d"},"description":"Uma semana depois do adeus de Jorge Jesus, o Flamengo ainda continua \u00e0 busca de um sucessor para o treinador, que foi para o Benfica.","breadcrumb":{"@id":"https:\/\/www.gaveanews.com\/index.php\/2020\/07\/24\/saiba-tudo-sobre-os-quatro-tecnicos-cotados-para-assumir-o-flamengo\/#breadcrumb"},"inLanguage":"pt-BR","potentialAction":[{"@type":"ReadAction","target":["https:\/\/www.gaveanews.com\/index.php\/2020\/07\/24\/saiba-tudo-sobre-os-quatro-tecnicos-cotados-para-assumir-o-flamengo\/"]}]},{"@type":"ImageObject","inLanguage":"pt-BR","@id":"https:\/\/www.gaveanews.com\/index.php\/2020\/07\/24\/saiba-tudo-sobre-os-quatro-tecnicos-cotados-para-assumir-o-flamengo\/#primaryimage","url":"https:\/\/www.gaveanews.com\/wp-content\/uploads\/2019\/03\/Rodolfo-Landim-durante-entrevista-coletiva-na-Gavea.webp","contentUrl":"https:\/\/www.gaveanews.com\/wp-content\/uploads\/2019\/03\/Rodolfo-Landim-durante-entrevista-coletiva-na-Gavea.webp","width":900,"height":599,"caption":"Rodolfo Landim durante entrevista coletiva na G\u00e1vea (Foto: Ag\u00eancia Foto BR)"},{"@type":"BreadcrumbList","@id":"https:\/\/www.gaveanews.com\/index.php\/2020\/07\/24\/saiba-tudo-sobre-os-quatro-tecnicos-cotados-para-assumir-o-flamengo\/#breadcrumb","itemListElement":[{"@type":"ListItem","position":1,"name":"Home","item":"https:\/\/www.gaveanews.com\/"},{"@type":"ListItem","position":2,"name":"Saiba tudo sobre os quatro t\u00e9cnicos cotados para assumir o Flamengo"}]},{"@type":"WebSite","@id":"https:\/\/www.gaveanews.com\/#website","url":"https:\/\/www.gaveanews.com\/","name":"G\u00e1vea News","description":"Veja todas as not\u00edcias sobre o Flamengo: Contrata\u00e7\u00f5es, categorias de base, resultados das partidas, tabela de classifica\u00e7\u00e3o, pr\u00f3ximos jogos!","potentialAction":[{"@type":"SearchAction","target":{"@type":"EntryPoint","urlTemplate":"https:\/\/www.gaveanews.com\/?s={search_term_string}"},"query-input":{"@type":"PropertyValueSpecification","valueRequired":true,"valueName":"search_term_string"}}],"inLanguage":"pt-BR"},{"@type":"Person","@id":"https:\/\/www.gaveanews.com\/#\/schema\/person\/2ec14f73fb96be2caf28f91afb14749d","name":"Equipe G\u00e1vea News","image":{"@type":"ImageObject","inLanguage":"pt-BR","@id":"https:\/\/www.gaveanews.com\/#\/schema\/person\/image\/","url":"https:\/\/secure.gravatar.com\/avatar\/1e1956f1facbffd3f8fa53a326721950116b3b9dc9bd44939c01180fd4a745a9?s=96&d=mm&r=g","contentUrl":"https:\/\/secure.gravatar.com\/avatar\/1e1956f1facbffd3f8fa53a326721950116b3b9dc9bd44939c01180fd4a745a9?s=96&d=mm&r=g","caption":"Equipe G\u00e1vea News"}}]}},"_links":{"self":[{"href":"https:\/\/www.gaveanews.com\/index.php\/wp-json\/wp\/v2\/posts\/44184","targetHints":{"allow":["GET"]}}],"collection":[{"href":"https:\/\/www.gaveanews.com\/index.php\/wp-json\/wp\/v2\/posts"}],"about":[{"href":"https:\/\/www.gaveanews.com\/index.php\/wp-json\/wp\/v2\/types\/post"}],"author":[{"embeddable":true,"href":"https:\/\/www.gaveanews.com\/index.php\/wp-json\/wp\/v2\/users\/1"}],"replies":[{"embeddable":true,"href":"https:\/\/www.gaveanews.com\/index.php\/wp-json\/wp\/v2\/comments?post=44184"}],"version-history":[{"count":0,"href":"https:\/\/www.gaveanews.com\/index.php\/wp-json\/wp\/v2\/posts\/44184\/revisions"}],"wp:featuredmedia":[{"embeddable":true,"href":"https:\/\/www.gaveanews.com\/index.php\/wp-json\/wp\/v2\/media\/15077"}],"wp:attachment":[{"href":"https:\/\/www.gaveanews.com\/index.php\/wp-json\/wp\/v2\/media?parent=44184"}],"wp:term":[{"taxonomy":"category","embeddable":true,"href":"https:\/\/www.gaveanews.com\/index.php\/wp-json\/wp\/v2\/categories?post=44184"},{"taxonomy":"post_tag","embeddable":true,"href":"https:\/\/www.gaveanews.com\/index.php\/wp-json\/wp\/v2\/tags?post=44184"}],"curies":[{"name":"wp","href":"https:\/\/api.w.org\/{rel}","templated":true}]}}