{"id":44192,"date":"2020-07-24T15:30:22","date_gmt":"2020-07-24T18:30:22","guid":{"rendered":"https:\/\/www.gaveanews.com\/?p=44192"},"modified":"2020-07-24T15:30:23","modified_gmt":"2020-07-24T18:30:23","slug":"rede-globo-nao-paga-cota-do-carioca-e-aumenta-briga-com-os-clubes","status":"publish","type":"post","link":"https:\/\/www.gaveanews.com\/index.php\/2020\/07\/24\/rede-globo-nao-paga-cota-do-carioca-e-aumenta-briga-com-os-clubes\/","title":{"rendered":"Rede Globo n\u00e3o paga cota do Carioca e aumenta briga com os clubes"},"content":{"rendered":"\n<p>O Campeonato Carioca acabou, mas a pol\u00eamica entre Federa\u00e7\u00e3o de Futebol do Estado do Rio de Janeiro (Ferj), clubes e TV Globo est\u00e1 longe do fim. No mais recente cap\u00edtulo da briga entre as partes, a emissora n\u00e3o pagou &#8211; aos times &#8211; a \u00faltima cota referente aos direitos de transmiss\u00e3o da edi\u00e7\u00e3o 2020 &#8211; como anunciou que faria, mesmo com a rescis\u00e3o unilateral antes do fim do torneio.<\/p>\n\n\n\n<p>Conforme combinado, a parcela de R$ 18,159 milh\u00f5es deveria ter sido depositada para divis\u00e3o aos 11 clubes &#8211; Flamengo n\u00e3o assinou com a TV &#8211; cinco dias antes do encerramento do Carioca. Por ajustes em seu caixa, o Grupo Globo solicitou um adiamento, se comprometendo a pagar a cota derradeira at\u00e9 a \u00faltima quarta-feira (22). Nada feito.<\/p>\n\n\n\n<p>Em meio a um debate na esfera judicial sobre a validade da rescis\u00e3o unilateral do acordo pelos direitos de transmiss\u00e3o assinado at\u00e9 2024, a Globo decidiu que s\u00f3 pagaria tal montante caso a Ferj &#8211; signat\u00e1ria da &#8220;Proposta Comercial&#8221; e respons\u00e1vel por repassar o valor aos times &#8211; assinasse um documento aceitando e reconhecendo o rompimento decidido unilateralmente pela emissora nas \u00faltimas semanas, abrindo m\u00e3o de discutir tal fato em ju\u00edzo. Em suma, a Federa\u00e7\u00e3o que representa seus filiados reconheceria a rescis\u00e3o e encerraria uma briga onde os clubes entendem ter direito a receber o valor restante do contrato &#8211; R$ 408,5 milh\u00f5es &#8211; pela decis\u00e3o unilateral da TV.<\/p>\n\n\n\n<p>Aliada dos clubes, a Ferj, claro, n\u00e3o assinou tal documento que daria ao Grupo Globo &#8220;a mais ampla, rasa e geral, irrevog\u00e1vel e irretrat\u00e1vel quita\u00e7\u00e3o, para nada mais reclamar, em ju\u00edzo ou fora dele&#8221;.<\/p>\n\n\n\n<h2 class=\"wp-block-heading\"><strong>Ferj e clubes n\u00e3o aceitam rescis\u00e3o unilateral da Globo<\/strong><\/h2>\n\n\n\n<p>Os clubes n\u00e3o aceitam que os R$ 18 milh\u00f5es encerrem a briga de mais de R$ 408,5 milh\u00f5es &#8211; R$ 98,4 milh\u00f5es pelo Estadual de 2021, R$ 101 milh\u00f5es por 2022, R$ 103,5 milh\u00f5es por 2023 e R$ 105,6 milh\u00f5es correspondendo ao \u00faltimo ano de acordo, 2024, de acordo com os termos assinados por todas as partes e obtidos pelo\u00a0UOL Esporte.<\/p>\n\n\n\n<p>Ferj e times entendem que o \u00faltimo item da &#8220;Proposta Comercial&#8221; com valor de contrato da &#8220;cess\u00e3o dos direitos de transmiss\u00e3o, exibi\u00e7\u00e3o, disponibiliza\u00e7\u00e3o e explora\u00e7\u00e3o de todos os jogos que comp\u00f5em o Campeonato Carioca&#8221; assinada por todos n\u00e3o permite tal decis\u00e3o e rescis\u00e3o por apenas uma das partes. O v\u00ednculo contratual estabelecia o pagamento total de R$ 95,574 milh\u00f5es pelo ano de 2020 &#8211; valor a ser dividido pelos 11 clubes.<\/p>\n\n\n\n<p>&#8220;O aceite da presente proposta por todas as partes criar\u00e1 v\u00ednculo contratual entre as partes, de forma irretrat\u00e1vel e irrevog\u00e1vel, obrigando os proponentes, a Ferj e os clubes desde a data do aceite at\u00e9 o cumprimento de todas as condi\u00e7\u00f5es contratadas no aceite da proposta, em rela\u00e7\u00e3o a todas as temporadas&#8221;, diz o trecho do documento. &#8220;Aceito esta proposta e seus termos para a cess\u00e3o dos direitos de transmiss\u00e3o dos jogos do Campeonato Carioca, temporadas 2017 a 2024, de forma irrevog\u00e1vel e irretrat\u00e1vel&#8221;, finaliza o contrato assinado por Globo, Federa\u00e7\u00e3o e clubes em 17 de junho de 2016.<\/p>\n\n\n\n<h2 class=\"wp-block-heading\"><strong>Pagamento vira problema na pandemia<\/strong><\/h2>\n\n\n\n<p>A rela\u00e7\u00e3o entre Ferj, clubes e Globo j\u00e1 n\u00e3o era a mais harmoniosa desde o in\u00edcio da pandemia do novo\u00a0coronav\u00edrus. Com o futebol interrompido, a emissora informou que paralisaria o pagamento das cotas correspondentes aos direitos do Carioca, bem como poss\u00edveis adiantamento delas, retomando os dep\u00f3sitos apenas com a volta dos jogos.<\/p>\n\n\n\n<p>Com o retorno do futebol na segunda quinzena de junho, novo desgaste. Enquanto os times pediam a verba de maneira imediata, a Globo decidiu por parcelar em tr\u00eas vezes o montante final. Foi quanto ocorreu a ruptura final. Entre a segunda e a terceira cota &#8211; esta \u00faltima ainda n\u00e3o paga -, a empresa informou a rescis\u00e3o do contrato.<\/p>\n\n\n\n<p>&#8220;No entendimento da Globo, o contrato foi violado ontem [dia 1\u00ba de julho], quando a FlaTV [canal rubro-negro no YouTube] exibiu ao vivo a partida entre Flamengo e Boavista. De acordo com o contrato, a Globo tinha exclusividade na transmiss\u00e3o dos jogos do Campeonato Carioca. [\u2026] Como a Federa\u00e7\u00e3o de Futebol do Rio de Janeiro e os demais clubes n\u00e3o foram capazes de garantir a exclusividade prevista no contrato, n\u00e3o restou \u00e0 Globo outra alternativa al\u00e9m da rescis\u00e3o e o encerramento das transmiss\u00f5es dos jogos do Carioca&#8221;, informou a TV em nota do dia 2 de julho.<\/p>\n\n\n\n<p>No mesmo comunicado, no entanto, a emissora refor\u00e7ava que iria manter os pagamentos j\u00e1 previstos para esta temporada. &#8220;[\u2026] apesar da decis\u00e3o de rescindir o contrato imediatamente, a Globo est\u00e1 disposta a fazer os pagamentos restantes desta temporada, em nome da sua parceria hist\u00f3rica com o futebol e da sua boa rela\u00e7\u00e3o com as equipes&#8221;, dizia a carta, reproduzida ainda na notifica\u00e7\u00e3o enviada \u00e0s partes que produzia efeito legal.<\/p>\n\n\n\n<p>Apesar do prometido e acertado no documento, Botafogo, Fluminense, Vasco, Bangu, Boavista, Bangu, Volta Redonda, Maca\u00e9, Portuguesa-RJ, Cabofriense e Resende n\u00e3o receberam a totalidade do tal pagamento restante da temporada. Os tr\u00eas grandes receberiam R$ 4,8 milh\u00f5es cada na \u00faltima cota, enquanto cada um dos oito clubes menores ficaria com cerca de R$ 450 mil.<\/p>\n\n\n\n<h2 class=\"wp-block-heading\"><strong>Ferj e Globo comentam o assunto<\/strong><\/h2>\n\n\n\n<p>Procurada pelo\u00a0UOL Esporte, a Federa\u00e7\u00e3o de Futebol do Rio de Janeiro respondeu sobre o assunto em nota: &#8220;Diante das cobran\u00e7as dos clubes, a Federa\u00e7\u00e3o de Futebol do Estado do Rio de Janeiro vem questionando a TV Globo a respeito do restante do pagamento da \u00faltima cota de 2020, vencida no \u00faltimo dia 22. A Ferj aguarda um posicionamento oficial da empresa que se encontra silente, apesar da insist\u00eancia da Ferj&#8221;.<\/p>\n\n\n\n<p>O Grupo Globo confirmou que ainda n\u00e3o realizou o dep\u00f3sito da \u00faltima parcela referente aos direitos de transmiss\u00e3o do Campeonato Carioca 2020 aos clubes e explicou sua posi\u00e7\u00e3o. &#8220;A Globo j\u00e1 pagou aos clubes 81% dos valores do contrato do Campeonato Carioca 2020. A empresa reitera sua disposi\u00e7\u00e3o de pagar o saldo restante da temporada, de acordo com o comunicado emitido quando ocorreu a rescis\u00e3o do contrato, mas esse pagamento deve vir acompanhado da respectiva quita\u00e7\u00e3o, como de praxe, que dar\u00e1 \u00e0 Globo a garantia de que n\u00e3o haver\u00e1 questionamentos futuros por um contrato j\u00e1 encerrado&#8221;.<\/p>\n\n\n\n<p>Cr\u00e9ditos do texto: Pedro Ivo Almeida\/UOL<\/p>\n","protected":false},"excerpt":{"rendered":"<p>O Campeonato Carioca acabou, mas a pol\u00eamica entre Federa\u00e7\u00e3o de Futebol do Estado do Rio de Janeiro (Ferj), clubes e TV Globo est\u00e1 longe do fim. No mais recente cap\u00edtulo da briga entre as partes, a emissora n\u00e3o pagou &#8211; aos times &#8211; a \u00faltima cota referente aos direitos de transmiss\u00e3o da edi\u00e7\u00e3o 2020 &#8211; [&hellip;]<\/p>\n","protected":false},"author":1,"featured_media":17043,"comment_status":"open","ping_status":"closed","sticky":false,"template":"","format":"standard","meta":{"footnotes":""},"categories":[47],"tags":[],"class_list":["post-44192","post","type-post","status-publish","format-standard","has-post-thumbnail","hentry","category-destaques"],"yoast_head":"<!-- This site is optimized with the Yoast SEO Premium plugin v24.2 (Yoast SEO v26.9) - https:\/\/yoast.com\/product\/yoast-seo-premium-wordpress\/ -->\n<title>Rede Globo n\u00e3o paga cota do Carioca e aumenta briga com os clubes<\/title>\n<meta name=\"description\" content=\"O Campeonato Carioca acabou, mas a pol\u00eamica entre Federa\u00e7\u00e3o de Futebol do Estado do Rio de Janeiro (Ferj), clubes e TV Globo est\u00e1 longe do fim.\" \/>\n<meta name=\"robots\" content=\"index, follow, max-snippet:-1, max-image-preview:large, max-video-preview:-1\" \/>\n<link rel=\"canonical\" href=\"https:\/\/www.gaveanews.com\/index.php\/2020\/07\/24\/rede-globo-nao-paga-cota-do-carioca-e-aumenta-briga-com-os-clubes\/\" \/>\n<meta property=\"og:locale\" content=\"pt_BR\" \/>\n<meta property=\"og:type\" content=\"article\" \/>\n<meta property=\"og:title\" content=\"Rede Globo n\u00e3o paga cota do Carioca e aumenta briga com os clubes\" \/>\n<meta property=\"og:description\" content=\"O Campeonato Carioca acabou, mas a pol\u00eamica entre Federa\u00e7\u00e3o de Futebol do Estado do Rio de Janeiro (Ferj), clubes e TV Globo est\u00e1 longe do fim.\" \/>\n<meta property=\"og:url\" content=\"https:\/\/www.gaveanews.com\/index.php\/2020\/07\/24\/rede-globo-nao-paga-cota-do-carioca-e-aumenta-briga-com-os-clubes\/\" \/>\n<meta property=\"og:site_name\" content=\"G\u00e1vea News\" \/>\n<meta property=\"article:publisher\" content=\"https:\/\/facebook.com\/gaveaNews\/\" \/>\n<meta property=\"article:published_time\" content=\"2020-07-24T18:30:22+00:00\" \/>\n<meta property=\"article:modified_time\" content=\"2020-07-24T18:30:23+00:00\" \/>\n<meta property=\"og:image\" content=\"https:\/\/www.gaveanews.com\/wp-content\/uploads\/2019\/04\/Logomarca-da-Rede-Globo.webp\" \/>\n\t<meta property=\"og:image:width\" content=\"1920\" \/>\n\t<meta property=\"og:image:height\" content=\"1076\" \/>\n\t<meta property=\"og:image:type\" content=\"image\/png\" \/>\n<meta name=\"author\" content=\"Equipe G\u00e1vea News\" \/>\n<meta name=\"twitter:card\" content=\"summary_large_image\" \/>\n<meta name=\"twitter:label1\" content=\"Escrito por\" \/>\n\t<meta name=\"twitter:data1\" content=\"Equipe G\u00e1vea News\" \/>\n\t<meta name=\"twitter:label2\" content=\"Est. tempo de leitura\" \/>\n\t<meta name=\"twitter:data2\" content=\"5 minutos\" \/>\n<script type=\"application\/ld+json\" class=\"yoast-schema-graph\">{\"@context\":\"https:\/\/schema.org\",\"@graph\":[{\"@type\":\"NewsArticle\",\"@id\":\"https:\/\/www.gaveanews.com\/index.php\/2020\/07\/24\/rede-globo-nao-paga-cota-do-carioca-e-aumenta-briga-com-os-clubes\/#article\",\"isPartOf\":{\"@id\":\"https:\/\/www.gaveanews.com\/index.php\/2020\/07\/24\/rede-globo-nao-paga-cota-do-carioca-e-aumenta-briga-com-os-clubes\/\"},\"author\":{\"name\":\"Equipe G\u00e1vea News\",\"@id\":\"https:\/\/www.gaveanews.com\/#\/schema\/person\/2ec14f73fb96be2caf28f91afb14749d\"},\"headline\":\"Rede Globo n\u00e3o paga cota do Carioca e aumenta briga com os clubes\",\"datePublished\":\"2020-07-24T18:30:22+00:00\",\"dateModified\":\"2020-07-24T18:30:23+00:00\",\"mainEntityOfPage\":{\"@id\":\"https:\/\/www.gaveanews.com\/index.php\/2020\/07\/24\/rede-globo-nao-paga-cota-do-carioca-e-aumenta-briga-com-os-clubes\/\"},\"wordCount\":1097,\"commentCount\":9,\"image\":{\"@id\":\"https:\/\/www.gaveanews.com\/index.php\/2020\/07\/24\/rede-globo-nao-paga-cota-do-carioca-e-aumenta-briga-com-os-clubes\/#primaryimage\"},\"thumbnailUrl\":\"https:\/\/www.gaveanews.com\/wp-content\/uploads\/2019\/04\/Logomarca-da-Rede-Globo.webp\",\"articleSection\":[\"Destaques\"],\"inLanguage\":\"pt-BR\",\"potentialAction\":[{\"@type\":\"CommentAction\",\"name\":\"Comment\",\"target\":[\"https:\/\/www.gaveanews.com\/index.php\/2020\/07\/24\/rede-globo-nao-paga-cota-do-carioca-e-aumenta-briga-com-os-clubes\/#respond\"]}],\"copyrightYear\":\"2020\",\"copyrightHolder\":{\"@id\":\"https:\/\/www.gaveanews.com\/#organization\"}},{\"@type\":\"WebPage\",\"@id\":\"https:\/\/www.gaveanews.com\/index.php\/2020\/07\/24\/rede-globo-nao-paga-cota-do-carioca-e-aumenta-briga-com-os-clubes\/\",\"url\":\"https:\/\/www.gaveanews.com\/index.php\/2020\/07\/24\/rede-globo-nao-paga-cota-do-carioca-e-aumenta-briga-com-os-clubes\/\",\"name\":\"Rede Globo n\u00e3o paga cota do Carioca e aumenta briga com os clubes\",\"isPartOf\":{\"@id\":\"https:\/\/www.gaveanews.com\/#website\"},\"primaryImageOfPage\":{\"@id\":\"https:\/\/www.gaveanews.com\/index.php\/2020\/07\/24\/rede-globo-nao-paga-cota-do-carioca-e-aumenta-briga-com-os-clubes\/#primaryimage\"},\"image\":{\"@id\":\"https:\/\/www.gaveanews.com\/index.php\/2020\/07\/24\/rede-globo-nao-paga-cota-do-carioca-e-aumenta-briga-com-os-clubes\/#primaryimage\"},\"thumbnailUrl\":\"https:\/\/www.gaveanews.com\/wp-content\/uploads\/2019\/04\/Logomarca-da-Rede-Globo.webp\",\"datePublished\":\"2020-07-24T18:30:22+00:00\",\"dateModified\":\"2020-07-24T18:30:23+00:00\",\"author\":{\"@id\":\"https:\/\/www.gaveanews.com\/#\/schema\/person\/2ec14f73fb96be2caf28f91afb14749d\"},\"description\":\"O Campeonato Carioca acabou, mas a pol\u00eamica entre Federa\u00e7\u00e3o de Futebol do Estado do Rio de Janeiro (Ferj), clubes e TV Globo est\u00e1 longe do fim.\",\"breadcrumb\":{\"@id\":\"https:\/\/www.gaveanews.com\/index.php\/2020\/07\/24\/rede-globo-nao-paga-cota-do-carioca-e-aumenta-briga-com-os-clubes\/#breadcrumb\"},\"inLanguage\":\"pt-BR\",\"potentialAction\":[{\"@type\":\"ReadAction\",\"target\":[\"https:\/\/www.gaveanews.com\/index.php\/2020\/07\/24\/rede-globo-nao-paga-cota-do-carioca-e-aumenta-briga-com-os-clubes\/\"]}]},{\"@type\":\"ImageObject\",\"inLanguage\":\"pt-BR\",\"@id\":\"https:\/\/www.gaveanews.com\/index.php\/2020\/07\/24\/rede-globo-nao-paga-cota-do-carioca-e-aumenta-briga-com-os-clubes\/#primaryimage\",\"url\":\"https:\/\/www.gaveanews.com\/wp-content\/uploads\/2019\/04\/Logomarca-da-Rede-Globo.webp\",\"contentUrl\":\"https:\/\/www.gaveanews.com\/wp-content\/uploads\/2019\/04\/Logomarca-da-Rede-Globo.webp\",\"width\":1920,\"height\":1076,\"caption\":\"Logomarca da Rede Globo (Foto: Reprodu\u00e7\u00e3o)\"},{\"@type\":\"BreadcrumbList\",\"@id\":\"https:\/\/www.gaveanews.com\/index.php\/2020\/07\/24\/rede-globo-nao-paga-cota-do-carioca-e-aumenta-briga-com-os-clubes\/#breadcrumb\",\"itemListElement\":[{\"@type\":\"ListItem\",\"position\":1,\"name\":\"Home\",\"item\":\"https:\/\/www.gaveanews.com\/\"},{\"@type\":\"ListItem\",\"position\":2,\"name\":\"Rede Globo n\u00e3o paga cota do Carioca e aumenta briga com os clubes\"}]},{\"@type\":\"WebSite\",\"@id\":\"https:\/\/www.gaveanews.com\/#website\",\"url\":\"https:\/\/www.gaveanews.com\/\",\"name\":\"G\u00e1vea News\",\"description\":\"Veja todas as not\u00edcias sobre o Flamengo: Contrata\u00e7\u00f5es, categorias de base, resultados das partidas, tabela de classifica\u00e7\u00e3o, pr\u00f3ximos jogos!\",\"potentialAction\":[{\"@type\":\"SearchAction\",\"target\":{\"@type\":\"EntryPoint\",\"urlTemplate\":\"https:\/\/www.gaveanews.com\/?s={search_term_string}\"},\"query-input\":{\"@type\":\"PropertyValueSpecification\",\"valueRequired\":true,\"valueName\":\"search_term_string\"}}],\"inLanguage\":\"pt-BR\"},{\"@type\":\"Person\",\"@id\":\"https:\/\/www.gaveanews.com\/#\/schema\/person\/2ec14f73fb96be2caf28f91afb14749d\",\"name\":\"Equipe G\u00e1vea News\",\"image\":{\"@type\":\"ImageObject\",\"inLanguage\":\"pt-BR\",\"@id\":\"https:\/\/www.gaveanews.com\/#\/schema\/person\/image\/\",\"url\":\"https:\/\/secure.gravatar.com\/avatar\/1e1956f1facbffd3f8fa53a326721950116b3b9dc9bd44939c01180fd4a745a9?s=96&d=mm&r=g\",\"contentUrl\":\"https:\/\/secure.gravatar.com\/avatar\/1e1956f1facbffd3f8fa53a326721950116b3b9dc9bd44939c01180fd4a745a9?s=96&d=mm&r=g\",\"caption\":\"Equipe G\u00e1vea News\"}}]}<\/script>\n<!-- \/ Yoast SEO Premium plugin. -->","yoast_head_json":{"title":"Rede Globo n\u00e3o paga cota do Carioca e aumenta briga com os clubes","description":"O Campeonato Carioca acabou, mas a pol\u00eamica entre Federa\u00e7\u00e3o de Futebol do Estado do Rio de Janeiro (Ferj), clubes e TV Globo est\u00e1 longe do fim.","robots":{"index":"index","follow":"follow","max-snippet":"max-snippet:-1","max-image-preview":"max-image-preview:large","max-video-preview":"max-video-preview:-1"},"canonical":"https:\/\/www.gaveanews.com\/index.php\/2020\/07\/24\/rede-globo-nao-paga-cota-do-carioca-e-aumenta-briga-com-os-clubes\/","og_locale":"pt_BR","og_type":"article","og_title":"Rede Globo n\u00e3o paga cota do Carioca e aumenta briga com os clubes","og_description":"O Campeonato Carioca acabou, mas a pol\u00eamica entre Federa\u00e7\u00e3o de Futebol do Estado do Rio de Janeiro (Ferj), clubes e TV Globo est\u00e1 longe do fim.","og_url":"https:\/\/www.gaveanews.com\/index.php\/2020\/07\/24\/rede-globo-nao-paga-cota-do-carioca-e-aumenta-briga-com-os-clubes\/","og_site_name":"G\u00e1vea News","article_publisher":"https:\/\/facebook.com\/gaveaNews\/","article_published_time":"2020-07-24T18:30:22+00:00","article_modified_time":"2020-07-24T18:30:23+00:00","og_image":[{"width":1920,"height":1076,"url":"https:\/\/www.gaveanews.com\/wp-content\/uploads\/2019\/04\/Logomarca-da-Rede-Globo.webp","type":"image\/png"}],"author":"Equipe G\u00e1vea News","twitter_card":"summary_large_image","twitter_misc":{"Escrito por":"Equipe G\u00e1vea News","Est. tempo de leitura":"5 minutos"},"schema":{"@context":"https:\/\/schema.org","@graph":[{"@type":"NewsArticle","@id":"https:\/\/www.gaveanews.com\/index.php\/2020\/07\/24\/rede-globo-nao-paga-cota-do-carioca-e-aumenta-briga-com-os-clubes\/#article","isPartOf":{"@id":"https:\/\/www.gaveanews.com\/index.php\/2020\/07\/24\/rede-globo-nao-paga-cota-do-carioca-e-aumenta-briga-com-os-clubes\/"},"author":{"name":"Equipe G\u00e1vea News","@id":"https:\/\/www.gaveanews.com\/#\/schema\/person\/2ec14f73fb96be2caf28f91afb14749d"},"headline":"Rede Globo n\u00e3o paga cota do Carioca e aumenta briga com os clubes","datePublished":"2020-07-24T18:30:22+00:00","dateModified":"2020-07-24T18:30:23+00:00","mainEntityOfPage":{"@id":"https:\/\/www.gaveanews.com\/index.php\/2020\/07\/24\/rede-globo-nao-paga-cota-do-carioca-e-aumenta-briga-com-os-clubes\/"},"wordCount":1097,"commentCount":9,"image":{"@id":"https:\/\/www.gaveanews.com\/index.php\/2020\/07\/24\/rede-globo-nao-paga-cota-do-carioca-e-aumenta-briga-com-os-clubes\/#primaryimage"},"thumbnailUrl":"https:\/\/www.gaveanews.com\/wp-content\/uploads\/2019\/04\/Logomarca-da-Rede-Globo.webp","articleSection":["Destaques"],"inLanguage":"pt-BR","potentialAction":[{"@type":"CommentAction","name":"Comment","target":["https:\/\/www.gaveanews.com\/index.php\/2020\/07\/24\/rede-globo-nao-paga-cota-do-carioca-e-aumenta-briga-com-os-clubes\/#respond"]}],"copyrightYear":"2020","copyrightHolder":{"@id":"https:\/\/www.gaveanews.com\/#organization"}},{"@type":"WebPage","@id":"https:\/\/www.gaveanews.com\/index.php\/2020\/07\/24\/rede-globo-nao-paga-cota-do-carioca-e-aumenta-briga-com-os-clubes\/","url":"https:\/\/www.gaveanews.com\/index.php\/2020\/07\/24\/rede-globo-nao-paga-cota-do-carioca-e-aumenta-briga-com-os-clubes\/","name":"Rede Globo n\u00e3o paga cota do Carioca e aumenta briga com os clubes","isPartOf":{"@id":"https:\/\/www.gaveanews.com\/#website"},"primaryImageOfPage":{"@id":"https:\/\/www.gaveanews.com\/index.php\/2020\/07\/24\/rede-globo-nao-paga-cota-do-carioca-e-aumenta-briga-com-os-clubes\/#primaryimage"},"image":{"@id":"https:\/\/www.gaveanews.com\/index.php\/2020\/07\/24\/rede-globo-nao-paga-cota-do-carioca-e-aumenta-briga-com-os-clubes\/#primaryimage"},"thumbnailUrl":"https:\/\/www.gaveanews.com\/wp-content\/uploads\/2019\/04\/Logomarca-da-Rede-Globo.webp","datePublished":"2020-07-24T18:30:22+00:00","dateModified":"2020-07-24T18:30:23+00:00","author":{"@id":"https:\/\/www.gaveanews.com\/#\/schema\/person\/2ec14f73fb96be2caf28f91afb14749d"},"description":"O Campeonato Carioca acabou, mas a pol\u00eamica entre Federa\u00e7\u00e3o de Futebol do Estado do Rio de Janeiro (Ferj), clubes e TV Globo est\u00e1 longe do fim.","breadcrumb":{"@id":"https:\/\/www.gaveanews.com\/index.php\/2020\/07\/24\/rede-globo-nao-paga-cota-do-carioca-e-aumenta-briga-com-os-clubes\/#breadcrumb"},"inLanguage":"pt-BR","potentialAction":[{"@type":"ReadAction","target":["https:\/\/www.gaveanews.com\/index.php\/2020\/07\/24\/rede-globo-nao-paga-cota-do-carioca-e-aumenta-briga-com-os-clubes\/"]}]},{"@type":"ImageObject","inLanguage":"pt-BR","@id":"https:\/\/www.gaveanews.com\/index.php\/2020\/07\/24\/rede-globo-nao-paga-cota-do-carioca-e-aumenta-briga-com-os-clubes\/#primaryimage","url":"https:\/\/www.gaveanews.com\/wp-content\/uploads\/2019\/04\/Logomarca-da-Rede-Globo.webp","contentUrl":"https:\/\/www.gaveanews.com\/wp-content\/uploads\/2019\/04\/Logomarca-da-Rede-Globo.webp","width":1920,"height":1076,"caption":"Logomarca da Rede Globo (Foto: Reprodu\u00e7\u00e3o)"},{"@type":"BreadcrumbList","@id":"https:\/\/www.gaveanews.com\/index.php\/2020\/07\/24\/rede-globo-nao-paga-cota-do-carioca-e-aumenta-briga-com-os-clubes\/#breadcrumb","itemListElement":[{"@type":"ListItem","position":1,"name":"Home","item":"https:\/\/www.gaveanews.com\/"},{"@type":"ListItem","position":2,"name":"Rede Globo n\u00e3o paga cota do Carioca e aumenta briga com os clubes"}]},{"@type":"WebSite","@id":"https:\/\/www.gaveanews.com\/#website","url":"https:\/\/www.gaveanews.com\/","name":"G\u00e1vea News","description":"Veja todas as not\u00edcias sobre o Flamengo: Contrata\u00e7\u00f5es, categorias de base, resultados das partidas, tabela de classifica\u00e7\u00e3o, pr\u00f3ximos jogos!","potentialAction":[{"@type":"SearchAction","target":{"@type":"EntryPoint","urlTemplate":"https:\/\/www.gaveanews.com\/?s={search_term_string}"},"query-input":{"@type":"PropertyValueSpecification","valueRequired":true,"valueName":"search_term_string"}}],"inLanguage":"pt-BR"},{"@type":"Person","@id":"https:\/\/www.gaveanews.com\/#\/schema\/person\/2ec14f73fb96be2caf28f91afb14749d","name":"Equipe G\u00e1vea News","image":{"@type":"ImageObject","inLanguage":"pt-BR","@id":"https:\/\/www.gaveanews.com\/#\/schema\/person\/image\/","url":"https:\/\/secure.gravatar.com\/avatar\/1e1956f1facbffd3f8fa53a326721950116b3b9dc9bd44939c01180fd4a745a9?s=96&d=mm&r=g","contentUrl":"https:\/\/secure.gravatar.com\/avatar\/1e1956f1facbffd3f8fa53a326721950116b3b9dc9bd44939c01180fd4a745a9?s=96&d=mm&r=g","caption":"Equipe G\u00e1vea News"}}]}},"_links":{"self":[{"href":"https:\/\/www.gaveanews.com\/index.php\/wp-json\/wp\/v2\/posts\/44192","targetHints":{"allow":["GET"]}}],"collection":[{"href":"https:\/\/www.gaveanews.com\/index.php\/wp-json\/wp\/v2\/posts"}],"about":[{"href":"https:\/\/www.gaveanews.com\/index.php\/wp-json\/wp\/v2\/types\/post"}],"author":[{"embeddable":true,"href":"https:\/\/www.gaveanews.com\/index.php\/wp-json\/wp\/v2\/users\/1"}],"replies":[{"embeddable":true,"href":"https:\/\/www.gaveanews.com\/index.php\/wp-json\/wp\/v2\/comments?post=44192"}],"version-history":[{"count":0,"href":"https:\/\/www.gaveanews.com\/index.php\/wp-json\/wp\/v2\/posts\/44192\/revisions"}],"wp:featuredmedia":[{"embeddable":true,"href":"https:\/\/www.gaveanews.com\/index.php\/wp-json\/wp\/v2\/media\/17043"}],"wp:attachment":[{"href":"https:\/\/www.gaveanews.com\/index.php\/wp-json\/wp\/v2\/media?parent=44192"}],"wp:term":[{"taxonomy":"category","embeddable":true,"href":"https:\/\/www.gaveanews.com\/index.php\/wp-json\/wp\/v2\/categories?post=44192"},{"taxonomy":"post_tag","embeddable":true,"href":"https:\/\/www.gaveanews.com\/index.php\/wp-json\/wp\/v2\/tags?post=44192"}],"curies":[{"name":"wp","href":"https:\/\/api.w.org\/{rel}","templated":true}]}}