{"id":44207,"date":"2020-07-25T17:12:37","date_gmt":"2020-07-25T20:12:37","guid":{"rendered":"https:\/\/www.gaveanews.com\/?p=44207"},"modified":"2020-07-25T17:12:40","modified_gmt":"2020-07-25T20:12:40","slug":"apos-elogiar-o-flamengo-meia-do-botafogo-e-dispensado","status":"publish","type":"post","link":"https:\/\/www.gaveanews.com\/index.php\/2020\/07\/25\/apos-elogiar-o-flamengo-meia-do-botafogo-e-dispensado\/","title":{"rendered":"Ap\u00f3s elogiar o Flamengo, meia do Botafogo \u00e9 dispensado"},"content":{"rendered":"\n<p>Est\u00e1 chegando ao fim a passagem de Gabriel Cortez no Botafogo. Contratado com status de grande refor\u00e7o, o equatoriano de 24 anos ter\u00e1 o contrato rescindido nos pr\u00f3ximos dias. O atleta est\u00e1 fora dos planos da comiss\u00e3o t\u00e9cnica por problemas extracampo.<\/p>\n\n\n\n<p>O \u00faltimo epis\u00f3dio que Gabriel Cortez protagonizou foi na madrugada desta sexta-feira (24 de julho), quando iniciou uma live e fez elogios ao Flamengo, o maior rival do Botafogo. Essa foi a gota d&#8217;\u00e1gua.<\/p>\n\n\n\n<p>Antes do amistoso deste s\u00e1bado (25 de julho), contra o Fluminense, Paulo Autuori falou sobre a situa\u00e7\u00e3o.<\/p>\n\n\n\n<figure class=\"wp-block-image size-large\"><img decoding=\"async\" src=\"https:\/\/www.meiahora.com.br\/_midias\/jpg\/2020\/02\/29\/gabriel_cortez-15998720.webp\" alt=\"\"\/><figcaption>Gabriel durante um treinamento do Botafogo<\/figcaption><\/figure>\n\n\n\n<p>&#8220;Outra situa\u00e7\u00e3o \u00e9 a do Gabriel Cortez que saiu nas redes sociais uma live dele fora de prop\u00f3sito. Quero deixar bem claro que isso \u00e9 uma atitude e responsabilidade minha e quando a atitude e responsabilidade s\u00e3o minhas, eu as assumo interna e publicamente. O Cortez na ter\u00e7a-feira eu o chamei, e como deve ser, transpar\u00eancia, olho nos olhos, lhe informei que n\u00e3o estaria mais nos planos do Botafogo, que eu n\u00e3o poderia mais dar a oportunidade que ele necessita, que ele precisa procurar outro lugar pra jogar porque como qualquer outro jogador precisa jogar e fui claro pra ele porqu\u00ea. O que s\u00f3 interessa a n\u00f3s institui\u00e7\u00e3o e ao jogador. Ent\u00e3o desde ter\u00e7a-feira ele j\u00e1 n\u00e3o faz mais parte dos nossos planos. Na quinta-feira, como fa\u00e7o sempre com todos os problemas que t\u00eam a ver com o grupo eu comuniquei aos jogadores o que tinha havido acontecido e o porqu\u00ea disso. Eu respeitei as tr\u00eas coisas que eu sempre falo: momento (quando), pessoa (quem) e local (o clube). Ent\u00e3o respeitando isso, falei com o jogador, no momento certo que foi semana passada e no local certo que \u00e9 dentro do nosso ambiente de trabalho. Feito isso, venho a p\u00fablico explicar o porqu\u00ea de determinadas situa\u00e7\u00f5es que fogem ao nosso controle&#8221;, disse.<\/p>\n\n\n\n<p>O meia deixar\u00e1 o Botafogo ap\u00f3s apenas quatro jogos. Essa n\u00e3o \u00e9 a primeira vez que Cortez \u00e9 piv\u00f4 de problema extracampo. Durante a carreira, o atleta ficou marcado por frequentar festas nas noitadas.<\/p>\n\n\n\n<p>Cortez surgiu com destaque pela primeira vez no Independiente del Valle. Em seguida teve passagens por Lobos e Guayaquil City. Em 2019, o meia voltou a brilhar, dessa vez com a camisa do Emelec, e despertou o interesse do Botafogo.<\/p>\n\n\n\n<p>Retirado de: Esporte Interativo<\/p>\n","protected":false},"excerpt":{"rendered":"<p>Est\u00e1 chegando ao fim a passagem de Gabriel Cortez no Botafogo. Contratado com status de grande refor\u00e7o, o equatoriano de 24 anos ter\u00e1 o contrato rescindido nos pr\u00f3ximos dias. O atleta est\u00e1 fora dos planos da comiss\u00e3o t\u00e9cnica por problemas extracampo. O \u00faltimo epis\u00f3dio que Gabriel Cortez protagonizou foi na madrugada desta sexta-feira (24 de [&hellip;]<\/p>\n","protected":false},"author":1,"featured_media":15081,"comment_status":"open","ping_status":"closed","sticky":false,"template":"","format":"standard","meta":{"footnotes":""},"categories":[47],"tags":[],"class_list":["post-44207","post","type-post","status-publish","format-standard","has-post-thumbnail","hentry","category-destaques"],"yoast_head":"<!-- This site is optimized with the Yoast SEO Premium plugin v24.2 (Yoast SEO v26.9) - https:\/\/yoast.com\/product\/yoast-seo-premium-wordpress\/ -->\n<title>Ap\u00f3s elogiar o Flamengo, meia do Botafogo \u00e9 dispensado<\/title>\n<meta name=\"description\" content=\"O epis\u00f3dio foi protagonizado na madrugada desta sexta-feira (24 de julho), quando ele iniciou uma live e fez elogios ao Flamengo, o maior rival do Botafogo.\" \/>\n<meta name=\"robots\" content=\"index, follow, max-snippet:-1, max-image-preview:large, max-video-preview:-1\" \/>\n<link rel=\"canonical\" href=\"https:\/\/www.gaveanews.com\/index.php\/2020\/07\/25\/apos-elogiar-o-flamengo-meia-do-botafogo-e-dispensado\/\" \/>\n<meta property=\"og:locale\" content=\"pt_BR\" \/>\n<meta property=\"og:type\" content=\"article\" \/>\n<meta property=\"og:title\" content=\"Ap\u00f3s elogiar o Flamengo, meia do Botafogo \u00e9 dispensado\" \/>\n<meta property=\"og:description\" content=\"O epis\u00f3dio foi protagonizado na madrugada desta sexta-feira (24 de julho), quando ele iniciou uma live e fez elogios ao Flamengo, o maior rival do Botafogo.\" \/>\n<meta property=\"og:url\" content=\"https:\/\/www.gaveanews.com\/index.php\/2020\/07\/25\/apos-elogiar-o-flamengo-meia-do-botafogo-e-dispensado\/\" \/>\n<meta property=\"og:site_name\" content=\"G\u00e1vea News\" \/>\n<meta property=\"article:publisher\" content=\"https:\/\/facebook.com\/gaveaNews\/\" \/>\n<meta property=\"article:published_time\" content=\"2020-07-25T20:12:37+00:00\" \/>\n<meta property=\"article:modified_time\" content=\"2020-07-25T20:12:40+00:00\" \/>\n<meta property=\"og:image\" content=\"https:\/\/www.gaveanews.com\/wp-content\/uploads\/2019\/03\/Escudo-do-Flamengo-e-exposto-proximo-a-um-dos-gols-no-gramado-do-Maracana.webp\" \/>\n\t<meta property=\"og:image:width\" content=\"1\" \/>\n\t<meta property=\"og:image:height\" content=\"1\" \/>\n\t<meta property=\"og:image:type\" content=\"image\/jpeg\" \/>\n<meta name=\"author\" content=\"Equipe G\u00e1vea News\" \/>\n<meta name=\"twitter:card\" content=\"summary_large_image\" \/>\n<meta name=\"twitter:label1\" content=\"Escrito por\" \/>\n\t<meta name=\"twitter:data1\" content=\"Equipe G\u00e1vea News\" \/>\n\t<meta name=\"twitter:label2\" content=\"Est. tempo de leitura\" \/>\n\t<meta name=\"twitter:data2\" content=\"2 minutos\" \/>\n<script type=\"application\/ld+json\" class=\"yoast-schema-graph\">{\"@context\":\"https:\/\/schema.org\",\"@graph\":[{\"@type\":\"NewsArticle\",\"@id\":\"https:\/\/www.gaveanews.com\/index.php\/2020\/07\/25\/apos-elogiar-o-flamengo-meia-do-botafogo-e-dispensado\/#article\",\"isPartOf\":{\"@id\":\"https:\/\/www.gaveanews.com\/index.php\/2020\/07\/25\/apos-elogiar-o-flamengo-meia-do-botafogo-e-dispensado\/\"},\"author\":{\"name\":\"Equipe G\u00e1vea News\",\"@id\":\"https:\/\/www.gaveanews.com\/#\/schema\/person\/2ec14f73fb96be2caf28f91afb14749d\"},\"headline\":\"Ap\u00f3s elogiar o Flamengo, meia do Botafogo \u00e9 dispensado\",\"datePublished\":\"2020-07-25T20:12:37+00:00\",\"dateModified\":\"2020-07-25T20:12:40+00:00\",\"mainEntityOfPage\":{\"@id\":\"https:\/\/www.gaveanews.com\/index.php\/2020\/07\/25\/apos-elogiar-o-flamengo-meia-do-botafogo-e-dispensado\/\"},\"wordCount\":416,\"commentCount\":19,\"image\":{\"@id\":\"https:\/\/www.gaveanews.com\/index.php\/2020\/07\/25\/apos-elogiar-o-flamengo-meia-do-botafogo-e-dispensado\/#primaryimage\"},\"thumbnailUrl\":\"https:\/\/www.gaveanews.com\/wp-content\/uploads\/2019\/03\/Escudo-do-Flamengo-e-exposto-proximo-a-um-dos-gols-no-gramado-do-Maracana.webp\",\"articleSection\":[\"Destaques\"],\"inLanguage\":\"pt-BR\",\"potentialAction\":[{\"@type\":\"CommentAction\",\"name\":\"Comment\",\"target\":[\"https:\/\/www.gaveanews.com\/index.php\/2020\/07\/25\/apos-elogiar-o-flamengo-meia-do-botafogo-e-dispensado\/#respond\"]}],\"copyrightYear\":\"2020\",\"copyrightHolder\":{\"@id\":\"https:\/\/www.gaveanews.com\/#organization\"}},{\"@type\":\"WebPage\",\"@id\":\"https:\/\/www.gaveanews.com\/index.php\/2020\/07\/25\/apos-elogiar-o-flamengo-meia-do-botafogo-e-dispensado\/\",\"url\":\"https:\/\/www.gaveanews.com\/index.php\/2020\/07\/25\/apos-elogiar-o-flamengo-meia-do-botafogo-e-dispensado\/\",\"name\":\"Ap\u00f3s elogiar o Flamengo, meia do Botafogo \u00e9 dispensado\",\"isPartOf\":{\"@id\":\"https:\/\/www.gaveanews.com\/#website\"},\"primaryImageOfPage\":{\"@id\":\"https:\/\/www.gaveanews.com\/index.php\/2020\/07\/25\/apos-elogiar-o-flamengo-meia-do-botafogo-e-dispensado\/#primaryimage\"},\"image\":{\"@id\":\"https:\/\/www.gaveanews.com\/index.php\/2020\/07\/25\/apos-elogiar-o-flamengo-meia-do-botafogo-e-dispensado\/#primaryimage\"},\"thumbnailUrl\":\"https:\/\/www.gaveanews.com\/wp-content\/uploads\/2019\/03\/Escudo-do-Flamengo-e-exposto-proximo-a-um-dos-gols-no-gramado-do-Maracana.webp\",\"datePublished\":\"2020-07-25T20:12:37+00:00\",\"dateModified\":\"2020-07-25T20:12:40+00:00\",\"author\":{\"@id\":\"https:\/\/www.gaveanews.com\/#\/schema\/person\/2ec14f73fb96be2caf28f91afb14749d\"},\"description\":\"O epis\u00f3dio foi protagonizado na madrugada desta sexta-feira (24 de julho), quando ele iniciou uma live e fez elogios ao Flamengo, o maior rival do Botafogo.\",\"breadcrumb\":{\"@id\":\"https:\/\/www.gaveanews.com\/index.php\/2020\/07\/25\/apos-elogiar-o-flamengo-meia-do-botafogo-e-dispensado\/#breadcrumb\"},\"inLanguage\":\"pt-BR\",\"potentialAction\":[{\"@type\":\"ReadAction\",\"target\":[\"https:\/\/www.gaveanews.com\/index.php\/2020\/07\/25\/apos-elogiar-o-flamengo-meia-do-botafogo-e-dispensado\/\"]}]},{\"@type\":\"ImageObject\",\"inLanguage\":\"pt-BR\",\"@id\":\"https:\/\/www.gaveanews.com\/index.php\/2020\/07\/25\/apos-elogiar-o-flamengo-meia-do-botafogo-e-dispensado\/#primaryimage\",\"url\":\"https:\/\/www.gaveanews.com\/wp-content\/uploads\/2019\/03\/Escudo-do-Flamengo-e-exposto-proximo-a-um-dos-gols-no-gramado-do-Maracana.webp\",\"contentUrl\":\"https:\/\/www.gaveanews.com\/wp-content\/uploads\/2019\/03\/Escudo-do-Flamengo-e-exposto-proximo-a-um-dos-gols-no-gramado-do-Maracana.webp\",\"caption\":\"Escudo do Flamengo \u00e9 exposto pr\u00f3ximo a um dos gols, no gramado do Maracan\u00e3 (Foto: Daniel Castelo Branco)\"},{\"@type\":\"BreadcrumbList\",\"@id\":\"https:\/\/www.gaveanews.com\/index.php\/2020\/07\/25\/apos-elogiar-o-flamengo-meia-do-botafogo-e-dispensado\/#breadcrumb\",\"itemListElement\":[{\"@type\":\"ListItem\",\"position\":1,\"name\":\"Home\",\"item\":\"https:\/\/www.gaveanews.com\/\"},{\"@type\":\"ListItem\",\"position\":2,\"name\":\"Ap\u00f3s elogiar o Flamengo, meia do Botafogo \u00e9 dispensado\"}]},{\"@type\":\"WebSite\",\"@id\":\"https:\/\/www.gaveanews.com\/#website\",\"url\":\"https:\/\/www.gaveanews.com\/\",\"name\":\"G\u00e1vea News\",\"description\":\"Veja todas as not\u00edcias sobre o Flamengo: Contrata\u00e7\u00f5es, categorias de base, resultados das partidas, tabela de classifica\u00e7\u00e3o, pr\u00f3ximos jogos!\",\"potentialAction\":[{\"@type\":\"SearchAction\",\"target\":{\"@type\":\"EntryPoint\",\"urlTemplate\":\"https:\/\/www.gaveanews.com\/?s={search_term_string}\"},\"query-input\":{\"@type\":\"PropertyValueSpecification\",\"valueRequired\":true,\"valueName\":\"search_term_string\"}}],\"inLanguage\":\"pt-BR\"},{\"@type\":\"Person\",\"@id\":\"https:\/\/www.gaveanews.com\/#\/schema\/person\/2ec14f73fb96be2caf28f91afb14749d\",\"name\":\"Equipe G\u00e1vea News\",\"image\":{\"@type\":\"ImageObject\",\"inLanguage\":\"pt-BR\",\"@id\":\"https:\/\/www.gaveanews.com\/#\/schema\/person\/image\/\",\"url\":\"https:\/\/secure.gravatar.com\/avatar\/1e1956f1facbffd3f8fa53a326721950116b3b9dc9bd44939c01180fd4a745a9?s=96&d=mm&r=g\",\"contentUrl\":\"https:\/\/secure.gravatar.com\/avatar\/1e1956f1facbffd3f8fa53a326721950116b3b9dc9bd44939c01180fd4a745a9?s=96&d=mm&r=g\",\"caption\":\"Equipe G\u00e1vea News\"}}]}<\/script>\n<!-- \/ Yoast SEO Premium plugin. -->","yoast_head_json":{"title":"Ap\u00f3s elogiar o Flamengo, meia do Botafogo \u00e9 dispensado","description":"O epis\u00f3dio foi protagonizado na madrugada desta sexta-feira (24 de julho), quando ele iniciou uma live e fez elogios ao Flamengo, o maior rival do Botafogo.","robots":{"index":"index","follow":"follow","max-snippet":"max-snippet:-1","max-image-preview":"max-image-preview:large","max-video-preview":"max-video-preview:-1"},"canonical":"https:\/\/www.gaveanews.com\/index.php\/2020\/07\/25\/apos-elogiar-o-flamengo-meia-do-botafogo-e-dispensado\/","og_locale":"pt_BR","og_type":"article","og_title":"Ap\u00f3s elogiar o Flamengo, meia do Botafogo \u00e9 dispensado","og_description":"O epis\u00f3dio foi protagonizado na madrugada desta sexta-feira (24 de julho), quando ele iniciou uma live e fez elogios ao Flamengo, o maior rival do Botafogo.","og_url":"https:\/\/www.gaveanews.com\/index.php\/2020\/07\/25\/apos-elogiar-o-flamengo-meia-do-botafogo-e-dispensado\/","og_site_name":"G\u00e1vea News","article_publisher":"https:\/\/facebook.com\/gaveaNews\/","article_published_time":"2020-07-25T20:12:37+00:00","article_modified_time":"2020-07-25T20:12:40+00:00","og_image":[{"url":"https:\/\/www.gaveanews.com\/wp-content\/uploads\/2019\/03\/Escudo-do-Flamengo-e-exposto-proximo-a-um-dos-gols-no-gramado-do-Maracana.webp","width":1,"height":1,"type":"image\/jpeg"}],"author":"Equipe G\u00e1vea News","twitter_card":"summary_large_image","twitter_misc":{"Escrito por":"Equipe G\u00e1vea News","Est. tempo de leitura":"2 minutos"},"schema":{"@context":"https:\/\/schema.org","@graph":[{"@type":"NewsArticle","@id":"https:\/\/www.gaveanews.com\/index.php\/2020\/07\/25\/apos-elogiar-o-flamengo-meia-do-botafogo-e-dispensado\/#article","isPartOf":{"@id":"https:\/\/www.gaveanews.com\/index.php\/2020\/07\/25\/apos-elogiar-o-flamengo-meia-do-botafogo-e-dispensado\/"},"author":{"name":"Equipe G\u00e1vea News","@id":"https:\/\/www.gaveanews.com\/#\/schema\/person\/2ec14f73fb96be2caf28f91afb14749d"},"headline":"Ap\u00f3s elogiar o Flamengo, meia do Botafogo \u00e9 dispensado","datePublished":"2020-07-25T20:12:37+00:00","dateModified":"2020-07-25T20:12:40+00:00","mainEntityOfPage":{"@id":"https:\/\/www.gaveanews.com\/index.php\/2020\/07\/25\/apos-elogiar-o-flamengo-meia-do-botafogo-e-dispensado\/"},"wordCount":416,"commentCount":19,"image":{"@id":"https:\/\/www.gaveanews.com\/index.php\/2020\/07\/25\/apos-elogiar-o-flamengo-meia-do-botafogo-e-dispensado\/#primaryimage"},"thumbnailUrl":"https:\/\/www.gaveanews.com\/wp-content\/uploads\/2019\/03\/Escudo-do-Flamengo-e-exposto-proximo-a-um-dos-gols-no-gramado-do-Maracana.webp","articleSection":["Destaques"],"inLanguage":"pt-BR","potentialAction":[{"@type":"CommentAction","name":"Comment","target":["https:\/\/www.gaveanews.com\/index.php\/2020\/07\/25\/apos-elogiar-o-flamengo-meia-do-botafogo-e-dispensado\/#respond"]}],"copyrightYear":"2020","copyrightHolder":{"@id":"https:\/\/www.gaveanews.com\/#organization"}},{"@type":"WebPage","@id":"https:\/\/www.gaveanews.com\/index.php\/2020\/07\/25\/apos-elogiar-o-flamengo-meia-do-botafogo-e-dispensado\/","url":"https:\/\/www.gaveanews.com\/index.php\/2020\/07\/25\/apos-elogiar-o-flamengo-meia-do-botafogo-e-dispensado\/","name":"Ap\u00f3s elogiar o Flamengo, meia do Botafogo \u00e9 dispensado","isPartOf":{"@id":"https:\/\/www.gaveanews.com\/#website"},"primaryImageOfPage":{"@id":"https:\/\/www.gaveanews.com\/index.php\/2020\/07\/25\/apos-elogiar-o-flamengo-meia-do-botafogo-e-dispensado\/#primaryimage"},"image":{"@id":"https:\/\/www.gaveanews.com\/index.php\/2020\/07\/25\/apos-elogiar-o-flamengo-meia-do-botafogo-e-dispensado\/#primaryimage"},"thumbnailUrl":"https:\/\/www.gaveanews.com\/wp-content\/uploads\/2019\/03\/Escudo-do-Flamengo-e-exposto-proximo-a-um-dos-gols-no-gramado-do-Maracana.webp","datePublished":"2020-07-25T20:12:37+00:00","dateModified":"2020-07-25T20:12:40+00:00","author":{"@id":"https:\/\/www.gaveanews.com\/#\/schema\/person\/2ec14f73fb96be2caf28f91afb14749d"},"description":"O epis\u00f3dio foi protagonizado na madrugada desta sexta-feira (24 de julho), quando ele iniciou uma live e fez elogios ao Flamengo, o maior rival do Botafogo.","breadcrumb":{"@id":"https:\/\/www.gaveanews.com\/index.php\/2020\/07\/25\/apos-elogiar-o-flamengo-meia-do-botafogo-e-dispensado\/#breadcrumb"},"inLanguage":"pt-BR","potentialAction":[{"@type":"ReadAction","target":["https:\/\/www.gaveanews.com\/index.php\/2020\/07\/25\/apos-elogiar-o-flamengo-meia-do-botafogo-e-dispensado\/"]}]},{"@type":"ImageObject","inLanguage":"pt-BR","@id":"https:\/\/www.gaveanews.com\/index.php\/2020\/07\/25\/apos-elogiar-o-flamengo-meia-do-botafogo-e-dispensado\/#primaryimage","url":"https:\/\/www.gaveanews.com\/wp-content\/uploads\/2019\/03\/Escudo-do-Flamengo-e-exposto-proximo-a-um-dos-gols-no-gramado-do-Maracana.webp","contentUrl":"https:\/\/www.gaveanews.com\/wp-content\/uploads\/2019\/03\/Escudo-do-Flamengo-e-exposto-proximo-a-um-dos-gols-no-gramado-do-Maracana.webp","caption":"Escudo do Flamengo \u00e9 exposto pr\u00f3ximo a um dos gols, no gramado do Maracan\u00e3 (Foto: Daniel Castelo Branco)"},{"@type":"BreadcrumbList","@id":"https:\/\/www.gaveanews.com\/index.php\/2020\/07\/25\/apos-elogiar-o-flamengo-meia-do-botafogo-e-dispensado\/#breadcrumb","itemListElement":[{"@type":"ListItem","position":1,"name":"Home","item":"https:\/\/www.gaveanews.com\/"},{"@type":"ListItem","position":2,"name":"Ap\u00f3s elogiar o Flamengo, meia do Botafogo \u00e9 dispensado"}]},{"@type":"WebSite","@id":"https:\/\/www.gaveanews.com\/#website","url":"https:\/\/www.gaveanews.com\/","name":"G\u00e1vea News","description":"Veja todas as not\u00edcias sobre o Flamengo: Contrata\u00e7\u00f5es, categorias de base, resultados das partidas, tabela de classifica\u00e7\u00e3o, pr\u00f3ximos jogos!","potentialAction":[{"@type":"SearchAction","target":{"@type":"EntryPoint","urlTemplate":"https:\/\/www.gaveanews.com\/?s={search_term_string}"},"query-input":{"@type":"PropertyValueSpecification","valueRequired":true,"valueName":"search_term_string"}}],"inLanguage":"pt-BR"},{"@type":"Person","@id":"https:\/\/www.gaveanews.com\/#\/schema\/person\/2ec14f73fb96be2caf28f91afb14749d","name":"Equipe G\u00e1vea News","image":{"@type":"ImageObject","inLanguage":"pt-BR","@id":"https:\/\/www.gaveanews.com\/#\/schema\/person\/image\/","url":"https:\/\/secure.gravatar.com\/avatar\/1e1956f1facbffd3f8fa53a326721950116b3b9dc9bd44939c01180fd4a745a9?s=96&d=mm&r=g","contentUrl":"https:\/\/secure.gravatar.com\/avatar\/1e1956f1facbffd3f8fa53a326721950116b3b9dc9bd44939c01180fd4a745a9?s=96&d=mm&r=g","caption":"Equipe G\u00e1vea News"}}]}},"_links":{"self":[{"href":"https:\/\/www.gaveanews.com\/index.php\/wp-json\/wp\/v2\/posts\/44207","targetHints":{"allow":["GET"]}}],"collection":[{"href":"https:\/\/www.gaveanews.com\/index.php\/wp-json\/wp\/v2\/posts"}],"about":[{"href":"https:\/\/www.gaveanews.com\/index.php\/wp-json\/wp\/v2\/types\/post"}],"author":[{"embeddable":true,"href":"https:\/\/www.gaveanews.com\/index.php\/wp-json\/wp\/v2\/users\/1"}],"replies":[{"embeddable":true,"href":"https:\/\/www.gaveanews.com\/index.php\/wp-json\/wp\/v2\/comments?post=44207"}],"version-history":[{"count":0,"href":"https:\/\/www.gaveanews.com\/index.php\/wp-json\/wp\/v2\/posts\/44207\/revisions"}],"wp:featuredmedia":[{"embeddable":true,"href":"https:\/\/www.gaveanews.com\/index.php\/wp-json\/wp\/v2\/media\/15081"}],"wp:attachment":[{"href":"https:\/\/www.gaveanews.com\/index.php\/wp-json\/wp\/v2\/media?parent=44207"}],"wp:term":[{"taxonomy":"category","embeddable":true,"href":"https:\/\/www.gaveanews.com\/index.php\/wp-json\/wp\/v2\/categories?post=44207"},{"taxonomy":"post_tag","embeddable":true,"href":"https:\/\/www.gaveanews.com\/index.php\/wp-json\/wp\/v2\/tags?post=44207"}],"curies":[{"name":"wp","href":"https:\/\/api.w.org\/{rel}","templated":true}]}}