{"id":44216,"date":"2020-07-25T18:48:02","date_gmt":"2020-07-25T21:48:02","guid":{"rendered":"https:\/\/www.gaveanews.com\/?p=44216"},"modified":"2020-07-25T18:48:04","modified_gmt":"2020-07-25T21:48:04","slug":"rumo-ao-flamengo-presidente-do-rio-ave-comunica-saida-de-carlos-carvalhal-treinador-de-clube-grande","status":"publish","type":"post","link":"https:\/\/www.gaveanews.com\/index.php\/2020\/07\/25\/rumo-ao-flamengo-presidente-do-rio-ave-comunica-saida-de-carlos-carvalhal-treinador-de-clube-grande\/","title":{"rendered":"Rumo ao Flamengo? Presidente do Rio Ave comunica sa\u00edda de Carlos Carvalhal: \u201cTreinador de clube grande\u201d"},"content":{"rendered":"\n<p>Ap\u00f3s a vit\u00f3ria sobre o Boavista, que confirmou o Rio Ave na pr\u00f3xima Liga Europa, o presidente do clube anunciou a sa\u00edda de Carlos Carvalhal. Dessa forma, Ant\u00f3nio Silva lamentou o fato, mas desejou sorte ao treinador no seguimento da sua carreira. Agora, a tend\u00eancia \u00e9 que o t\u00e9cnico converse com dirigentes do Flamengo para discutir a possibilidade dele ser o substituto de Jorge Jesus.<\/p>\n\n\n\n<p><em>\u2014 Felizmente temos nestes \u00faltimos anos atravessado uma situa\u00e7\u00e3o que n\u00e3o ser\u00e1 nova. Est\u00e1 assumido que Carvalhal n\u00e3o vai continuar no Rio Ave com muita pena minha. Tentei, mas saberia que ia ser dif\u00edcil. Respeito o clube e o Carvalhal \u00e9 um treinador de um clube grande. Pode desempenhar as suas fun\u00e7\u00f5es num clube grande e se Deus quiser isso vai acontecer. Potenciamos treinadores e sentimos que valorizamos o nosso futebol com o mister Carvalhal.<\/em><\/p>\n\n\n\n<p>Com passagens por Inglaterra, Turquia, al\u00e9m de Portugal, Carlos Carvalhal \u00e9 um dos nomes mais cotados para ser contratado pelo Flamengo. Como a diretoria prioriza a chegada de um estrangeiro, seu nome estaria entre as prioridades do clube. <\/p>\n\n\n\n<p>Agora, livre no mercado ap\u00f3s cumprir sua miss\u00e3o no Rio Ave, resta saber se ele ir\u00e1 aceitar uma eventual oferta para desembarcar no futebol brasileiro em breve.<\/p>\n\n\n\n<p>Retirado de: Torcedores<\/p>\n","protected":false},"excerpt":{"rendered":"<p>Ap\u00f3s a vit\u00f3ria sobre o Boavista, que confirmou o Rio Ave na pr\u00f3xima Liga Europa, o presidente do clube anunciou a sa\u00edda de Carlos Carvalhal. Dessa forma, Ant\u00f3nio Silva lamentou o fato, mas desejou sorte ao treinador no seguimento da sua carreira. Agora, a tend\u00eancia \u00e9 que o t\u00e9cnico converse com dirigentes do Flamengo para [&hellip;]<\/p>\n","protected":false},"author":1,"featured_media":23694,"comment_status":"open","ping_status":"closed","sticky":false,"template":"","format":"standard","meta":{"footnotes":""},"categories":[47],"tags":[],"class_list":["post-44216","post","type-post","status-publish","format-standard","has-post-thumbnail","hentry","category-destaques"],"yoast_head":"<!-- This site is optimized with the Yoast SEO Premium plugin v24.2 (Yoast SEO v26.9) - https:\/\/yoast.com\/product\/yoast-seo-premium-wordpress\/ -->\n<title>Rumo ao Flamengo? Presidente do Rio Ave comunica sa\u00edda de Carvalhal<\/title>\n<meta name=\"description\" content=\"Ap\u00f3s a vit\u00f3ria sobre o Boavista, que confirmou o Rio Ave na pr\u00f3xima Liga Europa, o presidente do clube anunciou a sa\u00edda de Carlos Carvalhal.\" \/>\n<meta name=\"robots\" content=\"index, follow, max-snippet:-1, max-image-preview:large, max-video-preview:-1\" \/>\n<link rel=\"canonical\" href=\"https:\/\/www.gaveanews.com\/index.php\/2020\/07\/25\/rumo-ao-flamengo-presidente-do-rio-ave-comunica-saida-de-carlos-carvalhal-treinador-de-clube-grande\/\" \/>\n<meta property=\"og:locale\" content=\"pt_BR\" \/>\n<meta property=\"og:type\" content=\"article\" \/>\n<meta property=\"og:title\" content=\"Rumo ao Flamengo? Presidente do Rio Ave comunica sa\u00edda de Carlos Carvalhal: \u201cTreinador de clube grande\u201d\" \/>\n<meta property=\"og:description\" content=\"Ap\u00f3s a vit\u00f3ria sobre o Boavista, que confirmou o Rio Ave na pr\u00f3xima Liga Europa, o presidente do clube anunciou a sa\u00edda de Carlos Carvalhal.\" \/>\n<meta property=\"og:url\" content=\"https:\/\/www.gaveanews.com\/index.php\/2020\/07\/25\/rumo-ao-flamengo-presidente-do-rio-ave-comunica-saida-de-carlos-carvalhal-treinador-de-clube-grande\/\" \/>\n<meta property=\"og:site_name\" content=\"G\u00e1vea News\" \/>\n<meta property=\"article:publisher\" content=\"https:\/\/facebook.com\/gaveaNews\/\" \/>\n<meta property=\"article:published_time\" content=\"2020-07-25T21:48:02+00:00\" \/>\n<meta property=\"article:modified_time\" content=\"2020-07-25T21:48:04+00:00\" \/>\n<meta property=\"og:image\" content=\"https:\/\/www.gaveanews.com\/wp-content\/uploads\/2019\/07\/Marcos-Braz-durante-coletiva-de-imprensa-no-Ninho-do-Urubu.webp\" \/>\n\t<meta property=\"og:image:width\" content=\"846\" \/>\n\t<meta property=\"og:image:height\" content=\"563\" \/>\n\t<meta property=\"og:image:type\" content=\"image\/jpeg\" \/>\n<meta name=\"author\" content=\"Equipe G\u00e1vea News\" \/>\n<meta name=\"twitter:card\" content=\"summary_large_image\" \/>\n<meta name=\"twitter:label1\" content=\"Escrito por\" \/>\n\t<meta name=\"twitter:data1\" content=\"Equipe G\u00e1vea News\" \/>\n\t<meta name=\"twitter:label2\" content=\"Est. tempo de leitura\" \/>\n\t<meta name=\"twitter:data2\" content=\"1 minuto\" \/>\n<script type=\"application\/ld+json\" class=\"yoast-schema-graph\">{\"@context\":\"https:\/\/schema.org\",\"@graph\":[{\"@type\":\"NewsArticle\",\"@id\":\"https:\/\/www.gaveanews.com\/index.php\/2020\/07\/25\/rumo-ao-flamengo-presidente-do-rio-ave-comunica-saida-de-carlos-carvalhal-treinador-de-clube-grande\/#article\",\"isPartOf\":{\"@id\":\"https:\/\/www.gaveanews.com\/index.php\/2020\/07\/25\/rumo-ao-flamengo-presidente-do-rio-ave-comunica-saida-de-carlos-carvalhal-treinador-de-clube-grande\/\"},\"author\":{\"name\":\"Equipe G\u00e1vea News\",\"@id\":\"https:\/\/www.gaveanews.com\/#\/schema\/person\/2ec14f73fb96be2caf28f91afb14749d\"},\"headline\":\"Rumo ao Flamengo? Presidente do Rio Ave comunica sa\u00edda de Carlos Carvalhal: \u201cTreinador de clube grande\u201d\",\"datePublished\":\"2020-07-25T21:48:02+00:00\",\"dateModified\":\"2020-07-25T21:48:04+00:00\",\"mainEntityOfPage\":{\"@id\":\"https:\/\/www.gaveanews.com\/index.php\/2020\/07\/25\/rumo-ao-flamengo-presidente-do-rio-ave-comunica-saida-de-carlos-carvalhal-treinador-de-clube-grande\/\"},\"wordCount\":236,\"commentCount\":15,\"image\":{\"@id\":\"https:\/\/www.gaveanews.com\/index.php\/2020\/07\/25\/rumo-ao-flamengo-presidente-do-rio-ave-comunica-saida-de-carlos-carvalhal-treinador-de-clube-grande\/#primaryimage\"},\"thumbnailUrl\":\"https:\/\/www.gaveanews.com\/wp-content\/uploads\/2019\/07\/Marcos-Braz-durante-coletiva-de-imprensa-no-Ninho-do-Urubu.webp\",\"articleSection\":[\"Destaques\"],\"inLanguage\":\"pt-BR\",\"potentialAction\":[{\"@type\":\"CommentAction\",\"name\":\"Comment\",\"target\":[\"https:\/\/www.gaveanews.com\/index.php\/2020\/07\/25\/rumo-ao-flamengo-presidente-do-rio-ave-comunica-saida-de-carlos-carvalhal-treinador-de-clube-grande\/#respond\"]}],\"copyrightYear\":\"2020\",\"copyrightHolder\":{\"@id\":\"https:\/\/www.gaveanews.com\/#organization\"}},{\"@type\":\"WebPage\",\"@id\":\"https:\/\/www.gaveanews.com\/index.php\/2020\/07\/25\/rumo-ao-flamengo-presidente-do-rio-ave-comunica-saida-de-carlos-carvalhal-treinador-de-clube-grande\/\",\"url\":\"https:\/\/www.gaveanews.com\/index.php\/2020\/07\/25\/rumo-ao-flamengo-presidente-do-rio-ave-comunica-saida-de-carlos-carvalhal-treinador-de-clube-grande\/\",\"name\":\"Rumo ao Flamengo? Presidente do Rio Ave comunica sa\u00edda de Carvalhal\",\"isPartOf\":{\"@id\":\"https:\/\/www.gaveanews.com\/#website\"},\"primaryImageOfPage\":{\"@id\":\"https:\/\/www.gaveanews.com\/index.php\/2020\/07\/25\/rumo-ao-flamengo-presidente-do-rio-ave-comunica-saida-de-carlos-carvalhal-treinador-de-clube-grande\/#primaryimage\"},\"image\":{\"@id\":\"https:\/\/www.gaveanews.com\/index.php\/2020\/07\/25\/rumo-ao-flamengo-presidente-do-rio-ave-comunica-saida-de-carlos-carvalhal-treinador-de-clube-grande\/#primaryimage\"},\"thumbnailUrl\":\"https:\/\/www.gaveanews.com\/wp-content\/uploads\/2019\/07\/Marcos-Braz-durante-coletiva-de-imprensa-no-Ninho-do-Urubu.webp\",\"datePublished\":\"2020-07-25T21:48:02+00:00\",\"dateModified\":\"2020-07-25T21:48:04+00:00\",\"author\":{\"@id\":\"https:\/\/www.gaveanews.com\/#\/schema\/person\/2ec14f73fb96be2caf28f91afb14749d\"},\"description\":\"Ap\u00f3s a vit\u00f3ria sobre o Boavista, que confirmou o Rio Ave na pr\u00f3xima Liga Europa, o presidente do clube anunciou a sa\u00edda de Carlos Carvalhal.\",\"breadcrumb\":{\"@id\":\"https:\/\/www.gaveanews.com\/index.php\/2020\/07\/25\/rumo-ao-flamengo-presidente-do-rio-ave-comunica-saida-de-carlos-carvalhal-treinador-de-clube-grande\/#breadcrumb\"},\"inLanguage\":\"pt-BR\",\"potentialAction\":[{\"@type\":\"ReadAction\",\"target\":[\"https:\/\/www.gaveanews.com\/index.php\/2020\/07\/25\/rumo-ao-flamengo-presidente-do-rio-ave-comunica-saida-de-carlos-carvalhal-treinador-de-clube-grande\/\"]}]},{\"@type\":\"ImageObject\",\"inLanguage\":\"pt-BR\",\"@id\":\"https:\/\/www.gaveanews.com\/index.php\/2020\/07\/25\/rumo-ao-flamengo-presidente-do-rio-ave-comunica-saida-de-carlos-carvalhal-treinador-de-clube-grande\/#primaryimage\",\"url\":\"https:\/\/www.gaveanews.com\/wp-content\/uploads\/2019\/07\/Marcos-Braz-durante-coletiva-de-imprensa-no-Ninho-do-Urubu.webp\",\"contentUrl\":\"https:\/\/www.gaveanews.com\/wp-content\/uploads\/2019\/07\/Marcos-Braz-durante-coletiva-de-imprensa-no-Ninho-do-Urubu.webp\",\"width\":846,\"height\":563,\"caption\":\"Marcos Braz durante coletiva de imprensa no Ninho do Urubu (Foto: Alexandre Vidal\/Flamengo)\"},{\"@type\":\"BreadcrumbList\",\"@id\":\"https:\/\/www.gaveanews.com\/index.php\/2020\/07\/25\/rumo-ao-flamengo-presidente-do-rio-ave-comunica-saida-de-carlos-carvalhal-treinador-de-clube-grande\/#breadcrumb\",\"itemListElement\":[{\"@type\":\"ListItem\",\"position\":1,\"name\":\"Home\",\"item\":\"https:\/\/www.gaveanews.com\/\"},{\"@type\":\"ListItem\",\"position\":2,\"name\":\"Rumo ao Flamengo? Presidente do Rio Ave comunica sa\u00edda de Carlos Carvalhal: \u201cTreinador de clube grande\u201d\"}]},{\"@type\":\"WebSite\",\"@id\":\"https:\/\/www.gaveanews.com\/#website\",\"url\":\"https:\/\/www.gaveanews.com\/\",\"name\":\"G\u00e1vea News\",\"description\":\"Veja todas as not\u00edcias sobre o Flamengo: Contrata\u00e7\u00f5es, categorias de base, resultados das partidas, tabela de classifica\u00e7\u00e3o, pr\u00f3ximos jogos!\",\"potentialAction\":[{\"@type\":\"SearchAction\",\"target\":{\"@type\":\"EntryPoint\",\"urlTemplate\":\"https:\/\/www.gaveanews.com\/?s={search_term_string}\"},\"query-input\":{\"@type\":\"PropertyValueSpecification\",\"valueRequired\":true,\"valueName\":\"search_term_string\"}}],\"inLanguage\":\"pt-BR\"},{\"@type\":\"Person\",\"@id\":\"https:\/\/www.gaveanews.com\/#\/schema\/person\/2ec14f73fb96be2caf28f91afb14749d\",\"name\":\"Equipe G\u00e1vea News\",\"image\":{\"@type\":\"ImageObject\",\"inLanguage\":\"pt-BR\",\"@id\":\"https:\/\/www.gaveanews.com\/#\/schema\/person\/image\/\",\"url\":\"https:\/\/secure.gravatar.com\/avatar\/1e1956f1facbffd3f8fa53a326721950116b3b9dc9bd44939c01180fd4a745a9?s=96&d=mm&r=g\",\"contentUrl\":\"https:\/\/secure.gravatar.com\/avatar\/1e1956f1facbffd3f8fa53a326721950116b3b9dc9bd44939c01180fd4a745a9?s=96&d=mm&r=g\",\"caption\":\"Equipe G\u00e1vea News\"}}]}<\/script>\n<!-- \/ Yoast SEO Premium plugin. -->","yoast_head_json":{"title":"Rumo ao Flamengo? Presidente do Rio Ave comunica sa\u00edda de Carvalhal","description":"Ap\u00f3s a vit\u00f3ria sobre o Boavista, que confirmou o Rio Ave na pr\u00f3xima Liga Europa, o presidente do clube anunciou a sa\u00edda de Carlos Carvalhal.","robots":{"index":"index","follow":"follow","max-snippet":"max-snippet:-1","max-image-preview":"max-image-preview:large","max-video-preview":"max-video-preview:-1"},"canonical":"https:\/\/www.gaveanews.com\/index.php\/2020\/07\/25\/rumo-ao-flamengo-presidente-do-rio-ave-comunica-saida-de-carlos-carvalhal-treinador-de-clube-grande\/","og_locale":"pt_BR","og_type":"article","og_title":"Rumo ao Flamengo? Presidente do Rio Ave comunica sa\u00edda de Carlos Carvalhal: \u201cTreinador de clube grande\u201d","og_description":"Ap\u00f3s a vit\u00f3ria sobre o Boavista, que confirmou o Rio Ave na pr\u00f3xima Liga Europa, o presidente do clube anunciou a sa\u00edda de Carlos Carvalhal.","og_url":"https:\/\/www.gaveanews.com\/index.php\/2020\/07\/25\/rumo-ao-flamengo-presidente-do-rio-ave-comunica-saida-de-carlos-carvalhal-treinador-de-clube-grande\/","og_site_name":"G\u00e1vea News","article_publisher":"https:\/\/facebook.com\/gaveaNews\/","article_published_time":"2020-07-25T21:48:02+00:00","article_modified_time":"2020-07-25T21:48:04+00:00","og_image":[{"width":846,"height":563,"url":"https:\/\/www.gaveanews.com\/wp-content\/uploads\/2019\/07\/Marcos-Braz-durante-coletiva-de-imprensa-no-Ninho-do-Urubu.webp","type":"image\/jpeg"}],"author":"Equipe G\u00e1vea News","twitter_card":"summary_large_image","twitter_misc":{"Escrito por":"Equipe G\u00e1vea News","Est. tempo de leitura":"1 minuto"},"schema":{"@context":"https:\/\/schema.org","@graph":[{"@type":"NewsArticle","@id":"https:\/\/www.gaveanews.com\/index.php\/2020\/07\/25\/rumo-ao-flamengo-presidente-do-rio-ave-comunica-saida-de-carlos-carvalhal-treinador-de-clube-grande\/#article","isPartOf":{"@id":"https:\/\/www.gaveanews.com\/index.php\/2020\/07\/25\/rumo-ao-flamengo-presidente-do-rio-ave-comunica-saida-de-carlos-carvalhal-treinador-de-clube-grande\/"},"author":{"name":"Equipe G\u00e1vea News","@id":"https:\/\/www.gaveanews.com\/#\/schema\/person\/2ec14f73fb96be2caf28f91afb14749d"},"headline":"Rumo ao Flamengo? Presidente do Rio Ave comunica sa\u00edda de Carlos Carvalhal: \u201cTreinador de clube grande\u201d","datePublished":"2020-07-25T21:48:02+00:00","dateModified":"2020-07-25T21:48:04+00:00","mainEntityOfPage":{"@id":"https:\/\/www.gaveanews.com\/index.php\/2020\/07\/25\/rumo-ao-flamengo-presidente-do-rio-ave-comunica-saida-de-carlos-carvalhal-treinador-de-clube-grande\/"},"wordCount":236,"commentCount":15,"image":{"@id":"https:\/\/www.gaveanews.com\/index.php\/2020\/07\/25\/rumo-ao-flamengo-presidente-do-rio-ave-comunica-saida-de-carlos-carvalhal-treinador-de-clube-grande\/#primaryimage"},"thumbnailUrl":"https:\/\/www.gaveanews.com\/wp-content\/uploads\/2019\/07\/Marcos-Braz-durante-coletiva-de-imprensa-no-Ninho-do-Urubu.webp","articleSection":["Destaques"],"inLanguage":"pt-BR","potentialAction":[{"@type":"CommentAction","name":"Comment","target":["https:\/\/www.gaveanews.com\/index.php\/2020\/07\/25\/rumo-ao-flamengo-presidente-do-rio-ave-comunica-saida-de-carlos-carvalhal-treinador-de-clube-grande\/#respond"]}],"copyrightYear":"2020","copyrightHolder":{"@id":"https:\/\/www.gaveanews.com\/#organization"}},{"@type":"WebPage","@id":"https:\/\/www.gaveanews.com\/index.php\/2020\/07\/25\/rumo-ao-flamengo-presidente-do-rio-ave-comunica-saida-de-carlos-carvalhal-treinador-de-clube-grande\/","url":"https:\/\/www.gaveanews.com\/index.php\/2020\/07\/25\/rumo-ao-flamengo-presidente-do-rio-ave-comunica-saida-de-carlos-carvalhal-treinador-de-clube-grande\/","name":"Rumo ao Flamengo? Presidente do Rio Ave comunica sa\u00edda de Carvalhal","isPartOf":{"@id":"https:\/\/www.gaveanews.com\/#website"},"primaryImageOfPage":{"@id":"https:\/\/www.gaveanews.com\/index.php\/2020\/07\/25\/rumo-ao-flamengo-presidente-do-rio-ave-comunica-saida-de-carlos-carvalhal-treinador-de-clube-grande\/#primaryimage"},"image":{"@id":"https:\/\/www.gaveanews.com\/index.php\/2020\/07\/25\/rumo-ao-flamengo-presidente-do-rio-ave-comunica-saida-de-carlos-carvalhal-treinador-de-clube-grande\/#primaryimage"},"thumbnailUrl":"https:\/\/www.gaveanews.com\/wp-content\/uploads\/2019\/07\/Marcos-Braz-durante-coletiva-de-imprensa-no-Ninho-do-Urubu.webp","datePublished":"2020-07-25T21:48:02+00:00","dateModified":"2020-07-25T21:48:04+00:00","author":{"@id":"https:\/\/www.gaveanews.com\/#\/schema\/person\/2ec14f73fb96be2caf28f91afb14749d"},"description":"Ap\u00f3s a vit\u00f3ria sobre o Boavista, que confirmou o Rio Ave na pr\u00f3xima Liga Europa, o presidente do clube anunciou a sa\u00edda de Carlos Carvalhal.","breadcrumb":{"@id":"https:\/\/www.gaveanews.com\/index.php\/2020\/07\/25\/rumo-ao-flamengo-presidente-do-rio-ave-comunica-saida-de-carlos-carvalhal-treinador-de-clube-grande\/#breadcrumb"},"inLanguage":"pt-BR","potentialAction":[{"@type":"ReadAction","target":["https:\/\/www.gaveanews.com\/index.php\/2020\/07\/25\/rumo-ao-flamengo-presidente-do-rio-ave-comunica-saida-de-carlos-carvalhal-treinador-de-clube-grande\/"]}]},{"@type":"ImageObject","inLanguage":"pt-BR","@id":"https:\/\/www.gaveanews.com\/index.php\/2020\/07\/25\/rumo-ao-flamengo-presidente-do-rio-ave-comunica-saida-de-carlos-carvalhal-treinador-de-clube-grande\/#primaryimage","url":"https:\/\/www.gaveanews.com\/wp-content\/uploads\/2019\/07\/Marcos-Braz-durante-coletiva-de-imprensa-no-Ninho-do-Urubu.webp","contentUrl":"https:\/\/www.gaveanews.com\/wp-content\/uploads\/2019\/07\/Marcos-Braz-durante-coletiva-de-imprensa-no-Ninho-do-Urubu.webp","width":846,"height":563,"caption":"Marcos Braz durante coletiva de imprensa no Ninho do Urubu (Foto: Alexandre Vidal\/Flamengo)"},{"@type":"BreadcrumbList","@id":"https:\/\/www.gaveanews.com\/index.php\/2020\/07\/25\/rumo-ao-flamengo-presidente-do-rio-ave-comunica-saida-de-carlos-carvalhal-treinador-de-clube-grande\/#breadcrumb","itemListElement":[{"@type":"ListItem","position":1,"name":"Home","item":"https:\/\/www.gaveanews.com\/"},{"@type":"ListItem","position":2,"name":"Rumo ao Flamengo? Presidente do Rio Ave comunica sa\u00edda de Carlos Carvalhal: \u201cTreinador de clube grande\u201d"}]},{"@type":"WebSite","@id":"https:\/\/www.gaveanews.com\/#website","url":"https:\/\/www.gaveanews.com\/","name":"G\u00e1vea News","description":"Veja todas as not\u00edcias sobre o Flamengo: Contrata\u00e7\u00f5es, categorias de base, resultados das partidas, tabela de classifica\u00e7\u00e3o, pr\u00f3ximos jogos!","potentialAction":[{"@type":"SearchAction","target":{"@type":"EntryPoint","urlTemplate":"https:\/\/www.gaveanews.com\/?s={search_term_string}"},"query-input":{"@type":"PropertyValueSpecification","valueRequired":true,"valueName":"search_term_string"}}],"inLanguage":"pt-BR"},{"@type":"Person","@id":"https:\/\/www.gaveanews.com\/#\/schema\/person\/2ec14f73fb96be2caf28f91afb14749d","name":"Equipe G\u00e1vea News","image":{"@type":"ImageObject","inLanguage":"pt-BR","@id":"https:\/\/www.gaveanews.com\/#\/schema\/person\/image\/","url":"https:\/\/secure.gravatar.com\/avatar\/1e1956f1facbffd3f8fa53a326721950116b3b9dc9bd44939c01180fd4a745a9?s=96&d=mm&r=g","contentUrl":"https:\/\/secure.gravatar.com\/avatar\/1e1956f1facbffd3f8fa53a326721950116b3b9dc9bd44939c01180fd4a745a9?s=96&d=mm&r=g","caption":"Equipe G\u00e1vea News"}}]}},"_links":{"self":[{"href":"https:\/\/www.gaveanews.com\/index.php\/wp-json\/wp\/v2\/posts\/44216","targetHints":{"allow":["GET"]}}],"collection":[{"href":"https:\/\/www.gaveanews.com\/index.php\/wp-json\/wp\/v2\/posts"}],"about":[{"href":"https:\/\/www.gaveanews.com\/index.php\/wp-json\/wp\/v2\/types\/post"}],"author":[{"embeddable":true,"href":"https:\/\/www.gaveanews.com\/index.php\/wp-json\/wp\/v2\/users\/1"}],"replies":[{"embeddable":true,"href":"https:\/\/www.gaveanews.com\/index.php\/wp-json\/wp\/v2\/comments?post=44216"}],"version-history":[{"count":0,"href":"https:\/\/www.gaveanews.com\/index.php\/wp-json\/wp\/v2\/posts\/44216\/revisions"}],"wp:featuredmedia":[{"embeddable":true,"href":"https:\/\/www.gaveanews.com\/index.php\/wp-json\/wp\/v2\/media\/23694"}],"wp:attachment":[{"href":"https:\/\/www.gaveanews.com\/index.php\/wp-json\/wp\/v2\/media?parent=44216"}],"wp:term":[{"taxonomy":"category","embeddable":true,"href":"https:\/\/www.gaveanews.com\/index.php\/wp-json\/wp\/v2\/categories?post=44216"},{"taxonomy":"post_tag","embeddable":true,"href":"https:\/\/www.gaveanews.com\/index.php\/wp-json\/wp\/v2\/tags?post=44216"}],"curies":[{"name":"wp","href":"https:\/\/api.w.org\/{rel}","templated":true}]}}