{"id":44230,"date":"2020-07-25T23:20:48","date_gmt":"2020-07-26T02:20:48","guid":{"rendered":"https:\/\/www.gaveanews.com\/?p=44230"},"modified":"2020-07-25T23:20:50","modified_gmt":"2020-07-26T02:20:50","slug":"assim-como-rafinha-domenec-torrent-e-citado-em-livro-de-guardiola-veja-os-trechos","status":"publish","type":"post","link":"https:\/\/www.gaveanews.com\/index.php\/2020\/07\/25\/assim-como-rafinha-domenec-torrent-e-citado-em-livro-de-guardiola-veja-os-trechos\/","title":{"rendered":"Assim como Rafinha, Dom\u00e8nec Torrent \u00e9 citado em livro de Guardiola; veja os trechos"},"content":{"rendered":"\n<p>Um dos temas mais comentados quando Rafinha foi contratado pelo Flamengo foi o fato de o lateral-direito ter um cap\u00edtulo a parte no livro &#8216;Guardiola Confidencial&#8217;. Se isso for um pr\u00e9-requisito, o espanhol Dom\u00e8nec Torrent tem boas chances de ser escolhido como o novo t\u00e9cnico do Rubro-Negro. Uma reuni\u00e3o entre ele e o vice-presidente de futebol, Marcos Braz, e o diretor de futebol, Bruno Spindel, j\u00e1 aconteceu neste s\u00e1bado.<\/p>\n\n\n\n<p>No livro, o contexto mostra uma partida em que Pep Guardiola, ainda pelo Bayern de Munique, enfrenta Jos\u00e9 Mourinho, que defendia o Chelsea. Com a bola rolando, Torrent percebe que Toni Kroos est\u00e1 deixando espa\u00e7os nas suas costas e sugere Guardiola a colocar o lateral-direito Philipp Lahm como volante. O conselho foi atendido pelo treinador.<\/p>\n\n\n\n<p>&#8220;Ap\u00f3s meia hora de jogo, acontece uma mudan\u00e7a que marcar\u00e1 toda a temporada do Bayern. Kroos sofre todas as vezes que o Chelsea lan\u00e7a bolas \u00e0s suas costas, porque sua maior virtude n\u00e3o \u00e9 girar r\u00e1pido e defender. Ent\u00e3o, Dom\u00e8nec Torrent, assistente de Pep, lhe diz &#8220;E se coloc\u00e1ssemos Lahm como volante?<\/p>\n\n\n\n<p>Guardiola n\u00e3o vacila. Levanta-se r\u00e1pido e, quase entrando em campo, grita para Kroos: &#8220;Toni! Voc\u00ea de 8, voc\u00ea de 8! Philipp de 6!&#8221;, diz o trecho.<\/p>\n\n\n\n<div class=\"wp-block-image\"><figure class=\"aligncenter size-large\"><img decoding=\"async\" src=\"https:\/\/extra.globo.com\/incoming\/24550878-413-fd2\/w448\/xedyf4sswoaag-a7.webp.pagespeed.ic.2pAPR8WyVn.webp\" alt=\"\"\/><\/figure><\/div>\n\n\n\n<p>Outra parte do livro mostra uma conversa entre Guardiola e Torrent sobre Lahm. Nela, o auxiliar reafirma o potencial do lateral-direito para jogar como volante e convence o treinador mant\u00ea-lo na fun\u00e7\u00e3o. O ato influencia diretamente a passagem de Rafinha, hoje no Flamengo, no clube alem\u00e3o, que passa a ter mais oportunidades como titular.<\/p>\n\n\n\n<p>&#8220;Durante a volta a Munique, ali\u00e1s, a cabe\u00e7a de Guardiola j\u00e1 est\u00e1 em outro lugar: mais precisamente, em Lahm. A viagem se transforma em uma conversa monotem\u00e1tica entre Guardiola e Dom\u00e8nec Torrent, assistente t\u00e9cnico, sentado a seu lado: &#8220;Viu o potencial do Lahm? Viu como ele encontra os corredores, como gira e protege a bola? Certamente pode jogar tanto na lateral como no meio de campo&#8221;. \u00c9 o pren\u00fancio de uma das grandes descobertas da temporada\u2026&#8221;, diz outra parte do livro.<\/p>\n\n\n\n<p>Rafinha, por sinal, foi um dos que mais elogiou Torrent quando as not\u00edcias sober a sua procura foram publicadas.<\/p>\n\n\n\n<p>\u2014 Foram tr\u00eas anos que trabalhamos juntos no Bayern, depois ele foi para o City com o Pep. \u00c9 aquela hist\u00f3ria, ele \u00e9 da escola do Cruyff, n\u00e9? \u00c9 um cara que sabe tudo e mais um pouco de bola. No Bayern, os treinamentos quem dava era ele, o Guardiola ficava s\u00f3 corrigindo e tal. \u00c9 um cara que dispensa coment\u00e1rios \u2014 disse Rafinha, em entrevista \u00e0 ESPN.<\/p>\n\n\n\n<p>Torrent pode n\u00e3o ser muito conhecido pelos torcedores brasileiros, mas ele garante que est\u00e1 antenado ao que acontece por aqui \u2014 e especialmente no Flamengo.<\/p>\n\n\n\n<p>\u2014 Eu gosto de me manter atualizado sobre o futebol ao redor do mundo. Ent\u00e3o, vi muitas partidas do Campeonato Brasileiro no \u00faltimo ano. Conhe\u00e7o perfeitamente a equipe que eles t\u00eam \u2014 declarou o treinador.<\/p>\n\n\n\n<p>Retirado de: Extra<\/p>\n","protected":false},"excerpt":{"rendered":"<p>Um dos temas mais comentados quando Rafinha foi contratado pelo Flamengo foi o fato de o lateral-direito ter um cap\u00edtulo a parte no livro &#8216;Guardiola Confidencial&#8217;. Se isso for um pr\u00e9-requisito, o espanhol Dom\u00e8nec Torrent tem boas chances de ser escolhido como o novo t\u00e9cnico do Rubro-Negro. Uma reuni\u00e3o entre ele e o vice-presidente de [&hellip;]<\/p>\n","protected":false},"author":1,"featured_media":28893,"comment_status":"open","ping_status":"closed","sticky":false,"template":"","format":"standard","meta":{"footnotes":""},"categories":[1],"tags":[],"class_list":["post-44230","post","type-post","status-publish","format-standard","has-post-thumbnail","hentry","category-flamengo"],"yoast_head":"<!-- This site is optimized with the Yoast SEO Premium plugin v24.2 (Yoast SEO v26.9) - https:\/\/yoast.com\/product\/yoast-seo-premium-wordpress\/ -->\n<title>Assim como Rafinha, Dom\u00e8nec Torrent \u00e9 citado em livro de Guardiola<\/title>\n<meta name=\"description\" content=\"No livro, o contexto mostra uma partida em que Pep Guardiola, ainda pelo Bayern de Munique, enfrenta Jos\u00e9 Mourinho, que defendia o Chelsea.\" \/>\n<meta name=\"robots\" content=\"index, follow, max-snippet:-1, max-image-preview:large, max-video-preview:-1\" \/>\n<link rel=\"canonical\" href=\"https:\/\/www.gaveanews.com\/index.php\/2020\/07\/25\/assim-como-rafinha-domenec-torrent-e-citado-em-livro-de-guardiola-veja-os-trechos\/\" \/>\n<meta property=\"og:locale\" content=\"pt_BR\" \/>\n<meta property=\"og:type\" content=\"article\" \/>\n<meta property=\"og:title\" content=\"Assim como Rafinha, Dom\u00e8nec Torrent \u00e9 citado em livro de Guardiola; veja os trechos\" \/>\n<meta property=\"og:description\" content=\"No livro, o contexto mostra uma partida em que Pep Guardiola, ainda pelo Bayern de Munique, enfrenta Jos\u00e9 Mourinho, que defendia o Chelsea.\" \/>\n<meta property=\"og:url\" content=\"https:\/\/www.gaveanews.com\/index.php\/2020\/07\/25\/assim-como-rafinha-domenec-torrent-e-citado-em-livro-de-guardiola-veja-os-trechos\/\" \/>\n<meta property=\"og:site_name\" content=\"G\u00e1vea News\" \/>\n<meta property=\"article:publisher\" content=\"https:\/\/facebook.com\/gaveaNews\/\" \/>\n<meta property=\"article:published_time\" content=\"2020-07-26T02:20:48+00:00\" \/>\n<meta property=\"article:modified_time\" content=\"2020-07-26T02:20:50+00:00\" \/>\n<meta property=\"og:image\" content=\"https:\/\/www.gaveanews.com\/wp-content\/uploads\/Rafinha-durante-uma-partida-do-Flamengo.webp\" \/>\n\t<meta property=\"og:image:width\" content=\"900\" \/>\n\t<meta property=\"og:image:height\" content=\"600\" \/>\n\t<meta property=\"og:image:type\" content=\"image\/jpeg\" \/>\n<meta name=\"author\" content=\"Equipe G\u00e1vea News\" \/>\n<meta name=\"twitter:card\" content=\"summary_large_image\" \/>\n<meta name=\"twitter:label1\" content=\"Escrito por\" \/>\n\t<meta name=\"twitter:data1\" content=\"Equipe G\u00e1vea News\" \/>\n\t<meta name=\"twitter:label2\" content=\"Est. tempo de leitura\" \/>\n\t<meta name=\"twitter:data2\" content=\"3 minutos\" \/>\n<script type=\"application\/ld+json\" class=\"yoast-schema-graph\">{\"@context\":\"https:\/\/schema.org\",\"@graph\":[{\"@type\":\"NewsArticle\",\"@id\":\"https:\/\/www.gaveanews.com\/index.php\/2020\/07\/25\/assim-como-rafinha-domenec-torrent-e-citado-em-livro-de-guardiola-veja-os-trechos\/#article\",\"isPartOf\":{\"@id\":\"https:\/\/www.gaveanews.com\/index.php\/2020\/07\/25\/assim-como-rafinha-domenec-torrent-e-citado-em-livro-de-guardiola-veja-os-trechos\/\"},\"author\":{\"name\":\"Equipe G\u00e1vea News\",\"@id\":\"https:\/\/www.gaveanews.com\/#\/schema\/person\/2ec14f73fb96be2caf28f91afb14749d\"},\"headline\":\"Assim como Rafinha, Dom\u00e8nec Torrent \u00e9 citado em livro de Guardiola; veja os trechos\",\"datePublished\":\"2020-07-26T02:20:48+00:00\",\"dateModified\":\"2020-07-26T02:20:50+00:00\",\"mainEntityOfPage\":{\"@id\":\"https:\/\/www.gaveanews.com\/index.php\/2020\/07\/25\/assim-como-rafinha-domenec-torrent-e-citado-em-livro-de-guardiola-veja-os-trechos\/\"},\"wordCount\":520,\"commentCount\":6,\"image\":{\"@id\":\"https:\/\/www.gaveanews.com\/index.php\/2020\/07\/25\/assim-como-rafinha-domenec-torrent-e-citado-em-livro-de-guardiola-veja-os-trechos\/#primaryimage\"},\"thumbnailUrl\":\"https:\/\/www.gaveanews.com\/wp-content\/uploads\/Rafinha-durante-uma-partida-do-Flamengo.webp\",\"articleSection\":[\"Flamengo\"],\"inLanguage\":\"pt-BR\",\"potentialAction\":[{\"@type\":\"CommentAction\",\"name\":\"Comment\",\"target\":[\"https:\/\/www.gaveanews.com\/index.php\/2020\/07\/25\/assim-como-rafinha-domenec-torrent-e-citado-em-livro-de-guardiola-veja-os-trechos\/#respond\"]}],\"copyrightYear\":\"2020\",\"copyrightHolder\":{\"@id\":\"https:\/\/www.gaveanews.com\/#organization\"}},{\"@type\":\"WebPage\",\"@id\":\"https:\/\/www.gaveanews.com\/index.php\/2020\/07\/25\/assim-como-rafinha-domenec-torrent-e-citado-em-livro-de-guardiola-veja-os-trechos\/\",\"url\":\"https:\/\/www.gaveanews.com\/index.php\/2020\/07\/25\/assim-como-rafinha-domenec-torrent-e-citado-em-livro-de-guardiola-veja-os-trechos\/\",\"name\":\"Assim como Rafinha, Dom\u00e8nec Torrent \u00e9 citado em livro de Guardiola\",\"isPartOf\":{\"@id\":\"https:\/\/www.gaveanews.com\/#website\"},\"primaryImageOfPage\":{\"@id\":\"https:\/\/www.gaveanews.com\/index.php\/2020\/07\/25\/assim-como-rafinha-domenec-torrent-e-citado-em-livro-de-guardiola-veja-os-trechos\/#primaryimage\"},\"image\":{\"@id\":\"https:\/\/www.gaveanews.com\/index.php\/2020\/07\/25\/assim-como-rafinha-domenec-torrent-e-citado-em-livro-de-guardiola-veja-os-trechos\/#primaryimage\"},\"thumbnailUrl\":\"https:\/\/www.gaveanews.com\/wp-content\/uploads\/Rafinha-durante-uma-partida-do-Flamengo.webp\",\"datePublished\":\"2020-07-26T02:20:48+00:00\",\"dateModified\":\"2020-07-26T02:20:50+00:00\",\"author\":{\"@id\":\"https:\/\/www.gaveanews.com\/#\/schema\/person\/2ec14f73fb96be2caf28f91afb14749d\"},\"description\":\"No livro, o contexto mostra uma partida em que Pep Guardiola, ainda pelo Bayern de Munique, enfrenta Jos\u00e9 Mourinho, que defendia o Chelsea.\",\"breadcrumb\":{\"@id\":\"https:\/\/www.gaveanews.com\/index.php\/2020\/07\/25\/assim-como-rafinha-domenec-torrent-e-citado-em-livro-de-guardiola-veja-os-trechos\/#breadcrumb\"},\"inLanguage\":\"pt-BR\",\"potentialAction\":[{\"@type\":\"ReadAction\",\"target\":[\"https:\/\/www.gaveanews.com\/index.php\/2020\/07\/25\/assim-como-rafinha-domenec-torrent-e-citado-em-livro-de-guardiola-veja-os-trechos\/\"]}]},{\"@type\":\"ImageObject\",\"inLanguage\":\"pt-BR\",\"@id\":\"https:\/\/www.gaveanews.com\/index.php\/2020\/07\/25\/assim-como-rafinha-domenec-torrent-e-citado-em-livro-de-guardiola-veja-os-trechos\/#primaryimage\",\"url\":\"https:\/\/www.gaveanews.com\/wp-content\/uploads\/Rafinha-durante-uma-partida-do-Flamengo.webp\",\"contentUrl\":\"https:\/\/www.gaveanews.com\/wp-content\/uploads\/Rafinha-durante-uma-partida-do-Flamengo.webp\",\"width\":900,\"height\":600,\"caption\":\"Rafinha durante uma partida do Flamengo (Foto: Alexandre Vidal\/Flamengo)\"},{\"@type\":\"BreadcrumbList\",\"@id\":\"https:\/\/www.gaveanews.com\/index.php\/2020\/07\/25\/assim-como-rafinha-domenec-torrent-e-citado-em-livro-de-guardiola-veja-os-trechos\/#breadcrumb\",\"itemListElement\":[{\"@type\":\"ListItem\",\"position\":1,\"name\":\"Home\",\"item\":\"https:\/\/www.gaveanews.com\/\"},{\"@type\":\"ListItem\",\"position\":2,\"name\":\"Assim como Rafinha, Dom\u00e8nec Torrent \u00e9 citado em livro de Guardiola; veja os trechos\"}]},{\"@type\":\"WebSite\",\"@id\":\"https:\/\/www.gaveanews.com\/#website\",\"url\":\"https:\/\/www.gaveanews.com\/\",\"name\":\"G\u00e1vea News\",\"description\":\"Veja todas as not\u00edcias sobre o Flamengo: Contrata\u00e7\u00f5es, categorias de base, resultados das partidas, tabela de classifica\u00e7\u00e3o, pr\u00f3ximos jogos!\",\"potentialAction\":[{\"@type\":\"SearchAction\",\"target\":{\"@type\":\"EntryPoint\",\"urlTemplate\":\"https:\/\/www.gaveanews.com\/?s={search_term_string}\"},\"query-input\":{\"@type\":\"PropertyValueSpecification\",\"valueRequired\":true,\"valueName\":\"search_term_string\"}}],\"inLanguage\":\"pt-BR\"},{\"@type\":\"Person\",\"@id\":\"https:\/\/www.gaveanews.com\/#\/schema\/person\/2ec14f73fb96be2caf28f91afb14749d\",\"name\":\"Equipe G\u00e1vea News\",\"image\":{\"@type\":\"ImageObject\",\"inLanguage\":\"pt-BR\",\"@id\":\"https:\/\/www.gaveanews.com\/#\/schema\/person\/image\/\",\"url\":\"https:\/\/secure.gravatar.com\/avatar\/1e1956f1facbffd3f8fa53a326721950116b3b9dc9bd44939c01180fd4a745a9?s=96&d=mm&r=g\",\"contentUrl\":\"https:\/\/secure.gravatar.com\/avatar\/1e1956f1facbffd3f8fa53a326721950116b3b9dc9bd44939c01180fd4a745a9?s=96&d=mm&r=g\",\"caption\":\"Equipe G\u00e1vea News\"}}]}<\/script>\n<!-- \/ Yoast SEO Premium plugin. -->","yoast_head_json":{"title":"Assim como Rafinha, Dom\u00e8nec Torrent \u00e9 citado em livro de Guardiola","description":"No livro, o contexto mostra uma partida em que Pep Guardiola, ainda pelo Bayern de Munique, enfrenta Jos\u00e9 Mourinho, que defendia o Chelsea.","robots":{"index":"index","follow":"follow","max-snippet":"max-snippet:-1","max-image-preview":"max-image-preview:large","max-video-preview":"max-video-preview:-1"},"canonical":"https:\/\/www.gaveanews.com\/index.php\/2020\/07\/25\/assim-como-rafinha-domenec-torrent-e-citado-em-livro-de-guardiola-veja-os-trechos\/","og_locale":"pt_BR","og_type":"article","og_title":"Assim como Rafinha, Dom\u00e8nec Torrent \u00e9 citado em livro de Guardiola; veja os trechos","og_description":"No livro, o contexto mostra uma partida em que Pep Guardiola, ainda pelo Bayern de Munique, enfrenta Jos\u00e9 Mourinho, que defendia o Chelsea.","og_url":"https:\/\/www.gaveanews.com\/index.php\/2020\/07\/25\/assim-como-rafinha-domenec-torrent-e-citado-em-livro-de-guardiola-veja-os-trechos\/","og_site_name":"G\u00e1vea News","article_publisher":"https:\/\/facebook.com\/gaveaNews\/","article_published_time":"2020-07-26T02:20:48+00:00","article_modified_time":"2020-07-26T02:20:50+00:00","og_image":[{"width":900,"height":600,"url":"https:\/\/www.gaveanews.com\/wp-content\/uploads\/Rafinha-durante-uma-partida-do-Flamengo.webp","type":"image\/jpeg"}],"author":"Equipe G\u00e1vea News","twitter_card":"summary_large_image","twitter_misc":{"Escrito por":"Equipe G\u00e1vea News","Est. tempo de leitura":"3 minutos"},"schema":{"@context":"https:\/\/schema.org","@graph":[{"@type":"NewsArticle","@id":"https:\/\/www.gaveanews.com\/index.php\/2020\/07\/25\/assim-como-rafinha-domenec-torrent-e-citado-em-livro-de-guardiola-veja-os-trechos\/#article","isPartOf":{"@id":"https:\/\/www.gaveanews.com\/index.php\/2020\/07\/25\/assim-como-rafinha-domenec-torrent-e-citado-em-livro-de-guardiola-veja-os-trechos\/"},"author":{"name":"Equipe G\u00e1vea News","@id":"https:\/\/www.gaveanews.com\/#\/schema\/person\/2ec14f73fb96be2caf28f91afb14749d"},"headline":"Assim como Rafinha, Dom\u00e8nec Torrent \u00e9 citado em livro de Guardiola; veja os trechos","datePublished":"2020-07-26T02:20:48+00:00","dateModified":"2020-07-26T02:20:50+00:00","mainEntityOfPage":{"@id":"https:\/\/www.gaveanews.com\/index.php\/2020\/07\/25\/assim-como-rafinha-domenec-torrent-e-citado-em-livro-de-guardiola-veja-os-trechos\/"},"wordCount":520,"commentCount":6,"image":{"@id":"https:\/\/www.gaveanews.com\/index.php\/2020\/07\/25\/assim-como-rafinha-domenec-torrent-e-citado-em-livro-de-guardiola-veja-os-trechos\/#primaryimage"},"thumbnailUrl":"https:\/\/www.gaveanews.com\/wp-content\/uploads\/Rafinha-durante-uma-partida-do-Flamengo.webp","articleSection":["Flamengo"],"inLanguage":"pt-BR","potentialAction":[{"@type":"CommentAction","name":"Comment","target":["https:\/\/www.gaveanews.com\/index.php\/2020\/07\/25\/assim-como-rafinha-domenec-torrent-e-citado-em-livro-de-guardiola-veja-os-trechos\/#respond"]}],"copyrightYear":"2020","copyrightHolder":{"@id":"https:\/\/www.gaveanews.com\/#organization"}},{"@type":"WebPage","@id":"https:\/\/www.gaveanews.com\/index.php\/2020\/07\/25\/assim-como-rafinha-domenec-torrent-e-citado-em-livro-de-guardiola-veja-os-trechos\/","url":"https:\/\/www.gaveanews.com\/index.php\/2020\/07\/25\/assim-como-rafinha-domenec-torrent-e-citado-em-livro-de-guardiola-veja-os-trechos\/","name":"Assim como Rafinha, Dom\u00e8nec Torrent \u00e9 citado em livro de Guardiola","isPartOf":{"@id":"https:\/\/www.gaveanews.com\/#website"},"primaryImageOfPage":{"@id":"https:\/\/www.gaveanews.com\/index.php\/2020\/07\/25\/assim-como-rafinha-domenec-torrent-e-citado-em-livro-de-guardiola-veja-os-trechos\/#primaryimage"},"image":{"@id":"https:\/\/www.gaveanews.com\/index.php\/2020\/07\/25\/assim-como-rafinha-domenec-torrent-e-citado-em-livro-de-guardiola-veja-os-trechos\/#primaryimage"},"thumbnailUrl":"https:\/\/www.gaveanews.com\/wp-content\/uploads\/Rafinha-durante-uma-partida-do-Flamengo.webp","datePublished":"2020-07-26T02:20:48+00:00","dateModified":"2020-07-26T02:20:50+00:00","author":{"@id":"https:\/\/www.gaveanews.com\/#\/schema\/person\/2ec14f73fb96be2caf28f91afb14749d"},"description":"No livro, o contexto mostra uma partida em que Pep Guardiola, ainda pelo Bayern de Munique, enfrenta Jos\u00e9 Mourinho, que defendia o Chelsea.","breadcrumb":{"@id":"https:\/\/www.gaveanews.com\/index.php\/2020\/07\/25\/assim-como-rafinha-domenec-torrent-e-citado-em-livro-de-guardiola-veja-os-trechos\/#breadcrumb"},"inLanguage":"pt-BR","potentialAction":[{"@type":"ReadAction","target":["https:\/\/www.gaveanews.com\/index.php\/2020\/07\/25\/assim-como-rafinha-domenec-torrent-e-citado-em-livro-de-guardiola-veja-os-trechos\/"]}]},{"@type":"ImageObject","inLanguage":"pt-BR","@id":"https:\/\/www.gaveanews.com\/index.php\/2020\/07\/25\/assim-como-rafinha-domenec-torrent-e-citado-em-livro-de-guardiola-veja-os-trechos\/#primaryimage","url":"https:\/\/www.gaveanews.com\/wp-content\/uploads\/Rafinha-durante-uma-partida-do-Flamengo.webp","contentUrl":"https:\/\/www.gaveanews.com\/wp-content\/uploads\/Rafinha-durante-uma-partida-do-Flamengo.webp","width":900,"height":600,"caption":"Rafinha durante uma partida do Flamengo (Foto: Alexandre Vidal\/Flamengo)"},{"@type":"BreadcrumbList","@id":"https:\/\/www.gaveanews.com\/index.php\/2020\/07\/25\/assim-como-rafinha-domenec-torrent-e-citado-em-livro-de-guardiola-veja-os-trechos\/#breadcrumb","itemListElement":[{"@type":"ListItem","position":1,"name":"Home","item":"https:\/\/www.gaveanews.com\/"},{"@type":"ListItem","position":2,"name":"Assim como Rafinha, Dom\u00e8nec Torrent \u00e9 citado em livro de Guardiola; veja os trechos"}]},{"@type":"WebSite","@id":"https:\/\/www.gaveanews.com\/#website","url":"https:\/\/www.gaveanews.com\/","name":"G\u00e1vea News","description":"Veja todas as not\u00edcias sobre o Flamengo: Contrata\u00e7\u00f5es, categorias de base, resultados das partidas, tabela de classifica\u00e7\u00e3o, pr\u00f3ximos jogos!","potentialAction":[{"@type":"SearchAction","target":{"@type":"EntryPoint","urlTemplate":"https:\/\/www.gaveanews.com\/?s={search_term_string}"},"query-input":{"@type":"PropertyValueSpecification","valueRequired":true,"valueName":"search_term_string"}}],"inLanguage":"pt-BR"},{"@type":"Person","@id":"https:\/\/www.gaveanews.com\/#\/schema\/person\/2ec14f73fb96be2caf28f91afb14749d","name":"Equipe G\u00e1vea News","image":{"@type":"ImageObject","inLanguage":"pt-BR","@id":"https:\/\/www.gaveanews.com\/#\/schema\/person\/image\/","url":"https:\/\/secure.gravatar.com\/avatar\/1e1956f1facbffd3f8fa53a326721950116b3b9dc9bd44939c01180fd4a745a9?s=96&d=mm&r=g","contentUrl":"https:\/\/secure.gravatar.com\/avatar\/1e1956f1facbffd3f8fa53a326721950116b3b9dc9bd44939c01180fd4a745a9?s=96&d=mm&r=g","caption":"Equipe G\u00e1vea News"}}]}},"_links":{"self":[{"href":"https:\/\/www.gaveanews.com\/index.php\/wp-json\/wp\/v2\/posts\/44230","targetHints":{"allow":["GET"]}}],"collection":[{"href":"https:\/\/www.gaveanews.com\/index.php\/wp-json\/wp\/v2\/posts"}],"about":[{"href":"https:\/\/www.gaveanews.com\/index.php\/wp-json\/wp\/v2\/types\/post"}],"author":[{"embeddable":true,"href":"https:\/\/www.gaveanews.com\/index.php\/wp-json\/wp\/v2\/users\/1"}],"replies":[{"embeddable":true,"href":"https:\/\/www.gaveanews.com\/index.php\/wp-json\/wp\/v2\/comments?post=44230"}],"version-history":[{"count":0,"href":"https:\/\/www.gaveanews.com\/index.php\/wp-json\/wp\/v2\/posts\/44230\/revisions"}],"wp:featuredmedia":[{"embeddable":true,"href":"https:\/\/www.gaveanews.com\/index.php\/wp-json\/wp\/v2\/media\/28893"}],"wp:attachment":[{"href":"https:\/\/www.gaveanews.com\/index.php\/wp-json\/wp\/v2\/media?parent=44230"}],"wp:term":[{"taxonomy":"category","embeddable":true,"href":"https:\/\/www.gaveanews.com\/index.php\/wp-json\/wp\/v2\/categories?post=44230"},{"taxonomy":"post_tag","embeddable":true,"href":"https:\/\/www.gaveanews.com\/index.php\/wp-json\/wp\/v2\/tags?post=44230"}],"curies":[{"name":"wp","href":"https:\/\/api.w.org\/{rel}","templated":true}]}}