{"id":44239,"date":"2020-07-26T00:42:11","date_gmt":"2020-07-26T03:42:11","guid":{"rendered":"https:\/\/www.gaveanews.com\/?p=44239"},"modified":"2021-08-12T00:44:22","modified_gmt":"2021-08-12T03:44:22","slug":"flamengo-negocia-lateral-por-5-milhoes-de-dolares","status":"publish","type":"post","link":"https:\/\/www.gaveanews.com\/index.php\/2020\/07\/26\/flamengo-negocia-lateral-por-5-milhoes-de-dolares\/","title":{"rendered":"Flamengo negocia lateral por 5 milh\u00f5es de d\u00f3lares"},"content":{"rendered":"\n<p>Conforme publicado h\u00e1 alguns dias, o lateral-esquerdo Pablo Maldini, promessa das categorias de base do Flamengo foi negociado com o Al Wahda, dos Emirados \u00c1rabes. Inicialmente o jogador seria emprestado, entretanto, segundo o jornalista Renan Moura, da R\u00e1dio Globo, a negocia\u00e7\u00e3o sofreu uma reviravolta e Pablo ser\u00e1 comprado pelo Al Wahda. <\/p>\n\n\n\n<p>Ainda segundo informa\u00e7\u00f5es divulgas por Renan, o clube carioca ir\u00e1 receber 5 milh\u00f5es de d\u00f3lares. Na cota\u00e7\u00e3o atual, tal quantia representa 26 milh\u00f5es de reais. <\/p>\n\n\n\n<p>O jogador, inclusive, j\u00e1 embarcou com seu empres\u00e1rio para finalizar os \u00faltimos detalhes e assinar o v\u00ednculo com a nova equipe.<\/p>\n\n\n\n<p>No Flamengo desde 2011, Pablo sempre foi tratado como uma joia. Em 2020 por exemplo, ele foi titular de todas as partidas que foram disputadas antes da paralisa\u00e7\u00e3o do futebol devido a pandemia. <\/p>\n\n\n\n<h2 class=\"wp-block-heading\">Volta dos treinamentos do sub-20<\/h2>\n\n\n\n<p>Conforme dito anteriormente, o futebol foi paralisado por conta do COVID-19. Ap\u00f3s quatro meses sem nenhuma atividade, o elenco do sub-20 ir\u00e1 se reapresentar na pr\u00f3xima quinta-feira (30 de julho). Vale citar que todos os jogadores ser\u00e3o testados e todo o procedimento seguir\u00e1 as orienta\u00e7\u00f5es da OMS.<\/p>\n","protected":false},"excerpt":{"rendered":"<p>Conforme publicado h\u00e1 alguns dias, o lateral-esquerdo Pablo Maldini, promessa das categorias de base do Flamengo foi negociado com o Al Wahda, dos Emirados \u00c1rabes. Inicialmente o jogador seria emprestado, entretanto, segundo o jornalista Renan Moura, da R\u00e1dio Globo, a negocia\u00e7\u00e3o sofreu uma reviravolta e Pablo ser\u00e1 comprado pelo Al Wahda. Ainda segundo informa\u00e7\u00f5es divulgas [&hellip;]<\/p>\n","protected":false},"author":2,"featured_media":43767,"comment_status":"open","ping_status":"closed","sticky":false,"template":"","format":"standard","meta":{"footnotes":""},"categories":[48],"tags":[],"class_list":["post-44239","post","type-post","status-publish","format-standard","has-post-thumbnail","hentry","category-negociacoes"],"yoast_head":"<!-- This site is optimized with the Yoast SEO Premium plugin v24.2 (Yoast SEO v26.9) - https:\/\/yoast.com\/product\/yoast-seo-premium-wordpress\/ -->\n<title>Flamengo negocia lateral por 5 milh\u00f5es de d\u00f3lares<\/title>\n<meta name=\"description\" content=\"O jogador, inclusive, j\u00e1 embarcou com seu empres\u00e1rio para finalizar os \u00faltimos detalhes e assinar o v\u00ednculo com a nova equipe.\" \/>\n<meta name=\"robots\" content=\"index, follow, max-snippet:-1, max-image-preview:large, max-video-preview:-1\" \/>\n<link rel=\"canonical\" href=\"https:\/\/www.gaveanews.com\/index.php\/2020\/07\/26\/flamengo-negocia-lateral-por-5-milhoes-de-dolares\/\" \/>\n<meta property=\"og:locale\" content=\"pt_BR\" \/>\n<meta property=\"og:type\" content=\"article\" \/>\n<meta property=\"og:title\" content=\"Flamengo negocia lateral por 5 milh\u00f5es de d\u00f3lares\" \/>\n<meta property=\"og:description\" content=\"O jogador, inclusive, j\u00e1 embarcou com seu empres\u00e1rio para finalizar os \u00faltimos detalhes e assinar o v\u00ednculo com a nova equipe.\" \/>\n<meta property=\"og:url\" content=\"https:\/\/www.gaveanews.com\/index.php\/2020\/07\/26\/flamengo-negocia-lateral-por-5-milhoes-de-dolares\/\" \/>\n<meta property=\"og:site_name\" content=\"G\u00e1vea News\" \/>\n<meta property=\"article:publisher\" content=\"https:\/\/facebook.com\/gaveaNews\/\" \/>\n<meta property=\"article:published_time\" content=\"2020-07-26T03:42:11+00:00\" \/>\n<meta property=\"article:modified_time\" content=\"2021-08-12T03:44:22+00:00\" \/>\n<meta property=\"og:image\" content=\"https:\/\/www.gaveanews.com\/wp-content\/uploads\/Maldini-posa-para-foto-com-a-camisa-do-Flamengo.webp\" \/>\n\t<meta property=\"og:image:width\" content=\"744\" \/>\n\t<meta property=\"og:image:height\" content=\"1080\" \/>\n\t<meta property=\"og:image:type\" content=\"image\/jpeg\" \/>\n<meta name=\"author\" content=\"Hugo Nogueira\" \/>\n<meta name=\"twitter:card\" content=\"summary_large_image\" \/>\n<meta name=\"twitter:label1\" content=\"Escrito por\" \/>\n\t<meta name=\"twitter:data1\" content=\"Hugo Nogueira\" \/>\n\t<meta name=\"twitter:label2\" content=\"Est. tempo de leitura\" \/>\n\t<meta name=\"twitter:data2\" content=\"1 minuto\" \/>\n<script type=\"application\/ld+json\" class=\"yoast-schema-graph\">{\"@context\":\"https:\/\/schema.org\",\"@graph\":[{\"@type\":\"NewsArticle\",\"@id\":\"https:\/\/www.gaveanews.com\/index.php\/2020\/07\/26\/flamengo-negocia-lateral-por-5-milhoes-de-dolares\/#article\",\"isPartOf\":{\"@id\":\"https:\/\/www.gaveanews.com\/index.php\/2020\/07\/26\/flamengo-negocia-lateral-por-5-milhoes-de-dolares\/\"},\"author\":{\"name\":\"Hugo Nogueira\",\"@id\":\"https:\/\/www.gaveanews.com\/#\/schema\/person\/3a0372021fabaeec4e7e4242cfa27841\"},\"headline\":\"Flamengo negocia lateral por 5 milh\u00f5es de d\u00f3lares\",\"datePublished\":\"2020-07-26T03:42:11+00:00\",\"dateModified\":\"2021-08-12T03:44:22+00:00\",\"mainEntityOfPage\":{\"@id\":\"https:\/\/www.gaveanews.com\/index.php\/2020\/07\/26\/flamengo-negocia-lateral-por-5-milhoes-de-dolares\/\"},\"wordCount\":200,\"commentCount\":14,\"image\":{\"@id\":\"https:\/\/www.gaveanews.com\/index.php\/2020\/07\/26\/flamengo-negocia-lateral-por-5-milhoes-de-dolares\/#primaryimage\"},\"thumbnailUrl\":\"https:\/\/www.gaveanews.com\/wp-content\/uploads\/Maldini-posa-para-foto-com-a-camisa-do-Flamengo.webp\",\"articleSection\":[\"Negocia\u00e7\u00f5es\"],\"inLanguage\":\"pt-BR\",\"potentialAction\":[{\"@type\":\"CommentAction\",\"name\":\"Comment\",\"target\":[\"https:\/\/www.gaveanews.com\/index.php\/2020\/07\/26\/flamengo-negocia-lateral-por-5-milhoes-de-dolares\/#respond\"]}],\"copyrightYear\":\"2020\",\"copyrightHolder\":{\"@id\":\"https:\/\/www.gaveanews.com\/#organization\"}},{\"@type\":\"WebPage\",\"@id\":\"https:\/\/www.gaveanews.com\/index.php\/2020\/07\/26\/flamengo-negocia-lateral-por-5-milhoes-de-dolares\/\",\"url\":\"https:\/\/www.gaveanews.com\/index.php\/2020\/07\/26\/flamengo-negocia-lateral-por-5-milhoes-de-dolares\/\",\"name\":\"Flamengo negocia lateral por 5 milh\u00f5es de d\u00f3lares\",\"isPartOf\":{\"@id\":\"https:\/\/www.gaveanews.com\/#website\"},\"primaryImageOfPage\":{\"@id\":\"https:\/\/www.gaveanews.com\/index.php\/2020\/07\/26\/flamengo-negocia-lateral-por-5-milhoes-de-dolares\/#primaryimage\"},\"image\":{\"@id\":\"https:\/\/www.gaveanews.com\/index.php\/2020\/07\/26\/flamengo-negocia-lateral-por-5-milhoes-de-dolares\/#primaryimage\"},\"thumbnailUrl\":\"https:\/\/www.gaveanews.com\/wp-content\/uploads\/Maldini-posa-para-foto-com-a-camisa-do-Flamengo.webp\",\"datePublished\":\"2020-07-26T03:42:11+00:00\",\"dateModified\":\"2021-08-12T03:44:22+00:00\",\"author\":{\"@id\":\"https:\/\/www.gaveanews.com\/#\/schema\/person\/3a0372021fabaeec4e7e4242cfa27841\"},\"description\":\"O jogador, inclusive, j\u00e1 embarcou com seu empres\u00e1rio para finalizar os \u00faltimos detalhes e assinar o v\u00ednculo com a nova equipe.\",\"breadcrumb\":{\"@id\":\"https:\/\/www.gaveanews.com\/index.php\/2020\/07\/26\/flamengo-negocia-lateral-por-5-milhoes-de-dolares\/#breadcrumb\"},\"inLanguage\":\"pt-BR\",\"potentialAction\":[{\"@type\":\"ReadAction\",\"target\":[\"https:\/\/www.gaveanews.com\/index.php\/2020\/07\/26\/flamengo-negocia-lateral-por-5-milhoes-de-dolares\/\"]}]},{\"@type\":\"ImageObject\",\"inLanguage\":\"pt-BR\",\"@id\":\"https:\/\/www.gaveanews.com\/index.php\/2020\/07\/26\/flamengo-negocia-lateral-por-5-milhoes-de-dolares\/#primaryimage\",\"url\":\"https:\/\/www.gaveanews.com\/wp-content\/uploads\/Maldini-posa-para-foto-com-a-camisa-do-Flamengo.webp\",\"contentUrl\":\"https:\/\/www.gaveanews.com\/wp-content\/uploads\/Maldini-posa-para-foto-com-a-camisa-do-Flamengo.webp\",\"width\":744,\"height\":1080,\"caption\":\"Maldini posa para foto com a camisa do Flamengo (Foto: Reprodu\u00e7\u00e3o\/Instagram)\"},{\"@type\":\"BreadcrumbList\",\"@id\":\"https:\/\/www.gaveanews.com\/index.php\/2020\/07\/26\/flamengo-negocia-lateral-por-5-milhoes-de-dolares\/#breadcrumb\",\"itemListElement\":[{\"@type\":\"ListItem\",\"position\":1,\"name\":\"Home\",\"item\":\"https:\/\/www.gaveanews.com\/\"},{\"@type\":\"ListItem\",\"position\":2,\"name\":\"Flamengo negocia lateral por 5 milh\u00f5es de d\u00f3lares\"}]},{\"@type\":\"WebSite\",\"@id\":\"https:\/\/www.gaveanews.com\/#website\",\"url\":\"https:\/\/www.gaveanews.com\/\",\"name\":\"G\u00e1vea News\",\"description\":\"Veja todas as not\u00edcias sobre o Flamengo: Contrata\u00e7\u00f5es, categorias de base, resultados das partidas, tabela de classifica\u00e7\u00e3o, pr\u00f3ximos jogos!\",\"potentialAction\":[{\"@type\":\"SearchAction\",\"target\":{\"@type\":\"EntryPoint\",\"urlTemplate\":\"https:\/\/www.gaveanews.com\/?s={search_term_string}\"},\"query-input\":{\"@type\":\"PropertyValueSpecification\",\"valueRequired\":true,\"valueName\":\"search_term_string\"}}],\"inLanguage\":\"pt-BR\"},{\"@type\":\"Person\",\"@id\":\"https:\/\/www.gaveanews.com\/#\/schema\/person\/3a0372021fabaeec4e7e4242cfa27841\",\"name\":\"Hugo Nogueira\",\"image\":{\"@type\":\"ImageObject\",\"inLanguage\":\"pt-BR\",\"@id\":\"https:\/\/www.gaveanews.com\/#\/schema\/person\/image\/\",\"url\":\"https:\/\/secure.gravatar.com\/avatar\/0cdd89f3b47bb55926c08eee2db992845cfdd53f84c9fdd47a49d89b3cd40c0a?s=96&d=mm&r=g\",\"contentUrl\":\"https:\/\/secure.gravatar.com\/avatar\/0cdd89f3b47bb55926c08eee2db992845cfdd53f84c9fdd47a49d89b3cd40c0a?s=96&d=mm&r=g\",\"caption\":\"Hugo Nogueira\"}}]}<\/script>\n<!-- \/ Yoast SEO Premium plugin. -->","yoast_head_json":{"title":"Flamengo negocia lateral por 5 milh\u00f5es de d\u00f3lares","description":"O jogador, inclusive, j\u00e1 embarcou com seu empres\u00e1rio para finalizar os \u00faltimos detalhes e assinar o v\u00ednculo com a nova equipe.","robots":{"index":"index","follow":"follow","max-snippet":"max-snippet:-1","max-image-preview":"max-image-preview:large","max-video-preview":"max-video-preview:-1"},"canonical":"https:\/\/www.gaveanews.com\/index.php\/2020\/07\/26\/flamengo-negocia-lateral-por-5-milhoes-de-dolares\/","og_locale":"pt_BR","og_type":"article","og_title":"Flamengo negocia lateral por 5 milh\u00f5es de d\u00f3lares","og_description":"O jogador, inclusive, j\u00e1 embarcou com seu empres\u00e1rio para finalizar os \u00faltimos detalhes e assinar o v\u00ednculo com a nova equipe.","og_url":"https:\/\/www.gaveanews.com\/index.php\/2020\/07\/26\/flamengo-negocia-lateral-por-5-milhoes-de-dolares\/","og_site_name":"G\u00e1vea News","article_publisher":"https:\/\/facebook.com\/gaveaNews\/","article_published_time":"2020-07-26T03:42:11+00:00","article_modified_time":"2021-08-12T03:44:22+00:00","og_image":[{"width":744,"height":1080,"url":"https:\/\/www.gaveanews.com\/wp-content\/uploads\/Maldini-posa-para-foto-com-a-camisa-do-Flamengo.webp","type":"image\/jpeg"}],"author":"Hugo Nogueira","twitter_card":"summary_large_image","twitter_misc":{"Escrito por":"Hugo Nogueira","Est. tempo de leitura":"1 minuto"},"schema":{"@context":"https:\/\/schema.org","@graph":[{"@type":"NewsArticle","@id":"https:\/\/www.gaveanews.com\/index.php\/2020\/07\/26\/flamengo-negocia-lateral-por-5-milhoes-de-dolares\/#article","isPartOf":{"@id":"https:\/\/www.gaveanews.com\/index.php\/2020\/07\/26\/flamengo-negocia-lateral-por-5-milhoes-de-dolares\/"},"author":{"name":"Hugo Nogueira","@id":"https:\/\/www.gaveanews.com\/#\/schema\/person\/3a0372021fabaeec4e7e4242cfa27841"},"headline":"Flamengo negocia lateral por 5 milh\u00f5es de d\u00f3lares","datePublished":"2020-07-26T03:42:11+00:00","dateModified":"2021-08-12T03:44:22+00:00","mainEntityOfPage":{"@id":"https:\/\/www.gaveanews.com\/index.php\/2020\/07\/26\/flamengo-negocia-lateral-por-5-milhoes-de-dolares\/"},"wordCount":200,"commentCount":14,"image":{"@id":"https:\/\/www.gaveanews.com\/index.php\/2020\/07\/26\/flamengo-negocia-lateral-por-5-milhoes-de-dolares\/#primaryimage"},"thumbnailUrl":"https:\/\/www.gaveanews.com\/wp-content\/uploads\/Maldini-posa-para-foto-com-a-camisa-do-Flamengo.webp","articleSection":["Negocia\u00e7\u00f5es"],"inLanguage":"pt-BR","potentialAction":[{"@type":"CommentAction","name":"Comment","target":["https:\/\/www.gaveanews.com\/index.php\/2020\/07\/26\/flamengo-negocia-lateral-por-5-milhoes-de-dolares\/#respond"]}],"copyrightYear":"2020","copyrightHolder":{"@id":"https:\/\/www.gaveanews.com\/#organization"}},{"@type":"WebPage","@id":"https:\/\/www.gaveanews.com\/index.php\/2020\/07\/26\/flamengo-negocia-lateral-por-5-milhoes-de-dolares\/","url":"https:\/\/www.gaveanews.com\/index.php\/2020\/07\/26\/flamengo-negocia-lateral-por-5-milhoes-de-dolares\/","name":"Flamengo negocia lateral por 5 milh\u00f5es de d\u00f3lares","isPartOf":{"@id":"https:\/\/www.gaveanews.com\/#website"},"primaryImageOfPage":{"@id":"https:\/\/www.gaveanews.com\/index.php\/2020\/07\/26\/flamengo-negocia-lateral-por-5-milhoes-de-dolares\/#primaryimage"},"image":{"@id":"https:\/\/www.gaveanews.com\/index.php\/2020\/07\/26\/flamengo-negocia-lateral-por-5-milhoes-de-dolares\/#primaryimage"},"thumbnailUrl":"https:\/\/www.gaveanews.com\/wp-content\/uploads\/Maldini-posa-para-foto-com-a-camisa-do-Flamengo.webp","datePublished":"2020-07-26T03:42:11+00:00","dateModified":"2021-08-12T03:44:22+00:00","author":{"@id":"https:\/\/www.gaveanews.com\/#\/schema\/person\/3a0372021fabaeec4e7e4242cfa27841"},"description":"O jogador, inclusive, j\u00e1 embarcou com seu empres\u00e1rio para finalizar os \u00faltimos detalhes e assinar o v\u00ednculo com a nova equipe.","breadcrumb":{"@id":"https:\/\/www.gaveanews.com\/index.php\/2020\/07\/26\/flamengo-negocia-lateral-por-5-milhoes-de-dolares\/#breadcrumb"},"inLanguage":"pt-BR","potentialAction":[{"@type":"ReadAction","target":["https:\/\/www.gaveanews.com\/index.php\/2020\/07\/26\/flamengo-negocia-lateral-por-5-milhoes-de-dolares\/"]}]},{"@type":"ImageObject","inLanguage":"pt-BR","@id":"https:\/\/www.gaveanews.com\/index.php\/2020\/07\/26\/flamengo-negocia-lateral-por-5-milhoes-de-dolares\/#primaryimage","url":"https:\/\/www.gaveanews.com\/wp-content\/uploads\/Maldini-posa-para-foto-com-a-camisa-do-Flamengo.webp","contentUrl":"https:\/\/www.gaveanews.com\/wp-content\/uploads\/Maldini-posa-para-foto-com-a-camisa-do-Flamengo.webp","width":744,"height":1080,"caption":"Maldini posa para foto com a camisa do Flamengo (Foto: Reprodu\u00e7\u00e3o\/Instagram)"},{"@type":"BreadcrumbList","@id":"https:\/\/www.gaveanews.com\/index.php\/2020\/07\/26\/flamengo-negocia-lateral-por-5-milhoes-de-dolares\/#breadcrumb","itemListElement":[{"@type":"ListItem","position":1,"name":"Home","item":"https:\/\/www.gaveanews.com\/"},{"@type":"ListItem","position":2,"name":"Flamengo negocia lateral por 5 milh\u00f5es de d\u00f3lares"}]},{"@type":"WebSite","@id":"https:\/\/www.gaveanews.com\/#website","url":"https:\/\/www.gaveanews.com\/","name":"G\u00e1vea News","description":"Veja todas as not\u00edcias sobre o Flamengo: Contrata\u00e7\u00f5es, categorias de base, resultados das partidas, tabela de classifica\u00e7\u00e3o, pr\u00f3ximos jogos!","potentialAction":[{"@type":"SearchAction","target":{"@type":"EntryPoint","urlTemplate":"https:\/\/www.gaveanews.com\/?s={search_term_string}"},"query-input":{"@type":"PropertyValueSpecification","valueRequired":true,"valueName":"search_term_string"}}],"inLanguage":"pt-BR"},{"@type":"Person","@id":"https:\/\/www.gaveanews.com\/#\/schema\/person\/3a0372021fabaeec4e7e4242cfa27841","name":"Hugo Nogueira","image":{"@type":"ImageObject","inLanguage":"pt-BR","@id":"https:\/\/www.gaveanews.com\/#\/schema\/person\/image\/","url":"https:\/\/secure.gravatar.com\/avatar\/0cdd89f3b47bb55926c08eee2db992845cfdd53f84c9fdd47a49d89b3cd40c0a?s=96&d=mm&r=g","contentUrl":"https:\/\/secure.gravatar.com\/avatar\/0cdd89f3b47bb55926c08eee2db992845cfdd53f84c9fdd47a49d89b3cd40c0a?s=96&d=mm&r=g","caption":"Hugo Nogueira"}}]}},"_links":{"self":[{"href":"https:\/\/www.gaveanews.com\/index.php\/wp-json\/wp\/v2\/posts\/44239","targetHints":{"allow":["GET"]}}],"collection":[{"href":"https:\/\/www.gaveanews.com\/index.php\/wp-json\/wp\/v2\/posts"}],"about":[{"href":"https:\/\/www.gaveanews.com\/index.php\/wp-json\/wp\/v2\/types\/post"}],"author":[{"embeddable":true,"href":"https:\/\/www.gaveanews.com\/index.php\/wp-json\/wp\/v2\/users\/2"}],"replies":[{"embeddable":true,"href":"https:\/\/www.gaveanews.com\/index.php\/wp-json\/wp\/v2\/comments?post=44239"}],"version-history":[{"count":0,"href":"https:\/\/www.gaveanews.com\/index.php\/wp-json\/wp\/v2\/posts\/44239\/revisions"}],"wp:featuredmedia":[{"embeddable":true,"href":"https:\/\/www.gaveanews.com\/index.php\/wp-json\/wp\/v2\/media\/43767"}],"wp:attachment":[{"href":"https:\/\/www.gaveanews.com\/index.php\/wp-json\/wp\/v2\/media?parent=44239"}],"wp:term":[{"taxonomy":"category","embeddable":true,"href":"https:\/\/www.gaveanews.com\/index.php\/wp-json\/wp\/v2\/categories?post=44239"},{"taxonomy":"post_tag","embeddable":true,"href":"https:\/\/www.gaveanews.com\/index.php\/wp-json\/wp\/v2\/tags?post=44239"}],"curies":[{"name":"wp","href":"https:\/\/api.w.org\/{rel}","templated":true}]}}