{"id":44241,"date":"2020-07-26T01:00:00","date_gmt":"2020-07-26T04:00:00","guid":{"rendered":"https:\/\/www.gaveanews.com\/?p=44241"},"modified":"2020-07-26T00:36:57","modified_gmt":"2020-07-26T03:36:57","slug":"pedro-aponta-quem-serao-os-principais-adversarios-do-flamengo-no-campeonato-brasileiro","status":"publish","type":"post","link":"https:\/\/www.gaveanews.com\/index.php\/2020\/07\/26\/pedro-aponta-quem-serao-os-principais-adversarios-do-flamengo-no-campeonato-brasileiro\/","title":{"rendered":"Pedro aponta quem ser\u00e3o os principais advers\u00e1rios do Flamengo no Campeonato Brasileiro"},"content":{"rendered":"\n<p>O atacante Pedro, do Flamengo, acredita que Palmeiras, Gr\u00eamio e Atl\u00e9tico-MG ser\u00e3o os principais advers\u00e1rios do clube rubro-negro na luta pelo t\u00edtulo brasileiro. O jogador acredita, no entanto, que os r\u00f3tulos de favoritos s\u00f3 valem at\u00e9 o in\u00edcio da competi\u00e7\u00e3o e t\u00eam que ser confirmados a partir de ent\u00e3o.<\/p>\n\n\n\n<p>&#8220;O Palmeiras tem um elenco muito forte. O Gr\u00eamio vem sempre fazendo um bom trabalho, e o Atl\u00e9tico-MG est\u00e1 se preparando muito bem. Antes do in\u00edcio do campeonato, a gente cogita nomes, mas todos tem que mostrar o bom futebol ao longo da temporada, incluindo o Flamengo&#8221;, declarou Pedro em entrevista ao Aqui com Benja, do Fox Sports, que foi exibida hoje.<\/p>\n\n\n\n<p>Ainda na opini\u00e3o de Pedro, a aus\u00eancia de torcida nos est\u00e1dios deve mudar a din\u00e2mica da vantagem dos mandantes no Campeonato Brasileiro. O atacante avalia que isso vai ser bom para o Flamengo em determinados momentos, e ruim, em outros.<\/p>\n\n\n\n<p>&#8220;Quando tem a torcida gritando, o advers\u00e1rio entra diferente, sem press\u00e3o. Sem a torcida, o advers\u00e1rio tem essa vantagem. Mas quando n\u00f3s formos jogar fora, tamb\u00e9m vai ser uma vantagem para gente&#8221;, complementou Pedro.<\/p>\n\n\n\n<h2 class=\"wp-block-heading\">Sa\u00edda de Jorge Jesus<\/h2>\n\n\n\n<p>Pedro afirmou que gostaria que Jorge Jesus continuasse no Flamengo, mas disse respeitar a decis\u00e3o do treinador. Na opini\u00e3o do atacante, o principal diferencial do portugu\u00eas em rela\u00e7\u00e3o a outros treinadores com quem j\u00e1 trabalhou \u00e9 a aten\u00e7\u00e3o aos detalhes.<\/p>\n\n\n\n<p>&#8220;Temos um carinho enorme pelo Mister, quer\u00edamos que ele ficasse. Mas \u00e9 um direito dele, uma escolha pessoal e n\u00f3s respeitamos. Acho que o Flamengo fez de tudo para segur\u00e1-lo aqui. Temos que seguir em frente e continuar com as vit\u00f3rias&#8221;, declarou Pedro.<\/p>\n\n\n\n<p>&#8220;O Mister \u00e9 fascinado pelos detalhes. A cobran\u00e7a diariamente tamb\u00e9m \u00e9 muito grande. Ele tem uma vis\u00e3o muito boa para os detalhes, realmente. Al\u00e9m disso, tem uma parte t\u00e1tica muito boa. Mesmo com pouco tempo com ele aqui no Flamengo, evolui muito como jogador&#8221;, completou.<\/p>\n\n\n\n<p>Retirado de: UOL<\/p>\n","protected":false},"excerpt":{"rendered":"<p>O atacante Pedro, do Flamengo, acredita que Palmeiras, Gr\u00eamio e Atl\u00e9tico-MG ser\u00e3o os principais advers\u00e1rios do clube rubro-negro na luta pelo t\u00edtulo brasileiro. O jogador acredita, no entanto, que os r\u00f3tulos de favoritos s\u00f3 valem at\u00e9 o in\u00edcio da competi\u00e7\u00e3o e t\u00eam que ser confirmados a partir de ent\u00e3o. &#8220;O Palmeiras tem um elenco muito [&hellip;]<\/p>\n","protected":false},"author":1,"featured_media":42698,"comment_status":"open","ping_status":"closed","sticky":false,"template":"","format":"standard","meta":{"footnotes":""},"categories":[47],"tags":[],"class_list":["post-44241","post","type-post","status-publish","format-standard","has-post-thumbnail","hentry","category-destaques"],"yoast_head":"<!-- This site is optimized with the Yoast SEO Premium plugin v24.2 (Yoast SEO v26.9) - https:\/\/yoast.com\/product\/yoast-seo-premium-wordpress\/ -->\n<title>Pedro aponta os principais advers\u00e1rios do Flamengo no Brasileir\u00e3o<\/title>\n<meta name=\"description\" content=\"Ainda na opini\u00e3o de Pedro, a aus\u00eancia de torcida nos est\u00e1dios deve mudar a din\u00e2mica da vantagem dos mandantes no Campeonato Brasileiro.\" \/>\n<meta name=\"robots\" content=\"index, follow, max-snippet:-1, max-image-preview:large, max-video-preview:-1\" \/>\n<link rel=\"canonical\" href=\"https:\/\/www.gaveanews.com\/index.php\/2020\/07\/26\/pedro-aponta-quem-serao-os-principais-adversarios-do-flamengo-no-campeonato-brasileiro\/\" \/>\n<meta property=\"og:locale\" content=\"pt_BR\" \/>\n<meta property=\"og:type\" content=\"article\" \/>\n<meta property=\"og:title\" content=\"Pedro aponta quem ser\u00e3o os principais advers\u00e1rios do Flamengo no Campeonato Brasileiro\" \/>\n<meta property=\"og:description\" content=\"Ainda na opini\u00e3o de Pedro, a aus\u00eancia de torcida nos est\u00e1dios deve mudar a din\u00e2mica da vantagem dos mandantes no Campeonato Brasileiro.\" \/>\n<meta property=\"og:url\" content=\"https:\/\/www.gaveanews.com\/index.php\/2020\/07\/26\/pedro-aponta-quem-serao-os-principais-adversarios-do-flamengo-no-campeonato-brasileiro\/\" \/>\n<meta property=\"og:site_name\" content=\"G\u00e1vea News\" \/>\n<meta property=\"article:publisher\" content=\"https:\/\/facebook.com\/gaveaNews\/\" \/>\n<meta property=\"article:published_time\" content=\"2020-07-26T04:00:00+00:00\" \/>\n<meta property=\"og:image\" content=\"https:\/\/www.gaveanews.com\/wp-content\/uploads\/Pedro-em-acao-pelo-Flamengo.webp\" \/>\n\t<meta property=\"og:image:width\" content=\"1\" \/>\n\t<meta property=\"og:image:height\" content=\"1\" \/>\n\t<meta property=\"og:image:type\" content=\"image\/jpeg\" \/>\n<meta name=\"author\" content=\"Equipe G\u00e1vea News\" \/>\n<meta name=\"twitter:card\" content=\"summary_large_image\" \/>\n<meta name=\"twitter:label1\" content=\"Escrito por\" \/>\n\t<meta name=\"twitter:data1\" content=\"Equipe G\u00e1vea News\" \/>\n\t<meta name=\"twitter:label2\" content=\"Est. tempo de leitura\" \/>\n\t<meta name=\"twitter:data2\" content=\"2 minutos\" \/>\n<script type=\"application\/ld+json\" class=\"yoast-schema-graph\">{\"@context\":\"https:\/\/schema.org\",\"@graph\":[{\"@type\":\"NewsArticle\",\"@id\":\"https:\/\/www.gaveanews.com\/index.php\/2020\/07\/26\/pedro-aponta-quem-serao-os-principais-adversarios-do-flamengo-no-campeonato-brasileiro\/#article\",\"isPartOf\":{\"@id\":\"https:\/\/www.gaveanews.com\/index.php\/2020\/07\/26\/pedro-aponta-quem-serao-os-principais-adversarios-do-flamengo-no-campeonato-brasileiro\/\"},\"author\":{\"name\":\"Equipe G\u00e1vea News\",\"@id\":\"https:\/\/www.gaveanews.com\/#\/schema\/person\/2ec14f73fb96be2caf28f91afb14749d\"},\"headline\":\"Pedro aponta quem ser\u00e3o os principais advers\u00e1rios do Flamengo no Campeonato Brasileiro\",\"datePublished\":\"2020-07-26T04:00:00+00:00\",\"mainEntityOfPage\":{\"@id\":\"https:\/\/www.gaveanews.com\/index.php\/2020\/07\/26\/pedro-aponta-quem-serao-os-principais-adversarios-do-flamengo-no-campeonato-brasileiro\/\"},\"wordCount\":367,\"commentCount\":5,\"image\":{\"@id\":\"https:\/\/www.gaveanews.com\/index.php\/2020\/07\/26\/pedro-aponta-quem-serao-os-principais-adversarios-do-flamengo-no-campeonato-brasileiro\/#primaryimage\"},\"thumbnailUrl\":\"https:\/\/www.gaveanews.com\/wp-content\/uploads\/Pedro-em-acao-pelo-Flamengo.webp\",\"articleSection\":[\"Destaques\"],\"inLanguage\":\"pt-BR\",\"potentialAction\":[{\"@type\":\"CommentAction\",\"name\":\"Comment\",\"target\":[\"https:\/\/www.gaveanews.com\/index.php\/2020\/07\/26\/pedro-aponta-quem-serao-os-principais-adversarios-do-flamengo-no-campeonato-brasileiro\/#respond\"]}],\"copyrightYear\":\"2020\",\"copyrightHolder\":{\"@id\":\"https:\/\/www.gaveanews.com\/#organization\"}},{\"@type\":\"WebPage\",\"@id\":\"https:\/\/www.gaveanews.com\/index.php\/2020\/07\/26\/pedro-aponta-quem-serao-os-principais-adversarios-do-flamengo-no-campeonato-brasileiro\/\",\"url\":\"https:\/\/www.gaveanews.com\/index.php\/2020\/07\/26\/pedro-aponta-quem-serao-os-principais-adversarios-do-flamengo-no-campeonato-brasileiro\/\",\"name\":\"Pedro aponta os principais advers\u00e1rios do Flamengo no Brasileir\u00e3o\",\"isPartOf\":{\"@id\":\"https:\/\/www.gaveanews.com\/#website\"},\"primaryImageOfPage\":{\"@id\":\"https:\/\/www.gaveanews.com\/index.php\/2020\/07\/26\/pedro-aponta-quem-serao-os-principais-adversarios-do-flamengo-no-campeonato-brasileiro\/#primaryimage\"},\"image\":{\"@id\":\"https:\/\/www.gaveanews.com\/index.php\/2020\/07\/26\/pedro-aponta-quem-serao-os-principais-adversarios-do-flamengo-no-campeonato-brasileiro\/#primaryimage\"},\"thumbnailUrl\":\"https:\/\/www.gaveanews.com\/wp-content\/uploads\/Pedro-em-acao-pelo-Flamengo.webp\",\"datePublished\":\"2020-07-26T04:00:00+00:00\",\"author\":{\"@id\":\"https:\/\/www.gaveanews.com\/#\/schema\/person\/2ec14f73fb96be2caf28f91afb14749d\"},\"description\":\"Ainda na opini\u00e3o de Pedro, a aus\u00eancia de torcida nos est\u00e1dios deve mudar a din\u00e2mica da vantagem dos mandantes no Campeonato Brasileiro.\",\"breadcrumb\":{\"@id\":\"https:\/\/www.gaveanews.com\/index.php\/2020\/07\/26\/pedro-aponta-quem-serao-os-principais-adversarios-do-flamengo-no-campeonato-brasileiro\/#breadcrumb\"},\"inLanguage\":\"pt-BR\",\"potentialAction\":[{\"@type\":\"ReadAction\",\"target\":[\"https:\/\/www.gaveanews.com\/index.php\/2020\/07\/26\/pedro-aponta-quem-serao-os-principais-adversarios-do-flamengo-no-campeonato-brasileiro\/\"]}]},{\"@type\":\"ImageObject\",\"inLanguage\":\"pt-BR\",\"@id\":\"https:\/\/www.gaveanews.com\/index.php\/2020\/07\/26\/pedro-aponta-quem-serao-os-principais-adversarios-do-flamengo-no-campeonato-brasileiro\/#primaryimage\",\"url\":\"https:\/\/www.gaveanews.com\/wp-content\/uploads\/Pedro-em-acao-pelo-Flamengo.webp\",\"contentUrl\":\"https:\/\/www.gaveanews.com\/wp-content\/uploads\/Pedro-em-acao-pelo-Flamengo.webp\",\"caption\":\"Pedro em a\u00e7\u00e3o pelo Flamengo (Foto: Alexandre Vidal\/Flamengo)\"},{\"@type\":\"BreadcrumbList\",\"@id\":\"https:\/\/www.gaveanews.com\/index.php\/2020\/07\/26\/pedro-aponta-quem-serao-os-principais-adversarios-do-flamengo-no-campeonato-brasileiro\/#breadcrumb\",\"itemListElement\":[{\"@type\":\"ListItem\",\"position\":1,\"name\":\"Home\",\"item\":\"https:\/\/www.gaveanews.com\/\"},{\"@type\":\"ListItem\",\"position\":2,\"name\":\"Pedro aponta quem ser\u00e3o os principais advers\u00e1rios do Flamengo no Campeonato Brasileiro\"}]},{\"@type\":\"WebSite\",\"@id\":\"https:\/\/www.gaveanews.com\/#website\",\"url\":\"https:\/\/www.gaveanews.com\/\",\"name\":\"G\u00e1vea News\",\"description\":\"Veja todas as not\u00edcias sobre o Flamengo: Contrata\u00e7\u00f5es, categorias de base, resultados das partidas, tabela de classifica\u00e7\u00e3o, pr\u00f3ximos jogos!\",\"potentialAction\":[{\"@type\":\"SearchAction\",\"target\":{\"@type\":\"EntryPoint\",\"urlTemplate\":\"https:\/\/www.gaveanews.com\/?s={search_term_string}\"},\"query-input\":{\"@type\":\"PropertyValueSpecification\",\"valueRequired\":true,\"valueName\":\"search_term_string\"}}],\"inLanguage\":\"pt-BR\"},{\"@type\":\"Person\",\"@id\":\"https:\/\/www.gaveanews.com\/#\/schema\/person\/2ec14f73fb96be2caf28f91afb14749d\",\"name\":\"Equipe G\u00e1vea News\",\"image\":{\"@type\":\"ImageObject\",\"inLanguage\":\"pt-BR\",\"@id\":\"https:\/\/www.gaveanews.com\/#\/schema\/person\/image\/\",\"url\":\"https:\/\/secure.gravatar.com\/avatar\/1e1956f1facbffd3f8fa53a326721950116b3b9dc9bd44939c01180fd4a745a9?s=96&d=mm&r=g\",\"contentUrl\":\"https:\/\/secure.gravatar.com\/avatar\/1e1956f1facbffd3f8fa53a326721950116b3b9dc9bd44939c01180fd4a745a9?s=96&d=mm&r=g\",\"caption\":\"Equipe G\u00e1vea News\"}}]}<\/script>\n<!-- \/ Yoast SEO Premium plugin. -->","yoast_head_json":{"title":"Pedro aponta os principais advers\u00e1rios do Flamengo no Brasileir\u00e3o","description":"Ainda na opini\u00e3o de Pedro, a aus\u00eancia de torcida nos est\u00e1dios deve mudar a din\u00e2mica da vantagem dos mandantes no Campeonato Brasileiro.","robots":{"index":"index","follow":"follow","max-snippet":"max-snippet:-1","max-image-preview":"max-image-preview:large","max-video-preview":"max-video-preview:-1"},"canonical":"https:\/\/www.gaveanews.com\/index.php\/2020\/07\/26\/pedro-aponta-quem-serao-os-principais-adversarios-do-flamengo-no-campeonato-brasileiro\/","og_locale":"pt_BR","og_type":"article","og_title":"Pedro aponta quem ser\u00e3o os principais advers\u00e1rios do Flamengo no Campeonato Brasileiro","og_description":"Ainda na opini\u00e3o de Pedro, a aus\u00eancia de torcida nos est\u00e1dios deve mudar a din\u00e2mica da vantagem dos mandantes no Campeonato Brasileiro.","og_url":"https:\/\/www.gaveanews.com\/index.php\/2020\/07\/26\/pedro-aponta-quem-serao-os-principais-adversarios-do-flamengo-no-campeonato-brasileiro\/","og_site_name":"G\u00e1vea News","article_publisher":"https:\/\/facebook.com\/gaveaNews\/","article_published_time":"2020-07-26T04:00:00+00:00","og_image":[{"url":"https:\/\/www.gaveanews.com\/wp-content\/uploads\/Pedro-em-acao-pelo-Flamengo.webp","width":1,"height":1,"type":"image\/jpeg"}],"author":"Equipe G\u00e1vea News","twitter_card":"summary_large_image","twitter_misc":{"Escrito por":"Equipe G\u00e1vea News","Est. tempo de leitura":"2 minutos"},"schema":{"@context":"https:\/\/schema.org","@graph":[{"@type":"NewsArticle","@id":"https:\/\/www.gaveanews.com\/index.php\/2020\/07\/26\/pedro-aponta-quem-serao-os-principais-adversarios-do-flamengo-no-campeonato-brasileiro\/#article","isPartOf":{"@id":"https:\/\/www.gaveanews.com\/index.php\/2020\/07\/26\/pedro-aponta-quem-serao-os-principais-adversarios-do-flamengo-no-campeonato-brasileiro\/"},"author":{"name":"Equipe G\u00e1vea News","@id":"https:\/\/www.gaveanews.com\/#\/schema\/person\/2ec14f73fb96be2caf28f91afb14749d"},"headline":"Pedro aponta quem ser\u00e3o os principais advers\u00e1rios do Flamengo no Campeonato Brasileiro","datePublished":"2020-07-26T04:00:00+00:00","mainEntityOfPage":{"@id":"https:\/\/www.gaveanews.com\/index.php\/2020\/07\/26\/pedro-aponta-quem-serao-os-principais-adversarios-do-flamengo-no-campeonato-brasileiro\/"},"wordCount":367,"commentCount":5,"image":{"@id":"https:\/\/www.gaveanews.com\/index.php\/2020\/07\/26\/pedro-aponta-quem-serao-os-principais-adversarios-do-flamengo-no-campeonato-brasileiro\/#primaryimage"},"thumbnailUrl":"https:\/\/www.gaveanews.com\/wp-content\/uploads\/Pedro-em-acao-pelo-Flamengo.webp","articleSection":["Destaques"],"inLanguage":"pt-BR","potentialAction":[{"@type":"CommentAction","name":"Comment","target":["https:\/\/www.gaveanews.com\/index.php\/2020\/07\/26\/pedro-aponta-quem-serao-os-principais-adversarios-do-flamengo-no-campeonato-brasileiro\/#respond"]}],"copyrightYear":"2020","copyrightHolder":{"@id":"https:\/\/www.gaveanews.com\/#organization"}},{"@type":"WebPage","@id":"https:\/\/www.gaveanews.com\/index.php\/2020\/07\/26\/pedro-aponta-quem-serao-os-principais-adversarios-do-flamengo-no-campeonato-brasileiro\/","url":"https:\/\/www.gaveanews.com\/index.php\/2020\/07\/26\/pedro-aponta-quem-serao-os-principais-adversarios-do-flamengo-no-campeonato-brasileiro\/","name":"Pedro aponta os principais advers\u00e1rios do Flamengo no Brasileir\u00e3o","isPartOf":{"@id":"https:\/\/www.gaveanews.com\/#website"},"primaryImageOfPage":{"@id":"https:\/\/www.gaveanews.com\/index.php\/2020\/07\/26\/pedro-aponta-quem-serao-os-principais-adversarios-do-flamengo-no-campeonato-brasileiro\/#primaryimage"},"image":{"@id":"https:\/\/www.gaveanews.com\/index.php\/2020\/07\/26\/pedro-aponta-quem-serao-os-principais-adversarios-do-flamengo-no-campeonato-brasileiro\/#primaryimage"},"thumbnailUrl":"https:\/\/www.gaveanews.com\/wp-content\/uploads\/Pedro-em-acao-pelo-Flamengo.webp","datePublished":"2020-07-26T04:00:00+00:00","author":{"@id":"https:\/\/www.gaveanews.com\/#\/schema\/person\/2ec14f73fb96be2caf28f91afb14749d"},"description":"Ainda na opini\u00e3o de Pedro, a aus\u00eancia de torcida nos est\u00e1dios deve mudar a din\u00e2mica da vantagem dos mandantes no Campeonato Brasileiro.","breadcrumb":{"@id":"https:\/\/www.gaveanews.com\/index.php\/2020\/07\/26\/pedro-aponta-quem-serao-os-principais-adversarios-do-flamengo-no-campeonato-brasileiro\/#breadcrumb"},"inLanguage":"pt-BR","potentialAction":[{"@type":"ReadAction","target":["https:\/\/www.gaveanews.com\/index.php\/2020\/07\/26\/pedro-aponta-quem-serao-os-principais-adversarios-do-flamengo-no-campeonato-brasileiro\/"]}]},{"@type":"ImageObject","inLanguage":"pt-BR","@id":"https:\/\/www.gaveanews.com\/index.php\/2020\/07\/26\/pedro-aponta-quem-serao-os-principais-adversarios-do-flamengo-no-campeonato-brasileiro\/#primaryimage","url":"https:\/\/www.gaveanews.com\/wp-content\/uploads\/Pedro-em-acao-pelo-Flamengo.webp","contentUrl":"https:\/\/www.gaveanews.com\/wp-content\/uploads\/Pedro-em-acao-pelo-Flamengo.webp","caption":"Pedro em a\u00e7\u00e3o pelo Flamengo (Foto: Alexandre Vidal\/Flamengo)"},{"@type":"BreadcrumbList","@id":"https:\/\/www.gaveanews.com\/index.php\/2020\/07\/26\/pedro-aponta-quem-serao-os-principais-adversarios-do-flamengo-no-campeonato-brasileiro\/#breadcrumb","itemListElement":[{"@type":"ListItem","position":1,"name":"Home","item":"https:\/\/www.gaveanews.com\/"},{"@type":"ListItem","position":2,"name":"Pedro aponta quem ser\u00e3o os principais advers\u00e1rios do Flamengo no Campeonato Brasileiro"}]},{"@type":"WebSite","@id":"https:\/\/www.gaveanews.com\/#website","url":"https:\/\/www.gaveanews.com\/","name":"G\u00e1vea News","description":"Veja todas as not\u00edcias sobre o Flamengo: Contrata\u00e7\u00f5es, categorias de base, resultados das partidas, tabela de classifica\u00e7\u00e3o, pr\u00f3ximos jogos!","potentialAction":[{"@type":"SearchAction","target":{"@type":"EntryPoint","urlTemplate":"https:\/\/www.gaveanews.com\/?s={search_term_string}"},"query-input":{"@type":"PropertyValueSpecification","valueRequired":true,"valueName":"search_term_string"}}],"inLanguage":"pt-BR"},{"@type":"Person","@id":"https:\/\/www.gaveanews.com\/#\/schema\/person\/2ec14f73fb96be2caf28f91afb14749d","name":"Equipe G\u00e1vea News","image":{"@type":"ImageObject","inLanguage":"pt-BR","@id":"https:\/\/www.gaveanews.com\/#\/schema\/person\/image\/","url":"https:\/\/secure.gravatar.com\/avatar\/1e1956f1facbffd3f8fa53a326721950116b3b9dc9bd44939c01180fd4a745a9?s=96&d=mm&r=g","contentUrl":"https:\/\/secure.gravatar.com\/avatar\/1e1956f1facbffd3f8fa53a326721950116b3b9dc9bd44939c01180fd4a745a9?s=96&d=mm&r=g","caption":"Equipe G\u00e1vea News"}}]}},"_links":{"self":[{"href":"https:\/\/www.gaveanews.com\/index.php\/wp-json\/wp\/v2\/posts\/44241","targetHints":{"allow":["GET"]}}],"collection":[{"href":"https:\/\/www.gaveanews.com\/index.php\/wp-json\/wp\/v2\/posts"}],"about":[{"href":"https:\/\/www.gaveanews.com\/index.php\/wp-json\/wp\/v2\/types\/post"}],"author":[{"embeddable":true,"href":"https:\/\/www.gaveanews.com\/index.php\/wp-json\/wp\/v2\/users\/1"}],"replies":[{"embeddable":true,"href":"https:\/\/www.gaveanews.com\/index.php\/wp-json\/wp\/v2\/comments?post=44241"}],"version-history":[{"count":0,"href":"https:\/\/www.gaveanews.com\/index.php\/wp-json\/wp\/v2\/posts\/44241\/revisions"}],"wp:featuredmedia":[{"embeddable":true,"href":"https:\/\/www.gaveanews.com\/index.php\/wp-json\/wp\/v2\/media\/42698"}],"wp:attachment":[{"href":"https:\/\/www.gaveanews.com\/index.php\/wp-json\/wp\/v2\/media?parent=44241"}],"wp:term":[{"taxonomy":"category","embeddable":true,"href":"https:\/\/www.gaveanews.com\/index.php\/wp-json\/wp\/v2\/categories?post=44241"},{"taxonomy":"post_tag","embeddable":true,"href":"https:\/\/www.gaveanews.com\/index.php\/wp-json\/wp\/v2\/tags?post=44241"}],"curies":[{"name":"wp","href":"https:\/\/api.w.org\/{rel}","templated":true}]}}