{"id":44260,"date":"2020-07-26T19:50:00","date_gmt":"2020-07-26T22:50:00","guid":{"rendered":"https:\/\/www.gaveanews.com\/?p=44260"},"modified":"2020-07-26T19:03:16","modified_gmt":"2020-07-26T22:03:16","slug":"flamengo-encontra-concorrencia-de-europeus-por-treinadores","status":"publish","type":"post","link":"https:\/\/www.gaveanews.com\/index.php\/2020\/07\/26\/flamengo-encontra-concorrencia-de-europeus-por-treinadores\/","title":{"rendered":"Flamengo encontra concorr\u00eancia de europeus por treinadores"},"content":{"rendered":"\n<p>Na busca por um t\u00e9cnico para ocupar a vaga deixada por Jorge Jesus, o Flamengo ter\u00e1 um obst\u00e1culo a mais. Com uma predile\u00e7\u00e3o por treinadores estrangeiros, o Rubro-Negro ter\u00e1 de enfrentar tamb\u00e9m a concorr\u00eancia europeia para assinar v\u00ednculo com o novo comandante.<\/p>\n\n\n\n<p>Um dos preferidos da diretoria, Carlos Carvalhal terminou o Campeonato Portugu\u00eas valorizado ap\u00f3s classificar o Rio Ave para a pr\u00f3xima edi\u00e7\u00e3o da Liga Europa. Depois da partida de ontem (25), contra o Boa Vista, o pr\u00f3prio treinador admitiu que chegaram muitas propostas concretas. O Braga, de Portugal, por exemplo, tem interesse no t\u00e9cnico.<\/p>\n\n\n\n<p>\u201cTenho diversas propostas, do Brasil, da Inglaterra, diversos pa\u00edses, isso \u00e9 um sinal de que querem que eu transporte os conceitos implementado no Rio Ave nos seus respectivos clubes, sempre disse aos jogadores que n\u00e3o \u00e9 s\u00f3 ganhar, mas como ganhar\u201d, disse \u00e0 imprensa portuguesa.<\/p>\n\n\n\n<p>Outro nome na lista do clube da G\u00e1vea, Leonardo Jardim, ex-t\u00e9cnico do M\u00f4naco, da Fran\u00e7a, j\u00e1 indicou a prefer\u00eancia por permanecer na Europa. Marco Silva tamb\u00e9m \u00e9 analisado.<\/p>\n\n\n\n<p>Enquanto a c\u00fapula estuda e avalia possibilidades no mercado, o vice-presidente de Futebol Marcos Braz e o diretor executivo Bruno Spindel, que est\u00e3o na Europa, conversam com alguns nomes. A dupla teve uma reuni\u00e3o inicial com Dom\u00e8nec Torrent, que j\u00e1 foi auxiliar de Pep Guardiola e, atualmente, est\u00e1 sem clube.<\/p>\n\n\n\n<p>Ele, inclusive, pode acabar \u201cganhando pontos\u201d caso os concorrentes pela vaga no Rubro-Negro tenham outras tentadoras ofertas.<\/p>\n\n\n\n<p>Por outro lado, o Flamengo vem sendo constantemente procurado nos \u00faltimos dias para que nomes de treinadores de fora do pa\u00eds sejam oferecidos. A diretoria n\u00e3o descarta nenhum nome em um primeiro momento e o leque de op\u00e7\u00f5es aumenta.<\/p>\n\n\n\n<p>O Flamengo adota cautela nas negocia\u00e7\u00f5es e calma para dar os pr\u00f3ximos passos, mas, ainda assim, pretende ter tudo alinhado com o novo t\u00e9cnico ainda antes do Campeonato Brasileiro. Enquanto isso, o elenco profissional vai sendo comandado por Maur\u00edcio Souza, t\u00e9cnico do Sub-20.<\/p>\n\n\n\n<p>Retirado de: UOL<\/p>\n","protected":false},"excerpt":{"rendered":"<p>Na busca por um t\u00e9cnico para ocupar a vaga deixada por Jorge Jesus, o Flamengo ter\u00e1 um obst\u00e1culo a mais. Com uma predile\u00e7\u00e3o por treinadores estrangeiros, o Rubro-Negro ter\u00e1 de enfrentar tamb\u00e9m a concorr\u00eancia europeia para assinar v\u00ednculo com o novo comandante. Um dos preferidos da diretoria, Carlos Carvalhal terminou o Campeonato Portugu\u00eas valorizado ap\u00f3s [&hellip;]<\/p>\n","protected":false},"author":1,"featured_media":23694,"comment_status":"open","ping_status":"closed","sticky":false,"template":"","format":"standard","meta":{"footnotes":""},"categories":[47],"tags":[],"class_list":["post-44260","post","type-post","status-publish","format-standard","has-post-thumbnail","hentry","category-destaques"],"yoast_head":"<!-- This site is optimized with the Yoast SEO Premium plugin v24.2 (Yoast SEO v26.9) - https:\/\/yoast.com\/product\/yoast-seo-premium-wordpress\/ -->\n<title>Flamengo encontra concorr\u00eancia de europeus por treinadores<\/title>\n<meta name=\"description\" content=\"Ap\u00f3s a sa[ida de Jorge Jesus, o Rubro-Negro ter\u00e1 de enfrentar tamb\u00e9m a concorr\u00eancia europeia para assinar v\u00ednculo com o novo comandante.\" \/>\n<meta name=\"robots\" content=\"index, follow, max-snippet:-1, max-image-preview:large, max-video-preview:-1\" \/>\n<link rel=\"canonical\" href=\"https:\/\/www.gaveanews.com\/index.php\/2020\/07\/26\/flamengo-encontra-concorrencia-de-europeus-por-treinadores\/\" \/>\n<meta property=\"og:locale\" content=\"pt_BR\" \/>\n<meta property=\"og:type\" content=\"article\" \/>\n<meta property=\"og:title\" content=\"Flamengo encontra concorr\u00eancia de europeus por treinadores\" \/>\n<meta property=\"og:description\" content=\"Ap\u00f3s a sa[ida de Jorge Jesus, o Rubro-Negro ter\u00e1 de enfrentar tamb\u00e9m a concorr\u00eancia europeia para assinar v\u00ednculo com o novo comandante.\" \/>\n<meta property=\"og:url\" content=\"https:\/\/www.gaveanews.com\/index.php\/2020\/07\/26\/flamengo-encontra-concorrencia-de-europeus-por-treinadores\/\" \/>\n<meta property=\"og:site_name\" content=\"G\u00e1vea News\" \/>\n<meta property=\"article:publisher\" content=\"https:\/\/facebook.com\/gaveaNews\/\" \/>\n<meta property=\"article:published_time\" content=\"2020-07-26T22:50:00+00:00\" \/>\n<meta property=\"og:image\" content=\"https:\/\/www.gaveanews.com\/wp-content\/uploads\/2019\/07\/Marcos-Braz-durante-coletiva-de-imprensa-no-Ninho-do-Urubu.webp\" \/>\n\t<meta property=\"og:image:width\" content=\"846\" \/>\n\t<meta property=\"og:image:height\" content=\"563\" \/>\n\t<meta property=\"og:image:type\" content=\"image\/jpeg\" \/>\n<meta name=\"author\" content=\"Equipe G\u00e1vea News\" \/>\n<meta name=\"twitter:card\" content=\"summary_large_image\" \/>\n<meta name=\"twitter:label1\" content=\"Escrito por\" \/>\n\t<meta name=\"twitter:data1\" content=\"Equipe G\u00e1vea News\" \/>\n\t<meta name=\"twitter:label2\" content=\"Est. tempo de leitura\" \/>\n\t<meta name=\"twitter:data2\" content=\"2 minutos\" \/>\n<script type=\"application\/ld+json\" class=\"yoast-schema-graph\">{\"@context\":\"https:\/\/schema.org\",\"@graph\":[{\"@type\":\"NewsArticle\",\"@id\":\"https:\/\/www.gaveanews.com\/index.php\/2020\/07\/26\/flamengo-encontra-concorrencia-de-europeus-por-treinadores\/#article\",\"isPartOf\":{\"@id\":\"https:\/\/www.gaveanews.com\/index.php\/2020\/07\/26\/flamengo-encontra-concorrencia-de-europeus-por-treinadores\/\"},\"author\":{\"name\":\"Equipe G\u00e1vea News\",\"@id\":\"https:\/\/www.gaveanews.com\/#\/schema\/person\/2ec14f73fb96be2caf28f91afb14749d\"},\"headline\":\"Flamengo encontra concorr\u00eancia de europeus por treinadores\",\"datePublished\":\"2020-07-26T22:50:00+00:00\",\"mainEntityOfPage\":{\"@id\":\"https:\/\/www.gaveanews.com\/index.php\/2020\/07\/26\/flamengo-encontra-concorrencia-de-europeus-por-treinadores\/\"},\"wordCount\":355,\"commentCount\":20,\"image\":{\"@id\":\"https:\/\/www.gaveanews.com\/index.php\/2020\/07\/26\/flamengo-encontra-concorrencia-de-europeus-por-treinadores\/#primaryimage\"},\"thumbnailUrl\":\"https:\/\/www.gaveanews.com\/wp-content\/uploads\/2019\/07\/Marcos-Braz-durante-coletiva-de-imprensa-no-Ninho-do-Urubu.webp\",\"articleSection\":[\"Destaques\"],\"inLanguage\":\"pt-BR\",\"potentialAction\":[{\"@type\":\"CommentAction\",\"name\":\"Comment\",\"target\":[\"https:\/\/www.gaveanews.com\/index.php\/2020\/07\/26\/flamengo-encontra-concorrencia-de-europeus-por-treinadores\/#respond\"]}],\"copyrightYear\":\"2020\",\"copyrightHolder\":{\"@id\":\"https:\/\/www.gaveanews.com\/#organization\"}},{\"@type\":\"WebPage\",\"@id\":\"https:\/\/www.gaveanews.com\/index.php\/2020\/07\/26\/flamengo-encontra-concorrencia-de-europeus-por-treinadores\/\",\"url\":\"https:\/\/www.gaveanews.com\/index.php\/2020\/07\/26\/flamengo-encontra-concorrencia-de-europeus-por-treinadores\/\",\"name\":\"Flamengo encontra concorr\u00eancia de europeus por treinadores\",\"isPartOf\":{\"@id\":\"https:\/\/www.gaveanews.com\/#website\"},\"primaryImageOfPage\":{\"@id\":\"https:\/\/www.gaveanews.com\/index.php\/2020\/07\/26\/flamengo-encontra-concorrencia-de-europeus-por-treinadores\/#primaryimage\"},\"image\":{\"@id\":\"https:\/\/www.gaveanews.com\/index.php\/2020\/07\/26\/flamengo-encontra-concorrencia-de-europeus-por-treinadores\/#primaryimage\"},\"thumbnailUrl\":\"https:\/\/www.gaveanews.com\/wp-content\/uploads\/2019\/07\/Marcos-Braz-durante-coletiva-de-imprensa-no-Ninho-do-Urubu.webp\",\"datePublished\":\"2020-07-26T22:50:00+00:00\",\"author\":{\"@id\":\"https:\/\/www.gaveanews.com\/#\/schema\/person\/2ec14f73fb96be2caf28f91afb14749d\"},\"description\":\"Ap\u00f3s a sa[ida de Jorge Jesus, o Rubro-Negro ter\u00e1 de enfrentar tamb\u00e9m a concorr\u00eancia europeia para assinar v\u00ednculo com o novo comandante.\",\"breadcrumb\":{\"@id\":\"https:\/\/www.gaveanews.com\/index.php\/2020\/07\/26\/flamengo-encontra-concorrencia-de-europeus-por-treinadores\/#breadcrumb\"},\"inLanguage\":\"pt-BR\",\"potentialAction\":[{\"@type\":\"ReadAction\",\"target\":[\"https:\/\/www.gaveanews.com\/index.php\/2020\/07\/26\/flamengo-encontra-concorrencia-de-europeus-por-treinadores\/\"]}]},{\"@type\":\"ImageObject\",\"inLanguage\":\"pt-BR\",\"@id\":\"https:\/\/www.gaveanews.com\/index.php\/2020\/07\/26\/flamengo-encontra-concorrencia-de-europeus-por-treinadores\/#primaryimage\",\"url\":\"https:\/\/www.gaveanews.com\/wp-content\/uploads\/2019\/07\/Marcos-Braz-durante-coletiva-de-imprensa-no-Ninho-do-Urubu.webp\",\"contentUrl\":\"https:\/\/www.gaveanews.com\/wp-content\/uploads\/2019\/07\/Marcos-Braz-durante-coletiva-de-imprensa-no-Ninho-do-Urubu.webp\",\"width\":846,\"height\":563,\"caption\":\"Marcos Braz durante coletiva de imprensa no Ninho do Urubu (Foto: Alexandre Vidal\/Flamengo)\"},{\"@type\":\"BreadcrumbList\",\"@id\":\"https:\/\/www.gaveanews.com\/index.php\/2020\/07\/26\/flamengo-encontra-concorrencia-de-europeus-por-treinadores\/#breadcrumb\",\"itemListElement\":[{\"@type\":\"ListItem\",\"position\":1,\"name\":\"Home\",\"item\":\"https:\/\/www.gaveanews.com\/\"},{\"@type\":\"ListItem\",\"position\":2,\"name\":\"Flamengo encontra concorr\u00eancia de europeus por treinadores\"}]},{\"@type\":\"WebSite\",\"@id\":\"https:\/\/www.gaveanews.com\/#website\",\"url\":\"https:\/\/www.gaveanews.com\/\",\"name\":\"G\u00e1vea News\",\"description\":\"Veja todas as not\u00edcias sobre o Flamengo: Contrata\u00e7\u00f5es, categorias de base, resultados das partidas, tabela de classifica\u00e7\u00e3o, pr\u00f3ximos jogos!\",\"potentialAction\":[{\"@type\":\"SearchAction\",\"target\":{\"@type\":\"EntryPoint\",\"urlTemplate\":\"https:\/\/www.gaveanews.com\/?s={search_term_string}\"},\"query-input\":{\"@type\":\"PropertyValueSpecification\",\"valueRequired\":true,\"valueName\":\"search_term_string\"}}],\"inLanguage\":\"pt-BR\"},{\"@type\":\"Person\",\"@id\":\"https:\/\/www.gaveanews.com\/#\/schema\/person\/2ec14f73fb96be2caf28f91afb14749d\",\"name\":\"Equipe G\u00e1vea News\",\"image\":{\"@type\":\"ImageObject\",\"inLanguage\":\"pt-BR\",\"@id\":\"https:\/\/www.gaveanews.com\/#\/schema\/person\/image\/\",\"url\":\"https:\/\/secure.gravatar.com\/avatar\/1e1956f1facbffd3f8fa53a326721950116b3b9dc9bd44939c01180fd4a745a9?s=96&d=mm&r=g\",\"contentUrl\":\"https:\/\/secure.gravatar.com\/avatar\/1e1956f1facbffd3f8fa53a326721950116b3b9dc9bd44939c01180fd4a745a9?s=96&d=mm&r=g\",\"caption\":\"Equipe G\u00e1vea News\"}}]}<\/script>\n<!-- \/ Yoast SEO Premium plugin. -->","yoast_head_json":{"title":"Flamengo encontra concorr\u00eancia de europeus por treinadores","description":"Ap\u00f3s a sa[ida de Jorge Jesus, o Rubro-Negro ter\u00e1 de enfrentar tamb\u00e9m a concorr\u00eancia europeia para assinar v\u00ednculo com o novo comandante.","robots":{"index":"index","follow":"follow","max-snippet":"max-snippet:-1","max-image-preview":"max-image-preview:large","max-video-preview":"max-video-preview:-1"},"canonical":"https:\/\/www.gaveanews.com\/index.php\/2020\/07\/26\/flamengo-encontra-concorrencia-de-europeus-por-treinadores\/","og_locale":"pt_BR","og_type":"article","og_title":"Flamengo encontra concorr\u00eancia de europeus por treinadores","og_description":"Ap\u00f3s a sa[ida de Jorge Jesus, o Rubro-Negro ter\u00e1 de enfrentar tamb\u00e9m a concorr\u00eancia europeia para assinar v\u00ednculo com o novo comandante.","og_url":"https:\/\/www.gaveanews.com\/index.php\/2020\/07\/26\/flamengo-encontra-concorrencia-de-europeus-por-treinadores\/","og_site_name":"G\u00e1vea News","article_publisher":"https:\/\/facebook.com\/gaveaNews\/","article_published_time":"2020-07-26T22:50:00+00:00","og_image":[{"width":846,"height":563,"url":"https:\/\/www.gaveanews.com\/wp-content\/uploads\/2019\/07\/Marcos-Braz-durante-coletiva-de-imprensa-no-Ninho-do-Urubu.webp","type":"image\/jpeg"}],"author":"Equipe G\u00e1vea News","twitter_card":"summary_large_image","twitter_misc":{"Escrito por":"Equipe G\u00e1vea News","Est. tempo de leitura":"2 minutos"},"schema":{"@context":"https:\/\/schema.org","@graph":[{"@type":"NewsArticle","@id":"https:\/\/www.gaveanews.com\/index.php\/2020\/07\/26\/flamengo-encontra-concorrencia-de-europeus-por-treinadores\/#article","isPartOf":{"@id":"https:\/\/www.gaveanews.com\/index.php\/2020\/07\/26\/flamengo-encontra-concorrencia-de-europeus-por-treinadores\/"},"author":{"name":"Equipe G\u00e1vea News","@id":"https:\/\/www.gaveanews.com\/#\/schema\/person\/2ec14f73fb96be2caf28f91afb14749d"},"headline":"Flamengo encontra concorr\u00eancia de europeus por treinadores","datePublished":"2020-07-26T22:50:00+00:00","mainEntityOfPage":{"@id":"https:\/\/www.gaveanews.com\/index.php\/2020\/07\/26\/flamengo-encontra-concorrencia-de-europeus-por-treinadores\/"},"wordCount":355,"commentCount":20,"image":{"@id":"https:\/\/www.gaveanews.com\/index.php\/2020\/07\/26\/flamengo-encontra-concorrencia-de-europeus-por-treinadores\/#primaryimage"},"thumbnailUrl":"https:\/\/www.gaveanews.com\/wp-content\/uploads\/2019\/07\/Marcos-Braz-durante-coletiva-de-imprensa-no-Ninho-do-Urubu.webp","articleSection":["Destaques"],"inLanguage":"pt-BR","potentialAction":[{"@type":"CommentAction","name":"Comment","target":["https:\/\/www.gaveanews.com\/index.php\/2020\/07\/26\/flamengo-encontra-concorrencia-de-europeus-por-treinadores\/#respond"]}],"copyrightYear":"2020","copyrightHolder":{"@id":"https:\/\/www.gaveanews.com\/#organization"}},{"@type":"WebPage","@id":"https:\/\/www.gaveanews.com\/index.php\/2020\/07\/26\/flamengo-encontra-concorrencia-de-europeus-por-treinadores\/","url":"https:\/\/www.gaveanews.com\/index.php\/2020\/07\/26\/flamengo-encontra-concorrencia-de-europeus-por-treinadores\/","name":"Flamengo encontra concorr\u00eancia de europeus por treinadores","isPartOf":{"@id":"https:\/\/www.gaveanews.com\/#website"},"primaryImageOfPage":{"@id":"https:\/\/www.gaveanews.com\/index.php\/2020\/07\/26\/flamengo-encontra-concorrencia-de-europeus-por-treinadores\/#primaryimage"},"image":{"@id":"https:\/\/www.gaveanews.com\/index.php\/2020\/07\/26\/flamengo-encontra-concorrencia-de-europeus-por-treinadores\/#primaryimage"},"thumbnailUrl":"https:\/\/www.gaveanews.com\/wp-content\/uploads\/2019\/07\/Marcos-Braz-durante-coletiva-de-imprensa-no-Ninho-do-Urubu.webp","datePublished":"2020-07-26T22:50:00+00:00","author":{"@id":"https:\/\/www.gaveanews.com\/#\/schema\/person\/2ec14f73fb96be2caf28f91afb14749d"},"description":"Ap\u00f3s a sa[ida de Jorge Jesus, o Rubro-Negro ter\u00e1 de enfrentar tamb\u00e9m a concorr\u00eancia europeia para assinar v\u00ednculo com o novo comandante.","breadcrumb":{"@id":"https:\/\/www.gaveanews.com\/index.php\/2020\/07\/26\/flamengo-encontra-concorrencia-de-europeus-por-treinadores\/#breadcrumb"},"inLanguage":"pt-BR","potentialAction":[{"@type":"ReadAction","target":["https:\/\/www.gaveanews.com\/index.php\/2020\/07\/26\/flamengo-encontra-concorrencia-de-europeus-por-treinadores\/"]}]},{"@type":"ImageObject","inLanguage":"pt-BR","@id":"https:\/\/www.gaveanews.com\/index.php\/2020\/07\/26\/flamengo-encontra-concorrencia-de-europeus-por-treinadores\/#primaryimage","url":"https:\/\/www.gaveanews.com\/wp-content\/uploads\/2019\/07\/Marcos-Braz-durante-coletiva-de-imprensa-no-Ninho-do-Urubu.webp","contentUrl":"https:\/\/www.gaveanews.com\/wp-content\/uploads\/2019\/07\/Marcos-Braz-durante-coletiva-de-imprensa-no-Ninho-do-Urubu.webp","width":846,"height":563,"caption":"Marcos Braz durante coletiva de imprensa no Ninho do Urubu (Foto: Alexandre Vidal\/Flamengo)"},{"@type":"BreadcrumbList","@id":"https:\/\/www.gaveanews.com\/index.php\/2020\/07\/26\/flamengo-encontra-concorrencia-de-europeus-por-treinadores\/#breadcrumb","itemListElement":[{"@type":"ListItem","position":1,"name":"Home","item":"https:\/\/www.gaveanews.com\/"},{"@type":"ListItem","position":2,"name":"Flamengo encontra concorr\u00eancia de europeus por treinadores"}]},{"@type":"WebSite","@id":"https:\/\/www.gaveanews.com\/#website","url":"https:\/\/www.gaveanews.com\/","name":"G\u00e1vea News","description":"Veja todas as not\u00edcias sobre o Flamengo: Contrata\u00e7\u00f5es, categorias de base, resultados das partidas, tabela de classifica\u00e7\u00e3o, pr\u00f3ximos jogos!","potentialAction":[{"@type":"SearchAction","target":{"@type":"EntryPoint","urlTemplate":"https:\/\/www.gaveanews.com\/?s={search_term_string}"},"query-input":{"@type":"PropertyValueSpecification","valueRequired":true,"valueName":"search_term_string"}}],"inLanguage":"pt-BR"},{"@type":"Person","@id":"https:\/\/www.gaveanews.com\/#\/schema\/person\/2ec14f73fb96be2caf28f91afb14749d","name":"Equipe G\u00e1vea News","image":{"@type":"ImageObject","inLanguage":"pt-BR","@id":"https:\/\/www.gaveanews.com\/#\/schema\/person\/image\/","url":"https:\/\/secure.gravatar.com\/avatar\/1e1956f1facbffd3f8fa53a326721950116b3b9dc9bd44939c01180fd4a745a9?s=96&d=mm&r=g","contentUrl":"https:\/\/secure.gravatar.com\/avatar\/1e1956f1facbffd3f8fa53a326721950116b3b9dc9bd44939c01180fd4a745a9?s=96&d=mm&r=g","caption":"Equipe G\u00e1vea News"}}]}},"_links":{"self":[{"href":"https:\/\/www.gaveanews.com\/index.php\/wp-json\/wp\/v2\/posts\/44260","targetHints":{"allow":["GET"]}}],"collection":[{"href":"https:\/\/www.gaveanews.com\/index.php\/wp-json\/wp\/v2\/posts"}],"about":[{"href":"https:\/\/www.gaveanews.com\/index.php\/wp-json\/wp\/v2\/types\/post"}],"author":[{"embeddable":true,"href":"https:\/\/www.gaveanews.com\/index.php\/wp-json\/wp\/v2\/users\/1"}],"replies":[{"embeddable":true,"href":"https:\/\/www.gaveanews.com\/index.php\/wp-json\/wp\/v2\/comments?post=44260"}],"version-history":[{"count":0,"href":"https:\/\/www.gaveanews.com\/index.php\/wp-json\/wp\/v2\/posts\/44260\/revisions"}],"wp:featuredmedia":[{"embeddable":true,"href":"https:\/\/www.gaveanews.com\/index.php\/wp-json\/wp\/v2\/media\/23694"}],"wp:attachment":[{"href":"https:\/\/www.gaveanews.com\/index.php\/wp-json\/wp\/v2\/media?parent=44260"}],"wp:term":[{"taxonomy":"category","embeddable":true,"href":"https:\/\/www.gaveanews.com\/index.php\/wp-json\/wp\/v2\/categories?post=44260"},{"taxonomy":"post_tag","embeddable":true,"href":"https:\/\/www.gaveanews.com\/index.php\/wp-json\/wp\/v2\/tags?post=44260"}],"curies":[{"name":"wp","href":"https:\/\/api.w.org\/{rel}","templated":true}]}}