{"id":44266,"date":"2020-07-26T22:34:14","date_gmt":"2020-07-27T01:34:14","guid":{"rendered":"https:\/\/www.gaveanews.com\/?p=44266"},"modified":"2020-07-26T22:34:17","modified_gmt":"2020-07-27T01:34:17","slug":"pedro-diz-respeitar-a-torcida-do-fluminense-mas-afirma-sempre-fui-flamengo","status":"publish","type":"post","link":"https:\/\/www.gaveanews.com\/index.php\/2020\/07\/26\/pedro-diz-respeitar-a-torcida-do-fluminense-mas-afirma-sempre-fui-flamengo\/","title":{"rendered":"Pedro diz respeitar a torcida do Fluminense, mas afirma: &#8216;Sempre fui Flamengo&#8217;"},"content":{"rendered":"\n<p>O atacante Pedro chegou ao Flamengo neste ano, emprestado pela Fiorentina-ITA. No entanto, o jogador j\u00e1 era alvo do Rubro-Negro em 2019, quando ainda atuava pelo Fluminense, mas a equipe das Laranjeiras n\u00e3o quis ouvir a proposta. O camisa 21 admite que queria ter escutado a oferta, mas garante que n\u00e3o ficou chateado com o clube tricolor.<\/p>\n\n\n\n<p>\u201cN\u00e3o (fiquei chateado com o Fluminense). Esse assunto eu expliquei muito bem. O Flamengo sondou, outros clubes tamb\u00e9m. Sentei na mesa do presidente para pedir para ouvir as sondagens. Presidente disse que n\u00e3o queria me vender, continuei trabalhando. Eu s\u00f3 queria ouvir as sondagens. Presidente n\u00e3o liberou e eu respeitei. Assunto resolvido\u201d, disse Pedro em entrevista ao Fox Sports.<\/p>\n\n\n\n<p>Questionado sobre as cobran\u00e7as da torcida do Fluminense, Pedro disse entender o lado do torcedor.<\/p>\n\n\n\n<p>\u201cNo dia a dia nem teve tanto, foi mais na rede social, que o torcedor tem mais contato. \u00c9 normal, respeito a torcida do Fluminense por me cobrar, \u00e9 normal, rivalidade, a torcida ficar chateada com a ida para o rival. A torcida n\u00e3o gosta, mas eu n\u00e3o gosto. Eles est\u00e3o no direito deles\u201d, afirmou.<\/p>\n\n\n\n<p>Pedro tamb\u00e9m garantiu que, desde crian\u00e7a, o Flamengo \u00e9 seu time de cora\u00e7\u00e3o.<\/p>\n\n\n\n<p>&#8220;Meu time sempre foi o Flamengo. Desde crian\u00e7a eu ia para os est\u00e1dios. No jogo contra o Gr\u00eamio, que o Flamengo foi campe\u00e3o brasileiro em 2009, eu estava na arquibancada&#8221;, finalizou.<\/p>\n\n\n\n<p>Retirado de: O Dia<\/p>\n","protected":false},"excerpt":{"rendered":"<p>O atacante Pedro chegou ao Flamengo neste ano, emprestado pela Fiorentina-ITA. No entanto, o jogador j\u00e1 era alvo do Rubro-Negro em 2019, quando ainda atuava pelo Fluminense, mas a equipe das Laranjeiras n\u00e3o quis ouvir a proposta. O camisa 21 admite que queria ter escutado a oferta, mas garante que n\u00e3o ficou chateado com o [&hellip;]<\/p>\n","protected":false},"author":1,"featured_media":42698,"comment_status":"open","ping_status":"closed","sticky":false,"template":"","format":"standard","meta":{"footnotes":""},"categories":[1],"tags":[],"class_list":["post-44266","post","type-post","status-publish","format-standard","has-post-thumbnail","hentry","category-flamengo"],"yoast_head":"<!-- This site is optimized with the Yoast SEO Premium plugin v24.2 (Yoast SEO v26.9) - https:\/\/yoast.com\/product\/yoast-seo-premium-wordpress\/ -->\n<title>Pedro diz respeitar o Fluminense, mas afirma: &#039;Sempre fui Flamengo&#039;<\/title>\n<meta name=\"description\" content=\"O camisa 21 admite que queria ter escutado a oferta do Flamengo, mas garante que n\u00e3o ficou chateado com o clube tricolor.\" \/>\n<meta name=\"robots\" content=\"index, follow, max-snippet:-1, max-image-preview:large, max-video-preview:-1\" \/>\n<link rel=\"canonical\" href=\"https:\/\/www.gaveanews.com\/index.php\/2020\/07\/26\/pedro-diz-respeitar-a-torcida-do-fluminense-mas-afirma-sempre-fui-flamengo\/\" \/>\n<meta property=\"og:locale\" content=\"pt_BR\" \/>\n<meta property=\"og:type\" content=\"article\" \/>\n<meta property=\"og:title\" content=\"Pedro diz respeitar a torcida do Fluminense, mas afirma: &#039;Sempre fui Flamengo&#039;\" \/>\n<meta property=\"og:description\" content=\"O camisa 21 admite que queria ter escutado a oferta do Flamengo, mas garante que n\u00e3o ficou chateado com o clube tricolor.\" \/>\n<meta property=\"og:url\" content=\"https:\/\/www.gaveanews.com\/index.php\/2020\/07\/26\/pedro-diz-respeitar-a-torcida-do-fluminense-mas-afirma-sempre-fui-flamengo\/\" \/>\n<meta property=\"og:site_name\" content=\"G\u00e1vea News\" \/>\n<meta property=\"article:publisher\" content=\"https:\/\/facebook.com\/gaveaNews\/\" \/>\n<meta property=\"article:published_time\" content=\"2020-07-27T01:34:14+00:00\" \/>\n<meta property=\"article:modified_time\" content=\"2020-07-27T01:34:17+00:00\" \/>\n<meta property=\"og:image\" content=\"https:\/\/www.gaveanews.com\/wp-content\/uploads\/Pedro-em-acao-pelo-Flamengo.webp\" \/>\n\t<meta property=\"og:image:width\" content=\"1\" \/>\n\t<meta property=\"og:image:height\" content=\"1\" \/>\n\t<meta property=\"og:image:type\" content=\"image\/jpeg\" \/>\n<meta name=\"author\" content=\"Equipe G\u00e1vea News\" \/>\n<meta name=\"twitter:card\" content=\"summary_large_image\" \/>\n<meta name=\"twitter:label1\" content=\"Escrito por\" \/>\n\t<meta name=\"twitter:data1\" content=\"Equipe G\u00e1vea News\" \/>\n\t<meta name=\"twitter:label2\" content=\"Est. tempo de leitura\" \/>\n\t<meta name=\"twitter:data2\" content=\"1 minuto\" \/>\n<script type=\"application\/ld+json\" class=\"yoast-schema-graph\">{\"@context\":\"https:\/\/schema.org\",\"@graph\":[{\"@type\":\"NewsArticle\",\"@id\":\"https:\/\/www.gaveanews.com\/index.php\/2020\/07\/26\/pedro-diz-respeitar-a-torcida-do-fluminense-mas-afirma-sempre-fui-flamengo\/#article\",\"isPartOf\":{\"@id\":\"https:\/\/www.gaveanews.com\/index.php\/2020\/07\/26\/pedro-diz-respeitar-a-torcida-do-fluminense-mas-afirma-sempre-fui-flamengo\/\"},\"author\":{\"name\":\"Equipe G\u00e1vea News\",\"@id\":\"https:\/\/www.gaveanews.com\/#\/schema\/person\/2ec14f73fb96be2caf28f91afb14749d\"},\"headline\":\"Pedro diz respeitar a torcida do Fluminense, mas afirma: &#8216;Sempre fui Flamengo&#8217;\",\"datePublished\":\"2020-07-27T01:34:14+00:00\",\"dateModified\":\"2020-07-27T01:34:17+00:00\",\"mainEntityOfPage\":{\"@id\":\"https:\/\/www.gaveanews.com\/index.php\/2020\/07\/26\/pedro-diz-respeitar-a-torcida-do-fluminense-mas-afirma-sempre-fui-flamengo\/\"},\"wordCount\":257,\"commentCount\":7,\"image\":{\"@id\":\"https:\/\/www.gaveanews.com\/index.php\/2020\/07\/26\/pedro-diz-respeitar-a-torcida-do-fluminense-mas-afirma-sempre-fui-flamengo\/#primaryimage\"},\"thumbnailUrl\":\"https:\/\/www.gaveanews.com\/wp-content\/uploads\/Pedro-em-acao-pelo-Flamengo.webp\",\"articleSection\":[\"Flamengo\"],\"inLanguage\":\"pt-BR\",\"potentialAction\":[{\"@type\":\"CommentAction\",\"name\":\"Comment\",\"target\":[\"https:\/\/www.gaveanews.com\/index.php\/2020\/07\/26\/pedro-diz-respeitar-a-torcida-do-fluminense-mas-afirma-sempre-fui-flamengo\/#respond\"]}],\"copyrightYear\":\"2020\",\"copyrightHolder\":{\"@id\":\"https:\/\/www.gaveanews.com\/#organization\"}},{\"@type\":\"WebPage\",\"@id\":\"https:\/\/www.gaveanews.com\/index.php\/2020\/07\/26\/pedro-diz-respeitar-a-torcida-do-fluminense-mas-afirma-sempre-fui-flamengo\/\",\"url\":\"https:\/\/www.gaveanews.com\/index.php\/2020\/07\/26\/pedro-diz-respeitar-a-torcida-do-fluminense-mas-afirma-sempre-fui-flamengo\/\",\"name\":\"Pedro diz respeitar o Fluminense, mas afirma: 'Sempre fui Flamengo'\",\"isPartOf\":{\"@id\":\"https:\/\/www.gaveanews.com\/#website\"},\"primaryImageOfPage\":{\"@id\":\"https:\/\/www.gaveanews.com\/index.php\/2020\/07\/26\/pedro-diz-respeitar-a-torcida-do-fluminense-mas-afirma-sempre-fui-flamengo\/#primaryimage\"},\"image\":{\"@id\":\"https:\/\/www.gaveanews.com\/index.php\/2020\/07\/26\/pedro-diz-respeitar-a-torcida-do-fluminense-mas-afirma-sempre-fui-flamengo\/#primaryimage\"},\"thumbnailUrl\":\"https:\/\/www.gaveanews.com\/wp-content\/uploads\/Pedro-em-acao-pelo-Flamengo.webp\",\"datePublished\":\"2020-07-27T01:34:14+00:00\",\"dateModified\":\"2020-07-27T01:34:17+00:00\",\"author\":{\"@id\":\"https:\/\/www.gaveanews.com\/#\/schema\/person\/2ec14f73fb96be2caf28f91afb14749d\"},\"description\":\"O camisa 21 admite que queria ter escutado a oferta do Flamengo, mas garante que n\u00e3o ficou chateado com o clube tricolor.\",\"breadcrumb\":{\"@id\":\"https:\/\/www.gaveanews.com\/index.php\/2020\/07\/26\/pedro-diz-respeitar-a-torcida-do-fluminense-mas-afirma-sempre-fui-flamengo\/#breadcrumb\"},\"inLanguage\":\"pt-BR\",\"potentialAction\":[{\"@type\":\"ReadAction\",\"target\":[\"https:\/\/www.gaveanews.com\/index.php\/2020\/07\/26\/pedro-diz-respeitar-a-torcida-do-fluminense-mas-afirma-sempre-fui-flamengo\/\"]}]},{\"@type\":\"ImageObject\",\"inLanguage\":\"pt-BR\",\"@id\":\"https:\/\/www.gaveanews.com\/index.php\/2020\/07\/26\/pedro-diz-respeitar-a-torcida-do-fluminense-mas-afirma-sempre-fui-flamengo\/#primaryimage\",\"url\":\"https:\/\/www.gaveanews.com\/wp-content\/uploads\/Pedro-em-acao-pelo-Flamengo.webp\",\"contentUrl\":\"https:\/\/www.gaveanews.com\/wp-content\/uploads\/Pedro-em-acao-pelo-Flamengo.webp\",\"caption\":\"Pedro em a\u00e7\u00e3o pelo Flamengo (Foto: Alexandre Vidal\/Flamengo)\"},{\"@type\":\"BreadcrumbList\",\"@id\":\"https:\/\/www.gaveanews.com\/index.php\/2020\/07\/26\/pedro-diz-respeitar-a-torcida-do-fluminense-mas-afirma-sempre-fui-flamengo\/#breadcrumb\",\"itemListElement\":[{\"@type\":\"ListItem\",\"position\":1,\"name\":\"Home\",\"item\":\"https:\/\/www.gaveanews.com\/\"},{\"@type\":\"ListItem\",\"position\":2,\"name\":\"Pedro diz respeitar a torcida do Fluminense, mas afirma: &#8216;Sempre fui Flamengo&#8217;\"}]},{\"@type\":\"WebSite\",\"@id\":\"https:\/\/www.gaveanews.com\/#website\",\"url\":\"https:\/\/www.gaveanews.com\/\",\"name\":\"G\u00e1vea News\",\"description\":\"Veja todas as not\u00edcias sobre o Flamengo: Contrata\u00e7\u00f5es, categorias de base, resultados das partidas, tabela de classifica\u00e7\u00e3o, pr\u00f3ximos jogos!\",\"potentialAction\":[{\"@type\":\"SearchAction\",\"target\":{\"@type\":\"EntryPoint\",\"urlTemplate\":\"https:\/\/www.gaveanews.com\/?s={search_term_string}\"},\"query-input\":{\"@type\":\"PropertyValueSpecification\",\"valueRequired\":true,\"valueName\":\"search_term_string\"}}],\"inLanguage\":\"pt-BR\"},{\"@type\":\"Person\",\"@id\":\"https:\/\/www.gaveanews.com\/#\/schema\/person\/2ec14f73fb96be2caf28f91afb14749d\",\"name\":\"Equipe G\u00e1vea News\",\"image\":{\"@type\":\"ImageObject\",\"inLanguage\":\"pt-BR\",\"@id\":\"https:\/\/www.gaveanews.com\/#\/schema\/person\/image\/\",\"url\":\"https:\/\/secure.gravatar.com\/avatar\/1e1956f1facbffd3f8fa53a326721950116b3b9dc9bd44939c01180fd4a745a9?s=96&d=mm&r=g\",\"contentUrl\":\"https:\/\/secure.gravatar.com\/avatar\/1e1956f1facbffd3f8fa53a326721950116b3b9dc9bd44939c01180fd4a745a9?s=96&d=mm&r=g\",\"caption\":\"Equipe G\u00e1vea News\"}}]}<\/script>\n<!-- \/ Yoast SEO Premium plugin. -->","yoast_head_json":{"title":"Pedro diz respeitar o Fluminense, mas afirma: 'Sempre fui Flamengo'","description":"O camisa 21 admite que queria ter escutado a oferta do Flamengo, mas garante que n\u00e3o ficou chateado com o clube tricolor.","robots":{"index":"index","follow":"follow","max-snippet":"max-snippet:-1","max-image-preview":"max-image-preview:large","max-video-preview":"max-video-preview:-1"},"canonical":"https:\/\/www.gaveanews.com\/index.php\/2020\/07\/26\/pedro-diz-respeitar-a-torcida-do-fluminense-mas-afirma-sempre-fui-flamengo\/","og_locale":"pt_BR","og_type":"article","og_title":"Pedro diz respeitar a torcida do Fluminense, mas afirma: 'Sempre fui Flamengo'","og_description":"O camisa 21 admite que queria ter escutado a oferta do Flamengo, mas garante que n\u00e3o ficou chateado com o clube tricolor.","og_url":"https:\/\/www.gaveanews.com\/index.php\/2020\/07\/26\/pedro-diz-respeitar-a-torcida-do-fluminense-mas-afirma-sempre-fui-flamengo\/","og_site_name":"G\u00e1vea News","article_publisher":"https:\/\/facebook.com\/gaveaNews\/","article_published_time":"2020-07-27T01:34:14+00:00","article_modified_time":"2020-07-27T01:34:17+00:00","og_image":[{"url":"https:\/\/www.gaveanews.com\/wp-content\/uploads\/Pedro-em-acao-pelo-Flamengo.webp","width":1,"height":1,"type":"image\/jpeg"}],"author":"Equipe G\u00e1vea News","twitter_card":"summary_large_image","twitter_misc":{"Escrito por":"Equipe G\u00e1vea News","Est. tempo de leitura":"1 minuto"},"schema":{"@context":"https:\/\/schema.org","@graph":[{"@type":"NewsArticle","@id":"https:\/\/www.gaveanews.com\/index.php\/2020\/07\/26\/pedro-diz-respeitar-a-torcida-do-fluminense-mas-afirma-sempre-fui-flamengo\/#article","isPartOf":{"@id":"https:\/\/www.gaveanews.com\/index.php\/2020\/07\/26\/pedro-diz-respeitar-a-torcida-do-fluminense-mas-afirma-sempre-fui-flamengo\/"},"author":{"name":"Equipe G\u00e1vea News","@id":"https:\/\/www.gaveanews.com\/#\/schema\/person\/2ec14f73fb96be2caf28f91afb14749d"},"headline":"Pedro diz respeitar a torcida do Fluminense, mas afirma: &#8216;Sempre fui Flamengo&#8217;","datePublished":"2020-07-27T01:34:14+00:00","dateModified":"2020-07-27T01:34:17+00:00","mainEntityOfPage":{"@id":"https:\/\/www.gaveanews.com\/index.php\/2020\/07\/26\/pedro-diz-respeitar-a-torcida-do-fluminense-mas-afirma-sempre-fui-flamengo\/"},"wordCount":257,"commentCount":7,"image":{"@id":"https:\/\/www.gaveanews.com\/index.php\/2020\/07\/26\/pedro-diz-respeitar-a-torcida-do-fluminense-mas-afirma-sempre-fui-flamengo\/#primaryimage"},"thumbnailUrl":"https:\/\/www.gaveanews.com\/wp-content\/uploads\/Pedro-em-acao-pelo-Flamengo.webp","articleSection":["Flamengo"],"inLanguage":"pt-BR","potentialAction":[{"@type":"CommentAction","name":"Comment","target":["https:\/\/www.gaveanews.com\/index.php\/2020\/07\/26\/pedro-diz-respeitar-a-torcida-do-fluminense-mas-afirma-sempre-fui-flamengo\/#respond"]}],"copyrightYear":"2020","copyrightHolder":{"@id":"https:\/\/www.gaveanews.com\/#organization"}},{"@type":"WebPage","@id":"https:\/\/www.gaveanews.com\/index.php\/2020\/07\/26\/pedro-diz-respeitar-a-torcida-do-fluminense-mas-afirma-sempre-fui-flamengo\/","url":"https:\/\/www.gaveanews.com\/index.php\/2020\/07\/26\/pedro-diz-respeitar-a-torcida-do-fluminense-mas-afirma-sempre-fui-flamengo\/","name":"Pedro diz respeitar o Fluminense, mas afirma: 'Sempre fui Flamengo'","isPartOf":{"@id":"https:\/\/www.gaveanews.com\/#website"},"primaryImageOfPage":{"@id":"https:\/\/www.gaveanews.com\/index.php\/2020\/07\/26\/pedro-diz-respeitar-a-torcida-do-fluminense-mas-afirma-sempre-fui-flamengo\/#primaryimage"},"image":{"@id":"https:\/\/www.gaveanews.com\/index.php\/2020\/07\/26\/pedro-diz-respeitar-a-torcida-do-fluminense-mas-afirma-sempre-fui-flamengo\/#primaryimage"},"thumbnailUrl":"https:\/\/www.gaveanews.com\/wp-content\/uploads\/Pedro-em-acao-pelo-Flamengo.webp","datePublished":"2020-07-27T01:34:14+00:00","dateModified":"2020-07-27T01:34:17+00:00","author":{"@id":"https:\/\/www.gaveanews.com\/#\/schema\/person\/2ec14f73fb96be2caf28f91afb14749d"},"description":"O camisa 21 admite que queria ter escutado a oferta do Flamengo, mas garante que n\u00e3o ficou chateado com o clube tricolor.","breadcrumb":{"@id":"https:\/\/www.gaveanews.com\/index.php\/2020\/07\/26\/pedro-diz-respeitar-a-torcida-do-fluminense-mas-afirma-sempre-fui-flamengo\/#breadcrumb"},"inLanguage":"pt-BR","potentialAction":[{"@type":"ReadAction","target":["https:\/\/www.gaveanews.com\/index.php\/2020\/07\/26\/pedro-diz-respeitar-a-torcida-do-fluminense-mas-afirma-sempre-fui-flamengo\/"]}]},{"@type":"ImageObject","inLanguage":"pt-BR","@id":"https:\/\/www.gaveanews.com\/index.php\/2020\/07\/26\/pedro-diz-respeitar-a-torcida-do-fluminense-mas-afirma-sempre-fui-flamengo\/#primaryimage","url":"https:\/\/www.gaveanews.com\/wp-content\/uploads\/Pedro-em-acao-pelo-Flamengo.webp","contentUrl":"https:\/\/www.gaveanews.com\/wp-content\/uploads\/Pedro-em-acao-pelo-Flamengo.webp","caption":"Pedro em a\u00e7\u00e3o pelo Flamengo (Foto: Alexandre Vidal\/Flamengo)"},{"@type":"BreadcrumbList","@id":"https:\/\/www.gaveanews.com\/index.php\/2020\/07\/26\/pedro-diz-respeitar-a-torcida-do-fluminense-mas-afirma-sempre-fui-flamengo\/#breadcrumb","itemListElement":[{"@type":"ListItem","position":1,"name":"Home","item":"https:\/\/www.gaveanews.com\/"},{"@type":"ListItem","position":2,"name":"Pedro diz respeitar a torcida do Fluminense, mas afirma: &#8216;Sempre fui Flamengo&#8217;"}]},{"@type":"WebSite","@id":"https:\/\/www.gaveanews.com\/#website","url":"https:\/\/www.gaveanews.com\/","name":"G\u00e1vea News","description":"Veja todas as not\u00edcias sobre o Flamengo: Contrata\u00e7\u00f5es, categorias de base, resultados das partidas, tabela de classifica\u00e7\u00e3o, pr\u00f3ximos jogos!","potentialAction":[{"@type":"SearchAction","target":{"@type":"EntryPoint","urlTemplate":"https:\/\/www.gaveanews.com\/?s={search_term_string}"},"query-input":{"@type":"PropertyValueSpecification","valueRequired":true,"valueName":"search_term_string"}}],"inLanguage":"pt-BR"},{"@type":"Person","@id":"https:\/\/www.gaveanews.com\/#\/schema\/person\/2ec14f73fb96be2caf28f91afb14749d","name":"Equipe G\u00e1vea News","image":{"@type":"ImageObject","inLanguage":"pt-BR","@id":"https:\/\/www.gaveanews.com\/#\/schema\/person\/image\/","url":"https:\/\/secure.gravatar.com\/avatar\/1e1956f1facbffd3f8fa53a326721950116b3b9dc9bd44939c01180fd4a745a9?s=96&d=mm&r=g","contentUrl":"https:\/\/secure.gravatar.com\/avatar\/1e1956f1facbffd3f8fa53a326721950116b3b9dc9bd44939c01180fd4a745a9?s=96&d=mm&r=g","caption":"Equipe G\u00e1vea News"}}]}},"_links":{"self":[{"href":"https:\/\/www.gaveanews.com\/index.php\/wp-json\/wp\/v2\/posts\/44266","targetHints":{"allow":["GET"]}}],"collection":[{"href":"https:\/\/www.gaveanews.com\/index.php\/wp-json\/wp\/v2\/posts"}],"about":[{"href":"https:\/\/www.gaveanews.com\/index.php\/wp-json\/wp\/v2\/types\/post"}],"author":[{"embeddable":true,"href":"https:\/\/www.gaveanews.com\/index.php\/wp-json\/wp\/v2\/users\/1"}],"replies":[{"embeddable":true,"href":"https:\/\/www.gaveanews.com\/index.php\/wp-json\/wp\/v2\/comments?post=44266"}],"version-history":[{"count":0,"href":"https:\/\/www.gaveanews.com\/index.php\/wp-json\/wp\/v2\/posts\/44266\/revisions"}],"wp:featuredmedia":[{"embeddable":true,"href":"https:\/\/www.gaveanews.com\/index.php\/wp-json\/wp\/v2\/media\/42698"}],"wp:attachment":[{"href":"https:\/\/www.gaveanews.com\/index.php\/wp-json\/wp\/v2\/media?parent=44266"}],"wp:term":[{"taxonomy":"category","embeddable":true,"href":"https:\/\/www.gaveanews.com\/index.php\/wp-json\/wp\/v2\/categories?post=44266"},{"taxonomy":"post_tag","embeddable":true,"href":"https:\/\/www.gaveanews.com\/index.php\/wp-json\/wp\/v2\/tags?post=44266"}],"curies":[{"name":"wp","href":"https:\/\/api.w.org\/{rel}","templated":true}]}}