{"id":44270,"date":"2020-07-27T09:33:47","date_gmt":"2020-07-27T12:33:47","guid":{"rendered":"https:\/\/www.gaveanews.com\/?p=44270"},"modified":"2020-07-27T09:33:49","modified_gmt":"2020-07-27T12:33:49","slug":"flamengo-da-sequencia-a-serie-de-reunioes-para-convencer-europeu-a-dirigir-time","status":"publish","type":"post","link":"https:\/\/www.gaveanews.com\/index.php\/2020\/07\/27\/flamengo-da-sequencia-a-serie-de-reunioes-para-convencer-europeu-a-dirigir-time\/","title":{"rendered":"Flamengo d\u00e1 sequ\u00eancia a s\u00e9rie de reuni\u00f5es para convencer europeu a dirigir time"},"content":{"rendered":"\n<p>O Flamengo inicia uma semana que se desenha como decisiva no planejamento para a busca do t\u00e9cnico. Marcos Braz, vice-presidente de Futebol, e Bruno Spindel, diretor executivo, devem se reunir com Carlos Carvalhal e come\u00e7ar a uma nova etapa no processo para achar um substituto de Jorge Jesus. Os dirigentes aproveitam a ida \u00e0 Europa tamb\u00e9m para analisar o mercado e, talvez, &#8220;construir pontes&#8221;.<\/p>\n\n\n\n<p>Ap\u00f3s a conversa com Dom\u00e8nec Torrent, que aconteceu no \u00faltimo s\u00e1bado, na Espanha, a c\u00fapula rubro-negra tem agendado um encontro com o portugu\u00eas Carlos Carvalhal, que desponta como um dos favoritos ao cargo. O bate-papo acontece dias depois do feito de classificar o Rio Ave \u00e0 Liga Europa. A boa campanha no Campeonato Portugu\u00eas, por\u00e9m, pode se tornar um obst\u00e1culo, uma vez que ele est\u00e1 valorizado e admite ter outras propostas. Os cartolas da G\u00e1vea seguem na miss\u00e3o de convencer um nome europeu.<\/p>\n\n\n\n<p>A diretoria j\u00e1 indicou querer evitar que a futura negocia\u00e7\u00e3o se torne &#8220;novela&#8221;. A programa\u00e7\u00e3o inicial \u00e9 de que os dirigentes fiquem cerca de uma semana na Europa e possam retornar j\u00e1 com tudo alinhado, para que o novo t\u00e9cnico assumir ainda antes do in\u00edcio do Campeonato Brasileiro &#8211; estreia do time da G\u00e1vea acontece no dia 9, contra o Atl\u00e9tico-MG, no Maracan\u00e3.<\/p>\n\n\n\n<p>Enquanto caminha nas an\u00e1lises e avalia o mercado, o Flamengo n\u00e3o descarta op\u00e7\u00f5es e pode at\u00e9 estreitar la\u00e7os. Os dirigentes estiveram com o Fernando Hierro, que, como jogador, teve marcante passagem pelo Real Madrid, e foi treinador da Espanha na \u00faltima Copa do Mundo. Mesmo em um primeiro momento n\u00e3o figurando no topo da lista rubro-negra, houve uma troca de ideias. A informa\u00e7\u00e3o foi publicada, inicialmente, pelo site &#8220;Globo Esporte&#8221;.<\/p>\n\n\n\n<p>O mesmo pode acontecer com Leonardo Jardim. Um dos cotados para a lacuna deixada por Jesus, o treinador &#8211; que fez bom trabalho no Monaco, da Fran\u00e7a -, indicou que prefere permanecer na Europa. Ainda assim, uma reuni\u00e3o entre as partes n\u00e3o est\u00e1 descartada.<\/p>\n\n\n\n<p>Jorge Jesus deixou o Flamengo no \u00faltimo dia 17, ap\u00f3s acertar o retorno ao Benfica, de Portugal. Em 13 meses na G\u00e1vea, o t\u00e9cnico acumulou t\u00edtulos, como o Campeonato Brasileiro e Libertadores do ano passado, Supercopa do Brasil, Recopa Sul-Americana e Campeonato Carioca deste ano.<\/p>\n\n\n\n<p>Retirado  de: UOL<\/p>\n","protected":false},"excerpt":{"rendered":"<p>O Flamengo inicia uma semana que se desenha como decisiva no planejamento para a busca do t\u00e9cnico. Marcos Braz, vice-presidente de Futebol, e Bruno Spindel, diretor executivo, devem se reunir com Carlos Carvalhal e come\u00e7ar a uma nova etapa no processo para achar um substituto de Jorge Jesus. Os dirigentes aproveitam a ida \u00e0 Europa [&hellip;]<\/p>\n","protected":false},"author":1,"featured_media":23694,"comment_status":"open","ping_status":"closed","sticky":false,"template":"","format":"standard","meta":{"footnotes":""},"categories":[1],"tags":[],"class_list":["post-44270","post","type-post","status-publish","format-standard","has-post-thumbnail","hentry","category-flamengo"],"yoast_head":"<!-- This site is optimized with the Yoast SEO Premium plugin v24.2 (Yoast SEO v26.9) - https:\/\/yoast.com\/product\/yoast-seo-premium-wordpress\/ -->\n<title>Flamengo d\u00e1 sequ\u00eancia as reuni\u00f5es para convencer europeu a dirigir time<\/title>\n<meta name=\"description\" content=\"Ap\u00f3s a sa\u00edda de Jorge Jesus, o Flamengo inicia uma semana que se desenha como decisiva no planejamento para a busca do t\u00e9cnico.\" \/>\n<meta name=\"robots\" content=\"index, follow, max-snippet:-1, max-image-preview:large, max-video-preview:-1\" \/>\n<link rel=\"canonical\" href=\"https:\/\/www.gaveanews.com\/index.php\/2020\/07\/27\/flamengo-da-sequencia-a-serie-de-reunioes-para-convencer-europeu-a-dirigir-time\/\" \/>\n<meta property=\"og:locale\" content=\"pt_BR\" \/>\n<meta property=\"og:type\" content=\"article\" \/>\n<meta property=\"og:title\" content=\"Flamengo d\u00e1 sequ\u00eancia a s\u00e9rie de reuni\u00f5es para convencer europeu a dirigir time\" \/>\n<meta property=\"og:description\" content=\"Ap\u00f3s a sa\u00edda de Jorge Jesus, o Flamengo inicia uma semana que se desenha como decisiva no planejamento para a busca do t\u00e9cnico.\" \/>\n<meta property=\"og:url\" content=\"https:\/\/www.gaveanews.com\/index.php\/2020\/07\/27\/flamengo-da-sequencia-a-serie-de-reunioes-para-convencer-europeu-a-dirigir-time\/\" \/>\n<meta property=\"og:site_name\" content=\"G\u00e1vea News\" \/>\n<meta property=\"article:publisher\" content=\"https:\/\/facebook.com\/gaveaNews\/\" \/>\n<meta property=\"article:published_time\" content=\"2020-07-27T12:33:47+00:00\" \/>\n<meta property=\"article:modified_time\" content=\"2020-07-27T12:33:49+00:00\" \/>\n<meta property=\"og:image\" content=\"https:\/\/www.gaveanews.com\/wp-content\/uploads\/2019\/07\/Marcos-Braz-durante-coletiva-de-imprensa-no-Ninho-do-Urubu.webp\" \/>\n\t<meta property=\"og:image:width\" content=\"846\" \/>\n\t<meta property=\"og:image:height\" content=\"563\" \/>\n\t<meta property=\"og:image:type\" content=\"image\/jpeg\" \/>\n<meta name=\"author\" content=\"Equipe G\u00e1vea News\" \/>\n<meta name=\"twitter:card\" content=\"summary_large_image\" \/>\n<meta name=\"twitter:label1\" content=\"Escrito por\" \/>\n\t<meta name=\"twitter:data1\" content=\"Equipe G\u00e1vea News\" \/>\n\t<meta name=\"twitter:label2\" content=\"Est. tempo de leitura\" \/>\n\t<meta name=\"twitter:data2\" content=\"2 minutos\" \/>\n<script type=\"application\/ld+json\" class=\"yoast-schema-graph\">{\"@context\":\"https:\/\/schema.org\",\"@graph\":[{\"@type\":\"NewsArticle\",\"@id\":\"https:\/\/www.gaveanews.com\/index.php\/2020\/07\/27\/flamengo-da-sequencia-a-serie-de-reunioes-para-convencer-europeu-a-dirigir-time\/#article\",\"isPartOf\":{\"@id\":\"https:\/\/www.gaveanews.com\/index.php\/2020\/07\/27\/flamengo-da-sequencia-a-serie-de-reunioes-para-convencer-europeu-a-dirigir-time\/\"},\"author\":{\"name\":\"Equipe G\u00e1vea News\",\"@id\":\"https:\/\/www.gaveanews.com\/#\/schema\/person\/2ec14f73fb96be2caf28f91afb14749d\"},\"headline\":\"Flamengo d\u00e1 sequ\u00eancia a s\u00e9rie de reuni\u00f5es para convencer europeu a dirigir time\",\"datePublished\":\"2020-07-27T12:33:47+00:00\",\"dateModified\":\"2020-07-27T12:33:49+00:00\",\"mainEntityOfPage\":{\"@id\":\"https:\/\/www.gaveanews.com\/index.php\/2020\/07\/27\/flamengo-da-sequencia-a-serie-de-reunioes-para-convencer-europeu-a-dirigir-time\/\"},\"wordCount\":414,\"commentCount\":3,\"image\":{\"@id\":\"https:\/\/www.gaveanews.com\/index.php\/2020\/07\/27\/flamengo-da-sequencia-a-serie-de-reunioes-para-convencer-europeu-a-dirigir-time\/#primaryimage\"},\"thumbnailUrl\":\"https:\/\/www.gaveanews.com\/wp-content\/uploads\/2019\/07\/Marcos-Braz-durante-coletiva-de-imprensa-no-Ninho-do-Urubu.webp\",\"articleSection\":[\"Flamengo\"],\"inLanguage\":\"pt-BR\",\"potentialAction\":[{\"@type\":\"CommentAction\",\"name\":\"Comment\",\"target\":[\"https:\/\/www.gaveanews.com\/index.php\/2020\/07\/27\/flamengo-da-sequencia-a-serie-de-reunioes-para-convencer-europeu-a-dirigir-time\/#respond\"]}],\"copyrightYear\":\"2020\",\"copyrightHolder\":{\"@id\":\"https:\/\/www.gaveanews.com\/#organization\"}},{\"@type\":\"WebPage\",\"@id\":\"https:\/\/www.gaveanews.com\/index.php\/2020\/07\/27\/flamengo-da-sequencia-a-serie-de-reunioes-para-convencer-europeu-a-dirigir-time\/\",\"url\":\"https:\/\/www.gaveanews.com\/index.php\/2020\/07\/27\/flamengo-da-sequencia-a-serie-de-reunioes-para-convencer-europeu-a-dirigir-time\/\",\"name\":\"Flamengo d\u00e1 sequ\u00eancia as reuni\u00f5es para convencer europeu a dirigir time\",\"isPartOf\":{\"@id\":\"https:\/\/www.gaveanews.com\/#website\"},\"primaryImageOfPage\":{\"@id\":\"https:\/\/www.gaveanews.com\/index.php\/2020\/07\/27\/flamengo-da-sequencia-a-serie-de-reunioes-para-convencer-europeu-a-dirigir-time\/#primaryimage\"},\"image\":{\"@id\":\"https:\/\/www.gaveanews.com\/index.php\/2020\/07\/27\/flamengo-da-sequencia-a-serie-de-reunioes-para-convencer-europeu-a-dirigir-time\/#primaryimage\"},\"thumbnailUrl\":\"https:\/\/www.gaveanews.com\/wp-content\/uploads\/2019\/07\/Marcos-Braz-durante-coletiva-de-imprensa-no-Ninho-do-Urubu.webp\",\"datePublished\":\"2020-07-27T12:33:47+00:00\",\"dateModified\":\"2020-07-27T12:33:49+00:00\",\"author\":{\"@id\":\"https:\/\/www.gaveanews.com\/#\/schema\/person\/2ec14f73fb96be2caf28f91afb14749d\"},\"description\":\"Ap\u00f3s a sa\u00edda de Jorge Jesus, o Flamengo inicia uma semana que se desenha como decisiva no planejamento para a busca do t\u00e9cnico.\",\"breadcrumb\":{\"@id\":\"https:\/\/www.gaveanews.com\/index.php\/2020\/07\/27\/flamengo-da-sequencia-a-serie-de-reunioes-para-convencer-europeu-a-dirigir-time\/#breadcrumb\"},\"inLanguage\":\"pt-BR\",\"potentialAction\":[{\"@type\":\"ReadAction\",\"target\":[\"https:\/\/www.gaveanews.com\/index.php\/2020\/07\/27\/flamengo-da-sequencia-a-serie-de-reunioes-para-convencer-europeu-a-dirigir-time\/\"]}]},{\"@type\":\"ImageObject\",\"inLanguage\":\"pt-BR\",\"@id\":\"https:\/\/www.gaveanews.com\/index.php\/2020\/07\/27\/flamengo-da-sequencia-a-serie-de-reunioes-para-convencer-europeu-a-dirigir-time\/#primaryimage\",\"url\":\"https:\/\/www.gaveanews.com\/wp-content\/uploads\/2019\/07\/Marcos-Braz-durante-coletiva-de-imprensa-no-Ninho-do-Urubu.webp\",\"contentUrl\":\"https:\/\/www.gaveanews.com\/wp-content\/uploads\/2019\/07\/Marcos-Braz-durante-coletiva-de-imprensa-no-Ninho-do-Urubu.webp\",\"width\":846,\"height\":563,\"caption\":\"Marcos Braz durante coletiva de imprensa no Ninho do Urubu (Foto: Alexandre Vidal\/Flamengo)\"},{\"@type\":\"BreadcrumbList\",\"@id\":\"https:\/\/www.gaveanews.com\/index.php\/2020\/07\/27\/flamengo-da-sequencia-a-serie-de-reunioes-para-convencer-europeu-a-dirigir-time\/#breadcrumb\",\"itemListElement\":[{\"@type\":\"ListItem\",\"position\":1,\"name\":\"Home\",\"item\":\"https:\/\/www.gaveanews.com\/\"},{\"@type\":\"ListItem\",\"position\":2,\"name\":\"Flamengo d\u00e1 sequ\u00eancia a s\u00e9rie de reuni\u00f5es para convencer europeu a dirigir time\"}]},{\"@type\":\"WebSite\",\"@id\":\"https:\/\/www.gaveanews.com\/#website\",\"url\":\"https:\/\/www.gaveanews.com\/\",\"name\":\"G\u00e1vea News\",\"description\":\"Veja todas as not\u00edcias sobre o Flamengo: Contrata\u00e7\u00f5es, categorias de base, resultados das partidas, tabela de classifica\u00e7\u00e3o, pr\u00f3ximos jogos!\",\"potentialAction\":[{\"@type\":\"SearchAction\",\"target\":{\"@type\":\"EntryPoint\",\"urlTemplate\":\"https:\/\/www.gaveanews.com\/?s={search_term_string}\"},\"query-input\":{\"@type\":\"PropertyValueSpecification\",\"valueRequired\":true,\"valueName\":\"search_term_string\"}}],\"inLanguage\":\"pt-BR\"},{\"@type\":\"Person\",\"@id\":\"https:\/\/www.gaveanews.com\/#\/schema\/person\/2ec14f73fb96be2caf28f91afb14749d\",\"name\":\"Equipe G\u00e1vea News\",\"image\":{\"@type\":\"ImageObject\",\"inLanguage\":\"pt-BR\",\"@id\":\"https:\/\/www.gaveanews.com\/#\/schema\/person\/image\/\",\"url\":\"https:\/\/secure.gravatar.com\/avatar\/1e1956f1facbffd3f8fa53a326721950116b3b9dc9bd44939c01180fd4a745a9?s=96&d=mm&r=g\",\"contentUrl\":\"https:\/\/secure.gravatar.com\/avatar\/1e1956f1facbffd3f8fa53a326721950116b3b9dc9bd44939c01180fd4a745a9?s=96&d=mm&r=g\",\"caption\":\"Equipe G\u00e1vea News\"}}]}<\/script>\n<!-- \/ Yoast SEO Premium plugin. -->","yoast_head_json":{"title":"Flamengo d\u00e1 sequ\u00eancia as reuni\u00f5es para convencer europeu a dirigir time","description":"Ap\u00f3s a sa\u00edda de Jorge Jesus, o Flamengo inicia uma semana que se desenha como decisiva no planejamento para a busca do t\u00e9cnico.","robots":{"index":"index","follow":"follow","max-snippet":"max-snippet:-1","max-image-preview":"max-image-preview:large","max-video-preview":"max-video-preview:-1"},"canonical":"https:\/\/www.gaveanews.com\/index.php\/2020\/07\/27\/flamengo-da-sequencia-a-serie-de-reunioes-para-convencer-europeu-a-dirigir-time\/","og_locale":"pt_BR","og_type":"article","og_title":"Flamengo d\u00e1 sequ\u00eancia a s\u00e9rie de reuni\u00f5es para convencer europeu a dirigir time","og_description":"Ap\u00f3s a sa\u00edda de Jorge Jesus, o Flamengo inicia uma semana que se desenha como decisiva no planejamento para a busca do t\u00e9cnico.","og_url":"https:\/\/www.gaveanews.com\/index.php\/2020\/07\/27\/flamengo-da-sequencia-a-serie-de-reunioes-para-convencer-europeu-a-dirigir-time\/","og_site_name":"G\u00e1vea News","article_publisher":"https:\/\/facebook.com\/gaveaNews\/","article_published_time":"2020-07-27T12:33:47+00:00","article_modified_time":"2020-07-27T12:33:49+00:00","og_image":[{"width":846,"height":563,"url":"https:\/\/www.gaveanews.com\/wp-content\/uploads\/2019\/07\/Marcos-Braz-durante-coletiva-de-imprensa-no-Ninho-do-Urubu.webp","type":"image\/jpeg"}],"author":"Equipe G\u00e1vea News","twitter_card":"summary_large_image","twitter_misc":{"Escrito por":"Equipe G\u00e1vea News","Est. tempo de leitura":"2 minutos"},"schema":{"@context":"https:\/\/schema.org","@graph":[{"@type":"NewsArticle","@id":"https:\/\/www.gaveanews.com\/index.php\/2020\/07\/27\/flamengo-da-sequencia-a-serie-de-reunioes-para-convencer-europeu-a-dirigir-time\/#article","isPartOf":{"@id":"https:\/\/www.gaveanews.com\/index.php\/2020\/07\/27\/flamengo-da-sequencia-a-serie-de-reunioes-para-convencer-europeu-a-dirigir-time\/"},"author":{"name":"Equipe G\u00e1vea News","@id":"https:\/\/www.gaveanews.com\/#\/schema\/person\/2ec14f73fb96be2caf28f91afb14749d"},"headline":"Flamengo d\u00e1 sequ\u00eancia a s\u00e9rie de reuni\u00f5es para convencer europeu a dirigir time","datePublished":"2020-07-27T12:33:47+00:00","dateModified":"2020-07-27T12:33:49+00:00","mainEntityOfPage":{"@id":"https:\/\/www.gaveanews.com\/index.php\/2020\/07\/27\/flamengo-da-sequencia-a-serie-de-reunioes-para-convencer-europeu-a-dirigir-time\/"},"wordCount":414,"commentCount":3,"image":{"@id":"https:\/\/www.gaveanews.com\/index.php\/2020\/07\/27\/flamengo-da-sequencia-a-serie-de-reunioes-para-convencer-europeu-a-dirigir-time\/#primaryimage"},"thumbnailUrl":"https:\/\/www.gaveanews.com\/wp-content\/uploads\/2019\/07\/Marcos-Braz-durante-coletiva-de-imprensa-no-Ninho-do-Urubu.webp","articleSection":["Flamengo"],"inLanguage":"pt-BR","potentialAction":[{"@type":"CommentAction","name":"Comment","target":["https:\/\/www.gaveanews.com\/index.php\/2020\/07\/27\/flamengo-da-sequencia-a-serie-de-reunioes-para-convencer-europeu-a-dirigir-time\/#respond"]}],"copyrightYear":"2020","copyrightHolder":{"@id":"https:\/\/www.gaveanews.com\/#organization"}},{"@type":"WebPage","@id":"https:\/\/www.gaveanews.com\/index.php\/2020\/07\/27\/flamengo-da-sequencia-a-serie-de-reunioes-para-convencer-europeu-a-dirigir-time\/","url":"https:\/\/www.gaveanews.com\/index.php\/2020\/07\/27\/flamengo-da-sequencia-a-serie-de-reunioes-para-convencer-europeu-a-dirigir-time\/","name":"Flamengo d\u00e1 sequ\u00eancia as reuni\u00f5es para convencer europeu a dirigir time","isPartOf":{"@id":"https:\/\/www.gaveanews.com\/#website"},"primaryImageOfPage":{"@id":"https:\/\/www.gaveanews.com\/index.php\/2020\/07\/27\/flamengo-da-sequencia-a-serie-de-reunioes-para-convencer-europeu-a-dirigir-time\/#primaryimage"},"image":{"@id":"https:\/\/www.gaveanews.com\/index.php\/2020\/07\/27\/flamengo-da-sequencia-a-serie-de-reunioes-para-convencer-europeu-a-dirigir-time\/#primaryimage"},"thumbnailUrl":"https:\/\/www.gaveanews.com\/wp-content\/uploads\/2019\/07\/Marcos-Braz-durante-coletiva-de-imprensa-no-Ninho-do-Urubu.webp","datePublished":"2020-07-27T12:33:47+00:00","dateModified":"2020-07-27T12:33:49+00:00","author":{"@id":"https:\/\/www.gaveanews.com\/#\/schema\/person\/2ec14f73fb96be2caf28f91afb14749d"},"description":"Ap\u00f3s a sa\u00edda de Jorge Jesus, o Flamengo inicia uma semana que se desenha como decisiva no planejamento para a busca do t\u00e9cnico.","breadcrumb":{"@id":"https:\/\/www.gaveanews.com\/index.php\/2020\/07\/27\/flamengo-da-sequencia-a-serie-de-reunioes-para-convencer-europeu-a-dirigir-time\/#breadcrumb"},"inLanguage":"pt-BR","potentialAction":[{"@type":"ReadAction","target":["https:\/\/www.gaveanews.com\/index.php\/2020\/07\/27\/flamengo-da-sequencia-a-serie-de-reunioes-para-convencer-europeu-a-dirigir-time\/"]}]},{"@type":"ImageObject","inLanguage":"pt-BR","@id":"https:\/\/www.gaveanews.com\/index.php\/2020\/07\/27\/flamengo-da-sequencia-a-serie-de-reunioes-para-convencer-europeu-a-dirigir-time\/#primaryimage","url":"https:\/\/www.gaveanews.com\/wp-content\/uploads\/2019\/07\/Marcos-Braz-durante-coletiva-de-imprensa-no-Ninho-do-Urubu.webp","contentUrl":"https:\/\/www.gaveanews.com\/wp-content\/uploads\/2019\/07\/Marcos-Braz-durante-coletiva-de-imprensa-no-Ninho-do-Urubu.webp","width":846,"height":563,"caption":"Marcos Braz durante coletiva de imprensa no Ninho do Urubu (Foto: Alexandre Vidal\/Flamengo)"},{"@type":"BreadcrumbList","@id":"https:\/\/www.gaveanews.com\/index.php\/2020\/07\/27\/flamengo-da-sequencia-a-serie-de-reunioes-para-convencer-europeu-a-dirigir-time\/#breadcrumb","itemListElement":[{"@type":"ListItem","position":1,"name":"Home","item":"https:\/\/www.gaveanews.com\/"},{"@type":"ListItem","position":2,"name":"Flamengo d\u00e1 sequ\u00eancia a s\u00e9rie de reuni\u00f5es para convencer europeu a dirigir time"}]},{"@type":"WebSite","@id":"https:\/\/www.gaveanews.com\/#website","url":"https:\/\/www.gaveanews.com\/","name":"G\u00e1vea News","description":"Veja todas as not\u00edcias sobre o Flamengo: Contrata\u00e7\u00f5es, categorias de base, resultados das partidas, tabela de classifica\u00e7\u00e3o, pr\u00f3ximos jogos!","potentialAction":[{"@type":"SearchAction","target":{"@type":"EntryPoint","urlTemplate":"https:\/\/www.gaveanews.com\/?s={search_term_string}"},"query-input":{"@type":"PropertyValueSpecification","valueRequired":true,"valueName":"search_term_string"}}],"inLanguage":"pt-BR"},{"@type":"Person","@id":"https:\/\/www.gaveanews.com\/#\/schema\/person\/2ec14f73fb96be2caf28f91afb14749d","name":"Equipe G\u00e1vea News","image":{"@type":"ImageObject","inLanguage":"pt-BR","@id":"https:\/\/www.gaveanews.com\/#\/schema\/person\/image\/","url":"https:\/\/secure.gravatar.com\/avatar\/1e1956f1facbffd3f8fa53a326721950116b3b9dc9bd44939c01180fd4a745a9?s=96&d=mm&r=g","contentUrl":"https:\/\/secure.gravatar.com\/avatar\/1e1956f1facbffd3f8fa53a326721950116b3b9dc9bd44939c01180fd4a745a9?s=96&d=mm&r=g","caption":"Equipe G\u00e1vea News"}}]}},"_links":{"self":[{"href":"https:\/\/www.gaveanews.com\/index.php\/wp-json\/wp\/v2\/posts\/44270","targetHints":{"allow":["GET"]}}],"collection":[{"href":"https:\/\/www.gaveanews.com\/index.php\/wp-json\/wp\/v2\/posts"}],"about":[{"href":"https:\/\/www.gaveanews.com\/index.php\/wp-json\/wp\/v2\/types\/post"}],"author":[{"embeddable":true,"href":"https:\/\/www.gaveanews.com\/index.php\/wp-json\/wp\/v2\/users\/1"}],"replies":[{"embeddable":true,"href":"https:\/\/www.gaveanews.com\/index.php\/wp-json\/wp\/v2\/comments?post=44270"}],"version-history":[{"count":0,"href":"https:\/\/www.gaveanews.com\/index.php\/wp-json\/wp\/v2\/posts\/44270\/revisions"}],"wp:featuredmedia":[{"embeddable":true,"href":"https:\/\/www.gaveanews.com\/index.php\/wp-json\/wp\/v2\/media\/23694"}],"wp:attachment":[{"href":"https:\/\/www.gaveanews.com\/index.php\/wp-json\/wp\/v2\/media?parent=44270"}],"wp:term":[{"taxonomy":"category","embeddable":true,"href":"https:\/\/www.gaveanews.com\/index.php\/wp-json\/wp\/v2\/categories?post=44270"},{"taxonomy":"post_tag","embeddable":true,"href":"https:\/\/www.gaveanews.com\/index.php\/wp-json\/wp\/v2\/tags?post=44270"}],"curies":[{"name":"wp","href":"https:\/\/api.w.org\/{rel}","templated":true}]}}