{"id":44275,"date":"2020-07-27T12:17:55","date_gmt":"2020-07-27T15:17:55","guid":{"rendered":"https:\/\/www.gaveanews.com\/?p=44275"},"modified":"2020-07-27T12:17:57","modified_gmt":"2020-07-27T15:17:57","slug":"carvalhal-nao-tem-nada-a-ver-com-o-jesus-diz-jornalista-portugues","status":"publish","type":"post","link":"https:\/\/www.gaveanews.com\/index.php\/2020\/07\/27\/carvalhal-nao-tem-nada-a-ver-com-o-jesus-diz-jornalista-portugues\/","title":{"rendered":"\u201cCarvalhal n\u00e3o tem nada a ver com o Jesus\u201d, diz jornalista portugu\u00eas"},"content":{"rendered":"\n<p>No roteiro de encontros do Flamengo na Europa, o t\u00e9cnico portugu\u00eas Carlos Carvalhal, que levou o Rio Ave \u00e0 Liga Europa no \u00faltimo fim de semana, se re\u00fane com os dirigentes brasileiros nesta segunda-feira, e na pauta deve apresentar seus projetos pessoais.<\/p>\n\n\n\n<p>Como deixou claro na coletiva ap\u00f3s o \u00faltimo jogo pelo campeonato portugu\u00eas, o futuro \u00e9 incerto, j\u00e1 que existe o interesse do Flamengo, mas tamb\u00e9m de clubes da Inglaterra e de Portugal.<\/p>\n\n\n\n<p>Segundo Andr\u00e9 Veloso, que faz a cobertura do Rio Ave no di\u00e1rio \u201cO Jogo\u201d, Carvalhal deve optar pela Inglaterra.<\/p>\n\n\n\n<p>\u2014 Penso que Carlos Carvalhal estaria com mais vontade de voltar apara a Inglaterra. Ele \u00e9 um f\u00e3 do futebol ingl\u00eas, treinou dois clubes por l\u00e1. Ele quer muito voltar. Mas \u00e9 o Flamengo, com toda repercuss\u00e3o que isso tem, apesar da heran\u00e7a pesada que o Jesus deixou \u2013 opina o jornalista.<\/p>\n\n\n\n<p>Como Jesus optou por voltar a Portugal para comandar o Benfica e ficar mais perto da fam\u00edlia e dos amigos, as quest\u00f5es pessoais tamb\u00e9m ser\u00e3o levadas em conta pelo treinador que avaliar a ida para o Brasil.<\/p>\n\n\n\n<p>Recentemente, Carvalhal passou por um epis\u00f3dio de viol\u00eancia na porta de sua casa, em Braga. Foi assaltado por dois homens, e agredido. Para Andr\u00e9 Veloso, um trauma que pode influenciar na vinda para o Rio de Janeiro.<\/p>\n\n\n\n<p>\u2014 Sobre ir para o Rio de Janeiro, coloco algumas reservas. Ele h\u00e1 pouco sofreu um assalto na porta de casa, ficou muito assustado, e n\u00e3o sei se n\u00e3o pensar\u00e1 nisso. Acredito que ele ir\u00e1 escolher a Inglaterra, pois tem convites de l\u00e1 \u2013 repetiu.<\/p>\n\n\n\n<p>Cotado como sucessor de Jesus por ter ideias t\u00e1ticas semelhantes, Carvalhal \u00e9 de uma personalidade oposta a do Mister, que chegou ao Brasil e atraiu todos os holofotes para si, com declara\u00e7\u00f5es pol\u00eamicas e uma atua\u00e7\u00e3o perform\u00e1tica na beira do campo.<\/p>\n\n\n\n<p>O candidato Carvalhal \u00e9 mais na dele, n\u00e3o gosta de muita exposi\u00e7\u00e3o na m\u00eddia, nem costuma atender liga\u00e7\u00f5es dos jornalistas.<\/p>\n\n\n\n<p>\u2014 Jesus vive muito bem no meio do caos, no meio da press\u00e3o midi\u00e1tica, sempre quer ser o centro das aten\u00e7\u00f5es. Enquanto Carvalhal tem avers\u00e3o a esse midiatismo, e aos jornalistas \u2013 completa Veloso, acrescentando.<\/p>\n\n\n\n<p>\u2014 Carvalhal n\u00e3o tem nada a ver com o Jesus. Em campo, Jesus \u00e9 fren\u00e9tico, Carvalhal \u00e9 ponderado. O comportamento \u00e9 de estar habituado a um futebol de cavalheiros. Menos futebol raiz. Que ainda existe no Brasil. N\u00e3o \u00e9 muito para ele.<\/p>\n\n\n\n<p>As semelhan\u00e7as aparecem nas solu\u00e7\u00f5es adotadas para suas equipes. Mesmo que haja uma diferen\u00e7a fundamental nos trabalhos dos dois treinadores. Jesus permanece fiel a uma forma de jogar, e Carvalhal se adapta aos advers\u00e1rios com mais frequ\u00eancia. O que na opini\u00e3o dos portugueses n\u00e3o o coloca nem perto de Jesus em termos de tamanho.<\/p>\n\n\n\n<p>\u2014 Penso que Carvalhal ainda est\u00e1 a bastante dist\u00e2ncia do Jesus, mas no plano t\u00e1tico e t\u00e9cnico n\u00e3o vejo grandes diferen\u00e7as. N\u00e3o acho que Jesus seja a \u00faltima Coca-Cola. Seria mais na motiva\u00e7\u00e3o e na forma de mexer com o grupo, mas para isso precisa de um elenco, e no Flamengo ele tinha \u2013 finalizou Andr\u00e9 Veloso.<\/p>\n\n\n\n<p>Retirado de: Extra<\/p>\n","protected":false},"excerpt":{"rendered":"<p>No roteiro de encontros do Flamengo na Europa, o t\u00e9cnico portugu\u00eas Carlos Carvalhal, que levou o Rio Ave \u00e0 Liga Europa no \u00faltimo fim de semana, se re\u00fane com os dirigentes brasileiros nesta segunda-feira, e na pauta deve apresentar seus projetos pessoais. Como deixou claro na coletiva ap\u00f3s o \u00faltimo jogo pelo campeonato portugu\u00eas, o [&hellip;]<\/p>\n","protected":false},"author":1,"featured_media":28885,"comment_status":"open","ping_status":"closed","sticky":false,"template":"","format":"standard","meta":{"footnotes":""},"categories":[47],"tags":[],"class_list":["post-44275","post","type-post","status-publish","format-standard","has-post-thumbnail","hentry","category-destaques"],"yoast_head":"<!-- This site is optimized with the Yoast SEO Premium plugin v24.2 (Yoast SEO v26.9) - https:\/\/yoast.com\/product\/yoast-seo-premium-wordpress\/ -->\n<title>\u201cCarvalhal n\u00e3o tem nada a ver com o Jesus\u201d, diz jornalista portugu\u00eas<\/title>\n<meta name=\"description\" content=\"No roteiro de encontros do Flamengo na Europa, o t\u00e9cnico portugu\u00eas Carlos Carvalhal, que levou o Rio Ave \u00e0 Liga Europa no \u00faltimo fim de semana.\" \/>\n<meta name=\"robots\" content=\"index, follow, max-snippet:-1, max-image-preview:large, max-video-preview:-1\" \/>\n<link rel=\"canonical\" href=\"https:\/\/www.gaveanews.com\/index.php\/2020\/07\/27\/carvalhal-nao-tem-nada-a-ver-com-o-jesus-diz-jornalista-portugues\/\" \/>\n<meta property=\"og:locale\" content=\"pt_BR\" \/>\n<meta property=\"og:type\" content=\"article\" \/>\n<meta property=\"og:title\" content=\"\u201cCarvalhal n\u00e3o tem nada a ver com o Jesus\u201d, diz jornalista portugu\u00eas\" \/>\n<meta property=\"og:description\" content=\"No roteiro de encontros do Flamengo na Europa, o t\u00e9cnico portugu\u00eas Carlos Carvalhal, que levou o Rio Ave \u00e0 Liga Europa no \u00faltimo fim de semana.\" \/>\n<meta property=\"og:url\" content=\"https:\/\/www.gaveanews.com\/index.php\/2020\/07\/27\/carvalhal-nao-tem-nada-a-ver-com-o-jesus-diz-jornalista-portugues\/\" \/>\n<meta property=\"og:site_name\" content=\"G\u00e1vea News\" \/>\n<meta property=\"article:publisher\" content=\"https:\/\/facebook.com\/gaveaNews\/\" \/>\n<meta property=\"article:published_time\" content=\"2020-07-27T15:17:55+00:00\" \/>\n<meta property=\"article:modified_time\" content=\"2020-07-27T15:17:57+00:00\" \/>\n<meta property=\"og:image\" content=\"https:\/\/www.gaveanews.com\/wp-content\/uploads\/Jesus-durante-uma-partida-do-Flamengo.webp\" \/>\n\t<meta property=\"og:image:width\" content=\"900\" \/>\n\t<meta property=\"og:image:height\" content=\"600\" \/>\n\t<meta property=\"og:image:type\" content=\"image\/jpeg\" \/>\n<meta name=\"author\" content=\"Equipe G\u00e1vea News\" \/>\n<meta name=\"twitter:card\" content=\"summary_large_image\" \/>\n<meta name=\"twitter:label1\" content=\"Escrito por\" \/>\n\t<meta name=\"twitter:data1\" content=\"Equipe G\u00e1vea News\" \/>\n\t<meta name=\"twitter:label2\" content=\"Est. tempo de leitura\" \/>\n\t<meta name=\"twitter:data2\" content=\"3 minutos\" \/>\n<script type=\"application\/ld+json\" class=\"yoast-schema-graph\">{\"@context\":\"https:\/\/schema.org\",\"@graph\":[{\"@type\":\"NewsArticle\",\"@id\":\"https:\/\/www.gaveanews.com\/index.php\/2020\/07\/27\/carvalhal-nao-tem-nada-a-ver-com-o-jesus-diz-jornalista-portugues\/#article\",\"isPartOf\":{\"@id\":\"https:\/\/www.gaveanews.com\/index.php\/2020\/07\/27\/carvalhal-nao-tem-nada-a-ver-com-o-jesus-diz-jornalista-portugues\/\"},\"author\":{\"name\":\"Equipe G\u00e1vea News\",\"@id\":\"https:\/\/www.gaveanews.com\/#\/schema\/person\/2ec14f73fb96be2caf28f91afb14749d\"},\"headline\":\"\u201cCarvalhal n\u00e3o tem nada a ver com o Jesus\u201d, diz jornalista portugu\u00eas\",\"datePublished\":\"2020-07-27T15:17:55+00:00\",\"dateModified\":\"2020-07-27T15:17:57+00:00\",\"mainEntityOfPage\":{\"@id\":\"https:\/\/www.gaveanews.com\/index.php\/2020\/07\/27\/carvalhal-nao-tem-nada-a-ver-com-o-jesus-diz-jornalista-portugues\/\"},\"wordCount\":559,\"commentCount\":5,\"image\":{\"@id\":\"https:\/\/www.gaveanews.com\/index.php\/2020\/07\/27\/carvalhal-nao-tem-nada-a-ver-com-o-jesus-diz-jornalista-portugues\/#primaryimage\"},\"thumbnailUrl\":\"https:\/\/www.gaveanews.com\/wp-content\/uploads\/Jesus-durante-uma-partida-do-Flamengo.webp\",\"articleSection\":[\"Destaques\"],\"inLanguage\":\"pt-BR\",\"potentialAction\":[{\"@type\":\"CommentAction\",\"name\":\"Comment\",\"target\":[\"https:\/\/www.gaveanews.com\/index.php\/2020\/07\/27\/carvalhal-nao-tem-nada-a-ver-com-o-jesus-diz-jornalista-portugues\/#respond\"]}],\"copyrightYear\":\"2020\",\"copyrightHolder\":{\"@id\":\"https:\/\/www.gaveanews.com\/#organization\"}},{\"@type\":\"WebPage\",\"@id\":\"https:\/\/www.gaveanews.com\/index.php\/2020\/07\/27\/carvalhal-nao-tem-nada-a-ver-com-o-jesus-diz-jornalista-portugues\/\",\"url\":\"https:\/\/www.gaveanews.com\/index.php\/2020\/07\/27\/carvalhal-nao-tem-nada-a-ver-com-o-jesus-diz-jornalista-portugues\/\",\"name\":\"\u201cCarvalhal n\u00e3o tem nada a ver com o Jesus\u201d, diz jornalista portugu\u00eas\",\"isPartOf\":{\"@id\":\"https:\/\/www.gaveanews.com\/#website\"},\"primaryImageOfPage\":{\"@id\":\"https:\/\/www.gaveanews.com\/index.php\/2020\/07\/27\/carvalhal-nao-tem-nada-a-ver-com-o-jesus-diz-jornalista-portugues\/#primaryimage\"},\"image\":{\"@id\":\"https:\/\/www.gaveanews.com\/index.php\/2020\/07\/27\/carvalhal-nao-tem-nada-a-ver-com-o-jesus-diz-jornalista-portugues\/#primaryimage\"},\"thumbnailUrl\":\"https:\/\/www.gaveanews.com\/wp-content\/uploads\/Jesus-durante-uma-partida-do-Flamengo.webp\",\"datePublished\":\"2020-07-27T15:17:55+00:00\",\"dateModified\":\"2020-07-27T15:17:57+00:00\",\"author\":{\"@id\":\"https:\/\/www.gaveanews.com\/#\/schema\/person\/2ec14f73fb96be2caf28f91afb14749d\"},\"description\":\"No roteiro de encontros do Flamengo na Europa, o t\u00e9cnico portugu\u00eas Carlos Carvalhal, que levou o Rio Ave \u00e0 Liga Europa no \u00faltimo fim de semana.\",\"breadcrumb\":{\"@id\":\"https:\/\/www.gaveanews.com\/index.php\/2020\/07\/27\/carvalhal-nao-tem-nada-a-ver-com-o-jesus-diz-jornalista-portugues\/#breadcrumb\"},\"inLanguage\":\"pt-BR\",\"potentialAction\":[{\"@type\":\"ReadAction\",\"target\":[\"https:\/\/www.gaveanews.com\/index.php\/2020\/07\/27\/carvalhal-nao-tem-nada-a-ver-com-o-jesus-diz-jornalista-portugues\/\"]}]},{\"@type\":\"ImageObject\",\"inLanguage\":\"pt-BR\",\"@id\":\"https:\/\/www.gaveanews.com\/index.php\/2020\/07\/27\/carvalhal-nao-tem-nada-a-ver-com-o-jesus-diz-jornalista-portugues\/#primaryimage\",\"url\":\"https:\/\/www.gaveanews.com\/wp-content\/uploads\/Jesus-durante-uma-partida-do-Flamengo.webp\",\"contentUrl\":\"https:\/\/www.gaveanews.com\/wp-content\/uploads\/Jesus-durante-uma-partida-do-Flamengo.webp\",\"width\":900,\"height\":600,\"caption\":\"Jesus durante uma partida do Flamengo (Foto: Alexandre Vidal\/Flamengo)\"},{\"@type\":\"BreadcrumbList\",\"@id\":\"https:\/\/www.gaveanews.com\/index.php\/2020\/07\/27\/carvalhal-nao-tem-nada-a-ver-com-o-jesus-diz-jornalista-portugues\/#breadcrumb\",\"itemListElement\":[{\"@type\":\"ListItem\",\"position\":1,\"name\":\"Home\",\"item\":\"https:\/\/www.gaveanews.com\/\"},{\"@type\":\"ListItem\",\"position\":2,\"name\":\"\u201cCarvalhal n\u00e3o tem nada a ver com o Jesus\u201d, diz jornalista portugu\u00eas\"}]},{\"@type\":\"WebSite\",\"@id\":\"https:\/\/www.gaveanews.com\/#website\",\"url\":\"https:\/\/www.gaveanews.com\/\",\"name\":\"G\u00e1vea News\",\"description\":\"Veja todas as not\u00edcias sobre o Flamengo: Contrata\u00e7\u00f5es, categorias de base, resultados das partidas, tabela de classifica\u00e7\u00e3o, pr\u00f3ximos jogos!\",\"potentialAction\":[{\"@type\":\"SearchAction\",\"target\":{\"@type\":\"EntryPoint\",\"urlTemplate\":\"https:\/\/www.gaveanews.com\/?s={search_term_string}\"},\"query-input\":{\"@type\":\"PropertyValueSpecification\",\"valueRequired\":true,\"valueName\":\"search_term_string\"}}],\"inLanguage\":\"pt-BR\"},{\"@type\":\"Person\",\"@id\":\"https:\/\/www.gaveanews.com\/#\/schema\/person\/2ec14f73fb96be2caf28f91afb14749d\",\"name\":\"Equipe G\u00e1vea News\",\"image\":{\"@type\":\"ImageObject\",\"inLanguage\":\"pt-BR\",\"@id\":\"https:\/\/www.gaveanews.com\/#\/schema\/person\/image\/\",\"url\":\"https:\/\/secure.gravatar.com\/avatar\/1e1956f1facbffd3f8fa53a326721950116b3b9dc9bd44939c01180fd4a745a9?s=96&d=mm&r=g\",\"contentUrl\":\"https:\/\/secure.gravatar.com\/avatar\/1e1956f1facbffd3f8fa53a326721950116b3b9dc9bd44939c01180fd4a745a9?s=96&d=mm&r=g\",\"caption\":\"Equipe G\u00e1vea News\"}}]}<\/script>\n<!-- \/ Yoast SEO Premium plugin. -->","yoast_head_json":{"title":"\u201cCarvalhal n\u00e3o tem nada a ver com o Jesus\u201d, diz jornalista portugu\u00eas","description":"No roteiro de encontros do Flamengo na Europa, o t\u00e9cnico portugu\u00eas Carlos Carvalhal, que levou o Rio Ave \u00e0 Liga Europa no \u00faltimo fim de semana.","robots":{"index":"index","follow":"follow","max-snippet":"max-snippet:-1","max-image-preview":"max-image-preview:large","max-video-preview":"max-video-preview:-1"},"canonical":"https:\/\/www.gaveanews.com\/index.php\/2020\/07\/27\/carvalhal-nao-tem-nada-a-ver-com-o-jesus-diz-jornalista-portugues\/","og_locale":"pt_BR","og_type":"article","og_title":"\u201cCarvalhal n\u00e3o tem nada a ver com o Jesus\u201d, diz jornalista portugu\u00eas","og_description":"No roteiro de encontros do Flamengo na Europa, o t\u00e9cnico portugu\u00eas Carlos Carvalhal, que levou o Rio Ave \u00e0 Liga Europa no \u00faltimo fim de semana.","og_url":"https:\/\/www.gaveanews.com\/index.php\/2020\/07\/27\/carvalhal-nao-tem-nada-a-ver-com-o-jesus-diz-jornalista-portugues\/","og_site_name":"G\u00e1vea News","article_publisher":"https:\/\/facebook.com\/gaveaNews\/","article_published_time":"2020-07-27T15:17:55+00:00","article_modified_time":"2020-07-27T15:17:57+00:00","og_image":[{"width":900,"height":600,"url":"https:\/\/www.gaveanews.com\/wp-content\/uploads\/Jesus-durante-uma-partida-do-Flamengo.webp","type":"image\/jpeg"}],"author":"Equipe G\u00e1vea News","twitter_card":"summary_large_image","twitter_misc":{"Escrito por":"Equipe G\u00e1vea News","Est. tempo de leitura":"3 minutos"},"schema":{"@context":"https:\/\/schema.org","@graph":[{"@type":"NewsArticle","@id":"https:\/\/www.gaveanews.com\/index.php\/2020\/07\/27\/carvalhal-nao-tem-nada-a-ver-com-o-jesus-diz-jornalista-portugues\/#article","isPartOf":{"@id":"https:\/\/www.gaveanews.com\/index.php\/2020\/07\/27\/carvalhal-nao-tem-nada-a-ver-com-o-jesus-diz-jornalista-portugues\/"},"author":{"name":"Equipe G\u00e1vea News","@id":"https:\/\/www.gaveanews.com\/#\/schema\/person\/2ec14f73fb96be2caf28f91afb14749d"},"headline":"\u201cCarvalhal n\u00e3o tem nada a ver com o Jesus\u201d, diz jornalista portugu\u00eas","datePublished":"2020-07-27T15:17:55+00:00","dateModified":"2020-07-27T15:17:57+00:00","mainEntityOfPage":{"@id":"https:\/\/www.gaveanews.com\/index.php\/2020\/07\/27\/carvalhal-nao-tem-nada-a-ver-com-o-jesus-diz-jornalista-portugues\/"},"wordCount":559,"commentCount":5,"image":{"@id":"https:\/\/www.gaveanews.com\/index.php\/2020\/07\/27\/carvalhal-nao-tem-nada-a-ver-com-o-jesus-diz-jornalista-portugues\/#primaryimage"},"thumbnailUrl":"https:\/\/www.gaveanews.com\/wp-content\/uploads\/Jesus-durante-uma-partida-do-Flamengo.webp","articleSection":["Destaques"],"inLanguage":"pt-BR","potentialAction":[{"@type":"CommentAction","name":"Comment","target":["https:\/\/www.gaveanews.com\/index.php\/2020\/07\/27\/carvalhal-nao-tem-nada-a-ver-com-o-jesus-diz-jornalista-portugues\/#respond"]}],"copyrightYear":"2020","copyrightHolder":{"@id":"https:\/\/www.gaveanews.com\/#organization"}},{"@type":"WebPage","@id":"https:\/\/www.gaveanews.com\/index.php\/2020\/07\/27\/carvalhal-nao-tem-nada-a-ver-com-o-jesus-diz-jornalista-portugues\/","url":"https:\/\/www.gaveanews.com\/index.php\/2020\/07\/27\/carvalhal-nao-tem-nada-a-ver-com-o-jesus-diz-jornalista-portugues\/","name":"\u201cCarvalhal n\u00e3o tem nada a ver com o Jesus\u201d, diz jornalista portugu\u00eas","isPartOf":{"@id":"https:\/\/www.gaveanews.com\/#website"},"primaryImageOfPage":{"@id":"https:\/\/www.gaveanews.com\/index.php\/2020\/07\/27\/carvalhal-nao-tem-nada-a-ver-com-o-jesus-diz-jornalista-portugues\/#primaryimage"},"image":{"@id":"https:\/\/www.gaveanews.com\/index.php\/2020\/07\/27\/carvalhal-nao-tem-nada-a-ver-com-o-jesus-diz-jornalista-portugues\/#primaryimage"},"thumbnailUrl":"https:\/\/www.gaveanews.com\/wp-content\/uploads\/Jesus-durante-uma-partida-do-Flamengo.webp","datePublished":"2020-07-27T15:17:55+00:00","dateModified":"2020-07-27T15:17:57+00:00","author":{"@id":"https:\/\/www.gaveanews.com\/#\/schema\/person\/2ec14f73fb96be2caf28f91afb14749d"},"description":"No roteiro de encontros do Flamengo na Europa, o t\u00e9cnico portugu\u00eas Carlos Carvalhal, que levou o Rio Ave \u00e0 Liga Europa no \u00faltimo fim de semana.","breadcrumb":{"@id":"https:\/\/www.gaveanews.com\/index.php\/2020\/07\/27\/carvalhal-nao-tem-nada-a-ver-com-o-jesus-diz-jornalista-portugues\/#breadcrumb"},"inLanguage":"pt-BR","potentialAction":[{"@type":"ReadAction","target":["https:\/\/www.gaveanews.com\/index.php\/2020\/07\/27\/carvalhal-nao-tem-nada-a-ver-com-o-jesus-diz-jornalista-portugues\/"]}]},{"@type":"ImageObject","inLanguage":"pt-BR","@id":"https:\/\/www.gaveanews.com\/index.php\/2020\/07\/27\/carvalhal-nao-tem-nada-a-ver-com-o-jesus-diz-jornalista-portugues\/#primaryimage","url":"https:\/\/www.gaveanews.com\/wp-content\/uploads\/Jesus-durante-uma-partida-do-Flamengo.webp","contentUrl":"https:\/\/www.gaveanews.com\/wp-content\/uploads\/Jesus-durante-uma-partida-do-Flamengo.webp","width":900,"height":600,"caption":"Jesus durante uma partida do Flamengo (Foto: Alexandre Vidal\/Flamengo)"},{"@type":"BreadcrumbList","@id":"https:\/\/www.gaveanews.com\/index.php\/2020\/07\/27\/carvalhal-nao-tem-nada-a-ver-com-o-jesus-diz-jornalista-portugues\/#breadcrumb","itemListElement":[{"@type":"ListItem","position":1,"name":"Home","item":"https:\/\/www.gaveanews.com\/"},{"@type":"ListItem","position":2,"name":"\u201cCarvalhal n\u00e3o tem nada a ver com o Jesus\u201d, diz jornalista portugu\u00eas"}]},{"@type":"WebSite","@id":"https:\/\/www.gaveanews.com\/#website","url":"https:\/\/www.gaveanews.com\/","name":"G\u00e1vea News","description":"Veja todas as not\u00edcias sobre o Flamengo: Contrata\u00e7\u00f5es, categorias de base, resultados das partidas, tabela de classifica\u00e7\u00e3o, pr\u00f3ximos jogos!","potentialAction":[{"@type":"SearchAction","target":{"@type":"EntryPoint","urlTemplate":"https:\/\/www.gaveanews.com\/?s={search_term_string}"},"query-input":{"@type":"PropertyValueSpecification","valueRequired":true,"valueName":"search_term_string"}}],"inLanguage":"pt-BR"},{"@type":"Person","@id":"https:\/\/www.gaveanews.com\/#\/schema\/person\/2ec14f73fb96be2caf28f91afb14749d","name":"Equipe G\u00e1vea News","image":{"@type":"ImageObject","inLanguage":"pt-BR","@id":"https:\/\/www.gaveanews.com\/#\/schema\/person\/image\/","url":"https:\/\/secure.gravatar.com\/avatar\/1e1956f1facbffd3f8fa53a326721950116b3b9dc9bd44939c01180fd4a745a9?s=96&d=mm&r=g","contentUrl":"https:\/\/secure.gravatar.com\/avatar\/1e1956f1facbffd3f8fa53a326721950116b3b9dc9bd44939c01180fd4a745a9?s=96&d=mm&r=g","caption":"Equipe G\u00e1vea News"}}]}},"_links":{"self":[{"href":"https:\/\/www.gaveanews.com\/index.php\/wp-json\/wp\/v2\/posts\/44275","targetHints":{"allow":["GET"]}}],"collection":[{"href":"https:\/\/www.gaveanews.com\/index.php\/wp-json\/wp\/v2\/posts"}],"about":[{"href":"https:\/\/www.gaveanews.com\/index.php\/wp-json\/wp\/v2\/types\/post"}],"author":[{"embeddable":true,"href":"https:\/\/www.gaveanews.com\/index.php\/wp-json\/wp\/v2\/users\/1"}],"replies":[{"embeddable":true,"href":"https:\/\/www.gaveanews.com\/index.php\/wp-json\/wp\/v2\/comments?post=44275"}],"version-history":[{"count":0,"href":"https:\/\/www.gaveanews.com\/index.php\/wp-json\/wp\/v2\/posts\/44275\/revisions"}],"wp:featuredmedia":[{"embeddable":true,"href":"https:\/\/www.gaveanews.com\/index.php\/wp-json\/wp\/v2\/media\/28885"}],"wp:attachment":[{"href":"https:\/\/www.gaveanews.com\/index.php\/wp-json\/wp\/v2\/media?parent=44275"}],"wp:term":[{"taxonomy":"category","embeddable":true,"href":"https:\/\/www.gaveanews.com\/index.php\/wp-json\/wp\/v2\/categories?post=44275"},{"taxonomy":"post_tag","embeddable":true,"href":"https:\/\/www.gaveanews.com\/index.php\/wp-json\/wp\/v2\/tags?post=44275"}],"curies":[{"name":"wp","href":"https:\/\/api.w.org\/{rel}","templated":true}]}}