{"id":44279,"date":"2020-07-27T14:13:20","date_gmt":"2020-07-27T17:13:20","guid":{"rendered":"https:\/\/www.gaveanews.com\/?p=44279"},"modified":"2020-07-27T14:13:22","modified_gmt":"2020-07-27T17:13:22","slug":"devido-a-filosofia-de-trabalho-flamengo-descarta-dois-treinadores","status":"publish","type":"post","link":"https:\/\/www.gaveanews.com\/index.php\/2020\/07\/27\/devido-a-filosofia-de-trabalho-flamengo-descarta-dois-treinadores\/","title":{"rendered":"Devido a filosofia de trabalho, Flamengo descarta dois treinadores"},"content":{"rendered":"\n<p>Marcos Braz e Bruno Spindel continuam na Europa em busca de um novo treinador. Ambos os dirigentes est\u00e3o monitorando diversos nomes. O intuito de Braz e Bruno \u00e9 que o estilo ofensivo do time do Flamengo mantenha-se, assim como na \u00e9poca de Jorge Jesus.<\/p>\n\n\n\n<p>Entre os comandantes desejados, a prefer\u00eancia do time rubro-negro \u00e9 Carlos Carvalhal e uma reuni\u00e3o ainda hoje pode definir algumas situa\u00e7\u00f5es. O portugu\u00eas acabou de se classificar o Rio Ave para a Liga Europa e est\u00e1 valorizado no mercado. Por outro lado, ele tamb\u00e9m tem propostas de outros times e isso pode atrapalhar os planos do Mais Querido do Brasil.<\/p>\n\n\n\n<p>Leonardo Jardim tamb\u00e9m \u00e9 muito bem avaliado internamente, mas o t\u00e9cnico prefere continuar na Europa. Insistente, Braz acredita que a rela\u00e7\u00e3o entre as partes pode ser estreitada com uma boa conversa em Portugal. Em outra ponta, dois treinadores j\u00e1 foram descartados pela c\u00fapula flamenguista: Fernando Hierro e Rafa Ben\u00edtez. A filosofia da dupla foram fatores determinantes.<\/p>\n\n\n\n<p>Dom\u00e8nec Torrent ainda est\u00e1 na lista do Flamengo, mas ainda n\u00e3o \u00e9 o preferido e ele sentiu que n\u00e3o est\u00e1 entre as prioridades no jantar realizado com Braz e Spindel na Espanha. O espanhol entendeu que o Meng\u00e3o tem outras prioridades neste momento. Por ora, o Rubro-Negro ainda n\u00e3o realizou uma proposta oficial para nenhum dos candidatos, mas isso deve acontecer nos pr\u00f3ximos dias.<\/p>\n\n\n\n<p>Landim tem conversando com os dois dirigentes constantemente e o pedido do presidente \u00e9 que o cen\u00e1rio seja definido o quanto antes. O mandat\u00e1rio tem a preocupa\u00e7\u00e3o que o planejamento n\u00e3o seja alterado; a ideia \u00e9 ter os novos integrantes da comiss\u00e3o t\u00e9cnica antes do in\u00edcio do Campeonato Brasileiro.<\/p>\n\n\n\n<p>Retirado de: Bola Vip<\/p>\n","protected":false},"excerpt":{"rendered":"<p>Marcos Braz e Bruno Spindel continuam na Europa em busca de um novo treinador. Ambos os dirigentes est\u00e3o monitorando diversos nomes. O intuito de Braz e Bruno \u00e9 que o estilo ofensivo do time do Flamengo mantenha-se, assim como na \u00e9poca de Jorge Jesus. Entre os comandantes desejados, a prefer\u00eancia do time rubro-negro \u00e9 Carlos [&hellip;]<\/p>\n","protected":false},"author":1,"featured_media":15077,"comment_status":"open","ping_status":"closed","sticky":false,"template":"","format":"standard","meta":{"footnotes":""},"categories":[1],"tags":[],"class_list":["post-44279","post","type-post","status-publish","format-standard","has-post-thumbnail","hentry","category-flamengo"],"yoast_head":"<!-- This site is optimized with the Yoast SEO Premium plugin v24.2 (Yoast SEO v26.9) - https:\/\/yoast.com\/product\/yoast-seo-premium-wordpress\/ -->\n<title>Devido a filosofia de trabalho, Flamengo descarta dois treinadores<\/title>\n<meta name=\"description\" content=\"O intuito de Marcis Braz e Bruno Spindel \u00e9 que o estilo ofensivo do time do Flamengo mantenha-se, assim como na \u00e9poca do treinador Jorge Jesus.\" \/>\n<meta name=\"robots\" content=\"index, follow, max-snippet:-1, max-image-preview:large, max-video-preview:-1\" \/>\n<link rel=\"canonical\" href=\"https:\/\/www.gaveanews.com\/index.php\/2020\/07\/27\/devido-a-filosofia-de-trabalho-flamengo-descarta-dois-treinadores\/\" \/>\n<meta property=\"og:locale\" content=\"pt_BR\" \/>\n<meta property=\"og:type\" content=\"article\" \/>\n<meta property=\"og:title\" content=\"Devido a filosofia de trabalho, Flamengo descarta dois treinadores\" \/>\n<meta property=\"og:description\" content=\"O intuito de Marcis Braz e Bruno Spindel \u00e9 que o estilo ofensivo do time do Flamengo mantenha-se, assim como na \u00e9poca do treinador Jorge Jesus.\" \/>\n<meta property=\"og:url\" content=\"https:\/\/www.gaveanews.com\/index.php\/2020\/07\/27\/devido-a-filosofia-de-trabalho-flamengo-descarta-dois-treinadores\/\" \/>\n<meta property=\"og:site_name\" content=\"G\u00e1vea News\" \/>\n<meta property=\"article:publisher\" content=\"https:\/\/facebook.com\/gaveaNews\/\" \/>\n<meta property=\"article:published_time\" content=\"2020-07-27T17:13:20+00:00\" \/>\n<meta property=\"article:modified_time\" content=\"2020-07-27T17:13:22+00:00\" \/>\n<meta property=\"og:image\" content=\"https:\/\/www.gaveanews.com\/wp-content\/uploads\/2019\/03\/Rodolfo-Landim-durante-entrevista-coletiva-na-Gavea.webp\" \/>\n\t<meta property=\"og:image:width\" content=\"1\" \/>\n\t<meta property=\"og:image:height\" content=\"1\" \/>\n\t<meta property=\"og:image:type\" content=\"image\/jpeg\" \/>\n<meta name=\"author\" content=\"Equipe G\u00e1vea News\" \/>\n<meta name=\"twitter:card\" content=\"summary_large_image\" \/>\n<meta name=\"twitter:label1\" content=\"Escrito por\" \/>\n\t<meta name=\"twitter:data1\" content=\"Equipe G\u00e1vea News\" \/>\n\t<meta name=\"twitter:label2\" content=\"Est. tempo de leitura\" \/>\n\t<meta name=\"twitter:data2\" content=\"1 minuto\" \/>\n<script type=\"application\/ld+json\" class=\"yoast-schema-graph\">{\"@context\":\"https:\/\/schema.org\",\"@graph\":[{\"@type\":\"NewsArticle\",\"@id\":\"https:\/\/www.gaveanews.com\/index.php\/2020\/07\/27\/devido-a-filosofia-de-trabalho-flamengo-descarta-dois-treinadores\/#article\",\"isPartOf\":{\"@id\":\"https:\/\/www.gaveanews.com\/index.php\/2020\/07\/27\/devido-a-filosofia-de-trabalho-flamengo-descarta-dois-treinadores\/\"},\"author\":{\"name\":\"Equipe G\u00e1vea News\",\"@id\":\"https:\/\/www.gaveanews.com\/#\/schema\/person\/2ec14f73fb96be2caf28f91afb14749d\"},\"headline\":\"Devido a filosofia de trabalho, Flamengo descarta dois treinadores\",\"datePublished\":\"2020-07-27T17:13:20+00:00\",\"dateModified\":\"2020-07-27T17:13:22+00:00\",\"mainEntityOfPage\":{\"@id\":\"https:\/\/www.gaveanews.com\/index.php\/2020\/07\/27\/devido-a-filosofia-de-trabalho-flamengo-descarta-dois-treinadores\/\"},\"wordCount\":304,\"commentCount\":27,\"image\":{\"@id\":\"https:\/\/www.gaveanews.com\/index.php\/2020\/07\/27\/devido-a-filosofia-de-trabalho-flamengo-descarta-dois-treinadores\/#primaryimage\"},\"thumbnailUrl\":\"https:\/\/www.gaveanews.com\/wp-content\/uploads\/2019\/03\/Rodolfo-Landim-durante-entrevista-coletiva-na-Gavea.webp\",\"articleSection\":[\"Flamengo\"],\"inLanguage\":\"pt-BR\",\"potentialAction\":[{\"@type\":\"CommentAction\",\"name\":\"Comment\",\"target\":[\"https:\/\/www.gaveanews.com\/index.php\/2020\/07\/27\/devido-a-filosofia-de-trabalho-flamengo-descarta-dois-treinadores\/#respond\"]}],\"copyrightYear\":\"2020\",\"copyrightHolder\":{\"@id\":\"https:\/\/www.gaveanews.com\/#organization\"}},{\"@type\":\"WebPage\",\"@id\":\"https:\/\/www.gaveanews.com\/index.php\/2020\/07\/27\/devido-a-filosofia-de-trabalho-flamengo-descarta-dois-treinadores\/\",\"url\":\"https:\/\/www.gaveanews.com\/index.php\/2020\/07\/27\/devido-a-filosofia-de-trabalho-flamengo-descarta-dois-treinadores\/\",\"name\":\"Devido a filosofia de trabalho, Flamengo descarta dois treinadores\",\"isPartOf\":{\"@id\":\"https:\/\/www.gaveanews.com\/#website\"},\"primaryImageOfPage\":{\"@id\":\"https:\/\/www.gaveanews.com\/index.php\/2020\/07\/27\/devido-a-filosofia-de-trabalho-flamengo-descarta-dois-treinadores\/#primaryimage\"},\"image\":{\"@id\":\"https:\/\/www.gaveanews.com\/index.php\/2020\/07\/27\/devido-a-filosofia-de-trabalho-flamengo-descarta-dois-treinadores\/#primaryimage\"},\"thumbnailUrl\":\"https:\/\/www.gaveanews.com\/wp-content\/uploads\/2019\/03\/Rodolfo-Landim-durante-entrevista-coletiva-na-Gavea.webp\",\"datePublished\":\"2020-07-27T17:13:20+00:00\",\"dateModified\":\"2020-07-27T17:13:22+00:00\",\"author\":{\"@id\":\"https:\/\/www.gaveanews.com\/#\/schema\/person\/2ec14f73fb96be2caf28f91afb14749d\"},\"description\":\"O intuito de Marcis Braz e Bruno Spindel \u00e9 que o estilo ofensivo do time do Flamengo mantenha-se, assim como na \u00e9poca do treinador Jorge Jesus.\",\"breadcrumb\":{\"@id\":\"https:\/\/www.gaveanews.com\/index.php\/2020\/07\/27\/devido-a-filosofia-de-trabalho-flamengo-descarta-dois-treinadores\/#breadcrumb\"},\"inLanguage\":\"pt-BR\",\"potentialAction\":[{\"@type\":\"ReadAction\",\"target\":[\"https:\/\/www.gaveanews.com\/index.php\/2020\/07\/27\/devido-a-filosofia-de-trabalho-flamengo-descarta-dois-treinadores\/\"]}]},{\"@type\":\"ImageObject\",\"inLanguage\":\"pt-BR\",\"@id\":\"https:\/\/www.gaveanews.com\/index.php\/2020\/07\/27\/devido-a-filosofia-de-trabalho-flamengo-descarta-dois-treinadores\/#primaryimage\",\"url\":\"https:\/\/www.gaveanews.com\/wp-content\/uploads\/2019\/03\/Rodolfo-Landim-durante-entrevista-coletiva-na-Gavea.webp\",\"contentUrl\":\"https:\/\/www.gaveanews.com\/wp-content\/uploads\/2019\/03\/Rodolfo-Landim-durante-entrevista-coletiva-na-Gavea.webp\",\"width\":900,\"height\":599,\"caption\":\"Rodolfo Landim durante entrevista coletiva na G\u00e1vea (Foto: Ag\u00eancia Foto BR)\"},{\"@type\":\"BreadcrumbList\",\"@id\":\"https:\/\/www.gaveanews.com\/index.php\/2020\/07\/27\/devido-a-filosofia-de-trabalho-flamengo-descarta-dois-treinadores\/#breadcrumb\",\"itemListElement\":[{\"@type\":\"ListItem\",\"position\":1,\"name\":\"Home\",\"item\":\"https:\/\/www.gaveanews.com\/\"},{\"@type\":\"ListItem\",\"position\":2,\"name\":\"Devido a filosofia de trabalho, Flamengo descarta dois treinadores\"}]},{\"@type\":\"WebSite\",\"@id\":\"https:\/\/www.gaveanews.com\/#website\",\"url\":\"https:\/\/www.gaveanews.com\/\",\"name\":\"G\u00e1vea News\",\"description\":\"Veja todas as not\u00edcias sobre o Flamengo: Contrata\u00e7\u00f5es, categorias de base, resultados das partidas, tabela de classifica\u00e7\u00e3o, pr\u00f3ximos jogos!\",\"potentialAction\":[{\"@type\":\"SearchAction\",\"target\":{\"@type\":\"EntryPoint\",\"urlTemplate\":\"https:\/\/www.gaveanews.com\/?s={search_term_string}\"},\"query-input\":{\"@type\":\"PropertyValueSpecification\",\"valueRequired\":true,\"valueName\":\"search_term_string\"}}],\"inLanguage\":\"pt-BR\"},{\"@type\":\"Person\",\"@id\":\"https:\/\/www.gaveanews.com\/#\/schema\/person\/2ec14f73fb96be2caf28f91afb14749d\",\"name\":\"Equipe G\u00e1vea News\",\"image\":{\"@type\":\"ImageObject\",\"inLanguage\":\"pt-BR\",\"@id\":\"https:\/\/www.gaveanews.com\/#\/schema\/person\/image\/\",\"url\":\"https:\/\/secure.gravatar.com\/avatar\/1e1956f1facbffd3f8fa53a326721950116b3b9dc9bd44939c01180fd4a745a9?s=96&d=mm&r=g\",\"contentUrl\":\"https:\/\/secure.gravatar.com\/avatar\/1e1956f1facbffd3f8fa53a326721950116b3b9dc9bd44939c01180fd4a745a9?s=96&d=mm&r=g\",\"caption\":\"Equipe G\u00e1vea News\"}}]}<\/script>\n<!-- \/ Yoast SEO Premium plugin. -->","yoast_head_json":{"title":"Devido a filosofia de trabalho, Flamengo descarta dois treinadores","description":"O intuito de Marcis Braz e Bruno Spindel \u00e9 que o estilo ofensivo do time do Flamengo mantenha-se, assim como na \u00e9poca do treinador Jorge Jesus.","robots":{"index":"index","follow":"follow","max-snippet":"max-snippet:-1","max-image-preview":"max-image-preview:large","max-video-preview":"max-video-preview:-1"},"canonical":"https:\/\/www.gaveanews.com\/index.php\/2020\/07\/27\/devido-a-filosofia-de-trabalho-flamengo-descarta-dois-treinadores\/","og_locale":"pt_BR","og_type":"article","og_title":"Devido a filosofia de trabalho, Flamengo descarta dois treinadores","og_description":"O intuito de Marcis Braz e Bruno Spindel \u00e9 que o estilo ofensivo do time do Flamengo mantenha-se, assim como na \u00e9poca do treinador Jorge Jesus.","og_url":"https:\/\/www.gaveanews.com\/index.php\/2020\/07\/27\/devido-a-filosofia-de-trabalho-flamengo-descarta-dois-treinadores\/","og_site_name":"G\u00e1vea News","article_publisher":"https:\/\/facebook.com\/gaveaNews\/","article_published_time":"2020-07-27T17:13:20+00:00","article_modified_time":"2020-07-27T17:13:22+00:00","og_image":[{"url":"https:\/\/www.gaveanews.com\/wp-content\/uploads\/2019\/03\/Rodolfo-Landim-durante-entrevista-coletiva-na-Gavea.webp","width":1,"height":1,"type":"image\/jpeg"}],"author":"Equipe G\u00e1vea News","twitter_card":"summary_large_image","twitter_misc":{"Escrito por":"Equipe G\u00e1vea News","Est. tempo de leitura":"1 minuto"},"schema":{"@context":"https:\/\/schema.org","@graph":[{"@type":"NewsArticle","@id":"https:\/\/www.gaveanews.com\/index.php\/2020\/07\/27\/devido-a-filosofia-de-trabalho-flamengo-descarta-dois-treinadores\/#article","isPartOf":{"@id":"https:\/\/www.gaveanews.com\/index.php\/2020\/07\/27\/devido-a-filosofia-de-trabalho-flamengo-descarta-dois-treinadores\/"},"author":{"name":"Equipe G\u00e1vea News","@id":"https:\/\/www.gaveanews.com\/#\/schema\/person\/2ec14f73fb96be2caf28f91afb14749d"},"headline":"Devido a filosofia de trabalho, Flamengo descarta dois treinadores","datePublished":"2020-07-27T17:13:20+00:00","dateModified":"2020-07-27T17:13:22+00:00","mainEntityOfPage":{"@id":"https:\/\/www.gaveanews.com\/index.php\/2020\/07\/27\/devido-a-filosofia-de-trabalho-flamengo-descarta-dois-treinadores\/"},"wordCount":304,"commentCount":27,"image":{"@id":"https:\/\/www.gaveanews.com\/index.php\/2020\/07\/27\/devido-a-filosofia-de-trabalho-flamengo-descarta-dois-treinadores\/#primaryimage"},"thumbnailUrl":"https:\/\/www.gaveanews.com\/wp-content\/uploads\/2019\/03\/Rodolfo-Landim-durante-entrevista-coletiva-na-Gavea.webp","articleSection":["Flamengo"],"inLanguage":"pt-BR","potentialAction":[{"@type":"CommentAction","name":"Comment","target":["https:\/\/www.gaveanews.com\/index.php\/2020\/07\/27\/devido-a-filosofia-de-trabalho-flamengo-descarta-dois-treinadores\/#respond"]}],"copyrightYear":"2020","copyrightHolder":{"@id":"https:\/\/www.gaveanews.com\/#organization"}},{"@type":"WebPage","@id":"https:\/\/www.gaveanews.com\/index.php\/2020\/07\/27\/devido-a-filosofia-de-trabalho-flamengo-descarta-dois-treinadores\/","url":"https:\/\/www.gaveanews.com\/index.php\/2020\/07\/27\/devido-a-filosofia-de-trabalho-flamengo-descarta-dois-treinadores\/","name":"Devido a filosofia de trabalho, Flamengo descarta dois treinadores","isPartOf":{"@id":"https:\/\/www.gaveanews.com\/#website"},"primaryImageOfPage":{"@id":"https:\/\/www.gaveanews.com\/index.php\/2020\/07\/27\/devido-a-filosofia-de-trabalho-flamengo-descarta-dois-treinadores\/#primaryimage"},"image":{"@id":"https:\/\/www.gaveanews.com\/index.php\/2020\/07\/27\/devido-a-filosofia-de-trabalho-flamengo-descarta-dois-treinadores\/#primaryimage"},"thumbnailUrl":"https:\/\/www.gaveanews.com\/wp-content\/uploads\/2019\/03\/Rodolfo-Landim-durante-entrevista-coletiva-na-Gavea.webp","datePublished":"2020-07-27T17:13:20+00:00","dateModified":"2020-07-27T17:13:22+00:00","author":{"@id":"https:\/\/www.gaveanews.com\/#\/schema\/person\/2ec14f73fb96be2caf28f91afb14749d"},"description":"O intuito de Marcis Braz e Bruno Spindel \u00e9 que o estilo ofensivo do time do Flamengo mantenha-se, assim como na \u00e9poca do treinador Jorge Jesus.","breadcrumb":{"@id":"https:\/\/www.gaveanews.com\/index.php\/2020\/07\/27\/devido-a-filosofia-de-trabalho-flamengo-descarta-dois-treinadores\/#breadcrumb"},"inLanguage":"pt-BR","potentialAction":[{"@type":"ReadAction","target":["https:\/\/www.gaveanews.com\/index.php\/2020\/07\/27\/devido-a-filosofia-de-trabalho-flamengo-descarta-dois-treinadores\/"]}]},{"@type":"ImageObject","inLanguage":"pt-BR","@id":"https:\/\/www.gaveanews.com\/index.php\/2020\/07\/27\/devido-a-filosofia-de-trabalho-flamengo-descarta-dois-treinadores\/#primaryimage","url":"https:\/\/www.gaveanews.com\/wp-content\/uploads\/2019\/03\/Rodolfo-Landim-durante-entrevista-coletiva-na-Gavea.webp","contentUrl":"https:\/\/www.gaveanews.com\/wp-content\/uploads\/2019\/03\/Rodolfo-Landim-durante-entrevista-coletiva-na-Gavea.webp","width":900,"height":599,"caption":"Rodolfo Landim durante entrevista coletiva na G\u00e1vea (Foto: Ag\u00eancia Foto BR)"},{"@type":"BreadcrumbList","@id":"https:\/\/www.gaveanews.com\/index.php\/2020\/07\/27\/devido-a-filosofia-de-trabalho-flamengo-descarta-dois-treinadores\/#breadcrumb","itemListElement":[{"@type":"ListItem","position":1,"name":"Home","item":"https:\/\/www.gaveanews.com\/"},{"@type":"ListItem","position":2,"name":"Devido a filosofia de trabalho, Flamengo descarta dois treinadores"}]},{"@type":"WebSite","@id":"https:\/\/www.gaveanews.com\/#website","url":"https:\/\/www.gaveanews.com\/","name":"G\u00e1vea News","description":"Veja todas as not\u00edcias sobre o Flamengo: Contrata\u00e7\u00f5es, categorias de base, resultados das partidas, tabela de classifica\u00e7\u00e3o, pr\u00f3ximos jogos!","potentialAction":[{"@type":"SearchAction","target":{"@type":"EntryPoint","urlTemplate":"https:\/\/www.gaveanews.com\/?s={search_term_string}"},"query-input":{"@type":"PropertyValueSpecification","valueRequired":true,"valueName":"search_term_string"}}],"inLanguage":"pt-BR"},{"@type":"Person","@id":"https:\/\/www.gaveanews.com\/#\/schema\/person\/2ec14f73fb96be2caf28f91afb14749d","name":"Equipe G\u00e1vea News","image":{"@type":"ImageObject","inLanguage":"pt-BR","@id":"https:\/\/www.gaveanews.com\/#\/schema\/person\/image\/","url":"https:\/\/secure.gravatar.com\/avatar\/1e1956f1facbffd3f8fa53a326721950116b3b9dc9bd44939c01180fd4a745a9?s=96&d=mm&r=g","contentUrl":"https:\/\/secure.gravatar.com\/avatar\/1e1956f1facbffd3f8fa53a326721950116b3b9dc9bd44939c01180fd4a745a9?s=96&d=mm&r=g","caption":"Equipe G\u00e1vea News"}}]}},"_links":{"self":[{"href":"https:\/\/www.gaveanews.com\/index.php\/wp-json\/wp\/v2\/posts\/44279","targetHints":{"allow":["GET"]}}],"collection":[{"href":"https:\/\/www.gaveanews.com\/index.php\/wp-json\/wp\/v2\/posts"}],"about":[{"href":"https:\/\/www.gaveanews.com\/index.php\/wp-json\/wp\/v2\/types\/post"}],"author":[{"embeddable":true,"href":"https:\/\/www.gaveanews.com\/index.php\/wp-json\/wp\/v2\/users\/1"}],"replies":[{"embeddable":true,"href":"https:\/\/www.gaveanews.com\/index.php\/wp-json\/wp\/v2\/comments?post=44279"}],"version-history":[{"count":0,"href":"https:\/\/www.gaveanews.com\/index.php\/wp-json\/wp\/v2\/posts\/44279\/revisions"}],"wp:featuredmedia":[{"embeddable":true,"href":"https:\/\/www.gaveanews.com\/index.php\/wp-json\/wp\/v2\/media\/15077"}],"wp:attachment":[{"href":"https:\/\/www.gaveanews.com\/index.php\/wp-json\/wp\/v2\/media?parent=44279"}],"wp:term":[{"taxonomy":"category","embeddable":true,"href":"https:\/\/www.gaveanews.com\/index.php\/wp-json\/wp\/v2\/categories?post=44279"},{"taxonomy":"post_tag","embeddable":true,"href":"https:\/\/www.gaveanews.com\/index.php\/wp-json\/wp\/v2\/tags?post=44279"}],"curies":[{"name":"wp","href":"https:\/\/api.w.org\/{rel}","templated":true}]}}