{"id":44281,"date":"2020-07-27T14:52:32","date_gmt":"2020-07-27T17:52:32","guid":{"rendered":"https:\/\/www.gaveanews.com\/?p=44281"},"modified":"2020-07-27T14:54:23","modified_gmt":"2020-07-27T17:54:23","slug":"bernardinho-diz-que-flamengo-pensa-em-titulo-mundial-no-volei","status":"publish","type":"post","link":"https:\/\/www.gaveanews.com\/index.php\/2020\/07\/27\/bernardinho-diz-que-flamengo-pensa-em-titulo-mundial-no-volei\/","title":{"rendered":"Bernardinho diz que Flamengo pensa em t\u00edtulo mundial no v\u00f4lei"},"content":{"rendered":"\n<p>A parceria entre Sesc-RJ e Flamengo pode ser a oportunidade de Bernardinho conquistar o t\u00e3o sonhado t\u00edtulo de campe\u00e3o mundial de clubes. Em entrevista publicada pelo canal do Flamengo no Youtube, a FlaTV, o treinador falou das metas do projeto e contou que o clube pensa grande, ainda que o or\u00e7amento para a primeira temporada n\u00e3o seja dos maiores.<\/p>\n\n\n\n<p>&#8220;Vamos fincar as bases para crescer. Nosso sonho \u00e9 grande. O Flamengo quando pensa \u00e9 Sul-Americano, Mundial. A gente pensa nisso, mas precisa de tempo. N\u00e3o adianta conseguir um investimento alt\u00edssimo que dure dois anos. Precisa ser algo que dure d\u00e9cadas&#8221;, explicou.<\/p>\n\n\n\n<p>Doze vezes campe\u00e3o da Superliga com o Rio de Janeiro V\u00f4lei (antes Curitiba V\u00f4lei), Bernardinho segue como t\u00e9cnico desse clube, que agora veste a camisa do Flamengo. Em Mundiais de Clubes, a equipe foi vice-campe\u00e3 em 2013 e 2017, perdendo nas duas ocasi\u00f5es para o Vak\u0131fBank, da Turquia.<\/p>\n\n\n\n<div class=\"wp-block-image\"><figure class=\"aligncenter size-large is-resized\"><img loading=\"lazy\" decoding=\"async\" src=\"https:\/\/upload.wikimedia.org\/wikipedia\/commons\/0\/04\/Bernardo_de_Rezende_Rio_2016b.webp\" alt=\"\" width=\"580\" height=\"763\"\/><figcaption>Bernardinho durante uma partida do Brasil<\/figcaption><\/figure><\/div>\n\n\n\n<p>Anunciada h\u00e1 duas semanas, a parceria Sesc-RJ ainda n\u00e3o anunciou refor\u00e7os, o que deve acontecer a partir dessa semana. A tend\u00eancia \u00e9 que o elenco n\u00e3o seja recheado de estrelas. &#8220;A expectativa \u00e9 alta. Vamos brigar? Vamos brigar. Somos favoritos? Longe disso. O or\u00e7amento de quatro (times) pelo menos s\u00e3o maiores que o nosso&#8221;, explicou Bernardinho \u00e0 FlaTV. Essas equipes seriam Praia Clube, Minas T\u00eanis Clube, Sesi\/Bauru e Audax\/Osasco. O S\u00e3o Paulo\/Barueri, de Jos\u00e9 Roberto Guimar\u00e3es, fecha o Top6 do v\u00f4lei nacional feminino.<\/p>\n\n\n\n<p>Assim como na entrevista coletiva de an\u00fancio da parceria, Bernardinho exaltou a possibilidade de constru\u00e7\u00e3o de um projeto longevo no Flamengo, revelando jogadoras. Ainda que o treinador seja propriet\u00e1rio da Escola de V\u00f4lei Bernardinho, que tem 17 unidades no pa\u00eds e 13 apenas na cidade do Rio, o clube dele n\u00e3o tem equipes de base, algo que \u00e9 forte no Flamengo.<\/p>\n\n\n\n<p>&#8220;A gente alimenta os clubes do Rio, s\u00f3 que eu n\u00e3o tenho a base. A associa\u00e7\u00e3o vai nos dar a possibilidade de estimular uma base cada vez mais forte. A ideia \u00e9 que se torna um projeto longevo, autossustent\u00e1vel, que permane\u00e7a. Quero que daqui uns anos o v\u00f4lei seja visto no Flamengo como o remo \u00e9, o basquete \u00e9, com os pilares muito firmes&#8221;, explicou.<\/p>\n\n\n\n<p>Promovido da Superliga B em 2019, o Flamengo foi 10\u00ba colocado na sua reestreia na primeira divis\u00e3o e abriu m\u00e3o de sua vaga na elite do v\u00f4lei brasileiro para jogar pelo CNPJ do Rio de Janeiro V\u00f4lei na pr\u00f3xima temporada. Existe a possibilidade de o Flamengo se inscrever na Superliga B e disput\u00e1-la com um time mais jovem, formado por meninas das categorias de base, como o clube chegou a estudar fazer no basquete.<\/p>\n\n\n\n<p>Retirado de: UOL<\/p>\n","protected":false},"excerpt":{"rendered":"<p>A parceria entre Sesc-RJ e Flamengo pode ser a oportunidade de Bernardinho conquistar o t\u00e3o sonhado t\u00edtulo de campe\u00e3o mundial de clubes. Em entrevista publicada pelo canal do Flamengo no Youtube, a FlaTV, o treinador falou das metas do projeto e contou que o clube pensa grande, ainda que o or\u00e7amento para a primeira temporada [&hellip;]<\/p>\n","protected":false},"author":1,"featured_media":44282,"comment_status":"open","ping_status":"closed","sticky":false,"template":"","format":"standard","meta":{"footnotes":""},"categories":[1],"tags":[],"class_list":["post-44281","post","type-post","status-publish","format-standard","has-post-thumbnail","hentry","category-flamengo"],"yoast_head":"<!-- This site is optimized with the Yoast SEO Premium plugin v24.2 (Yoast SEO v26.9) - https:\/\/yoast.com\/product\/yoast-seo-premium-wordpress\/ -->\n<title>Bernardinho diz que Flamengo pensa em t\u00edtulo mundial no v\u00f4lei<\/title>\n<meta name=\"description\" content=\"A parceria entre Sesc-RJ e Flamengo pode ser a oportunidade de Bernardinho conquistar o t\u00e3o sonhado t\u00edtulo de campe\u00e3o mundial.\" \/>\n<meta name=\"robots\" content=\"index, follow, max-snippet:-1, max-image-preview:large, max-video-preview:-1\" \/>\n<link rel=\"canonical\" href=\"https:\/\/www.gaveanews.com\/index.php\/2020\/07\/27\/bernardinho-diz-que-flamengo-pensa-em-titulo-mundial-no-volei\/\" \/>\n<meta property=\"og:locale\" content=\"pt_BR\" \/>\n<meta property=\"og:type\" content=\"article\" \/>\n<meta property=\"og:title\" content=\"Bernardinho diz que Flamengo pensa em t\u00edtulo mundial no v\u00f4lei\" \/>\n<meta property=\"og:description\" content=\"A parceria entre Sesc-RJ e Flamengo pode ser a oportunidade de Bernardinho conquistar o t\u00e3o sonhado t\u00edtulo de campe\u00e3o mundial.\" \/>\n<meta property=\"og:url\" content=\"https:\/\/www.gaveanews.com\/index.php\/2020\/07\/27\/bernardinho-diz-que-flamengo-pensa-em-titulo-mundial-no-volei\/\" \/>\n<meta property=\"og:site_name\" content=\"G\u00e1vea News\" \/>\n<meta property=\"article:publisher\" content=\"https:\/\/facebook.com\/gaveaNews\/\" \/>\n<meta property=\"article:published_time\" content=\"2020-07-27T17:52:32+00:00\" \/>\n<meta property=\"article:modified_time\" content=\"2020-07-27T17:54:23+00:00\" \/>\n<meta property=\"og:image\" content=\"https:\/\/www.gaveanews.com\/wp-content\/uploads\/Bernardinho-durante-uma-coletiva-de-imprensa.webp\" \/>\n\t<meta property=\"og:image:width\" content=\"2040\" \/>\n\t<meta property=\"og:image:height\" content=\"1357\" \/>\n\t<meta property=\"og:image:type\" content=\"image\/jpeg\" \/>\n<meta name=\"author\" content=\"Equipe G\u00e1vea News\" \/>\n<meta name=\"twitter:card\" content=\"summary_large_image\" \/>\n<meta name=\"twitter:label1\" content=\"Escrito por\" \/>\n\t<meta name=\"twitter:data1\" content=\"Equipe G\u00e1vea News\" \/>\n\t<meta name=\"twitter:label2\" content=\"Est. tempo de leitura\" \/>\n\t<meta name=\"twitter:data2\" content=\"2 minutos\" \/>\n<script type=\"application\/ld+json\" class=\"yoast-schema-graph\">{\"@context\":\"https:\/\/schema.org\",\"@graph\":[{\"@type\":\"NewsArticle\",\"@id\":\"https:\/\/www.gaveanews.com\/index.php\/2020\/07\/27\/bernardinho-diz-que-flamengo-pensa-em-titulo-mundial-no-volei\/#article\",\"isPartOf\":{\"@id\":\"https:\/\/www.gaveanews.com\/index.php\/2020\/07\/27\/bernardinho-diz-que-flamengo-pensa-em-titulo-mundial-no-volei\/\"},\"author\":{\"name\":\"Equipe G\u00e1vea News\",\"@id\":\"https:\/\/www.gaveanews.com\/#\/schema\/person\/2ec14f73fb96be2caf28f91afb14749d\"},\"headline\":\"Bernardinho diz que Flamengo pensa em t\u00edtulo mundial no v\u00f4lei\",\"datePublished\":\"2020-07-27T17:52:32+00:00\",\"dateModified\":\"2020-07-27T17:54:23+00:00\",\"mainEntityOfPage\":{\"@id\":\"https:\/\/www.gaveanews.com\/index.php\/2020\/07\/27\/bernardinho-diz-que-flamengo-pensa-em-titulo-mundial-no-volei\/\"},\"wordCount\":482,\"commentCount\":0,\"image\":{\"@id\":\"https:\/\/www.gaveanews.com\/index.php\/2020\/07\/27\/bernardinho-diz-que-flamengo-pensa-em-titulo-mundial-no-volei\/#primaryimage\"},\"thumbnailUrl\":\"https:\/\/www.gaveanews.com\/wp-content\/uploads\/Bernardinho-durante-uma-coletiva-de-imprensa.webp\",\"articleSection\":[\"Flamengo\"],\"inLanguage\":\"pt-BR\",\"potentialAction\":[{\"@type\":\"CommentAction\",\"name\":\"Comment\",\"target\":[\"https:\/\/www.gaveanews.com\/index.php\/2020\/07\/27\/bernardinho-diz-que-flamengo-pensa-em-titulo-mundial-no-volei\/#respond\"]}],\"copyrightYear\":\"2020\",\"copyrightHolder\":{\"@id\":\"https:\/\/www.gaveanews.com\/#organization\"}},{\"@type\":\"WebPage\",\"@id\":\"https:\/\/www.gaveanews.com\/index.php\/2020\/07\/27\/bernardinho-diz-que-flamengo-pensa-em-titulo-mundial-no-volei\/\",\"url\":\"https:\/\/www.gaveanews.com\/index.php\/2020\/07\/27\/bernardinho-diz-que-flamengo-pensa-em-titulo-mundial-no-volei\/\",\"name\":\"Bernardinho diz que Flamengo pensa em t\u00edtulo mundial no v\u00f4lei\",\"isPartOf\":{\"@id\":\"https:\/\/www.gaveanews.com\/#website\"},\"primaryImageOfPage\":{\"@id\":\"https:\/\/www.gaveanews.com\/index.php\/2020\/07\/27\/bernardinho-diz-que-flamengo-pensa-em-titulo-mundial-no-volei\/#primaryimage\"},\"image\":{\"@id\":\"https:\/\/www.gaveanews.com\/index.php\/2020\/07\/27\/bernardinho-diz-que-flamengo-pensa-em-titulo-mundial-no-volei\/#primaryimage\"},\"thumbnailUrl\":\"https:\/\/www.gaveanews.com\/wp-content\/uploads\/Bernardinho-durante-uma-coletiva-de-imprensa.webp\",\"datePublished\":\"2020-07-27T17:52:32+00:00\",\"dateModified\":\"2020-07-27T17:54:23+00:00\",\"author\":{\"@id\":\"https:\/\/www.gaveanews.com\/#\/schema\/person\/2ec14f73fb96be2caf28f91afb14749d\"},\"description\":\"A parceria entre Sesc-RJ e Flamengo pode ser a oportunidade de Bernardinho conquistar o t\u00e3o sonhado t\u00edtulo de campe\u00e3o mundial.\",\"breadcrumb\":{\"@id\":\"https:\/\/www.gaveanews.com\/index.php\/2020\/07\/27\/bernardinho-diz-que-flamengo-pensa-em-titulo-mundial-no-volei\/#breadcrumb\"},\"inLanguage\":\"pt-BR\",\"potentialAction\":[{\"@type\":\"ReadAction\",\"target\":[\"https:\/\/www.gaveanews.com\/index.php\/2020\/07\/27\/bernardinho-diz-que-flamengo-pensa-em-titulo-mundial-no-volei\/\"]}]},{\"@type\":\"ImageObject\",\"inLanguage\":\"pt-BR\",\"@id\":\"https:\/\/www.gaveanews.com\/index.php\/2020\/07\/27\/bernardinho-diz-que-flamengo-pensa-em-titulo-mundial-no-volei\/#primaryimage\",\"url\":\"https:\/\/www.gaveanews.com\/wp-content\/uploads\/Bernardinho-durante-uma-coletiva-de-imprensa.webp\",\"contentUrl\":\"https:\/\/www.gaveanews.com\/wp-content\/uploads\/Bernardinho-durante-uma-coletiva-de-imprensa.webp\",\"width\":2040,\"height\":1357,\"caption\":\"Bernardinho durante uma coletiva de imprensa (Foto: Marcelo Cortes\/Flamengo)\"},{\"@type\":\"BreadcrumbList\",\"@id\":\"https:\/\/www.gaveanews.com\/index.php\/2020\/07\/27\/bernardinho-diz-que-flamengo-pensa-em-titulo-mundial-no-volei\/#breadcrumb\",\"itemListElement\":[{\"@type\":\"ListItem\",\"position\":1,\"name\":\"Home\",\"item\":\"https:\/\/www.gaveanews.com\/\"},{\"@type\":\"ListItem\",\"position\":2,\"name\":\"Bernardinho diz que Flamengo pensa em t\u00edtulo mundial no v\u00f4lei\"}]},{\"@type\":\"WebSite\",\"@id\":\"https:\/\/www.gaveanews.com\/#website\",\"url\":\"https:\/\/www.gaveanews.com\/\",\"name\":\"G\u00e1vea News\",\"description\":\"Veja todas as not\u00edcias sobre o Flamengo: Contrata\u00e7\u00f5es, categorias de base, resultados das partidas, tabela de classifica\u00e7\u00e3o, pr\u00f3ximos jogos!\",\"potentialAction\":[{\"@type\":\"SearchAction\",\"target\":{\"@type\":\"EntryPoint\",\"urlTemplate\":\"https:\/\/www.gaveanews.com\/?s={search_term_string}\"},\"query-input\":{\"@type\":\"PropertyValueSpecification\",\"valueRequired\":true,\"valueName\":\"search_term_string\"}}],\"inLanguage\":\"pt-BR\"},{\"@type\":\"Person\",\"@id\":\"https:\/\/www.gaveanews.com\/#\/schema\/person\/2ec14f73fb96be2caf28f91afb14749d\",\"name\":\"Equipe G\u00e1vea News\",\"image\":{\"@type\":\"ImageObject\",\"inLanguage\":\"pt-BR\",\"@id\":\"https:\/\/www.gaveanews.com\/#\/schema\/person\/image\/\",\"url\":\"https:\/\/secure.gravatar.com\/avatar\/1e1956f1facbffd3f8fa53a326721950116b3b9dc9bd44939c01180fd4a745a9?s=96&d=mm&r=g\",\"contentUrl\":\"https:\/\/secure.gravatar.com\/avatar\/1e1956f1facbffd3f8fa53a326721950116b3b9dc9bd44939c01180fd4a745a9?s=96&d=mm&r=g\",\"caption\":\"Equipe G\u00e1vea News\"}}]}<\/script>\n<!-- \/ Yoast SEO Premium plugin. -->","yoast_head_json":{"title":"Bernardinho diz que Flamengo pensa em t\u00edtulo mundial no v\u00f4lei","description":"A parceria entre Sesc-RJ e Flamengo pode ser a oportunidade de Bernardinho conquistar o t\u00e3o sonhado t\u00edtulo de campe\u00e3o mundial.","robots":{"index":"index","follow":"follow","max-snippet":"max-snippet:-1","max-image-preview":"max-image-preview:large","max-video-preview":"max-video-preview:-1"},"canonical":"https:\/\/www.gaveanews.com\/index.php\/2020\/07\/27\/bernardinho-diz-que-flamengo-pensa-em-titulo-mundial-no-volei\/","og_locale":"pt_BR","og_type":"article","og_title":"Bernardinho diz que Flamengo pensa em t\u00edtulo mundial no v\u00f4lei","og_description":"A parceria entre Sesc-RJ e Flamengo pode ser a oportunidade de Bernardinho conquistar o t\u00e3o sonhado t\u00edtulo de campe\u00e3o mundial.","og_url":"https:\/\/www.gaveanews.com\/index.php\/2020\/07\/27\/bernardinho-diz-que-flamengo-pensa-em-titulo-mundial-no-volei\/","og_site_name":"G\u00e1vea News","article_publisher":"https:\/\/facebook.com\/gaveaNews\/","article_published_time":"2020-07-27T17:52:32+00:00","article_modified_time":"2020-07-27T17:54:23+00:00","og_image":[{"width":2040,"height":1357,"url":"https:\/\/www.gaveanews.com\/wp-content\/uploads\/Bernardinho-durante-uma-coletiva-de-imprensa.webp","type":"image\/jpeg"}],"author":"Equipe G\u00e1vea News","twitter_card":"summary_large_image","twitter_misc":{"Escrito por":"Equipe G\u00e1vea News","Est. tempo de leitura":"2 minutos"},"schema":{"@context":"https:\/\/schema.org","@graph":[{"@type":"NewsArticle","@id":"https:\/\/www.gaveanews.com\/index.php\/2020\/07\/27\/bernardinho-diz-que-flamengo-pensa-em-titulo-mundial-no-volei\/#article","isPartOf":{"@id":"https:\/\/www.gaveanews.com\/index.php\/2020\/07\/27\/bernardinho-diz-que-flamengo-pensa-em-titulo-mundial-no-volei\/"},"author":{"name":"Equipe G\u00e1vea News","@id":"https:\/\/www.gaveanews.com\/#\/schema\/person\/2ec14f73fb96be2caf28f91afb14749d"},"headline":"Bernardinho diz que Flamengo pensa em t\u00edtulo mundial no v\u00f4lei","datePublished":"2020-07-27T17:52:32+00:00","dateModified":"2020-07-27T17:54:23+00:00","mainEntityOfPage":{"@id":"https:\/\/www.gaveanews.com\/index.php\/2020\/07\/27\/bernardinho-diz-que-flamengo-pensa-em-titulo-mundial-no-volei\/"},"wordCount":482,"commentCount":0,"image":{"@id":"https:\/\/www.gaveanews.com\/index.php\/2020\/07\/27\/bernardinho-diz-que-flamengo-pensa-em-titulo-mundial-no-volei\/#primaryimage"},"thumbnailUrl":"https:\/\/www.gaveanews.com\/wp-content\/uploads\/Bernardinho-durante-uma-coletiva-de-imprensa.webp","articleSection":["Flamengo"],"inLanguage":"pt-BR","potentialAction":[{"@type":"CommentAction","name":"Comment","target":["https:\/\/www.gaveanews.com\/index.php\/2020\/07\/27\/bernardinho-diz-que-flamengo-pensa-em-titulo-mundial-no-volei\/#respond"]}],"copyrightYear":"2020","copyrightHolder":{"@id":"https:\/\/www.gaveanews.com\/#organization"}},{"@type":"WebPage","@id":"https:\/\/www.gaveanews.com\/index.php\/2020\/07\/27\/bernardinho-diz-que-flamengo-pensa-em-titulo-mundial-no-volei\/","url":"https:\/\/www.gaveanews.com\/index.php\/2020\/07\/27\/bernardinho-diz-que-flamengo-pensa-em-titulo-mundial-no-volei\/","name":"Bernardinho diz que Flamengo pensa em t\u00edtulo mundial no v\u00f4lei","isPartOf":{"@id":"https:\/\/www.gaveanews.com\/#website"},"primaryImageOfPage":{"@id":"https:\/\/www.gaveanews.com\/index.php\/2020\/07\/27\/bernardinho-diz-que-flamengo-pensa-em-titulo-mundial-no-volei\/#primaryimage"},"image":{"@id":"https:\/\/www.gaveanews.com\/index.php\/2020\/07\/27\/bernardinho-diz-que-flamengo-pensa-em-titulo-mundial-no-volei\/#primaryimage"},"thumbnailUrl":"https:\/\/www.gaveanews.com\/wp-content\/uploads\/Bernardinho-durante-uma-coletiva-de-imprensa.webp","datePublished":"2020-07-27T17:52:32+00:00","dateModified":"2020-07-27T17:54:23+00:00","author":{"@id":"https:\/\/www.gaveanews.com\/#\/schema\/person\/2ec14f73fb96be2caf28f91afb14749d"},"description":"A parceria entre Sesc-RJ e Flamengo pode ser a oportunidade de Bernardinho conquistar o t\u00e3o sonhado t\u00edtulo de campe\u00e3o mundial.","breadcrumb":{"@id":"https:\/\/www.gaveanews.com\/index.php\/2020\/07\/27\/bernardinho-diz-que-flamengo-pensa-em-titulo-mundial-no-volei\/#breadcrumb"},"inLanguage":"pt-BR","potentialAction":[{"@type":"ReadAction","target":["https:\/\/www.gaveanews.com\/index.php\/2020\/07\/27\/bernardinho-diz-que-flamengo-pensa-em-titulo-mundial-no-volei\/"]}]},{"@type":"ImageObject","inLanguage":"pt-BR","@id":"https:\/\/www.gaveanews.com\/index.php\/2020\/07\/27\/bernardinho-diz-que-flamengo-pensa-em-titulo-mundial-no-volei\/#primaryimage","url":"https:\/\/www.gaveanews.com\/wp-content\/uploads\/Bernardinho-durante-uma-coletiva-de-imprensa.webp","contentUrl":"https:\/\/www.gaveanews.com\/wp-content\/uploads\/Bernardinho-durante-uma-coletiva-de-imprensa.webp","width":2040,"height":1357,"caption":"Bernardinho durante uma coletiva de imprensa (Foto: Marcelo Cortes\/Flamengo)"},{"@type":"BreadcrumbList","@id":"https:\/\/www.gaveanews.com\/index.php\/2020\/07\/27\/bernardinho-diz-que-flamengo-pensa-em-titulo-mundial-no-volei\/#breadcrumb","itemListElement":[{"@type":"ListItem","position":1,"name":"Home","item":"https:\/\/www.gaveanews.com\/"},{"@type":"ListItem","position":2,"name":"Bernardinho diz que Flamengo pensa em t\u00edtulo mundial no v\u00f4lei"}]},{"@type":"WebSite","@id":"https:\/\/www.gaveanews.com\/#website","url":"https:\/\/www.gaveanews.com\/","name":"G\u00e1vea News","description":"Veja todas as not\u00edcias sobre o Flamengo: Contrata\u00e7\u00f5es, categorias de base, resultados das partidas, tabela de classifica\u00e7\u00e3o, pr\u00f3ximos jogos!","potentialAction":[{"@type":"SearchAction","target":{"@type":"EntryPoint","urlTemplate":"https:\/\/www.gaveanews.com\/?s={search_term_string}"},"query-input":{"@type":"PropertyValueSpecification","valueRequired":true,"valueName":"search_term_string"}}],"inLanguage":"pt-BR"},{"@type":"Person","@id":"https:\/\/www.gaveanews.com\/#\/schema\/person\/2ec14f73fb96be2caf28f91afb14749d","name":"Equipe G\u00e1vea News","image":{"@type":"ImageObject","inLanguage":"pt-BR","@id":"https:\/\/www.gaveanews.com\/#\/schema\/person\/image\/","url":"https:\/\/secure.gravatar.com\/avatar\/1e1956f1facbffd3f8fa53a326721950116b3b9dc9bd44939c01180fd4a745a9?s=96&d=mm&r=g","contentUrl":"https:\/\/secure.gravatar.com\/avatar\/1e1956f1facbffd3f8fa53a326721950116b3b9dc9bd44939c01180fd4a745a9?s=96&d=mm&r=g","caption":"Equipe G\u00e1vea News"}}]}},"_links":{"self":[{"href":"https:\/\/www.gaveanews.com\/index.php\/wp-json\/wp\/v2\/posts\/44281","targetHints":{"allow":["GET"]}}],"collection":[{"href":"https:\/\/www.gaveanews.com\/index.php\/wp-json\/wp\/v2\/posts"}],"about":[{"href":"https:\/\/www.gaveanews.com\/index.php\/wp-json\/wp\/v2\/types\/post"}],"author":[{"embeddable":true,"href":"https:\/\/www.gaveanews.com\/index.php\/wp-json\/wp\/v2\/users\/1"}],"replies":[{"embeddable":true,"href":"https:\/\/www.gaveanews.com\/index.php\/wp-json\/wp\/v2\/comments?post=44281"}],"version-history":[{"count":0,"href":"https:\/\/www.gaveanews.com\/index.php\/wp-json\/wp\/v2\/posts\/44281\/revisions"}],"wp:featuredmedia":[{"embeddable":true,"href":"https:\/\/www.gaveanews.com\/index.php\/wp-json\/wp\/v2\/media\/44282"}],"wp:attachment":[{"href":"https:\/\/www.gaveanews.com\/index.php\/wp-json\/wp\/v2\/media?parent=44281"}],"wp:term":[{"taxonomy":"category","embeddable":true,"href":"https:\/\/www.gaveanews.com\/index.php\/wp-json\/wp\/v2\/categories?post=44281"},{"taxonomy":"post_tag","embeddable":true,"href":"https:\/\/www.gaveanews.com\/index.php\/wp-json\/wp\/v2\/tags?post=44281"}],"curies":[{"name":"wp","href":"https:\/\/api.w.org\/{rel}","templated":true}]}}