{"id":44286,"date":"2020-07-27T15:24:16","date_gmt":"2020-07-27T18:24:16","guid":{"rendered":"https:\/\/www.gaveanews.com\/?p=44286"},"modified":"2020-07-27T15:24:39","modified_gmt":"2020-07-27T18:24:39","slug":"candidato-a-presidencia-do-vasco-provoca-o-flamengo-devido-a-busca-por-um-novo-tecnico","status":"publish","type":"post","link":"https:\/\/www.gaveanews.com\/index.php\/2020\/07\/27\/candidato-a-presidencia-do-vasco-provoca-o-flamengo-devido-a-busca-por-um-novo-tecnico\/","title":{"rendered":"Candidato \u00e0 presid\u00eancia do Vasco provoca o Flamengo devido a busca por um novo t\u00e9cnico"},"content":{"rendered":"\n<p>O Flamengo busca um novo treinador para substituir Jorge Jesus e o nome do portugu\u00eas Carlos Carvalhal \u00e9 um dos favoritos. Mas o Rubro-Negro n\u00e3o \u00e9 o \u00fanico que deseja contrat\u00e1-lo. <\/p>\n\n\n\n<p>Candidato \u00e0 presid\u00eancia do Vasco, Leven Siano relevou o desejo em abril deste ano e sonha em t\u00ea-lo em seu clube, mas vestindo as cores cruz-maltinas. Para o advogado de 51 anos, ele se tornar\u00e1 um dos melhores do mundo dentro de cinco anos.<\/p>\n\n\n\n<p>\u2014 O [Carlos] Carvalhal, na nossa avalia\u00e7\u00e3o, \u00e9 um dos treinadores europeus com mais potencial de ser um dos melhores do mundo nos pr\u00f3ximos cinco anos. Fez um trabalho brilhante no Rio Ave e tem o DNA do Vasco. Joga em linha alta, \u00e9 ofensivo, \u00e9 uma caracteristica marcante do Vasco. \u00c9 o clube dos artilheiros \u2014 explica o candidato.<\/p>\n\n\n\n<figure class=\"wp-block-image size-large\"><img decoding=\"async\" src=\"https:\/\/ogimg.infoglobo.com.br\/in\/24553233-be9-d5d\/FT1086A\/652\/x88923272.webp.pagespeed.ic.CBNs0PkQUI.webp\" alt=\"\"\/><figcaption>Carlos Carvalhal<\/figcaption><\/figure>\n\n\n\n<p>Leven tamb\u00e9m alfineta o interesse do Flamengo em Carvalhal e lembra ser a segunda vez que o rival busca t\u00e9cnicos que foram sondados anteriormente. Antes, Jorge Jesus acertou com o Rubro-Negro poucos meses depois de o diretor de futebol do Vasco, Alexandre Faria, revelar interesse na contrata\u00e7\u00e3o. E vai al\u00e9m: acredita que o t\u00e9cnico portugu\u00eas ter\u00e1 mais sucesso em S\u00e3o Janu\u00e1rio.<\/p>\n\n\n\n<p>\u2014 O Flamengo n\u00e3o \u00e9 um clube que tem muita originalidade, sempre imita o vasca\u00edno. Foi primeiro com o Jorge Jesus, agora com o Carvalhal. Acho que ele teria muito mais sucesso no Vasco, ele tem perfil para estar aqui. No Flamengo, vai encontrar um time de futebol j\u00e1 montado e com muitas estrelas. Aqui, ele vai participar da constru\u00e7\u00e3o de projeto. N\u00e3o \u00e9 um teco-teco em pleno voo. Cabe a ele escolher o melhor para a vida dele \u2014 alfineta Leven.<\/p>\n\n\n\n<p>Retirado de: O Globo <\/p>\n","protected":false},"excerpt":{"rendered":"<p>O Flamengo busca um novo treinador para substituir Jorge Jesus e o nome do portugu\u00eas Carlos Carvalhal \u00e9 um dos favoritos. Mas o Rubro-Negro n\u00e3o \u00e9 o \u00fanico que deseja contrat\u00e1-lo. Candidato \u00e0 presid\u00eancia do Vasco, Leven Siano relevou o desejo em abril deste ano e sonha em t\u00ea-lo em seu clube, mas vestindo as [&hellip;]<\/p>\n","protected":false},"author":1,"featured_media":15081,"comment_status":"open","ping_status":"closed","sticky":false,"template":"","format":"standard","meta":{"footnotes":""},"categories":[1],"tags":[],"class_list":["post-44286","post","type-post","status-publish","format-standard","has-post-thumbnail","hentry","category-flamengo"],"yoast_head":"<!-- This site is optimized with the Yoast SEO Premium plugin v24.2 (Yoast SEO v26.9) - https:\/\/yoast.com\/product\/yoast-seo-premium-wordpress\/ -->\n<title>Candidato \u00e0 presid\u00eancia do Vasco provoca o Flamengo<\/title>\n<meta name=\"description\" content=\"Desde a sa\u00edda de Jorge Jesus, para o time do Benfica, a diretoria do Flamengo segue mapeando o mercado da bola em busca de um novo treinador.\" \/>\n<meta name=\"robots\" content=\"index, follow, max-snippet:-1, max-image-preview:large, max-video-preview:-1\" \/>\n<link rel=\"canonical\" href=\"https:\/\/www.gaveanews.com\/index.php\/2020\/07\/27\/candidato-a-presidencia-do-vasco-provoca-o-flamengo-devido-a-busca-por-um-novo-tecnico\/\" \/>\n<meta property=\"og:locale\" content=\"pt_BR\" \/>\n<meta property=\"og:type\" content=\"article\" \/>\n<meta property=\"og:title\" content=\"Candidato \u00e0 presid\u00eancia do Vasco provoca o Flamengo devido a busca por um novo t\u00e9cnico\" \/>\n<meta property=\"og:description\" content=\"Desde a sa\u00edda de Jorge Jesus, para o time do Benfica, a diretoria do Flamengo segue mapeando o mercado da bola em busca de um novo treinador.\" \/>\n<meta property=\"og:url\" content=\"https:\/\/www.gaveanews.com\/index.php\/2020\/07\/27\/candidato-a-presidencia-do-vasco-provoca-o-flamengo-devido-a-busca-por-um-novo-tecnico\/\" \/>\n<meta property=\"og:site_name\" content=\"G\u00e1vea News\" \/>\n<meta property=\"article:publisher\" content=\"https:\/\/facebook.com\/gaveaNews\/\" \/>\n<meta property=\"article:published_time\" content=\"2020-07-27T18:24:16+00:00\" \/>\n<meta property=\"article:modified_time\" content=\"2020-07-27T18:24:39+00:00\" \/>\n<meta property=\"og:image\" content=\"https:\/\/www.gaveanews.com\/wp-content\/uploads\/2019\/03\/Escudo-do-Flamengo-e-exposto-proximo-a-um-dos-gols-no-gramado-do-Maracana.webp\" \/>\n\t<meta property=\"og:image:width\" content=\"1\" \/>\n\t<meta property=\"og:image:height\" content=\"1\" \/>\n\t<meta property=\"og:image:type\" content=\"image\/jpeg\" \/>\n<meta name=\"author\" content=\"Equipe G\u00e1vea News\" \/>\n<meta name=\"twitter:card\" content=\"summary_large_image\" \/>\n<meta name=\"twitter:label1\" content=\"Escrito por\" \/>\n\t<meta name=\"twitter:data1\" content=\"Equipe G\u00e1vea News\" \/>\n\t<meta name=\"twitter:label2\" content=\"Est. tempo de leitura\" \/>\n\t<meta name=\"twitter:data2\" content=\"1 minuto\" \/>\n<script type=\"application\/ld+json\" class=\"yoast-schema-graph\">{\"@context\":\"https:\/\/schema.org\",\"@graph\":[{\"@type\":\"NewsArticle\",\"@id\":\"https:\/\/www.gaveanews.com\/index.php\/2020\/07\/27\/candidato-a-presidencia-do-vasco-provoca-o-flamengo-devido-a-busca-por-um-novo-tecnico\/#article\",\"isPartOf\":{\"@id\":\"https:\/\/www.gaveanews.com\/index.php\/2020\/07\/27\/candidato-a-presidencia-do-vasco-provoca-o-flamengo-devido-a-busca-por-um-novo-tecnico\/\"},\"author\":{\"name\":\"Equipe G\u00e1vea News\",\"@id\":\"https:\/\/www.gaveanews.com\/#\/schema\/person\/2ec14f73fb96be2caf28f91afb14749d\"},\"headline\":\"Candidato \u00e0 presid\u00eancia do Vasco provoca o Flamengo devido a busca por um novo t\u00e9cnico\",\"datePublished\":\"2020-07-27T18:24:16+00:00\",\"dateModified\":\"2020-07-27T18:24:39+00:00\",\"mainEntityOfPage\":{\"@id\":\"https:\/\/www.gaveanews.com\/index.php\/2020\/07\/27\/candidato-a-presidencia-do-vasco-provoca-o-flamengo-devido-a-busca-por-um-novo-tecnico\/\"},\"wordCount\":305,\"commentCount\":83,\"image\":{\"@id\":\"https:\/\/www.gaveanews.com\/index.php\/2020\/07\/27\/candidato-a-presidencia-do-vasco-provoca-o-flamengo-devido-a-busca-por-um-novo-tecnico\/#primaryimage\"},\"thumbnailUrl\":\"https:\/\/www.gaveanews.com\/wp-content\/uploads\/2019\/03\/Escudo-do-Flamengo-e-exposto-proximo-a-um-dos-gols-no-gramado-do-Maracana.webp\",\"articleSection\":[\"Flamengo\"],\"inLanguage\":\"pt-BR\",\"potentialAction\":[{\"@type\":\"CommentAction\",\"name\":\"Comment\",\"target\":[\"https:\/\/www.gaveanews.com\/index.php\/2020\/07\/27\/candidato-a-presidencia-do-vasco-provoca-o-flamengo-devido-a-busca-por-um-novo-tecnico\/#respond\"]}],\"copyrightYear\":\"2020\",\"copyrightHolder\":{\"@id\":\"https:\/\/www.gaveanews.com\/#organization\"}},{\"@type\":\"WebPage\",\"@id\":\"https:\/\/www.gaveanews.com\/index.php\/2020\/07\/27\/candidato-a-presidencia-do-vasco-provoca-o-flamengo-devido-a-busca-por-um-novo-tecnico\/\",\"url\":\"https:\/\/www.gaveanews.com\/index.php\/2020\/07\/27\/candidato-a-presidencia-do-vasco-provoca-o-flamengo-devido-a-busca-por-um-novo-tecnico\/\",\"name\":\"Candidato \u00e0 presid\u00eancia do Vasco provoca o Flamengo\",\"isPartOf\":{\"@id\":\"https:\/\/www.gaveanews.com\/#website\"},\"primaryImageOfPage\":{\"@id\":\"https:\/\/www.gaveanews.com\/index.php\/2020\/07\/27\/candidato-a-presidencia-do-vasco-provoca-o-flamengo-devido-a-busca-por-um-novo-tecnico\/#primaryimage\"},\"image\":{\"@id\":\"https:\/\/www.gaveanews.com\/index.php\/2020\/07\/27\/candidato-a-presidencia-do-vasco-provoca-o-flamengo-devido-a-busca-por-um-novo-tecnico\/#primaryimage\"},\"thumbnailUrl\":\"https:\/\/www.gaveanews.com\/wp-content\/uploads\/2019\/03\/Escudo-do-Flamengo-e-exposto-proximo-a-um-dos-gols-no-gramado-do-Maracana.webp\",\"datePublished\":\"2020-07-27T18:24:16+00:00\",\"dateModified\":\"2020-07-27T18:24:39+00:00\",\"author\":{\"@id\":\"https:\/\/www.gaveanews.com\/#\/schema\/person\/2ec14f73fb96be2caf28f91afb14749d\"},\"description\":\"Desde a sa\u00edda de Jorge Jesus, para o time do Benfica, a diretoria do Flamengo segue mapeando o mercado da bola em busca de um novo treinador.\",\"breadcrumb\":{\"@id\":\"https:\/\/www.gaveanews.com\/index.php\/2020\/07\/27\/candidato-a-presidencia-do-vasco-provoca-o-flamengo-devido-a-busca-por-um-novo-tecnico\/#breadcrumb\"},\"inLanguage\":\"pt-BR\",\"potentialAction\":[{\"@type\":\"ReadAction\",\"target\":[\"https:\/\/www.gaveanews.com\/index.php\/2020\/07\/27\/candidato-a-presidencia-do-vasco-provoca-o-flamengo-devido-a-busca-por-um-novo-tecnico\/\"]}]},{\"@type\":\"ImageObject\",\"inLanguage\":\"pt-BR\",\"@id\":\"https:\/\/www.gaveanews.com\/index.php\/2020\/07\/27\/candidato-a-presidencia-do-vasco-provoca-o-flamengo-devido-a-busca-por-um-novo-tecnico\/#primaryimage\",\"url\":\"https:\/\/www.gaveanews.com\/wp-content\/uploads\/2019\/03\/Escudo-do-Flamengo-e-exposto-proximo-a-um-dos-gols-no-gramado-do-Maracana.webp\",\"contentUrl\":\"https:\/\/www.gaveanews.com\/wp-content\/uploads\/2019\/03\/Escudo-do-Flamengo-e-exposto-proximo-a-um-dos-gols-no-gramado-do-Maracana.webp\",\"caption\":\"Escudo do Flamengo \u00e9 exposto pr\u00f3ximo a um dos gols, no gramado do Maracan\u00e3 (Foto: Daniel Castelo Branco)\"},{\"@type\":\"BreadcrumbList\",\"@id\":\"https:\/\/www.gaveanews.com\/index.php\/2020\/07\/27\/candidato-a-presidencia-do-vasco-provoca-o-flamengo-devido-a-busca-por-um-novo-tecnico\/#breadcrumb\",\"itemListElement\":[{\"@type\":\"ListItem\",\"position\":1,\"name\":\"Home\",\"item\":\"https:\/\/www.gaveanews.com\/\"},{\"@type\":\"ListItem\",\"position\":2,\"name\":\"Candidato \u00e0 presid\u00eancia do Vasco provoca o Flamengo devido a busca por um novo t\u00e9cnico\"}]},{\"@type\":\"WebSite\",\"@id\":\"https:\/\/www.gaveanews.com\/#website\",\"url\":\"https:\/\/www.gaveanews.com\/\",\"name\":\"G\u00e1vea News\",\"description\":\"Veja todas as not\u00edcias sobre o Flamengo: Contrata\u00e7\u00f5es, categorias de base, resultados das partidas, tabela de classifica\u00e7\u00e3o, pr\u00f3ximos jogos!\",\"potentialAction\":[{\"@type\":\"SearchAction\",\"target\":{\"@type\":\"EntryPoint\",\"urlTemplate\":\"https:\/\/www.gaveanews.com\/?s={search_term_string}\"},\"query-input\":{\"@type\":\"PropertyValueSpecification\",\"valueRequired\":true,\"valueName\":\"search_term_string\"}}],\"inLanguage\":\"pt-BR\"},{\"@type\":\"Person\",\"@id\":\"https:\/\/www.gaveanews.com\/#\/schema\/person\/2ec14f73fb96be2caf28f91afb14749d\",\"name\":\"Equipe G\u00e1vea News\",\"image\":{\"@type\":\"ImageObject\",\"inLanguage\":\"pt-BR\",\"@id\":\"https:\/\/www.gaveanews.com\/#\/schema\/person\/image\/\",\"url\":\"https:\/\/secure.gravatar.com\/avatar\/1e1956f1facbffd3f8fa53a326721950116b3b9dc9bd44939c01180fd4a745a9?s=96&d=mm&r=g\",\"contentUrl\":\"https:\/\/secure.gravatar.com\/avatar\/1e1956f1facbffd3f8fa53a326721950116b3b9dc9bd44939c01180fd4a745a9?s=96&d=mm&r=g\",\"caption\":\"Equipe G\u00e1vea News\"}}]}<\/script>\n<!-- \/ Yoast SEO Premium plugin. -->","yoast_head_json":{"title":"Candidato \u00e0 presid\u00eancia do Vasco provoca o Flamengo","description":"Desde a sa\u00edda de Jorge Jesus, para o time do Benfica, a diretoria do Flamengo segue mapeando o mercado da bola em busca de um novo treinador.","robots":{"index":"index","follow":"follow","max-snippet":"max-snippet:-1","max-image-preview":"max-image-preview:large","max-video-preview":"max-video-preview:-1"},"canonical":"https:\/\/www.gaveanews.com\/index.php\/2020\/07\/27\/candidato-a-presidencia-do-vasco-provoca-o-flamengo-devido-a-busca-por-um-novo-tecnico\/","og_locale":"pt_BR","og_type":"article","og_title":"Candidato \u00e0 presid\u00eancia do Vasco provoca o Flamengo devido a busca por um novo t\u00e9cnico","og_description":"Desde a sa\u00edda de Jorge Jesus, para o time do Benfica, a diretoria do Flamengo segue mapeando o mercado da bola em busca de um novo treinador.","og_url":"https:\/\/www.gaveanews.com\/index.php\/2020\/07\/27\/candidato-a-presidencia-do-vasco-provoca-o-flamengo-devido-a-busca-por-um-novo-tecnico\/","og_site_name":"G\u00e1vea News","article_publisher":"https:\/\/facebook.com\/gaveaNews\/","article_published_time":"2020-07-27T18:24:16+00:00","article_modified_time":"2020-07-27T18:24:39+00:00","og_image":[{"url":"https:\/\/www.gaveanews.com\/wp-content\/uploads\/2019\/03\/Escudo-do-Flamengo-e-exposto-proximo-a-um-dos-gols-no-gramado-do-Maracana.webp","width":1,"height":1,"type":"image\/jpeg"}],"author":"Equipe G\u00e1vea News","twitter_card":"summary_large_image","twitter_misc":{"Escrito por":"Equipe G\u00e1vea News","Est. tempo de leitura":"1 minuto"},"schema":{"@context":"https:\/\/schema.org","@graph":[{"@type":"NewsArticle","@id":"https:\/\/www.gaveanews.com\/index.php\/2020\/07\/27\/candidato-a-presidencia-do-vasco-provoca-o-flamengo-devido-a-busca-por-um-novo-tecnico\/#article","isPartOf":{"@id":"https:\/\/www.gaveanews.com\/index.php\/2020\/07\/27\/candidato-a-presidencia-do-vasco-provoca-o-flamengo-devido-a-busca-por-um-novo-tecnico\/"},"author":{"name":"Equipe G\u00e1vea News","@id":"https:\/\/www.gaveanews.com\/#\/schema\/person\/2ec14f73fb96be2caf28f91afb14749d"},"headline":"Candidato \u00e0 presid\u00eancia do Vasco provoca o Flamengo devido a busca por um novo t\u00e9cnico","datePublished":"2020-07-27T18:24:16+00:00","dateModified":"2020-07-27T18:24:39+00:00","mainEntityOfPage":{"@id":"https:\/\/www.gaveanews.com\/index.php\/2020\/07\/27\/candidato-a-presidencia-do-vasco-provoca-o-flamengo-devido-a-busca-por-um-novo-tecnico\/"},"wordCount":305,"commentCount":83,"image":{"@id":"https:\/\/www.gaveanews.com\/index.php\/2020\/07\/27\/candidato-a-presidencia-do-vasco-provoca-o-flamengo-devido-a-busca-por-um-novo-tecnico\/#primaryimage"},"thumbnailUrl":"https:\/\/www.gaveanews.com\/wp-content\/uploads\/2019\/03\/Escudo-do-Flamengo-e-exposto-proximo-a-um-dos-gols-no-gramado-do-Maracana.webp","articleSection":["Flamengo"],"inLanguage":"pt-BR","potentialAction":[{"@type":"CommentAction","name":"Comment","target":["https:\/\/www.gaveanews.com\/index.php\/2020\/07\/27\/candidato-a-presidencia-do-vasco-provoca-o-flamengo-devido-a-busca-por-um-novo-tecnico\/#respond"]}],"copyrightYear":"2020","copyrightHolder":{"@id":"https:\/\/www.gaveanews.com\/#organization"}},{"@type":"WebPage","@id":"https:\/\/www.gaveanews.com\/index.php\/2020\/07\/27\/candidato-a-presidencia-do-vasco-provoca-o-flamengo-devido-a-busca-por-um-novo-tecnico\/","url":"https:\/\/www.gaveanews.com\/index.php\/2020\/07\/27\/candidato-a-presidencia-do-vasco-provoca-o-flamengo-devido-a-busca-por-um-novo-tecnico\/","name":"Candidato \u00e0 presid\u00eancia do Vasco provoca o Flamengo","isPartOf":{"@id":"https:\/\/www.gaveanews.com\/#website"},"primaryImageOfPage":{"@id":"https:\/\/www.gaveanews.com\/index.php\/2020\/07\/27\/candidato-a-presidencia-do-vasco-provoca-o-flamengo-devido-a-busca-por-um-novo-tecnico\/#primaryimage"},"image":{"@id":"https:\/\/www.gaveanews.com\/index.php\/2020\/07\/27\/candidato-a-presidencia-do-vasco-provoca-o-flamengo-devido-a-busca-por-um-novo-tecnico\/#primaryimage"},"thumbnailUrl":"https:\/\/www.gaveanews.com\/wp-content\/uploads\/2019\/03\/Escudo-do-Flamengo-e-exposto-proximo-a-um-dos-gols-no-gramado-do-Maracana.webp","datePublished":"2020-07-27T18:24:16+00:00","dateModified":"2020-07-27T18:24:39+00:00","author":{"@id":"https:\/\/www.gaveanews.com\/#\/schema\/person\/2ec14f73fb96be2caf28f91afb14749d"},"description":"Desde a sa\u00edda de Jorge Jesus, para o time do Benfica, a diretoria do Flamengo segue mapeando o mercado da bola em busca de um novo treinador.","breadcrumb":{"@id":"https:\/\/www.gaveanews.com\/index.php\/2020\/07\/27\/candidato-a-presidencia-do-vasco-provoca-o-flamengo-devido-a-busca-por-um-novo-tecnico\/#breadcrumb"},"inLanguage":"pt-BR","potentialAction":[{"@type":"ReadAction","target":["https:\/\/www.gaveanews.com\/index.php\/2020\/07\/27\/candidato-a-presidencia-do-vasco-provoca-o-flamengo-devido-a-busca-por-um-novo-tecnico\/"]}]},{"@type":"ImageObject","inLanguage":"pt-BR","@id":"https:\/\/www.gaveanews.com\/index.php\/2020\/07\/27\/candidato-a-presidencia-do-vasco-provoca-o-flamengo-devido-a-busca-por-um-novo-tecnico\/#primaryimage","url":"https:\/\/www.gaveanews.com\/wp-content\/uploads\/2019\/03\/Escudo-do-Flamengo-e-exposto-proximo-a-um-dos-gols-no-gramado-do-Maracana.webp","contentUrl":"https:\/\/www.gaveanews.com\/wp-content\/uploads\/2019\/03\/Escudo-do-Flamengo-e-exposto-proximo-a-um-dos-gols-no-gramado-do-Maracana.webp","caption":"Escudo do Flamengo \u00e9 exposto pr\u00f3ximo a um dos gols, no gramado do Maracan\u00e3 (Foto: Daniel Castelo Branco)"},{"@type":"BreadcrumbList","@id":"https:\/\/www.gaveanews.com\/index.php\/2020\/07\/27\/candidato-a-presidencia-do-vasco-provoca-o-flamengo-devido-a-busca-por-um-novo-tecnico\/#breadcrumb","itemListElement":[{"@type":"ListItem","position":1,"name":"Home","item":"https:\/\/www.gaveanews.com\/"},{"@type":"ListItem","position":2,"name":"Candidato \u00e0 presid\u00eancia do Vasco provoca o Flamengo devido a busca por um novo t\u00e9cnico"}]},{"@type":"WebSite","@id":"https:\/\/www.gaveanews.com\/#website","url":"https:\/\/www.gaveanews.com\/","name":"G\u00e1vea News","description":"Veja todas as not\u00edcias sobre o Flamengo: Contrata\u00e7\u00f5es, categorias de base, resultados das partidas, tabela de classifica\u00e7\u00e3o, pr\u00f3ximos jogos!","potentialAction":[{"@type":"SearchAction","target":{"@type":"EntryPoint","urlTemplate":"https:\/\/www.gaveanews.com\/?s={search_term_string}"},"query-input":{"@type":"PropertyValueSpecification","valueRequired":true,"valueName":"search_term_string"}}],"inLanguage":"pt-BR"},{"@type":"Person","@id":"https:\/\/www.gaveanews.com\/#\/schema\/person\/2ec14f73fb96be2caf28f91afb14749d","name":"Equipe G\u00e1vea News","image":{"@type":"ImageObject","inLanguage":"pt-BR","@id":"https:\/\/www.gaveanews.com\/#\/schema\/person\/image\/","url":"https:\/\/secure.gravatar.com\/avatar\/1e1956f1facbffd3f8fa53a326721950116b3b9dc9bd44939c01180fd4a745a9?s=96&d=mm&r=g","contentUrl":"https:\/\/secure.gravatar.com\/avatar\/1e1956f1facbffd3f8fa53a326721950116b3b9dc9bd44939c01180fd4a745a9?s=96&d=mm&r=g","caption":"Equipe G\u00e1vea News"}}]}},"_links":{"self":[{"href":"https:\/\/www.gaveanews.com\/index.php\/wp-json\/wp\/v2\/posts\/44286","targetHints":{"allow":["GET"]}}],"collection":[{"href":"https:\/\/www.gaveanews.com\/index.php\/wp-json\/wp\/v2\/posts"}],"about":[{"href":"https:\/\/www.gaveanews.com\/index.php\/wp-json\/wp\/v2\/types\/post"}],"author":[{"embeddable":true,"href":"https:\/\/www.gaveanews.com\/index.php\/wp-json\/wp\/v2\/users\/1"}],"replies":[{"embeddable":true,"href":"https:\/\/www.gaveanews.com\/index.php\/wp-json\/wp\/v2\/comments?post=44286"}],"version-history":[{"count":0,"href":"https:\/\/www.gaveanews.com\/index.php\/wp-json\/wp\/v2\/posts\/44286\/revisions"}],"wp:featuredmedia":[{"embeddable":true,"href":"https:\/\/www.gaveanews.com\/index.php\/wp-json\/wp\/v2\/media\/15081"}],"wp:attachment":[{"href":"https:\/\/www.gaveanews.com\/index.php\/wp-json\/wp\/v2\/media?parent=44286"}],"wp:term":[{"taxonomy":"category","embeddable":true,"href":"https:\/\/www.gaveanews.com\/index.php\/wp-json\/wp\/v2\/categories?post=44286"},{"taxonomy":"post_tag","embeddable":true,"href":"https:\/\/www.gaveanews.com\/index.php\/wp-json\/wp\/v2\/tags?post=44286"}],"curies":[{"name":"wp","href":"https:\/\/api.w.org\/{rel}","templated":true}]}}