{"id":44329,"date":"2020-07-28T13:47:41","date_gmt":"2020-07-28T16:47:41","guid":{"rendered":"https:\/\/www.gaveanews.com\/?p=44329"},"modified":"2020-07-28T13:47:44","modified_gmt":"2020-07-28T16:47:44","slug":"apresentador-morre-nesta-terca-feira-e-flamengo-emite-nota-de-pesar","status":"publish","type":"post","link":"https:\/\/www.gaveanews.com\/index.php\/2020\/07\/28\/apresentador-morre-nesta-terca-feira-e-flamengo-emite-nota-de-pesar\/","title":{"rendered":"Apresentador morre nesta ter\u00e7a-feira, e Flamengo emite nota de pesar"},"content":{"rendered":"\n<p>O Unimed-Rio informou, no come\u00e7o da tarde desta ter\u00e7a-feira, o falecimento do jornalista, apresentador, escritor e m\u00fasico Rodrigo Rodrigues. Segundo o hospital, onde Rodrigo estava internado desde s\u00e1bado, foi confirmada a morte encef\u00e1lica ap\u00f3s complica\u00e7\u00f5es da Covid-19. O apresentador do &#8220;Troca de Passes&#8221;, do &#8220;SporTV&#8221;, estava em coma induzido e o estado era grave.<\/p>\n\n\n\n<p>Segundo a &#8220;Globo&#8221;, Rodrigo, inicialmente, apresentou sintomas leves, como falta de paladar e olfato, mas disse que se sentia bem. Por\u00e9m, no \u00faltimo s\u00e1bado, ele piorou e apresentou um quadro com v\u00f4mitos, desorienta\u00e7\u00e3o e dor de cabe\u00e7a.<\/p>\n\n\n\n<p>Classificado como &#8220;competente e bem humorado&#8221; por colegas da emissora, Rodrigo chegou a &#8220;Globo&#8221; em 2019 e substituiu, inicialmente, o apresentador Felipe Andreoli no programa &#8220;Globo Esporte SP&#8221;. Ap\u00f3s rodar em algumas atra\u00e7\u00f5es, ele assumiu o &#8220;Troca de Passes&#8221; depois que Thiago Maranh\u00e3o deixou o programa.<\/p>\n\n\n\n<h2 class=\"wp-block-heading\">Leia o boletim m\u00e9dico divulgado nesta ter\u00e7a-feira:<\/h2>\n\n\n\n<p><em>O Hospital Unimed-Rio informa, com pesar, que, ap\u00f3s a realiza\u00e7\u00e3o de protocolo de avalia\u00e7\u00e3o na manh\u00e3 desta ter\u00e7a-feira, foi atestada morte encef\u00e1lica no paciente Rodrigo de Oliveira Rodrigues.<\/em><\/p>\n\n\n\n<p><em>O paciente encontrava-se em estado grave e coma induzido, em unidade de terapia intensiva, desde o \u00faltimo domingo, 26\/07, ap\u00f3s ter sido submetido a procedimento para diminui\u00e7\u00e3o da press\u00e3o intracraniana em decorr\u00eancia de uma trombose venosa cerebral. Rodrigo havia dado entrada na emerg\u00eancia da nossa unidade no s\u00e1bado, 25\/07, com quadro grave e diagn\u00f3stico pr\u00e9vio de Covid-19.<\/em><\/p>\n\n\n\n<p><em>Toda a equipe do Hospital Unimed-Rio se solidariza com familiares, amigos e admiradores do trabalho de Rodrigo Rodrigues.<\/em><\/p>\n\n\n\n<h2 class=\"wp-block-heading\">Nota de pesar do Flamengo:<\/h2>\n\n\n\n<p>Atrav\u00e9s de seu perfil oficial no Twitter, o Flamengo publicou uma nota de pesar para demonstrar solidariedade para os familiares, amigos e f\u00e3s de Rodrigo Rodrigues. <strong>Confira as publica\u00e7\u00f5es abaixo:<\/strong><\/p>\n\n\n\n<figure class=\"wp-block-embed-twitter wp-block-embed is-type-rich is-provider-twitter\"><div class=\"wp-block-embed__wrapper\">\n<blockquote class=\"twitter-tweet\" data-width=\"550\" data-dnt=\"true\"><p lang=\"pt\" dir=\"ltr\">Apaixonado por esporte e pela m\u00fasica, o profissional conquistou uma legi\u00e3o de admiradores com seu trabalho e bom humor. Rubro-negro e f\u00e3 de Zico, RR sem sombra de d\u00favidas foi um dos camisas 10 do jornalismo esportivo. Descanse em paz. <a href=\"https:\/\/twitter.com\/hashtag\/CRF?src=hash&amp;ref_src=twsrc%5Etfw\">#CRF<\/a><\/p>&mdash; Flamengo (@Flamengo) <a href=\"https:\/\/twitter.com\/Flamengo\/status\/1288140470548336640?ref_src=twsrc%5Etfw\">July 28, 2020<\/a><\/blockquote><script async src=\"https:\/\/platform.twitter.com\/widgets.js\" charset=\"utf-8\"><\/script>\n<\/div><\/figure>\n\n\n\n<p>Adaptado de: Lance<\/p>\n","protected":false},"excerpt":{"rendered":"<p>O Unimed-Rio informou, no come\u00e7o da tarde desta ter\u00e7a-feira, o falecimento do jornalista, apresentador, escritor e m\u00fasico Rodrigo Rodrigues. Segundo o hospital, onde Rodrigo estava internado desde s\u00e1bado, foi confirmada a morte encef\u00e1lica ap\u00f3s complica\u00e7\u00f5es da Covid-19. O apresentador do &#8220;Troca de Passes&#8221;, do &#8220;SporTV&#8221;, estava em coma induzido e o estado era grave. Segundo [&hellip;]<\/p>\n","protected":false},"author":1,"featured_media":31951,"comment_status":"open","ping_status":"closed","sticky":false,"template":"","format":"standard","meta":{"footnotes":""},"categories":[47],"tags":[],"class_list":["post-44329","post","type-post","status-publish","format-standard","has-post-thumbnail","hentry","category-destaques"],"yoast_head":"<!-- This site is optimized with the Yoast SEO Premium plugin v24.2 (Yoast SEO v26.9) - https:\/\/yoast.com\/product\/yoast-seo-premium-wordpress\/ -->\n<title>Apresentador morre nesta ter\u00e7a-feira, e Flamengo emite nota de pesar<\/title>\n<meta name=\"description\" content=\"Atrav\u00e9s de seu perfil oficial no Twitter, o Flamengo publicou uma nota de pesar para demonstrar solidariedade para os familiares, amigos e seus f\u00e3s.\" \/>\n<meta name=\"robots\" content=\"index, follow, max-snippet:-1, max-image-preview:large, max-video-preview:-1\" \/>\n<link rel=\"canonical\" href=\"https:\/\/www.gaveanews.com\/index.php\/2020\/07\/28\/apresentador-morre-nesta-terca-feira-e-flamengo-emite-nota-de-pesar\/\" \/>\n<meta property=\"og:locale\" content=\"pt_BR\" \/>\n<meta property=\"og:type\" content=\"article\" \/>\n<meta property=\"og:title\" content=\"Apresentador morre nesta ter\u00e7a-feira, e Flamengo emite nota de pesar\" \/>\n<meta property=\"og:description\" content=\"Atrav\u00e9s de seu perfil oficial no Twitter, o Flamengo publicou uma nota de pesar para demonstrar solidariedade para os familiares, amigos e seus f\u00e3s.\" \/>\n<meta property=\"og:url\" content=\"https:\/\/www.gaveanews.com\/index.php\/2020\/07\/28\/apresentador-morre-nesta-terca-feira-e-flamengo-emite-nota-de-pesar\/\" \/>\n<meta property=\"og:site_name\" content=\"G\u00e1vea News\" \/>\n<meta property=\"article:publisher\" content=\"https:\/\/facebook.com\/gaveaNews\/\" \/>\n<meta property=\"article:published_time\" content=\"2020-07-28T16:47:41+00:00\" \/>\n<meta property=\"article:modified_time\" content=\"2020-07-28T16:47:44+00:00\" \/>\n<meta property=\"og:image\" content=\"https:\/\/www.gaveanews.com\/wp-content\/uploads\/luto-o-que-e.webp\" \/>\n\t<meta property=\"og:image:width\" content=\"640\" \/>\n\t<meta property=\"og:image:height\" content=\"424\" \/>\n\t<meta property=\"og:image:type\" content=\"image\/jpeg\" \/>\n<meta name=\"author\" content=\"Equipe G\u00e1vea News\" \/>\n<meta name=\"twitter:card\" content=\"summary_large_image\" \/>\n<meta name=\"twitter:label1\" content=\"Escrito por\" \/>\n\t<meta name=\"twitter:data1\" content=\"Equipe G\u00e1vea News\" \/>\n\t<meta name=\"twitter:label2\" content=\"Est. tempo de leitura\" \/>\n\t<meta name=\"twitter:data2\" content=\"2 minutos\" \/>\n<script type=\"application\/ld+json\" class=\"yoast-schema-graph\">{\"@context\":\"https:\/\/schema.org\",\"@graph\":[{\"@type\":\"NewsArticle\",\"@id\":\"https:\/\/www.gaveanews.com\/index.php\/2020\/07\/28\/apresentador-morre-nesta-terca-feira-e-flamengo-emite-nota-de-pesar\/#article\",\"isPartOf\":{\"@id\":\"https:\/\/www.gaveanews.com\/index.php\/2020\/07\/28\/apresentador-morre-nesta-terca-feira-e-flamengo-emite-nota-de-pesar\/\"},\"author\":{\"name\":\"Equipe G\u00e1vea News\",\"@id\":\"https:\/\/www.gaveanews.com\/#\/schema\/person\/2ec14f73fb96be2caf28f91afb14749d\"},\"headline\":\"Apresentador morre nesta ter\u00e7a-feira, e Flamengo emite nota de pesar\",\"datePublished\":\"2020-07-28T16:47:41+00:00\",\"dateModified\":\"2020-07-28T16:47:44+00:00\",\"mainEntityOfPage\":{\"@id\":\"https:\/\/www.gaveanews.com\/index.php\/2020\/07\/28\/apresentador-morre-nesta-terca-feira-e-flamengo-emite-nota-de-pesar\/\"},\"wordCount\":331,\"commentCount\":27,\"image\":{\"@id\":\"https:\/\/www.gaveanews.com\/index.php\/2020\/07\/28\/apresentador-morre-nesta-terca-feira-e-flamengo-emite-nota-de-pesar\/#primaryimage\"},\"thumbnailUrl\":\"https:\/\/www.gaveanews.com\/wp-content\/uploads\/luto-o-que-e.webp\",\"articleSection\":[\"Destaques\"],\"inLanguage\":\"pt-BR\",\"potentialAction\":[{\"@type\":\"CommentAction\",\"name\":\"Comment\",\"target\":[\"https:\/\/www.gaveanews.com\/index.php\/2020\/07\/28\/apresentador-morre-nesta-terca-feira-e-flamengo-emite-nota-de-pesar\/#respond\"]}],\"copyrightYear\":\"2020\",\"copyrightHolder\":{\"@id\":\"https:\/\/www.gaveanews.com\/#organization\"}},{\"@type\":\"WebPage\",\"@id\":\"https:\/\/www.gaveanews.com\/index.php\/2020\/07\/28\/apresentador-morre-nesta-terca-feira-e-flamengo-emite-nota-de-pesar\/\",\"url\":\"https:\/\/www.gaveanews.com\/index.php\/2020\/07\/28\/apresentador-morre-nesta-terca-feira-e-flamengo-emite-nota-de-pesar\/\",\"name\":\"Apresentador morre nesta ter\u00e7a-feira, e Flamengo emite nota de pesar\",\"isPartOf\":{\"@id\":\"https:\/\/www.gaveanews.com\/#website\"},\"primaryImageOfPage\":{\"@id\":\"https:\/\/www.gaveanews.com\/index.php\/2020\/07\/28\/apresentador-morre-nesta-terca-feira-e-flamengo-emite-nota-de-pesar\/#primaryimage\"},\"image\":{\"@id\":\"https:\/\/www.gaveanews.com\/index.php\/2020\/07\/28\/apresentador-morre-nesta-terca-feira-e-flamengo-emite-nota-de-pesar\/#primaryimage\"},\"thumbnailUrl\":\"https:\/\/www.gaveanews.com\/wp-content\/uploads\/luto-o-que-e.webp\",\"datePublished\":\"2020-07-28T16:47:41+00:00\",\"dateModified\":\"2020-07-28T16:47:44+00:00\",\"author\":{\"@id\":\"https:\/\/www.gaveanews.com\/#\/schema\/person\/2ec14f73fb96be2caf28f91afb14749d\"},\"description\":\"Atrav\u00e9s de seu perfil oficial no Twitter, o Flamengo publicou uma nota de pesar para demonstrar solidariedade para os familiares, amigos e seus f\u00e3s.\",\"breadcrumb\":{\"@id\":\"https:\/\/www.gaveanews.com\/index.php\/2020\/07\/28\/apresentador-morre-nesta-terca-feira-e-flamengo-emite-nota-de-pesar\/#breadcrumb\"},\"inLanguage\":\"pt-BR\",\"potentialAction\":[{\"@type\":\"ReadAction\",\"target\":[\"https:\/\/www.gaveanews.com\/index.php\/2020\/07\/28\/apresentador-morre-nesta-terca-feira-e-flamengo-emite-nota-de-pesar\/\"]}]},{\"@type\":\"ImageObject\",\"inLanguage\":\"pt-BR\",\"@id\":\"https:\/\/www.gaveanews.com\/index.php\/2020\/07\/28\/apresentador-morre-nesta-terca-feira-e-flamengo-emite-nota-de-pesar\/#primaryimage\",\"url\":\"https:\/\/www.gaveanews.com\/wp-content\/uploads\/luto-o-que-e.webp\",\"contentUrl\":\"https:\/\/www.gaveanews.com\/wp-content\/uploads\/luto-o-que-e.webp\",\"width\":640,\"height\":424},{\"@type\":\"BreadcrumbList\",\"@id\":\"https:\/\/www.gaveanews.com\/index.php\/2020\/07\/28\/apresentador-morre-nesta-terca-feira-e-flamengo-emite-nota-de-pesar\/#breadcrumb\",\"itemListElement\":[{\"@type\":\"ListItem\",\"position\":1,\"name\":\"Home\",\"item\":\"https:\/\/www.gaveanews.com\/\"},{\"@type\":\"ListItem\",\"position\":2,\"name\":\"Apresentador morre nesta ter\u00e7a-feira, e Flamengo emite nota de pesar\"}]},{\"@type\":\"WebSite\",\"@id\":\"https:\/\/www.gaveanews.com\/#website\",\"url\":\"https:\/\/www.gaveanews.com\/\",\"name\":\"G\u00e1vea News\",\"description\":\"Veja todas as not\u00edcias sobre o Flamengo: Contrata\u00e7\u00f5es, categorias de base, resultados das partidas, tabela de classifica\u00e7\u00e3o, pr\u00f3ximos jogos!\",\"potentialAction\":[{\"@type\":\"SearchAction\",\"target\":{\"@type\":\"EntryPoint\",\"urlTemplate\":\"https:\/\/www.gaveanews.com\/?s={search_term_string}\"},\"query-input\":{\"@type\":\"PropertyValueSpecification\",\"valueRequired\":true,\"valueName\":\"search_term_string\"}}],\"inLanguage\":\"pt-BR\"},{\"@type\":\"Person\",\"@id\":\"https:\/\/www.gaveanews.com\/#\/schema\/person\/2ec14f73fb96be2caf28f91afb14749d\",\"name\":\"Equipe G\u00e1vea News\",\"image\":{\"@type\":\"ImageObject\",\"inLanguage\":\"pt-BR\",\"@id\":\"https:\/\/www.gaveanews.com\/#\/schema\/person\/image\/\",\"url\":\"https:\/\/secure.gravatar.com\/avatar\/1e1956f1facbffd3f8fa53a326721950116b3b9dc9bd44939c01180fd4a745a9?s=96&d=mm&r=g\",\"contentUrl\":\"https:\/\/secure.gravatar.com\/avatar\/1e1956f1facbffd3f8fa53a326721950116b3b9dc9bd44939c01180fd4a745a9?s=96&d=mm&r=g\",\"caption\":\"Equipe G\u00e1vea News\"}}]}<\/script>\n<!-- \/ Yoast SEO Premium plugin. -->","yoast_head_json":{"title":"Apresentador morre nesta ter\u00e7a-feira, e Flamengo emite nota de pesar","description":"Atrav\u00e9s de seu perfil oficial no Twitter, o Flamengo publicou uma nota de pesar para demonstrar solidariedade para os familiares, amigos e seus f\u00e3s.","robots":{"index":"index","follow":"follow","max-snippet":"max-snippet:-1","max-image-preview":"max-image-preview:large","max-video-preview":"max-video-preview:-1"},"canonical":"https:\/\/www.gaveanews.com\/index.php\/2020\/07\/28\/apresentador-morre-nesta-terca-feira-e-flamengo-emite-nota-de-pesar\/","og_locale":"pt_BR","og_type":"article","og_title":"Apresentador morre nesta ter\u00e7a-feira, e Flamengo emite nota de pesar","og_description":"Atrav\u00e9s de seu perfil oficial no Twitter, o Flamengo publicou uma nota de pesar para demonstrar solidariedade para os familiares, amigos e seus f\u00e3s.","og_url":"https:\/\/www.gaveanews.com\/index.php\/2020\/07\/28\/apresentador-morre-nesta-terca-feira-e-flamengo-emite-nota-de-pesar\/","og_site_name":"G\u00e1vea News","article_publisher":"https:\/\/facebook.com\/gaveaNews\/","article_published_time":"2020-07-28T16:47:41+00:00","article_modified_time":"2020-07-28T16:47:44+00:00","og_image":[{"width":640,"height":424,"url":"https:\/\/www.gaveanews.com\/wp-content\/uploads\/luto-o-que-e.webp","type":"image\/jpeg"}],"author":"Equipe G\u00e1vea News","twitter_card":"summary_large_image","twitter_misc":{"Escrito por":"Equipe G\u00e1vea News","Est. tempo de leitura":"2 minutos"},"schema":{"@context":"https:\/\/schema.org","@graph":[{"@type":"NewsArticle","@id":"https:\/\/www.gaveanews.com\/index.php\/2020\/07\/28\/apresentador-morre-nesta-terca-feira-e-flamengo-emite-nota-de-pesar\/#article","isPartOf":{"@id":"https:\/\/www.gaveanews.com\/index.php\/2020\/07\/28\/apresentador-morre-nesta-terca-feira-e-flamengo-emite-nota-de-pesar\/"},"author":{"name":"Equipe G\u00e1vea News","@id":"https:\/\/www.gaveanews.com\/#\/schema\/person\/2ec14f73fb96be2caf28f91afb14749d"},"headline":"Apresentador morre nesta ter\u00e7a-feira, e Flamengo emite nota de pesar","datePublished":"2020-07-28T16:47:41+00:00","dateModified":"2020-07-28T16:47:44+00:00","mainEntityOfPage":{"@id":"https:\/\/www.gaveanews.com\/index.php\/2020\/07\/28\/apresentador-morre-nesta-terca-feira-e-flamengo-emite-nota-de-pesar\/"},"wordCount":331,"commentCount":27,"image":{"@id":"https:\/\/www.gaveanews.com\/index.php\/2020\/07\/28\/apresentador-morre-nesta-terca-feira-e-flamengo-emite-nota-de-pesar\/#primaryimage"},"thumbnailUrl":"https:\/\/www.gaveanews.com\/wp-content\/uploads\/luto-o-que-e.webp","articleSection":["Destaques"],"inLanguage":"pt-BR","potentialAction":[{"@type":"CommentAction","name":"Comment","target":["https:\/\/www.gaveanews.com\/index.php\/2020\/07\/28\/apresentador-morre-nesta-terca-feira-e-flamengo-emite-nota-de-pesar\/#respond"]}],"copyrightYear":"2020","copyrightHolder":{"@id":"https:\/\/www.gaveanews.com\/#organization"}},{"@type":"WebPage","@id":"https:\/\/www.gaveanews.com\/index.php\/2020\/07\/28\/apresentador-morre-nesta-terca-feira-e-flamengo-emite-nota-de-pesar\/","url":"https:\/\/www.gaveanews.com\/index.php\/2020\/07\/28\/apresentador-morre-nesta-terca-feira-e-flamengo-emite-nota-de-pesar\/","name":"Apresentador morre nesta ter\u00e7a-feira, e Flamengo emite nota de pesar","isPartOf":{"@id":"https:\/\/www.gaveanews.com\/#website"},"primaryImageOfPage":{"@id":"https:\/\/www.gaveanews.com\/index.php\/2020\/07\/28\/apresentador-morre-nesta-terca-feira-e-flamengo-emite-nota-de-pesar\/#primaryimage"},"image":{"@id":"https:\/\/www.gaveanews.com\/index.php\/2020\/07\/28\/apresentador-morre-nesta-terca-feira-e-flamengo-emite-nota-de-pesar\/#primaryimage"},"thumbnailUrl":"https:\/\/www.gaveanews.com\/wp-content\/uploads\/luto-o-que-e.webp","datePublished":"2020-07-28T16:47:41+00:00","dateModified":"2020-07-28T16:47:44+00:00","author":{"@id":"https:\/\/www.gaveanews.com\/#\/schema\/person\/2ec14f73fb96be2caf28f91afb14749d"},"description":"Atrav\u00e9s de seu perfil oficial no Twitter, o Flamengo publicou uma nota de pesar para demonstrar solidariedade para os familiares, amigos e seus f\u00e3s.","breadcrumb":{"@id":"https:\/\/www.gaveanews.com\/index.php\/2020\/07\/28\/apresentador-morre-nesta-terca-feira-e-flamengo-emite-nota-de-pesar\/#breadcrumb"},"inLanguage":"pt-BR","potentialAction":[{"@type":"ReadAction","target":["https:\/\/www.gaveanews.com\/index.php\/2020\/07\/28\/apresentador-morre-nesta-terca-feira-e-flamengo-emite-nota-de-pesar\/"]}]},{"@type":"ImageObject","inLanguage":"pt-BR","@id":"https:\/\/www.gaveanews.com\/index.php\/2020\/07\/28\/apresentador-morre-nesta-terca-feira-e-flamengo-emite-nota-de-pesar\/#primaryimage","url":"https:\/\/www.gaveanews.com\/wp-content\/uploads\/luto-o-que-e.webp","contentUrl":"https:\/\/www.gaveanews.com\/wp-content\/uploads\/luto-o-que-e.webp","width":640,"height":424},{"@type":"BreadcrumbList","@id":"https:\/\/www.gaveanews.com\/index.php\/2020\/07\/28\/apresentador-morre-nesta-terca-feira-e-flamengo-emite-nota-de-pesar\/#breadcrumb","itemListElement":[{"@type":"ListItem","position":1,"name":"Home","item":"https:\/\/www.gaveanews.com\/"},{"@type":"ListItem","position":2,"name":"Apresentador morre nesta ter\u00e7a-feira, e Flamengo emite nota de pesar"}]},{"@type":"WebSite","@id":"https:\/\/www.gaveanews.com\/#website","url":"https:\/\/www.gaveanews.com\/","name":"G\u00e1vea News","description":"Veja todas as not\u00edcias sobre o Flamengo: Contrata\u00e7\u00f5es, categorias de base, resultados das partidas, tabela de classifica\u00e7\u00e3o, pr\u00f3ximos jogos!","potentialAction":[{"@type":"SearchAction","target":{"@type":"EntryPoint","urlTemplate":"https:\/\/www.gaveanews.com\/?s={search_term_string}"},"query-input":{"@type":"PropertyValueSpecification","valueRequired":true,"valueName":"search_term_string"}}],"inLanguage":"pt-BR"},{"@type":"Person","@id":"https:\/\/www.gaveanews.com\/#\/schema\/person\/2ec14f73fb96be2caf28f91afb14749d","name":"Equipe G\u00e1vea News","image":{"@type":"ImageObject","inLanguage":"pt-BR","@id":"https:\/\/www.gaveanews.com\/#\/schema\/person\/image\/","url":"https:\/\/secure.gravatar.com\/avatar\/1e1956f1facbffd3f8fa53a326721950116b3b9dc9bd44939c01180fd4a745a9?s=96&d=mm&r=g","contentUrl":"https:\/\/secure.gravatar.com\/avatar\/1e1956f1facbffd3f8fa53a326721950116b3b9dc9bd44939c01180fd4a745a9?s=96&d=mm&r=g","caption":"Equipe G\u00e1vea News"}}]}},"_links":{"self":[{"href":"https:\/\/www.gaveanews.com\/index.php\/wp-json\/wp\/v2\/posts\/44329","targetHints":{"allow":["GET"]}}],"collection":[{"href":"https:\/\/www.gaveanews.com\/index.php\/wp-json\/wp\/v2\/posts"}],"about":[{"href":"https:\/\/www.gaveanews.com\/index.php\/wp-json\/wp\/v2\/types\/post"}],"author":[{"embeddable":true,"href":"https:\/\/www.gaveanews.com\/index.php\/wp-json\/wp\/v2\/users\/1"}],"replies":[{"embeddable":true,"href":"https:\/\/www.gaveanews.com\/index.php\/wp-json\/wp\/v2\/comments?post=44329"}],"version-history":[{"count":0,"href":"https:\/\/www.gaveanews.com\/index.php\/wp-json\/wp\/v2\/posts\/44329\/revisions"}],"wp:featuredmedia":[{"embeddable":true,"href":"https:\/\/www.gaveanews.com\/index.php\/wp-json\/wp\/v2\/media\/31951"}],"wp:attachment":[{"href":"https:\/\/www.gaveanews.com\/index.php\/wp-json\/wp\/v2\/media?parent=44329"}],"wp:term":[{"taxonomy":"category","embeddable":true,"href":"https:\/\/www.gaveanews.com\/index.php\/wp-json\/wp\/v2\/categories?post=44329"},{"taxonomy":"post_tag","embeddable":true,"href":"https:\/\/www.gaveanews.com\/index.php\/wp-json\/wp\/v2\/tags?post=44329"}],"curies":[{"name":"wp","href":"https:\/\/api.w.org\/{rel}","templated":true}]}}