{"id":44332,"date":"2020-07-28T14:17:00","date_gmt":"2020-07-28T17:17:00","guid":{"rendered":"https:\/\/www.gaveanews.com\/?p=44332"},"modified":"2020-07-28T14:17:02","modified_gmt":"2020-07-28T17:17:02","slug":"comentarista-e-ex-jogador-do-flamengo-e-diagnosticado-com-covid-19","status":"publish","type":"post","link":"https:\/\/www.gaveanews.com\/index.php\/2020\/07\/28\/comentarista-e-ex-jogador-do-flamengo-e-diagnosticado-com-covid-19\/","title":{"rendered":"Comentarista e ex-jogador do Flamengo, \u00e9 diagnosticado com COVID-19"},"content":{"rendered":"\n<p>Narrador e apresentador do Grupo Globo, Galv\u00e3o Bueno contou durante o programa &#8216;Bem, Amigos!&#8217; que Caio Ribeiro testou positivo para a covid-19.<\/p>\n\n\n\n<p>Segundo Galv\u00e3o, a mulher do ex-jogador do Flamengo, Renata Ribeiro, j\u00e1 havia testado positivo na \u00faltima quinta-feira (23 de julho). A confirma\u00e7\u00e3o de que o comentarista tamb\u00e9m est\u00e1 infectado pelo coronav\u00edrus veio hoje.<\/p>\n\n\n\n<p>&#8220;Quero desejar que nada mais s\u00e9rio aconte\u00e7a com o nosso Caio Ribeiro. Primeiro, na quinta-feira, a Renata Ribeiro, esposa dele, testou positivo para covid-19. E o Caio testou na sexta-feira e o resultado saiu hoje&#8221;, disse Galv\u00e3o.<\/p>\n\n\n\n<figure class=\"wp-block-image size-large\"><img decoding=\"async\" src=\"https:\/\/i.pinimg.com\/originals\/7b\/9c\/a0\/7b9ca0c583000239ca3053146e18fc7a.webp\" alt=\"\"\/><figcaption>Caio Ribeiro em a\u00e7\u00e3o com a camisa do Flamengo<\/figcaption><\/figure>\n\n\n\n<p>&#8220;Caio, voc\u00ea e a R\u00ea, todo o cuidado m\u00e9dico, toda a aten\u00e7\u00e3o. Certeza de que n\u00e3o vai ser nada s\u00e9rio&#8221;, completou o narrador.<\/p>\n\n\n\n<h2 class=\"wp-block-heading\">Questionamento sobre a flexibiliza\u00e7\u00e3o no Bem, Amigos!<\/h2>\n\n\n\n<p>Diante do cen\u00e1rio em que dois colegas de Grupo Globo est\u00e3o com covid-19, Cl\u00e9ber Machado questionou os planos de flexibiliza\u00e7\u00e3o da quarentena pelo Brasil no in\u00edcio do Bem, Amigos! de hoje. O narrador e apresentador afirmou durante sua reflex\u00e3o que est\u00e1 com o cora\u00e7\u00e3o apertado.<\/p>\n\n\n\n<p>&#8220;Eu fico pensando nos n\u00fameros: quase 90 mil mortos, dois milh\u00f5es de infectados, e, \u00e0s veze parece que n\u00e3o est\u00e1 acontecendo nada. \u00c9 necess\u00e1rio voltar a vida, mas fica a d\u00favida se estamos andando por um caminho legal. Fico ouvindo sobre flexibilizar. Acho que temos que flexibilizar o cora\u00e7\u00e3o e a consci\u00eancia para ajudarmos a todos. Foi s\u00f3 um desabafo porque estou com o cora\u00e7\u00e3o apertado. \u00c9 uma situa\u00e7\u00e3o esquisita&#8221;, disse Cl\u00e9ber Machado.<\/p>\n\n\n\n<p>Retirado de: UOL<\/p>\n","protected":false},"excerpt":{"rendered":"<p>Narrador e apresentador do Grupo Globo, Galv\u00e3o Bueno contou durante o programa &#8216;Bem, Amigos!&#8217; que Caio Ribeiro testou positivo para a covid-19. Segundo Galv\u00e3o, a mulher do ex-jogador do Flamengo, Renata Ribeiro, j\u00e1 havia testado positivo na \u00faltima quinta-feira (23 de julho). A confirma\u00e7\u00e3o de que o comentarista tamb\u00e9m est\u00e1 infectado pelo coronav\u00edrus veio hoje. [&hellip;]<\/p>\n","protected":false},"author":1,"featured_media":15081,"comment_status":"open","ping_status":"closed","sticky":false,"template":"","format":"standard","meta":{"footnotes":""},"categories":[47],"tags":[],"class_list":["post-44332","post","type-post","status-publish","format-standard","has-post-thumbnail","hentry","category-destaques"],"yoast_head":"<!-- This site is optimized with the Yoast SEO Premium plugin v24.2 (Yoast SEO v26.9) - https:\/\/yoast.com\/product\/yoast-seo-premium-wordpress\/ -->\n<title>Comentarista e ex-jogador do Flamengo, \u00e9 diagnosticado com COVID-19<\/title>\n<meta name=\"description\" content=\"At\u00e9 o momento da publica\u00e7\u00e3o desta mat\u00e9ria, o Brasil j\u00e1 havia registrado 2 milh\u00f5es e 455 mil de pessoas infectadas pelo COVID-19.\" \/>\n<meta name=\"robots\" content=\"index, follow, max-snippet:-1, max-image-preview:large, max-video-preview:-1\" \/>\n<link rel=\"canonical\" href=\"https:\/\/www.gaveanews.com\/index.php\/2020\/07\/28\/comentarista-e-ex-jogador-do-flamengo-e-diagnosticado-com-covid-19\/\" \/>\n<meta property=\"og:locale\" content=\"pt_BR\" \/>\n<meta property=\"og:type\" content=\"article\" \/>\n<meta property=\"og:title\" content=\"Comentarista e ex-jogador do Flamengo, \u00e9 diagnosticado com COVID-19\" \/>\n<meta property=\"og:description\" content=\"At\u00e9 o momento da publica\u00e7\u00e3o desta mat\u00e9ria, o Brasil j\u00e1 havia registrado 2 milh\u00f5es e 455 mil de pessoas infectadas pelo COVID-19.\" \/>\n<meta property=\"og:url\" content=\"https:\/\/www.gaveanews.com\/index.php\/2020\/07\/28\/comentarista-e-ex-jogador-do-flamengo-e-diagnosticado-com-covid-19\/\" \/>\n<meta property=\"og:site_name\" content=\"G\u00e1vea News\" \/>\n<meta property=\"article:publisher\" content=\"https:\/\/facebook.com\/gaveaNews\/\" \/>\n<meta property=\"article:published_time\" content=\"2020-07-28T17:17:00+00:00\" \/>\n<meta property=\"article:modified_time\" content=\"2020-07-28T17:17:02+00:00\" \/>\n<meta property=\"og:image\" content=\"https:\/\/www.gaveanews.com\/wp-content\/uploads\/2019\/03\/Escudo-do-Flamengo-e-exposto-proximo-a-um-dos-gols-no-gramado-do-Maracana.webp\" \/>\n\t<meta property=\"og:image:width\" content=\"1\" \/>\n\t<meta property=\"og:image:height\" content=\"1\" \/>\n\t<meta property=\"og:image:type\" content=\"image\/jpeg\" \/>\n<meta name=\"author\" content=\"Equipe G\u00e1vea News\" \/>\n<meta name=\"twitter:card\" content=\"summary_large_image\" \/>\n<meta name=\"twitter:label1\" content=\"Escrito por\" \/>\n\t<meta name=\"twitter:data1\" content=\"Equipe G\u00e1vea News\" \/>\n\t<meta name=\"twitter:label2\" content=\"Est. tempo de leitura\" \/>\n\t<meta name=\"twitter:data2\" content=\"1 minuto\" \/>\n<script type=\"application\/ld+json\" class=\"yoast-schema-graph\">{\"@context\":\"https:\/\/schema.org\",\"@graph\":[{\"@type\":\"NewsArticle\",\"@id\":\"https:\/\/www.gaveanews.com\/index.php\/2020\/07\/28\/comentarista-e-ex-jogador-do-flamengo-e-diagnosticado-com-covid-19\/#article\",\"isPartOf\":{\"@id\":\"https:\/\/www.gaveanews.com\/index.php\/2020\/07\/28\/comentarista-e-ex-jogador-do-flamengo-e-diagnosticado-com-covid-19\/\"},\"author\":{\"name\":\"Equipe G\u00e1vea News\",\"@id\":\"https:\/\/www.gaveanews.com\/#\/schema\/person\/2ec14f73fb96be2caf28f91afb14749d\"},\"headline\":\"Comentarista e ex-jogador do Flamengo, \u00e9 diagnosticado com COVID-19\",\"datePublished\":\"2020-07-28T17:17:00+00:00\",\"dateModified\":\"2020-07-28T17:17:02+00:00\",\"mainEntityOfPage\":{\"@id\":\"https:\/\/www.gaveanews.com\/index.php\/2020\/07\/28\/comentarista-e-ex-jogador-do-flamengo-e-diagnosticado-com-covid-19\/\"},\"wordCount\":287,\"commentCount\":20,\"image\":{\"@id\":\"https:\/\/www.gaveanews.com\/index.php\/2020\/07\/28\/comentarista-e-ex-jogador-do-flamengo-e-diagnosticado-com-covid-19\/#primaryimage\"},\"thumbnailUrl\":\"https:\/\/www.gaveanews.com\/wp-content\/uploads\/2019\/03\/Escudo-do-Flamengo-e-exposto-proximo-a-um-dos-gols-no-gramado-do-Maracana.webp\",\"articleSection\":[\"Destaques\"],\"inLanguage\":\"pt-BR\",\"potentialAction\":[{\"@type\":\"CommentAction\",\"name\":\"Comment\",\"target\":[\"https:\/\/www.gaveanews.com\/index.php\/2020\/07\/28\/comentarista-e-ex-jogador-do-flamengo-e-diagnosticado-com-covid-19\/#respond\"]}],\"copyrightYear\":\"2020\",\"copyrightHolder\":{\"@id\":\"https:\/\/www.gaveanews.com\/#organization\"}},{\"@type\":\"WebPage\",\"@id\":\"https:\/\/www.gaveanews.com\/index.php\/2020\/07\/28\/comentarista-e-ex-jogador-do-flamengo-e-diagnosticado-com-covid-19\/\",\"url\":\"https:\/\/www.gaveanews.com\/index.php\/2020\/07\/28\/comentarista-e-ex-jogador-do-flamengo-e-diagnosticado-com-covid-19\/\",\"name\":\"Comentarista e ex-jogador do Flamengo, \u00e9 diagnosticado com COVID-19\",\"isPartOf\":{\"@id\":\"https:\/\/www.gaveanews.com\/#website\"},\"primaryImageOfPage\":{\"@id\":\"https:\/\/www.gaveanews.com\/index.php\/2020\/07\/28\/comentarista-e-ex-jogador-do-flamengo-e-diagnosticado-com-covid-19\/#primaryimage\"},\"image\":{\"@id\":\"https:\/\/www.gaveanews.com\/index.php\/2020\/07\/28\/comentarista-e-ex-jogador-do-flamengo-e-diagnosticado-com-covid-19\/#primaryimage\"},\"thumbnailUrl\":\"https:\/\/www.gaveanews.com\/wp-content\/uploads\/2019\/03\/Escudo-do-Flamengo-e-exposto-proximo-a-um-dos-gols-no-gramado-do-Maracana.webp\",\"datePublished\":\"2020-07-28T17:17:00+00:00\",\"dateModified\":\"2020-07-28T17:17:02+00:00\",\"author\":{\"@id\":\"https:\/\/www.gaveanews.com\/#\/schema\/person\/2ec14f73fb96be2caf28f91afb14749d\"},\"description\":\"At\u00e9 o momento da publica\u00e7\u00e3o desta mat\u00e9ria, o Brasil j\u00e1 havia registrado 2 milh\u00f5es e 455 mil de pessoas infectadas pelo COVID-19.\",\"breadcrumb\":{\"@id\":\"https:\/\/www.gaveanews.com\/index.php\/2020\/07\/28\/comentarista-e-ex-jogador-do-flamengo-e-diagnosticado-com-covid-19\/#breadcrumb\"},\"inLanguage\":\"pt-BR\",\"potentialAction\":[{\"@type\":\"ReadAction\",\"target\":[\"https:\/\/www.gaveanews.com\/index.php\/2020\/07\/28\/comentarista-e-ex-jogador-do-flamengo-e-diagnosticado-com-covid-19\/\"]}]},{\"@type\":\"ImageObject\",\"inLanguage\":\"pt-BR\",\"@id\":\"https:\/\/www.gaveanews.com\/index.php\/2020\/07\/28\/comentarista-e-ex-jogador-do-flamengo-e-diagnosticado-com-covid-19\/#primaryimage\",\"url\":\"https:\/\/www.gaveanews.com\/wp-content\/uploads\/2019\/03\/Escudo-do-Flamengo-e-exposto-proximo-a-um-dos-gols-no-gramado-do-Maracana.webp\",\"contentUrl\":\"https:\/\/www.gaveanews.com\/wp-content\/uploads\/2019\/03\/Escudo-do-Flamengo-e-exposto-proximo-a-um-dos-gols-no-gramado-do-Maracana.webp\",\"caption\":\"Escudo do Flamengo \u00e9 exposto pr\u00f3ximo a um dos gols, no gramado do Maracan\u00e3 (Foto: Daniel Castelo Branco)\"},{\"@type\":\"BreadcrumbList\",\"@id\":\"https:\/\/www.gaveanews.com\/index.php\/2020\/07\/28\/comentarista-e-ex-jogador-do-flamengo-e-diagnosticado-com-covid-19\/#breadcrumb\",\"itemListElement\":[{\"@type\":\"ListItem\",\"position\":1,\"name\":\"Home\",\"item\":\"https:\/\/www.gaveanews.com\/\"},{\"@type\":\"ListItem\",\"position\":2,\"name\":\"Comentarista e ex-jogador do Flamengo, \u00e9 diagnosticado com COVID-19\"}]},{\"@type\":\"WebSite\",\"@id\":\"https:\/\/www.gaveanews.com\/#website\",\"url\":\"https:\/\/www.gaveanews.com\/\",\"name\":\"G\u00e1vea News\",\"description\":\"Veja todas as not\u00edcias sobre o Flamengo: Contrata\u00e7\u00f5es, categorias de base, resultados das partidas, tabela de classifica\u00e7\u00e3o, pr\u00f3ximos jogos!\",\"potentialAction\":[{\"@type\":\"SearchAction\",\"target\":{\"@type\":\"EntryPoint\",\"urlTemplate\":\"https:\/\/www.gaveanews.com\/?s={search_term_string}\"},\"query-input\":{\"@type\":\"PropertyValueSpecification\",\"valueRequired\":true,\"valueName\":\"search_term_string\"}}],\"inLanguage\":\"pt-BR\"},{\"@type\":\"Person\",\"@id\":\"https:\/\/www.gaveanews.com\/#\/schema\/person\/2ec14f73fb96be2caf28f91afb14749d\",\"name\":\"Equipe G\u00e1vea News\",\"image\":{\"@type\":\"ImageObject\",\"inLanguage\":\"pt-BR\",\"@id\":\"https:\/\/www.gaveanews.com\/#\/schema\/person\/image\/\",\"url\":\"https:\/\/secure.gravatar.com\/avatar\/1e1956f1facbffd3f8fa53a326721950116b3b9dc9bd44939c01180fd4a745a9?s=96&d=mm&r=g\",\"contentUrl\":\"https:\/\/secure.gravatar.com\/avatar\/1e1956f1facbffd3f8fa53a326721950116b3b9dc9bd44939c01180fd4a745a9?s=96&d=mm&r=g\",\"caption\":\"Equipe G\u00e1vea News\"}}]}<\/script>\n<!-- \/ Yoast SEO Premium plugin. -->","yoast_head_json":{"title":"Comentarista e ex-jogador do Flamengo, \u00e9 diagnosticado com COVID-19","description":"At\u00e9 o momento da publica\u00e7\u00e3o desta mat\u00e9ria, o Brasil j\u00e1 havia registrado 2 milh\u00f5es e 455 mil de pessoas infectadas pelo COVID-19.","robots":{"index":"index","follow":"follow","max-snippet":"max-snippet:-1","max-image-preview":"max-image-preview:large","max-video-preview":"max-video-preview:-1"},"canonical":"https:\/\/www.gaveanews.com\/index.php\/2020\/07\/28\/comentarista-e-ex-jogador-do-flamengo-e-diagnosticado-com-covid-19\/","og_locale":"pt_BR","og_type":"article","og_title":"Comentarista e ex-jogador do Flamengo, \u00e9 diagnosticado com COVID-19","og_description":"At\u00e9 o momento da publica\u00e7\u00e3o desta mat\u00e9ria, o Brasil j\u00e1 havia registrado 2 milh\u00f5es e 455 mil de pessoas infectadas pelo COVID-19.","og_url":"https:\/\/www.gaveanews.com\/index.php\/2020\/07\/28\/comentarista-e-ex-jogador-do-flamengo-e-diagnosticado-com-covid-19\/","og_site_name":"G\u00e1vea News","article_publisher":"https:\/\/facebook.com\/gaveaNews\/","article_published_time":"2020-07-28T17:17:00+00:00","article_modified_time":"2020-07-28T17:17:02+00:00","og_image":[{"url":"https:\/\/www.gaveanews.com\/wp-content\/uploads\/2019\/03\/Escudo-do-Flamengo-e-exposto-proximo-a-um-dos-gols-no-gramado-do-Maracana.webp","width":1,"height":1,"type":"image\/jpeg"}],"author":"Equipe G\u00e1vea News","twitter_card":"summary_large_image","twitter_misc":{"Escrito por":"Equipe G\u00e1vea News","Est. tempo de leitura":"1 minuto"},"schema":{"@context":"https:\/\/schema.org","@graph":[{"@type":"NewsArticle","@id":"https:\/\/www.gaveanews.com\/index.php\/2020\/07\/28\/comentarista-e-ex-jogador-do-flamengo-e-diagnosticado-com-covid-19\/#article","isPartOf":{"@id":"https:\/\/www.gaveanews.com\/index.php\/2020\/07\/28\/comentarista-e-ex-jogador-do-flamengo-e-diagnosticado-com-covid-19\/"},"author":{"name":"Equipe G\u00e1vea News","@id":"https:\/\/www.gaveanews.com\/#\/schema\/person\/2ec14f73fb96be2caf28f91afb14749d"},"headline":"Comentarista e ex-jogador do Flamengo, \u00e9 diagnosticado com COVID-19","datePublished":"2020-07-28T17:17:00+00:00","dateModified":"2020-07-28T17:17:02+00:00","mainEntityOfPage":{"@id":"https:\/\/www.gaveanews.com\/index.php\/2020\/07\/28\/comentarista-e-ex-jogador-do-flamengo-e-diagnosticado-com-covid-19\/"},"wordCount":287,"commentCount":20,"image":{"@id":"https:\/\/www.gaveanews.com\/index.php\/2020\/07\/28\/comentarista-e-ex-jogador-do-flamengo-e-diagnosticado-com-covid-19\/#primaryimage"},"thumbnailUrl":"https:\/\/www.gaveanews.com\/wp-content\/uploads\/2019\/03\/Escudo-do-Flamengo-e-exposto-proximo-a-um-dos-gols-no-gramado-do-Maracana.webp","articleSection":["Destaques"],"inLanguage":"pt-BR","potentialAction":[{"@type":"CommentAction","name":"Comment","target":["https:\/\/www.gaveanews.com\/index.php\/2020\/07\/28\/comentarista-e-ex-jogador-do-flamengo-e-diagnosticado-com-covid-19\/#respond"]}],"copyrightYear":"2020","copyrightHolder":{"@id":"https:\/\/www.gaveanews.com\/#organization"}},{"@type":"WebPage","@id":"https:\/\/www.gaveanews.com\/index.php\/2020\/07\/28\/comentarista-e-ex-jogador-do-flamengo-e-diagnosticado-com-covid-19\/","url":"https:\/\/www.gaveanews.com\/index.php\/2020\/07\/28\/comentarista-e-ex-jogador-do-flamengo-e-diagnosticado-com-covid-19\/","name":"Comentarista e ex-jogador do Flamengo, \u00e9 diagnosticado com COVID-19","isPartOf":{"@id":"https:\/\/www.gaveanews.com\/#website"},"primaryImageOfPage":{"@id":"https:\/\/www.gaveanews.com\/index.php\/2020\/07\/28\/comentarista-e-ex-jogador-do-flamengo-e-diagnosticado-com-covid-19\/#primaryimage"},"image":{"@id":"https:\/\/www.gaveanews.com\/index.php\/2020\/07\/28\/comentarista-e-ex-jogador-do-flamengo-e-diagnosticado-com-covid-19\/#primaryimage"},"thumbnailUrl":"https:\/\/www.gaveanews.com\/wp-content\/uploads\/2019\/03\/Escudo-do-Flamengo-e-exposto-proximo-a-um-dos-gols-no-gramado-do-Maracana.webp","datePublished":"2020-07-28T17:17:00+00:00","dateModified":"2020-07-28T17:17:02+00:00","author":{"@id":"https:\/\/www.gaveanews.com\/#\/schema\/person\/2ec14f73fb96be2caf28f91afb14749d"},"description":"At\u00e9 o momento da publica\u00e7\u00e3o desta mat\u00e9ria, o Brasil j\u00e1 havia registrado 2 milh\u00f5es e 455 mil de pessoas infectadas pelo COVID-19.","breadcrumb":{"@id":"https:\/\/www.gaveanews.com\/index.php\/2020\/07\/28\/comentarista-e-ex-jogador-do-flamengo-e-diagnosticado-com-covid-19\/#breadcrumb"},"inLanguage":"pt-BR","potentialAction":[{"@type":"ReadAction","target":["https:\/\/www.gaveanews.com\/index.php\/2020\/07\/28\/comentarista-e-ex-jogador-do-flamengo-e-diagnosticado-com-covid-19\/"]}]},{"@type":"ImageObject","inLanguage":"pt-BR","@id":"https:\/\/www.gaveanews.com\/index.php\/2020\/07\/28\/comentarista-e-ex-jogador-do-flamengo-e-diagnosticado-com-covid-19\/#primaryimage","url":"https:\/\/www.gaveanews.com\/wp-content\/uploads\/2019\/03\/Escudo-do-Flamengo-e-exposto-proximo-a-um-dos-gols-no-gramado-do-Maracana.webp","contentUrl":"https:\/\/www.gaveanews.com\/wp-content\/uploads\/2019\/03\/Escudo-do-Flamengo-e-exposto-proximo-a-um-dos-gols-no-gramado-do-Maracana.webp","caption":"Escudo do Flamengo \u00e9 exposto pr\u00f3ximo a um dos gols, no gramado do Maracan\u00e3 (Foto: Daniel Castelo Branco)"},{"@type":"BreadcrumbList","@id":"https:\/\/www.gaveanews.com\/index.php\/2020\/07\/28\/comentarista-e-ex-jogador-do-flamengo-e-diagnosticado-com-covid-19\/#breadcrumb","itemListElement":[{"@type":"ListItem","position":1,"name":"Home","item":"https:\/\/www.gaveanews.com\/"},{"@type":"ListItem","position":2,"name":"Comentarista e ex-jogador do Flamengo, \u00e9 diagnosticado com COVID-19"}]},{"@type":"WebSite","@id":"https:\/\/www.gaveanews.com\/#website","url":"https:\/\/www.gaveanews.com\/","name":"G\u00e1vea News","description":"Veja todas as not\u00edcias sobre o Flamengo: Contrata\u00e7\u00f5es, categorias de base, resultados das partidas, tabela de classifica\u00e7\u00e3o, pr\u00f3ximos jogos!","potentialAction":[{"@type":"SearchAction","target":{"@type":"EntryPoint","urlTemplate":"https:\/\/www.gaveanews.com\/?s={search_term_string}"},"query-input":{"@type":"PropertyValueSpecification","valueRequired":true,"valueName":"search_term_string"}}],"inLanguage":"pt-BR"},{"@type":"Person","@id":"https:\/\/www.gaveanews.com\/#\/schema\/person\/2ec14f73fb96be2caf28f91afb14749d","name":"Equipe G\u00e1vea News","image":{"@type":"ImageObject","inLanguage":"pt-BR","@id":"https:\/\/www.gaveanews.com\/#\/schema\/person\/image\/","url":"https:\/\/secure.gravatar.com\/avatar\/1e1956f1facbffd3f8fa53a326721950116b3b9dc9bd44939c01180fd4a745a9?s=96&d=mm&r=g","contentUrl":"https:\/\/secure.gravatar.com\/avatar\/1e1956f1facbffd3f8fa53a326721950116b3b9dc9bd44939c01180fd4a745a9?s=96&d=mm&r=g","caption":"Equipe G\u00e1vea News"}}]}},"_links":{"self":[{"href":"https:\/\/www.gaveanews.com\/index.php\/wp-json\/wp\/v2\/posts\/44332","targetHints":{"allow":["GET"]}}],"collection":[{"href":"https:\/\/www.gaveanews.com\/index.php\/wp-json\/wp\/v2\/posts"}],"about":[{"href":"https:\/\/www.gaveanews.com\/index.php\/wp-json\/wp\/v2\/types\/post"}],"author":[{"embeddable":true,"href":"https:\/\/www.gaveanews.com\/index.php\/wp-json\/wp\/v2\/users\/1"}],"replies":[{"embeddable":true,"href":"https:\/\/www.gaveanews.com\/index.php\/wp-json\/wp\/v2\/comments?post=44332"}],"version-history":[{"count":0,"href":"https:\/\/www.gaveanews.com\/index.php\/wp-json\/wp\/v2\/posts\/44332\/revisions"}],"wp:featuredmedia":[{"embeddable":true,"href":"https:\/\/www.gaveanews.com\/index.php\/wp-json\/wp\/v2\/media\/15081"}],"wp:attachment":[{"href":"https:\/\/www.gaveanews.com\/index.php\/wp-json\/wp\/v2\/media?parent=44332"}],"wp:term":[{"taxonomy":"category","embeddable":true,"href":"https:\/\/www.gaveanews.com\/index.php\/wp-json\/wp\/v2\/categories?post=44332"},{"taxonomy":"post_tag","embeddable":true,"href":"https:\/\/www.gaveanews.com\/index.php\/wp-json\/wp\/v2\/tags?post=44332"}],"curies":[{"name":"wp","href":"https:\/\/api.w.org\/{rel}","templated":true}]}}