{"id":44334,"date":"2020-07-28T14:44:52","date_gmt":"2020-07-28T17:44:52","guid":{"rendered":"https:\/\/www.gaveanews.com\/?p=44334"},"modified":"2020-07-28T14:44:54","modified_gmt":"2020-07-28T17:44:54","slug":"carlos-carvalhal-explica-porque-nao-aceitou-treinar-o-flamengo","status":"publish","type":"post","link":"https:\/\/www.gaveanews.com\/index.php\/2020\/07\/28\/carlos-carvalhal-explica-porque-nao-aceitou-treinar-o-flamengo\/","title":{"rendered":"Carlos Carvalhal explica porque n\u00e3o aceitou treinar o Flamengo"},"content":{"rendered":"\n<p>Desde a sa\u00edda de Jorge Jesus do Flamengo, muito se especula sobre o poss\u00edvel novo comandante do clube. Ao que tudo indica, a diretoria rubro-negra est\u00e1 focada em trazer um nome de peso, principalmente que seja em n\u00edvel europeu, justamente para lidar com o forte elenco e tentar seguir a linhagem de trabalho importa pelo Mister.<\/p>\n\n\n\n<p>De acordo com alguns portais portugueses, como: \u2018Record, A Bola e O Jogo, a primeira tentativa teria sido Carlos Carvalhal, ex-Rio Ave, por\u00e9m, os mesmos ve\u00edculos em quest\u00e3o davam como certa a ida do profissional para o Braga, tendo um \u2018n\u00e3o\u2019 como resposta para o Flamengo.<\/p>\n\n\n\n<p>O destaque do profissional veio \u00e0 tona ap\u00f3s a expressividade que fortaleceu nestes momentos de ex\u00edmia confian\u00e7a que conquistou ao realizar a melhor tabela da hist\u00f3ria do Rio Ave.<\/p>\n\n\n\n<p>O que teria feito com que Carvalhal optasse pelo Braga foi o fato de que um projeto de longa dura\u00e7\u00e3o acabou o encantando. Assim, ele se viu na obriga\u00e7\u00e3o de voltar para o clube do norte de Portugal, onde j\u00e1 trabalhou em um curto per\u00edodo de 13 jogos.<\/p>\n\n\n\n<p>Em entrevista para a Sky Sports, o comandante comentou um pouco sobre a forma com que foi abordado pelo clube carioca. Pelas falas, foi poss\u00edvel entender o grandioso projeto que o Flamengo est\u00e1 buscando para o decorrer da temporada.<\/p>\n\n\n\n<p>&#8220;O Flamengo \u00e9 um dos maiores clubes do mundo. 95% dos treinadores no mundo aceitariam esse desafio (\u2026) Meus familiares e eu precisamos viver com a realidade, a minha decis\u00e3o n\u00e3o \u00e9 apenas baseada no futebol&#8221;, disse o ele.<\/p>\n\n\n\n<p>Ainda no assunto, Carvalhal disse que n\u00e3o esconde a felicidade de ser reconhecido desta forma: &#8220;\u00c9 por isso que eu estou feliz. Os clubes est\u00e3o vindo at\u00e9 mim n\u00e3o por causa do resultado obtido, mas sim pela forma de jogo que consegui implementar no Rio Ave. \u00c9 por isso que o Flamengo fez contato por mim, eu sinto isso&#8221;.<\/p>\n\n\n\n<p>Retirado de: SportBuzz<\/p>\n","protected":false},"excerpt":{"rendered":"<p>Desde a sa\u00edda de Jorge Jesus do Flamengo, muito se especula sobre o poss\u00edvel novo comandante do clube. Ao que tudo indica, a diretoria rubro-negra est\u00e1 focada em trazer um nome de peso, principalmente que seja em n\u00edvel europeu, justamente para lidar com o forte elenco e tentar seguir a linhagem de trabalho importa pelo [&hellip;]<\/p>\n","protected":false},"author":1,"featured_media":15081,"comment_status":"open","ping_status":"closed","sticky":false,"template":"","format":"standard","meta":{"footnotes":""},"categories":[1],"tags":[],"class_list":["post-44334","post","type-post","status-publish","format-standard","has-post-thumbnail","hentry","category-flamengo"],"yoast_head":"<!-- This site is optimized with the Yoast SEO Premium plugin v24.2 (Yoast SEO v26.9) - https:\/\/yoast.com\/product\/yoast-seo-premium-wordpress\/ -->\n<title>Carlos Carvalhal explica porque n\u00e3o aceitou treinar o Flamengo<\/title>\n<meta name=\"description\" content=\"Desde a sa\u00edda do treinador Jorge Jesus, para o time do Flamengo, muito se especula sobre o poss\u00edvel novo comandante do Flamengo.\" \/>\n<meta name=\"robots\" content=\"index, follow, max-snippet:-1, max-image-preview:large, max-video-preview:-1\" \/>\n<link rel=\"canonical\" href=\"https:\/\/www.gaveanews.com\/index.php\/2020\/07\/28\/carlos-carvalhal-explica-porque-nao-aceitou-treinar-o-flamengo\/\" \/>\n<meta property=\"og:locale\" content=\"pt_BR\" \/>\n<meta property=\"og:type\" content=\"article\" \/>\n<meta property=\"og:title\" content=\"Carlos Carvalhal explica porque n\u00e3o aceitou treinar o Flamengo\" \/>\n<meta property=\"og:description\" content=\"Desde a sa\u00edda do treinador Jorge Jesus, para o time do Flamengo, muito se especula sobre o poss\u00edvel novo comandante do Flamengo.\" \/>\n<meta property=\"og:url\" content=\"https:\/\/www.gaveanews.com\/index.php\/2020\/07\/28\/carlos-carvalhal-explica-porque-nao-aceitou-treinar-o-flamengo\/\" \/>\n<meta property=\"og:site_name\" content=\"G\u00e1vea News\" \/>\n<meta property=\"article:publisher\" content=\"https:\/\/facebook.com\/gaveaNews\/\" \/>\n<meta property=\"article:published_time\" content=\"2020-07-28T17:44:52+00:00\" \/>\n<meta property=\"article:modified_time\" content=\"2020-07-28T17:44:54+00:00\" \/>\n<meta property=\"og:image\" content=\"https:\/\/www.gaveanews.com\/wp-content\/uploads\/2019\/03\/Escudo-do-Flamengo-e-exposto-proximo-a-um-dos-gols-no-gramado-do-Maracana.webp\" \/>\n\t<meta property=\"og:image:width\" content=\"1\" \/>\n\t<meta property=\"og:image:height\" content=\"1\" \/>\n\t<meta property=\"og:image:type\" content=\"image\/jpeg\" \/>\n<meta name=\"author\" content=\"Equipe G\u00e1vea News\" \/>\n<meta name=\"twitter:card\" content=\"summary_large_image\" \/>\n<meta name=\"twitter:label1\" content=\"Escrito por\" \/>\n\t<meta name=\"twitter:data1\" content=\"Equipe G\u00e1vea News\" \/>\n\t<meta name=\"twitter:label2\" content=\"Est. tempo de leitura\" \/>\n\t<meta name=\"twitter:data2\" content=\"2 minutos\" \/>\n<script type=\"application\/ld+json\" class=\"yoast-schema-graph\">{\"@context\":\"https:\/\/schema.org\",\"@graph\":[{\"@type\":\"NewsArticle\",\"@id\":\"https:\/\/www.gaveanews.com\/index.php\/2020\/07\/28\/carlos-carvalhal-explica-porque-nao-aceitou-treinar-o-flamengo\/#article\",\"isPartOf\":{\"@id\":\"https:\/\/www.gaveanews.com\/index.php\/2020\/07\/28\/carlos-carvalhal-explica-porque-nao-aceitou-treinar-o-flamengo\/\"},\"author\":{\"name\":\"Equipe G\u00e1vea News\",\"@id\":\"https:\/\/www.gaveanews.com\/#\/schema\/person\/2ec14f73fb96be2caf28f91afb14749d\"},\"headline\":\"Carlos Carvalhal explica porque n\u00e3o aceitou treinar o Flamengo\",\"datePublished\":\"2020-07-28T17:44:52+00:00\",\"dateModified\":\"2020-07-28T17:44:54+00:00\",\"mainEntityOfPage\":{\"@id\":\"https:\/\/www.gaveanews.com\/index.php\/2020\/07\/28\/carlos-carvalhal-explica-porque-nao-aceitou-treinar-o-flamengo\/\"},\"wordCount\":341,\"commentCount\":10,\"image\":{\"@id\":\"https:\/\/www.gaveanews.com\/index.php\/2020\/07\/28\/carlos-carvalhal-explica-porque-nao-aceitou-treinar-o-flamengo\/#primaryimage\"},\"thumbnailUrl\":\"https:\/\/www.gaveanews.com\/wp-content\/uploads\/2019\/03\/Escudo-do-Flamengo-e-exposto-proximo-a-um-dos-gols-no-gramado-do-Maracana.webp\",\"articleSection\":[\"Flamengo\"],\"inLanguage\":\"pt-BR\",\"potentialAction\":[{\"@type\":\"CommentAction\",\"name\":\"Comment\",\"target\":[\"https:\/\/www.gaveanews.com\/index.php\/2020\/07\/28\/carlos-carvalhal-explica-porque-nao-aceitou-treinar-o-flamengo\/#respond\"]}],\"copyrightYear\":\"2020\",\"copyrightHolder\":{\"@id\":\"https:\/\/www.gaveanews.com\/#organization\"}},{\"@type\":\"WebPage\",\"@id\":\"https:\/\/www.gaveanews.com\/index.php\/2020\/07\/28\/carlos-carvalhal-explica-porque-nao-aceitou-treinar-o-flamengo\/\",\"url\":\"https:\/\/www.gaveanews.com\/index.php\/2020\/07\/28\/carlos-carvalhal-explica-porque-nao-aceitou-treinar-o-flamengo\/\",\"name\":\"Carlos Carvalhal explica porque n\u00e3o aceitou treinar o Flamengo\",\"isPartOf\":{\"@id\":\"https:\/\/www.gaveanews.com\/#website\"},\"primaryImageOfPage\":{\"@id\":\"https:\/\/www.gaveanews.com\/index.php\/2020\/07\/28\/carlos-carvalhal-explica-porque-nao-aceitou-treinar-o-flamengo\/#primaryimage\"},\"image\":{\"@id\":\"https:\/\/www.gaveanews.com\/index.php\/2020\/07\/28\/carlos-carvalhal-explica-porque-nao-aceitou-treinar-o-flamengo\/#primaryimage\"},\"thumbnailUrl\":\"https:\/\/www.gaveanews.com\/wp-content\/uploads\/2019\/03\/Escudo-do-Flamengo-e-exposto-proximo-a-um-dos-gols-no-gramado-do-Maracana.webp\",\"datePublished\":\"2020-07-28T17:44:52+00:00\",\"dateModified\":\"2020-07-28T17:44:54+00:00\",\"author\":{\"@id\":\"https:\/\/www.gaveanews.com\/#\/schema\/person\/2ec14f73fb96be2caf28f91afb14749d\"},\"description\":\"Desde a sa\u00edda do treinador Jorge Jesus, para o time do Flamengo, muito se especula sobre o poss\u00edvel novo comandante do Flamengo.\",\"breadcrumb\":{\"@id\":\"https:\/\/www.gaveanews.com\/index.php\/2020\/07\/28\/carlos-carvalhal-explica-porque-nao-aceitou-treinar-o-flamengo\/#breadcrumb\"},\"inLanguage\":\"pt-BR\",\"potentialAction\":[{\"@type\":\"ReadAction\",\"target\":[\"https:\/\/www.gaveanews.com\/index.php\/2020\/07\/28\/carlos-carvalhal-explica-porque-nao-aceitou-treinar-o-flamengo\/\"]}]},{\"@type\":\"ImageObject\",\"inLanguage\":\"pt-BR\",\"@id\":\"https:\/\/www.gaveanews.com\/index.php\/2020\/07\/28\/carlos-carvalhal-explica-porque-nao-aceitou-treinar-o-flamengo\/#primaryimage\",\"url\":\"https:\/\/www.gaveanews.com\/wp-content\/uploads\/2019\/03\/Escudo-do-Flamengo-e-exposto-proximo-a-um-dos-gols-no-gramado-do-Maracana.webp\",\"contentUrl\":\"https:\/\/www.gaveanews.com\/wp-content\/uploads\/2019\/03\/Escudo-do-Flamengo-e-exposto-proximo-a-um-dos-gols-no-gramado-do-Maracana.webp\",\"caption\":\"Escudo do Flamengo \u00e9 exposto pr\u00f3ximo a um dos gols, no gramado do Maracan\u00e3 (Foto: Daniel Castelo Branco)\"},{\"@type\":\"BreadcrumbList\",\"@id\":\"https:\/\/www.gaveanews.com\/index.php\/2020\/07\/28\/carlos-carvalhal-explica-porque-nao-aceitou-treinar-o-flamengo\/#breadcrumb\",\"itemListElement\":[{\"@type\":\"ListItem\",\"position\":1,\"name\":\"Home\",\"item\":\"https:\/\/www.gaveanews.com\/\"},{\"@type\":\"ListItem\",\"position\":2,\"name\":\"Carlos Carvalhal explica porque n\u00e3o aceitou treinar o Flamengo\"}]},{\"@type\":\"WebSite\",\"@id\":\"https:\/\/www.gaveanews.com\/#website\",\"url\":\"https:\/\/www.gaveanews.com\/\",\"name\":\"G\u00e1vea News\",\"description\":\"Veja todas as not\u00edcias sobre o Flamengo: Contrata\u00e7\u00f5es, categorias de base, resultados das partidas, tabela de classifica\u00e7\u00e3o, pr\u00f3ximos jogos!\",\"potentialAction\":[{\"@type\":\"SearchAction\",\"target\":{\"@type\":\"EntryPoint\",\"urlTemplate\":\"https:\/\/www.gaveanews.com\/?s={search_term_string}\"},\"query-input\":{\"@type\":\"PropertyValueSpecification\",\"valueRequired\":true,\"valueName\":\"search_term_string\"}}],\"inLanguage\":\"pt-BR\"},{\"@type\":\"Person\",\"@id\":\"https:\/\/www.gaveanews.com\/#\/schema\/person\/2ec14f73fb96be2caf28f91afb14749d\",\"name\":\"Equipe G\u00e1vea News\",\"image\":{\"@type\":\"ImageObject\",\"inLanguage\":\"pt-BR\",\"@id\":\"https:\/\/www.gaveanews.com\/#\/schema\/person\/image\/\",\"url\":\"https:\/\/secure.gravatar.com\/avatar\/1e1956f1facbffd3f8fa53a326721950116b3b9dc9bd44939c01180fd4a745a9?s=96&d=mm&r=g\",\"contentUrl\":\"https:\/\/secure.gravatar.com\/avatar\/1e1956f1facbffd3f8fa53a326721950116b3b9dc9bd44939c01180fd4a745a9?s=96&d=mm&r=g\",\"caption\":\"Equipe G\u00e1vea News\"}}]}<\/script>\n<!-- \/ Yoast SEO Premium plugin. -->","yoast_head_json":{"title":"Carlos Carvalhal explica porque n\u00e3o aceitou treinar o Flamengo","description":"Desde a sa\u00edda do treinador Jorge Jesus, para o time do Flamengo, muito se especula sobre o poss\u00edvel novo comandante do Flamengo.","robots":{"index":"index","follow":"follow","max-snippet":"max-snippet:-1","max-image-preview":"max-image-preview:large","max-video-preview":"max-video-preview:-1"},"canonical":"https:\/\/www.gaveanews.com\/index.php\/2020\/07\/28\/carlos-carvalhal-explica-porque-nao-aceitou-treinar-o-flamengo\/","og_locale":"pt_BR","og_type":"article","og_title":"Carlos Carvalhal explica porque n\u00e3o aceitou treinar o Flamengo","og_description":"Desde a sa\u00edda do treinador Jorge Jesus, para o time do Flamengo, muito se especula sobre o poss\u00edvel novo comandante do Flamengo.","og_url":"https:\/\/www.gaveanews.com\/index.php\/2020\/07\/28\/carlos-carvalhal-explica-porque-nao-aceitou-treinar-o-flamengo\/","og_site_name":"G\u00e1vea News","article_publisher":"https:\/\/facebook.com\/gaveaNews\/","article_published_time":"2020-07-28T17:44:52+00:00","article_modified_time":"2020-07-28T17:44:54+00:00","og_image":[{"url":"https:\/\/www.gaveanews.com\/wp-content\/uploads\/2019\/03\/Escudo-do-Flamengo-e-exposto-proximo-a-um-dos-gols-no-gramado-do-Maracana.webp","width":1,"height":1,"type":"image\/jpeg"}],"author":"Equipe G\u00e1vea News","twitter_card":"summary_large_image","twitter_misc":{"Escrito por":"Equipe G\u00e1vea News","Est. tempo de leitura":"2 minutos"},"schema":{"@context":"https:\/\/schema.org","@graph":[{"@type":"NewsArticle","@id":"https:\/\/www.gaveanews.com\/index.php\/2020\/07\/28\/carlos-carvalhal-explica-porque-nao-aceitou-treinar-o-flamengo\/#article","isPartOf":{"@id":"https:\/\/www.gaveanews.com\/index.php\/2020\/07\/28\/carlos-carvalhal-explica-porque-nao-aceitou-treinar-o-flamengo\/"},"author":{"name":"Equipe G\u00e1vea News","@id":"https:\/\/www.gaveanews.com\/#\/schema\/person\/2ec14f73fb96be2caf28f91afb14749d"},"headline":"Carlos Carvalhal explica porque n\u00e3o aceitou treinar o Flamengo","datePublished":"2020-07-28T17:44:52+00:00","dateModified":"2020-07-28T17:44:54+00:00","mainEntityOfPage":{"@id":"https:\/\/www.gaveanews.com\/index.php\/2020\/07\/28\/carlos-carvalhal-explica-porque-nao-aceitou-treinar-o-flamengo\/"},"wordCount":341,"commentCount":10,"image":{"@id":"https:\/\/www.gaveanews.com\/index.php\/2020\/07\/28\/carlos-carvalhal-explica-porque-nao-aceitou-treinar-o-flamengo\/#primaryimage"},"thumbnailUrl":"https:\/\/www.gaveanews.com\/wp-content\/uploads\/2019\/03\/Escudo-do-Flamengo-e-exposto-proximo-a-um-dos-gols-no-gramado-do-Maracana.webp","articleSection":["Flamengo"],"inLanguage":"pt-BR","potentialAction":[{"@type":"CommentAction","name":"Comment","target":["https:\/\/www.gaveanews.com\/index.php\/2020\/07\/28\/carlos-carvalhal-explica-porque-nao-aceitou-treinar-o-flamengo\/#respond"]}],"copyrightYear":"2020","copyrightHolder":{"@id":"https:\/\/www.gaveanews.com\/#organization"}},{"@type":"WebPage","@id":"https:\/\/www.gaveanews.com\/index.php\/2020\/07\/28\/carlos-carvalhal-explica-porque-nao-aceitou-treinar-o-flamengo\/","url":"https:\/\/www.gaveanews.com\/index.php\/2020\/07\/28\/carlos-carvalhal-explica-porque-nao-aceitou-treinar-o-flamengo\/","name":"Carlos Carvalhal explica porque n\u00e3o aceitou treinar o Flamengo","isPartOf":{"@id":"https:\/\/www.gaveanews.com\/#website"},"primaryImageOfPage":{"@id":"https:\/\/www.gaveanews.com\/index.php\/2020\/07\/28\/carlos-carvalhal-explica-porque-nao-aceitou-treinar-o-flamengo\/#primaryimage"},"image":{"@id":"https:\/\/www.gaveanews.com\/index.php\/2020\/07\/28\/carlos-carvalhal-explica-porque-nao-aceitou-treinar-o-flamengo\/#primaryimage"},"thumbnailUrl":"https:\/\/www.gaveanews.com\/wp-content\/uploads\/2019\/03\/Escudo-do-Flamengo-e-exposto-proximo-a-um-dos-gols-no-gramado-do-Maracana.webp","datePublished":"2020-07-28T17:44:52+00:00","dateModified":"2020-07-28T17:44:54+00:00","author":{"@id":"https:\/\/www.gaveanews.com\/#\/schema\/person\/2ec14f73fb96be2caf28f91afb14749d"},"description":"Desde a sa\u00edda do treinador Jorge Jesus, para o time do Flamengo, muito se especula sobre o poss\u00edvel novo comandante do Flamengo.","breadcrumb":{"@id":"https:\/\/www.gaveanews.com\/index.php\/2020\/07\/28\/carlos-carvalhal-explica-porque-nao-aceitou-treinar-o-flamengo\/#breadcrumb"},"inLanguage":"pt-BR","potentialAction":[{"@type":"ReadAction","target":["https:\/\/www.gaveanews.com\/index.php\/2020\/07\/28\/carlos-carvalhal-explica-porque-nao-aceitou-treinar-o-flamengo\/"]}]},{"@type":"ImageObject","inLanguage":"pt-BR","@id":"https:\/\/www.gaveanews.com\/index.php\/2020\/07\/28\/carlos-carvalhal-explica-porque-nao-aceitou-treinar-o-flamengo\/#primaryimage","url":"https:\/\/www.gaveanews.com\/wp-content\/uploads\/2019\/03\/Escudo-do-Flamengo-e-exposto-proximo-a-um-dos-gols-no-gramado-do-Maracana.webp","contentUrl":"https:\/\/www.gaveanews.com\/wp-content\/uploads\/2019\/03\/Escudo-do-Flamengo-e-exposto-proximo-a-um-dos-gols-no-gramado-do-Maracana.webp","caption":"Escudo do Flamengo \u00e9 exposto pr\u00f3ximo a um dos gols, no gramado do Maracan\u00e3 (Foto: Daniel Castelo Branco)"},{"@type":"BreadcrumbList","@id":"https:\/\/www.gaveanews.com\/index.php\/2020\/07\/28\/carlos-carvalhal-explica-porque-nao-aceitou-treinar-o-flamengo\/#breadcrumb","itemListElement":[{"@type":"ListItem","position":1,"name":"Home","item":"https:\/\/www.gaveanews.com\/"},{"@type":"ListItem","position":2,"name":"Carlos Carvalhal explica porque n\u00e3o aceitou treinar o Flamengo"}]},{"@type":"WebSite","@id":"https:\/\/www.gaveanews.com\/#website","url":"https:\/\/www.gaveanews.com\/","name":"G\u00e1vea News","description":"Veja todas as not\u00edcias sobre o Flamengo: Contrata\u00e7\u00f5es, categorias de base, resultados das partidas, tabela de classifica\u00e7\u00e3o, pr\u00f3ximos jogos!","potentialAction":[{"@type":"SearchAction","target":{"@type":"EntryPoint","urlTemplate":"https:\/\/www.gaveanews.com\/?s={search_term_string}"},"query-input":{"@type":"PropertyValueSpecification","valueRequired":true,"valueName":"search_term_string"}}],"inLanguage":"pt-BR"},{"@type":"Person","@id":"https:\/\/www.gaveanews.com\/#\/schema\/person\/2ec14f73fb96be2caf28f91afb14749d","name":"Equipe G\u00e1vea News","image":{"@type":"ImageObject","inLanguage":"pt-BR","@id":"https:\/\/www.gaveanews.com\/#\/schema\/person\/image\/","url":"https:\/\/secure.gravatar.com\/avatar\/1e1956f1facbffd3f8fa53a326721950116b3b9dc9bd44939c01180fd4a745a9?s=96&d=mm&r=g","contentUrl":"https:\/\/secure.gravatar.com\/avatar\/1e1956f1facbffd3f8fa53a326721950116b3b9dc9bd44939c01180fd4a745a9?s=96&d=mm&r=g","caption":"Equipe G\u00e1vea News"}}]}},"_links":{"self":[{"href":"https:\/\/www.gaveanews.com\/index.php\/wp-json\/wp\/v2\/posts\/44334","targetHints":{"allow":["GET"]}}],"collection":[{"href":"https:\/\/www.gaveanews.com\/index.php\/wp-json\/wp\/v2\/posts"}],"about":[{"href":"https:\/\/www.gaveanews.com\/index.php\/wp-json\/wp\/v2\/types\/post"}],"author":[{"embeddable":true,"href":"https:\/\/www.gaveanews.com\/index.php\/wp-json\/wp\/v2\/users\/1"}],"replies":[{"embeddable":true,"href":"https:\/\/www.gaveanews.com\/index.php\/wp-json\/wp\/v2\/comments?post=44334"}],"version-history":[{"count":0,"href":"https:\/\/www.gaveanews.com\/index.php\/wp-json\/wp\/v2\/posts\/44334\/revisions"}],"wp:featuredmedia":[{"embeddable":true,"href":"https:\/\/www.gaveanews.com\/index.php\/wp-json\/wp\/v2\/media\/15081"}],"wp:attachment":[{"href":"https:\/\/www.gaveanews.com\/index.php\/wp-json\/wp\/v2\/media?parent=44334"}],"wp:term":[{"taxonomy":"category","embeddable":true,"href":"https:\/\/www.gaveanews.com\/index.php\/wp-json\/wp\/v2\/categories?post=44334"},{"taxonomy":"post_tag","embeddable":true,"href":"https:\/\/www.gaveanews.com\/index.php\/wp-json\/wp\/v2\/tags?post=44334"}],"curies":[{"name":"wp","href":"https:\/\/api.w.org\/{rel}","templated":true}]}}