{"id":44345,"date":"2020-07-28T15:35:54","date_gmt":"2020-07-28T18:35:54","guid":{"rendered":"https:\/\/www.gaveanews.com\/?p=44345"},"modified":"2020-07-28T15:35:56","modified_gmt":"2020-07-28T18:35:56","slug":"flamengo-inclui-mais-um-tecnico-na-lista-dos-entrevistados","status":"publish","type":"post","link":"https:\/\/www.gaveanews.com\/index.php\/2020\/07\/28\/flamengo-inclui-mais-um-tecnico-na-lista-dos-entrevistados\/","title":{"rendered":"Flamengo inclui mais um t\u00e9cnico na lista dos entrevistados"},"content":{"rendered":"\n<p>Carlos Carvalhal fechou com o Braga, mas o Flamengo tem outro portugu\u00eas em sua lista. Trata-se de Jos\u00e9 Peseiro, com quem a diretoria se reuniu na noite de segunda-feira, na prov\u00edncia do Algarve, em Portugal.<\/p>\n\n\n\n<p>A conversa de Peseiro com Marcos Braz e Bruno Spindel seguiu o tom das anteriores, mais para conhecer melhor o treinador e suas ideias. N\u00e3o foi feita proposta oficial at\u00e9 o momento.<\/p>\n\n\n\n<p>A dupla de dirigentes rubro-negros est\u00e1 em Lisboa e segue o processo de avalia\u00e7\u00e3o para o novo treinador, embora j\u00e1 tenha marcado nova conversa com Dom\u00e8nec Torrent para abrir negocia\u00e7\u00e3o. O catal\u00e3o re\u00fane caracter\u00edsticas que agradam \u00e0 diretoria e teve um primeiro encontro com eles no \u00faltimo s\u00e1bado.<\/p>\n\n\n\n<figure class=\"wp-block-image size-large\"><img decoding=\"async\" src=\"https:\/\/www3.pictures.zimbio.com\/gi\/Udinese+Calcio+v+SC+Braga+UEFA+Champions+League+0jmwgS5Qlypx.webp\" alt=\"\"\/><figcaption>Jos\u00e9 Peseiro<\/figcaption><\/figure>\n\n\n\n<p>Peseiro tem 60 anos e est\u00e1 atualmente no comando da sele\u00e7\u00e3o da Venezuela. Seu curr\u00edculo \u00e9 vasto e inclui passagens pelo Porto e pelo Sporting, dois grandes de Portugal, bem como diversos trabalhos no Oriente M\u00e9dio. Ele tamb\u00e9m foi auxiliar de Carlos Queiroz no Real Madrid na temporada 2003\/2004.<\/p>\n\n\n\n<p>Retirado de: Globo Esporte<\/p>\n","protected":false},"excerpt":{"rendered":"<p>Carlos Carvalhal fechou com o Braga, mas o Flamengo tem outro portugu\u00eas em sua lista. Trata-se de Jos\u00e9 Peseiro, com quem a diretoria se reuniu na noite de segunda-feira, na prov\u00edncia do Algarve, em Portugal. A conversa de Peseiro com Marcos Braz e Bruno Spindel seguiu o tom das anteriores, mais para conhecer melhor o [&hellip;]<\/p>\n","protected":false},"author":1,"featured_media":23694,"comment_status":"open","ping_status":"closed","sticky":false,"template":"","format":"standard","meta":{"footnotes":""},"categories":[47],"tags":[],"class_list":["post-44345","post","type-post","status-publish","format-standard","has-post-thumbnail","hentry","category-destaques"],"yoast_head":"<!-- This site is optimized with the Yoast SEO Premium plugin v24.2 (Yoast SEO v26.9) - https:\/\/yoast.com\/product\/yoast-seo-premium-wordpress\/ -->\n<title>Flamengo inclui mais um t\u00e9cnico na lista dos entrevistados<\/title>\n<meta name=\"description\" content=\"Sem Jorge Jesus, que foi para o Benfica, Marcos Braz e Bruno Spindel est\u00e3o em Lisboa e seguem o processo de avalia\u00e7\u00e3o para o novo treinador.\" \/>\n<meta name=\"robots\" content=\"index, follow, max-snippet:-1, max-image-preview:large, max-video-preview:-1\" \/>\n<link rel=\"canonical\" href=\"https:\/\/www.gaveanews.com\/index.php\/2020\/07\/28\/flamengo-inclui-mais-um-tecnico-na-lista-dos-entrevistados\/\" \/>\n<meta property=\"og:locale\" content=\"pt_BR\" \/>\n<meta property=\"og:type\" content=\"article\" \/>\n<meta property=\"og:title\" content=\"Flamengo inclui mais um t\u00e9cnico na lista dos entrevistados\" \/>\n<meta property=\"og:description\" content=\"Sem Jorge Jesus, que foi para o Benfica, Marcos Braz e Bruno Spindel est\u00e3o em Lisboa e seguem o processo de avalia\u00e7\u00e3o para o novo treinador.\" \/>\n<meta property=\"og:url\" content=\"https:\/\/www.gaveanews.com\/index.php\/2020\/07\/28\/flamengo-inclui-mais-um-tecnico-na-lista-dos-entrevistados\/\" \/>\n<meta property=\"og:site_name\" content=\"G\u00e1vea News\" \/>\n<meta property=\"article:publisher\" content=\"https:\/\/facebook.com\/gaveaNews\/\" \/>\n<meta property=\"article:published_time\" content=\"2020-07-28T18:35:54+00:00\" \/>\n<meta property=\"article:modified_time\" content=\"2020-07-28T18:35:56+00:00\" \/>\n<meta property=\"og:image\" content=\"https:\/\/www.gaveanews.com\/wp-content\/uploads\/2019\/07\/Marcos-Braz-durante-coletiva-de-imprensa-no-Ninho-do-Urubu.webp\" \/>\n\t<meta property=\"og:image:width\" content=\"846\" \/>\n\t<meta property=\"og:image:height\" content=\"563\" \/>\n\t<meta property=\"og:image:type\" content=\"image\/jpeg\" \/>\n<meta name=\"author\" content=\"Equipe G\u00e1vea News\" \/>\n<meta name=\"twitter:card\" content=\"summary_large_image\" \/>\n<meta name=\"twitter:label1\" content=\"Escrito por\" \/>\n\t<meta name=\"twitter:data1\" content=\"Equipe G\u00e1vea News\" \/>\n\t<meta name=\"twitter:label2\" content=\"Est. tempo de leitura\" \/>\n\t<meta name=\"twitter:data2\" content=\"1 minuto\" \/>\n<script type=\"application\/ld+json\" class=\"yoast-schema-graph\">{\"@context\":\"https:\/\/schema.org\",\"@graph\":[{\"@type\":\"NewsArticle\",\"@id\":\"https:\/\/www.gaveanews.com\/index.php\/2020\/07\/28\/flamengo-inclui-mais-um-tecnico-na-lista-dos-entrevistados\/#article\",\"isPartOf\":{\"@id\":\"https:\/\/www.gaveanews.com\/index.php\/2020\/07\/28\/flamengo-inclui-mais-um-tecnico-na-lista-dos-entrevistados\/\"},\"author\":{\"name\":\"Equipe G\u00e1vea News\",\"@id\":\"https:\/\/www.gaveanews.com\/#\/schema\/person\/2ec14f73fb96be2caf28f91afb14749d\"},\"headline\":\"Flamengo inclui mais um t\u00e9cnico na lista dos entrevistados\",\"datePublished\":\"2020-07-28T18:35:54+00:00\",\"dateModified\":\"2020-07-28T18:35:56+00:00\",\"mainEntityOfPage\":{\"@id\":\"https:\/\/www.gaveanews.com\/index.php\/2020\/07\/28\/flamengo-inclui-mais-um-tecnico-na-lista-dos-entrevistados\/\"},\"wordCount\":190,\"commentCount\":13,\"image\":{\"@id\":\"https:\/\/www.gaveanews.com\/index.php\/2020\/07\/28\/flamengo-inclui-mais-um-tecnico-na-lista-dos-entrevistados\/#primaryimage\"},\"thumbnailUrl\":\"https:\/\/www.gaveanews.com\/wp-content\/uploads\/2019\/07\/Marcos-Braz-durante-coletiva-de-imprensa-no-Ninho-do-Urubu.webp\",\"articleSection\":[\"Destaques\"],\"inLanguage\":\"pt-BR\",\"potentialAction\":[{\"@type\":\"CommentAction\",\"name\":\"Comment\",\"target\":[\"https:\/\/www.gaveanews.com\/index.php\/2020\/07\/28\/flamengo-inclui-mais-um-tecnico-na-lista-dos-entrevistados\/#respond\"]}],\"copyrightYear\":\"2020\",\"copyrightHolder\":{\"@id\":\"https:\/\/www.gaveanews.com\/#organization\"}},{\"@type\":\"WebPage\",\"@id\":\"https:\/\/www.gaveanews.com\/index.php\/2020\/07\/28\/flamengo-inclui-mais-um-tecnico-na-lista-dos-entrevistados\/\",\"url\":\"https:\/\/www.gaveanews.com\/index.php\/2020\/07\/28\/flamengo-inclui-mais-um-tecnico-na-lista-dos-entrevistados\/\",\"name\":\"Flamengo inclui mais um t\u00e9cnico na lista dos entrevistados\",\"isPartOf\":{\"@id\":\"https:\/\/www.gaveanews.com\/#website\"},\"primaryImageOfPage\":{\"@id\":\"https:\/\/www.gaveanews.com\/index.php\/2020\/07\/28\/flamengo-inclui-mais-um-tecnico-na-lista-dos-entrevistados\/#primaryimage\"},\"image\":{\"@id\":\"https:\/\/www.gaveanews.com\/index.php\/2020\/07\/28\/flamengo-inclui-mais-um-tecnico-na-lista-dos-entrevistados\/#primaryimage\"},\"thumbnailUrl\":\"https:\/\/www.gaveanews.com\/wp-content\/uploads\/2019\/07\/Marcos-Braz-durante-coletiva-de-imprensa-no-Ninho-do-Urubu.webp\",\"datePublished\":\"2020-07-28T18:35:54+00:00\",\"dateModified\":\"2020-07-28T18:35:56+00:00\",\"author\":{\"@id\":\"https:\/\/www.gaveanews.com\/#\/schema\/person\/2ec14f73fb96be2caf28f91afb14749d\"},\"description\":\"Sem Jorge Jesus, que foi para o Benfica, Marcos Braz e Bruno Spindel est\u00e3o em Lisboa e seguem o processo de avalia\u00e7\u00e3o para o novo treinador.\",\"breadcrumb\":{\"@id\":\"https:\/\/www.gaveanews.com\/index.php\/2020\/07\/28\/flamengo-inclui-mais-um-tecnico-na-lista-dos-entrevistados\/#breadcrumb\"},\"inLanguage\":\"pt-BR\",\"potentialAction\":[{\"@type\":\"ReadAction\",\"target\":[\"https:\/\/www.gaveanews.com\/index.php\/2020\/07\/28\/flamengo-inclui-mais-um-tecnico-na-lista-dos-entrevistados\/\"]}]},{\"@type\":\"ImageObject\",\"inLanguage\":\"pt-BR\",\"@id\":\"https:\/\/www.gaveanews.com\/index.php\/2020\/07\/28\/flamengo-inclui-mais-um-tecnico-na-lista-dos-entrevistados\/#primaryimage\",\"url\":\"https:\/\/www.gaveanews.com\/wp-content\/uploads\/2019\/07\/Marcos-Braz-durante-coletiva-de-imprensa-no-Ninho-do-Urubu.webp\",\"contentUrl\":\"https:\/\/www.gaveanews.com\/wp-content\/uploads\/2019\/07\/Marcos-Braz-durante-coletiva-de-imprensa-no-Ninho-do-Urubu.webp\",\"width\":846,\"height\":563,\"caption\":\"Marcos Braz durante coletiva de imprensa no Ninho do Urubu (Foto: Alexandre Vidal\/Flamengo)\"},{\"@type\":\"BreadcrumbList\",\"@id\":\"https:\/\/www.gaveanews.com\/index.php\/2020\/07\/28\/flamengo-inclui-mais-um-tecnico-na-lista-dos-entrevistados\/#breadcrumb\",\"itemListElement\":[{\"@type\":\"ListItem\",\"position\":1,\"name\":\"Home\",\"item\":\"https:\/\/www.gaveanews.com\/\"},{\"@type\":\"ListItem\",\"position\":2,\"name\":\"Flamengo inclui mais um t\u00e9cnico na lista dos entrevistados\"}]},{\"@type\":\"WebSite\",\"@id\":\"https:\/\/www.gaveanews.com\/#website\",\"url\":\"https:\/\/www.gaveanews.com\/\",\"name\":\"G\u00e1vea News\",\"description\":\"Veja todas as not\u00edcias sobre o Flamengo: Contrata\u00e7\u00f5es, categorias de base, resultados das partidas, tabela de classifica\u00e7\u00e3o, pr\u00f3ximos jogos!\",\"potentialAction\":[{\"@type\":\"SearchAction\",\"target\":{\"@type\":\"EntryPoint\",\"urlTemplate\":\"https:\/\/www.gaveanews.com\/?s={search_term_string}\"},\"query-input\":{\"@type\":\"PropertyValueSpecification\",\"valueRequired\":true,\"valueName\":\"search_term_string\"}}],\"inLanguage\":\"pt-BR\"},{\"@type\":\"Person\",\"@id\":\"https:\/\/www.gaveanews.com\/#\/schema\/person\/2ec14f73fb96be2caf28f91afb14749d\",\"name\":\"Equipe G\u00e1vea News\",\"image\":{\"@type\":\"ImageObject\",\"inLanguage\":\"pt-BR\",\"@id\":\"https:\/\/www.gaveanews.com\/#\/schema\/person\/image\/\",\"url\":\"https:\/\/secure.gravatar.com\/avatar\/1e1956f1facbffd3f8fa53a326721950116b3b9dc9bd44939c01180fd4a745a9?s=96&d=mm&r=g\",\"contentUrl\":\"https:\/\/secure.gravatar.com\/avatar\/1e1956f1facbffd3f8fa53a326721950116b3b9dc9bd44939c01180fd4a745a9?s=96&d=mm&r=g\",\"caption\":\"Equipe G\u00e1vea News\"}}]}<\/script>\n<!-- \/ Yoast SEO Premium plugin. -->","yoast_head_json":{"title":"Flamengo inclui mais um t\u00e9cnico na lista dos entrevistados","description":"Sem Jorge Jesus, que foi para o Benfica, Marcos Braz e Bruno Spindel est\u00e3o em Lisboa e seguem o processo de avalia\u00e7\u00e3o para o novo treinador.","robots":{"index":"index","follow":"follow","max-snippet":"max-snippet:-1","max-image-preview":"max-image-preview:large","max-video-preview":"max-video-preview:-1"},"canonical":"https:\/\/www.gaveanews.com\/index.php\/2020\/07\/28\/flamengo-inclui-mais-um-tecnico-na-lista-dos-entrevistados\/","og_locale":"pt_BR","og_type":"article","og_title":"Flamengo inclui mais um t\u00e9cnico na lista dos entrevistados","og_description":"Sem Jorge Jesus, que foi para o Benfica, Marcos Braz e Bruno Spindel est\u00e3o em Lisboa e seguem o processo de avalia\u00e7\u00e3o para o novo treinador.","og_url":"https:\/\/www.gaveanews.com\/index.php\/2020\/07\/28\/flamengo-inclui-mais-um-tecnico-na-lista-dos-entrevistados\/","og_site_name":"G\u00e1vea News","article_publisher":"https:\/\/facebook.com\/gaveaNews\/","article_published_time":"2020-07-28T18:35:54+00:00","article_modified_time":"2020-07-28T18:35:56+00:00","og_image":[{"width":846,"height":563,"url":"https:\/\/www.gaveanews.com\/wp-content\/uploads\/2019\/07\/Marcos-Braz-durante-coletiva-de-imprensa-no-Ninho-do-Urubu.webp","type":"image\/jpeg"}],"author":"Equipe G\u00e1vea News","twitter_card":"summary_large_image","twitter_misc":{"Escrito por":"Equipe G\u00e1vea News","Est. tempo de leitura":"1 minuto"},"schema":{"@context":"https:\/\/schema.org","@graph":[{"@type":"NewsArticle","@id":"https:\/\/www.gaveanews.com\/index.php\/2020\/07\/28\/flamengo-inclui-mais-um-tecnico-na-lista-dos-entrevistados\/#article","isPartOf":{"@id":"https:\/\/www.gaveanews.com\/index.php\/2020\/07\/28\/flamengo-inclui-mais-um-tecnico-na-lista-dos-entrevistados\/"},"author":{"name":"Equipe G\u00e1vea News","@id":"https:\/\/www.gaveanews.com\/#\/schema\/person\/2ec14f73fb96be2caf28f91afb14749d"},"headline":"Flamengo inclui mais um t\u00e9cnico na lista dos entrevistados","datePublished":"2020-07-28T18:35:54+00:00","dateModified":"2020-07-28T18:35:56+00:00","mainEntityOfPage":{"@id":"https:\/\/www.gaveanews.com\/index.php\/2020\/07\/28\/flamengo-inclui-mais-um-tecnico-na-lista-dos-entrevistados\/"},"wordCount":190,"commentCount":13,"image":{"@id":"https:\/\/www.gaveanews.com\/index.php\/2020\/07\/28\/flamengo-inclui-mais-um-tecnico-na-lista-dos-entrevistados\/#primaryimage"},"thumbnailUrl":"https:\/\/www.gaveanews.com\/wp-content\/uploads\/2019\/07\/Marcos-Braz-durante-coletiva-de-imprensa-no-Ninho-do-Urubu.webp","articleSection":["Destaques"],"inLanguage":"pt-BR","potentialAction":[{"@type":"CommentAction","name":"Comment","target":["https:\/\/www.gaveanews.com\/index.php\/2020\/07\/28\/flamengo-inclui-mais-um-tecnico-na-lista-dos-entrevistados\/#respond"]}],"copyrightYear":"2020","copyrightHolder":{"@id":"https:\/\/www.gaveanews.com\/#organization"}},{"@type":"WebPage","@id":"https:\/\/www.gaveanews.com\/index.php\/2020\/07\/28\/flamengo-inclui-mais-um-tecnico-na-lista-dos-entrevistados\/","url":"https:\/\/www.gaveanews.com\/index.php\/2020\/07\/28\/flamengo-inclui-mais-um-tecnico-na-lista-dos-entrevistados\/","name":"Flamengo inclui mais um t\u00e9cnico na lista dos entrevistados","isPartOf":{"@id":"https:\/\/www.gaveanews.com\/#website"},"primaryImageOfPage":{"@id":"https:\/\/www.gaveanews.com\/index.php\/2020\/07\/28\/flamengo-inclui-mais-um-tecnico-na-lista-dos-entrevistados\/#primaryimage"},"image":{"@id":"https:\/\/www.gaveanews.com\/index.php\/2020\/07\/28\/flamengo-inclui-mais-um-tecnico-na-lista-dos-entrevistados\/#primaryimage"},"thumbnailUrl":"https:\/\/www.gaveanews.com\/wp-content\/uploads\/2019\/07\/Marcos-Braz-durante-coletiva-de-imprensa-no-Ninho-do-Urubu.webp","datePublished":"2020-07-28T18:35:54+00:00","dateModified":"2020-07-28T18:35:56+00:00","author":{"@id":"https:\/\/www.gaveanews.com\/#\/schema\/person\/2ec14f73fb96be2caf28f91afb14749d"},"description":"Sem Jorge Jesus, que foi para o Benfica, Marcos Braz e Bruno Spindel est\u00e3o em Lisboa e seguem o processo de avalia\u00e7\u00e3o para o novo treinador.","breadcrumb":{"@id":"https:\/\/www.gaveanews.com\/index.php\/2020\/07\/28\/flamengo-inclui-mais-um-tecnico-na-lista-dos-entrevistados\/#breadcrumb"},"inLanguage":"pt-BR","potentialAction":[{"@type":"ReadAction","target":["https:\/\/www.gaveanews.com\/index.php\/2020\/07\/28\/flamengo-inclui-mais-um-tecnico-na-lista-dos-entrevistados\/"]}]},{"@type":"ImageObject","inLanguage":"pt-BR","@id":"https:\/\/www.gaveanews.com\/index.php\/2020\/07\/28\/flamengo-inclui-mais-um-tecnico-na-lista-dos-entrevistados\/#primaryimage","url":"https:\/\/www.gaveanews.com\/wp-content\/uploads\/2019\/07\/Marcos-Braz-durante-coletiva-de-imprensa-no-Ninho-do-Urubu.webp","contentUrl":"https:\/\/www.gaveanews.com\/wp-content\/uploads\/2019\/07\/Marcos-Braz-durante-coletiva-de-imprensa-no-Ninho-do-Urubu.webp","width":846,"height":563,"caption":"Marcos Braz durante coletiva de imprensa no Ninho do Urubu (Foto: Alexandre Vidal\/Flamengo)"},{"@type":"BreadcrumbList","@id":"https:\/\/www.gaveanews.com\/index.php\/2020\/07\/28\/flamengo-inclui-mais-um-tecnico-na-lista-dos-entrevistados\/#breadcrumb","itemListElement":[{"@type":"ListItem","position":1,"name":"Home","item":"https:\/\/www.gaveanews.com\/"},{"@type":"ListItem","position":2,"name":"Flamengo inclui mais um t\u00e9cnico na lista dos entrevistados"}]},{"@type":"WebSite","@id":"https:\/\/www.gaveanews.com\/#website","url":"https:\/\/www.gaveanews.com\/","name":"G\u00e1vea News","description":"Veja todas as not\u00edcias sobre o Flamengo: Contrata\u00e7\u00f5es, categorias de base, resultados das partidas, tabela de classifica\u00e7\u00e3o, pr\u00f3ximos jogos!","potentialAction":[{"@type":"SearchAction","target":{"@type":"EntryPoint","urlTemplate":"https:\/\/www.gaveanews.com\/?s={search_term_string}"},"query-input":{"@type":"PropertyValueSpecification","valueRequired":true,"valueName":"search_term_string"}}],"inLanguage":"pt-BR"},{"@type":"Person","@id":"https:\/\/www.gaveanews.com\/#\/schema\/person\/2ec14f73fb96be2caf28f91afb14749d","name":"Equipe G\u00e1vea News","image":{"@type":"ImageObject","inLanguage":"pt-BR","@id":"https:\/\/www.gaveanews.com\/#\/schema\/person\/image\/","url":"https:\/\/secure.gravatar.com\/avatar\/1e1956f1facbffd3f8fa53a326721950116b3b9dc9bd44939c01180fd4a745a9?s=96&d=mm&r=g","contentUrl":"https:\/\/secure.gravatar.com\/avatar\/1e1956f1facbffd3f8fa53a326721950116b3b9dc9bd44939c01180fd4a745a9?s=96&d=mm&r=g","caption":"Equipe G\u00e1vea News"}}]}},"_links":{"self":[{"href":"https:\/\/www.gaveanews.com\/index.php\/wp-json\/wp\/v2\/posts\/44345","targetHints":{"allow":["GET"]}}],"collection":[{"href":"https:\/\/www.gaveanews.com\/index.php\/wp-json\/wp\/v2\/posts"}],"about":[{"href":"https:\/\/www.gaveanews.com\/index.php\/wp-json\/wp\/v2\/types\/post"}],"author":[{"embeddable":true,"href":"https:\/\/www.gaveanews.com\/index.php\/wp-json\/wp\/v2\/users\/1"}],"replies":[{"embeddable":true,"href":"https:\/\/www.gaveanews.com\/index.php\/wp-json\/wp\/v2\/comments?post=44345"}],"version-history":[{"count":0,"href":"https:\/\/www.gaveanews.com\/index.php\/wp-json\/wp\/v2\/posts\/44345\/revisions"}],"wp:featuredmedia":[{"embeddable":true,"href":"https:\/\/www.gaveanews.com\/index.php\/wp-json\/wp\/v2\/media\/23694"}],"wp:attachment":[{"href":"https:\/\/www.gaveanews.com\/index.php\/wp-json\/wp\/v2\/media?parent=44345"}],"wp:term":[{"taxonomy":"category","embeddable":true,"href":"https:\/\/www.gaveanews.com\/index.php\/wp-json\/wp\/v2\/categories?post=44345"},{"taxonomy":"post_tag","embeddable":true,"href":"https:\/\/www.gaveanews.com\/index.php\/wp-json\/wp\/v2\/tags?post=44345"}],"curies":[{"name":"wp","href":"https:\/\/api.w.org\/{rel}","templated":true}]}}