{"id":44347,"date":"2020-07-28T17:40:48","date_gmt":"2020-07-28T20:40:48","guid":{"rendered":"https:\/\/www.gaveanews.com\/?p=44347"},"modified":"2020-07-28T17:40:51","modified_gmt":"2020-07-28T20:40:51","slug":"flamengo-se-aproxima-de-seu-novo-tecnico-preparando-os-contratos","status":"publish","type":"post","link":"https:\/\/www.gaveanews.com\/index.php\/2020\/07\/28\/flamengo-se-aproxima-de-seu-novo-tecnico-preparando-os-contratos\/","title":{"rendered":"Flamengo se aproxima de seu novo t\u00e9cnico: &#8220;Preparando os contratos&#8221;"},"content":{"rendered":"\n<p>O Flamengo deu mais um passo para contratar o substituto de Jorge Jesus. Nesta ter\u00e7a-feira, Dom\u00e8nec Torrent, de 58 anos e que estava sem clube, ouviu mais a respeito do projeto rubro-negro, atrav\u00e9s de Marcos Braz e Bruno Spindel, vice-presidente de futebol e diretor executivo da pasta. E h\u00e1 ind\u00edcios de neg\u00f3cio encaminhado, de acordo com o agente do t\u00e9cnico, Josep Maria Orobitg, que externou o seguinte, em contato ao &#8216;Lance&#8217;:<\/p>\n\n\n\n<p>\u2014 Est\u00e3o preparando os contrato &#8211; falou Orobitg, brevemente.<\/p>\n\n\n\n<p>Livre no mercado desde que deixou o New York City FC, da MLS (entre 2018 e 2019), Dom\u00e8nec Torrent, de 58 anos, j\u00e1 havia afirmado, em entrevista ao jornalista italiano Gianluca Di Marzio, que conhece com profundidade os jogadores do Fla.<\/p>\n\n\n\n<figure class=\"wp-block-image size-large\"><img decoding=\"async\" src=\"https:\/\/nypost.com\/wp-content\/uploads\/sites\/2\/2019\/10\/domenec-torrent.webp?quality=90&amp;strip=all&amp;strip=all\" alt=\"\"\/><figcaption>Dom\u00e8nec Torrent durante um treinamento do New York City (Foto: Anthony J. Causi)<\/figcaption><\/figure>\n\n\n\n<p>\u2014 Eu gosto de me manter atualizado sobre o futebol ao redor do mundo. Ent\u00e3o, vi muitas partidas do Campeonato Brasileiro no \u00faltimo ano. Conhe\u00e7o perfeitamente a equipe que eles (Flamengo) t\u00eam &#8211; falou, antes de salientar:<\/p>\n\n\n\n<p>\u2014 Tamb\u00e9m leio os jornais, sei dos rumores, mas n\u00e3o fui contactado diretamente. Na Am\u00e9rica do Sul, tenho um colaborador de confian\u00e7a, que me advertiu que poderia haver interesse da parte deles. Mas at\u00e9 hoje n\u00e3o falei com ningu\u00e9m. A minha prioridade \u00e9 treinar um grande clube. O Flamengo \u00e9 um dos maiores ao redor do mundo.<\/p>\n\n\n\n<p>O Flamengo trabalha em sil\u00eancio. A aguardar se o neg\u00f3cio com o espanhol se concretizar\u00e1 e se, desta vez, a fuma\u00e7a branca (em alus\u00e3o ao Vaticano com o an\u00fancio de um novo Papa) aparecer\u00e1 no perfil de Marcos Braz.<\/p>\n\n\n\n<p>Retirado de: Lance<\/p>\n","protected":false},"excerpt":{"rendered":"<p>O Flamengo deu mais um passo para contratar o substituto de Jorge Jesus. Nesta ter\u00e7a-feira, Dom\u00e8nec Torrent, de 58 anos e que estava sem clube, ouviu mais a respeito do projeto rubro-negro, atrav\u00e9s de Marcos Braz e Bruno Spindel, vice-presidente de futebol e diretor executivo da pasta. E h\u00e1 ind\u00edcios de neg\u00f3cio encaminhado, de acordo [&hellip;]<\/p>\n","protected":false},"author":1,"featured_media":23694,"comment_status":"open","ping_status":"closed","sticky":false,"template":"","format":"standard","meta":{"footnotes":""},"categories":[47],"tags":[],"class_list":["post-44347","post","type-post","status-publish","format-standard","has-post-thumbnail","hentry","category-destaques"],"yoast_head":"<!-- This site is optimized with the Yoast SEO Premium plugin v24.2 (Yoast SEO v26.9) - https:\/\/yoast.com\/product\/yoast-seo-premium-wordpress\/ -->\n<title>Flamengo se aproxima de seu novo t\u00e9cnico: &quot;Preparando os contratos&quot;<\/title>\n<meta name=\"description\" content=\"A diretoria do Flamengo deu mais um passo para contratar o substituto do treinador Jorge Jesus, que foi para o time do Benfica.\" \/>\n<meta name=\"robots\" content=\"index, follow, max-snippet:-1, max-image-preview:large, max-video-preview:-1\" \/>\n<link rel=\"canonical\" href=\"https:\/\/www.gaveanews.com\/index.php\/2020\/07\/28\/flamengo-se-aproxima-de-seu-novo-tecnico-preparando-os-contratos\/\" \/>\n<meta property=\"og:locale\" content=\"pt_BR\" \/>\n<meta property=\"og:type\" content=\"article\" \/>\n<meta property=\"og:title\" content=\"Flamengo se aproxima de seu novo t\u00e9cnico: &quot;Preparando os contratos&quot;\" \/>\n<meta property=\"og:description\" content=\"A diretoria do Flamengo deu mais um passo para contratar o substituto do treinador Jorge Jesus, que foi para o time do Benfica.\" \/>\n<meta property=\"og:url\" content=\"https:\/\/www.gaveanews.com\/index.php\/2020\/07\/28\/flamengo-se-aproxima-de-seu-novo-tecnico-preparando-os-contratos\/\" \/>\n<meta property=\"og:site_name\" content=\"G\u00e1vea News\" \/>\n<meta property=\"article:publisher\" content=\"https:\/\/facebook.com\/gaveaNews\/\" \/>\n<meta property=\"article:published_time\" content=\"2020-07-28T20:40:48+00:00\" \/>\n<meta property=\"article:modified_time\" content=\"2020-07-28T20:40:51+00:00\" \/>\n<meta property=\"og:image\" content=\"https:\/\/www.gaveanews.com\/wp-content\/uploads\/2019\/07\/Marcos-Braz-durante-coletiva-de-imprensa-no-Ninho-do-Urubu.webp\" \/>\n\t<meta property=\"og:image:width\" content=\"846\" \/>\n\t<meta property=\"og:image:height\" content=\"563\" \/>\n\t<meta property=\"og:image:type\" content=\"image\/jpeg\" \/>\n<meta name=\"author\" content=\"Equipe G\u00e1vea News\" \/>\n<meta name=\"twitter:card\" content=\"summary_large_image\" \/>\n<meta name=\"twitter:label1\" content=\"Escrito por\" \/>\n\t<meta name=\"twitter:data1\" content=\"Equipe G\u00e1vea News\" \/>\n\t<meta name=\"twitter:label2\" content=\"Est. tempo de leitura\" \/>\n\t<meta name=\"twitter:data2\" content=\"1 minuto\" \/>\n<script type=\"application\/ld+json\" class=\"yoast-schema-graph\">{\"@context\":\"https:\/\/schema.org\",\"@graph\":[{\"@type\":\"NewsArticle\",\"@id\":\"https:\/\/www.gaveanews.com\/index.php\/2020\/07\/28\/flamengo-se-aproxima-de-seu-novo-tecnico-preparando-os-contratos\/#article\",\"isPartOf\":{\"@id\":\"https:\/\/www.gaveanews.com\/index.php\/2020\/07\/28\/flamengo-se-aproxima-de-seu-novo-tecnico-preparando-os-contratos\/\"},\"author\":{\"name\":\"Equipe G\u00e1vea News\",\"@id\":\"https:\/\/www.gaveanews.com\/#\/schema\/person\/2ec14f73fb96be2caf28f91afb14749d\"},\"headline\":\"Flamengo se aproxima de seu novo t\u00e9cnico: &#8220;Preparando os contratos&#8221;\",\"datePublished\":\"2020-07-28T20:40:48+00:00\",\"dateModified\":\"2020-07-28T20:40:51+00:00\",\"mainEntityOfPage\":{\"@id\":\"https:\/\/www.gaveanews.com\/index.php\/2020\/07\/28\/flamengo-se-aproxima-de-seu-novo-tecnico-preparando-os-contratos\/\"},\"wordCount\":295,\"commentCount\":21,\"image\":{\"@id\":\"https:\/\/www.gaveanews.com\/index.php\/2020\/07\/28\/flamengo-se-aproxima-de-seu-novo-tecnico-preparando-os-contratos\/#primaryimage\"},\"thumbnailUrl\":\"https:\/\/www.gaveanews.com\/wp-content\/uploads\/2019\/07\/Marcos-Braz-durante-coletiva-de-imprensa-no-Ninho-do-Urubu.webp\",\"articleSection\":[\"Destaques\"],\"inLanguage\":\"pt-BR\",\"potentialAction\":[{\"@type\":\"CommentAction\",\"name\":\"Comment\",\"target\":[\"https:\/\/www.gaveanews.com\/index.php\/2020\/07\/28\/flamengo-se-aproxima-de-seu-novo-tecnico-preparando-os-contratos\/#respond\"]}],\"copyrightYear\":\"2020\",\"copyrightHolder\":{\"@id\":\"https:\/\/www.gaveanews.com\/#organization\"}},{\"@type\":\"WebPage\",\"@id\":\"https:\/\/www.gaveanews.com\/index.php\/2020\/07\/28\/flamengo-se-aproxima-de-seu-novo-tecnico-preparando-os-contratos\/\",\"url\":\"https:\/\/www.gaveanews.com\/index.php\/2020\/07\/28\/flamengo-se-aproxima-de-seu-novo-tecnico-preparando-os-contratos\/\",\"name\":\"Flamengo se aproxima de seu novo t\u00e9cnico: \\\"Preparando os contratos\\\"\",\"isPartOf\":{\"@id\":\"https:\/\/www.gaveanews.com\/#website\"},\"primaryImageOfPage\":{\"@id\":\"https:\/\/www.gaveanews.com\/index.php\/2020\/07\/28\/flamengo-se-aproxima-de-seu-novo-tecnico-preparando-os-contratos\/#primaryimage\"},\"image\":{\"@id\":\"https:\/\/www.gaveanews.com\/index.php\/2020\/07\/28\/flamengo-se-aproxima-de-seu-novo-tecnico-preparando-os-contratos\/#primaryimage\"},\"thumbnailUrl\":\"https:\/\/www.gaveanews.com\/wp-content\/uploads\/2019\/07\/Marcos-Braz-durante-coletiva-de-imprensa-no-Ninho-do-Urubu.webp\",\"datePublished\":\"2020-07-28T20:40:48+00:00\",\"dateModified\":\"2020-07-28T20:40:51+00:00\",\"author\":{\"@id\":\"https:\/\/www.gaveanews.com\/#\/schema\/person\/2ec14f73fb96be2caf28f91afb14749d\"},\"description\":\"A diretoria do Flamengo deu mais um passo para contratar o substituto do treinador Jorge Jesus, que foi para o time do Benfica.\",\"breadcrumb\":{\"@id\":\"https:\/\/www.gaveanews.com\/index.php\/2020\/07\/28\/flamengo-se-aproxima-de-seu-novo-tecnico-preparando-os-contratos\/#breadcrumb\"},\"inLanguage\":\"pt-BR\",\"potentialAction\":[{\"@type\":\"ReadAction\",\"target\":[\"https:\/\/www.gaveanews.com\/index.php\/2020\/07\/28\/flamengo-se-aproxima-de-seu-novo-tecnico-preparando-os-contratos\/\"]}]},{\"@type\":\"ImageObject\",\"inLanguage\":\"pt-BR\",\"@id\":\"https:\/\/www.gaveanews.com\/index.php\/2020\/07\/28\/flamengo-se-aproxima-de-seu-novo-tecnico-preparando-os-contratos\/#primaryimage\",\"url\":\"https:\/\/www.gaveanews.com\/wp-content\/uploads\/2019\/07\/Marcos-Braz-durante-coletiva-de-imprensa-no-Ninho-do-Urubu.webp\",\"contentUrl\":\"https:\/\/www.gaveanews.com\/wp-content\/uploads\/2019\/07\/Marcos-Braz-durante-coletiva-de-imprensa-no-Ninho-do-Urubu.webp\",\"width\":846,\"height\":563,\"caption\":\"Marcos Braz durante coletiva de imprensa no Ninho do Urubu (Foto: Alexandre Vidal\/Flamengo)\"},{\"@type\":\"BreadcrumbList\",\"@id\":\"https:\/\/www.gaveanews.com\/index.php\/2020\/07\/28\/flamengo-se-aproxima-de-seu-novo-tecnico-preparando-os-contratos\/#breadcrumb\",\"itemListElement\":[{\"@type\":\"ListItem\",\"position\":1,\"name\":\"Home\",\"item\":\"https:\/\/www.gaveanews.com\/\"},{\"@type\":\"ListItem\",\"position\":2,\"name\":\"Flamengo se aproxima de seu novo t\u00e9cnico: &#8220;Preparando os contratos&#8221;\"}]},{\"@type\":\"WebSite\",\"@id\":\"https:\/\/www.gaveanews.com\/#website\",\"url\":\"https:\/\/www.gaveanews.com\/\",\"name\":\"G\u00e1vea News\",\"description\":\"Veja todas as not\u00edcias sobre o Flamengo: Contrata\u00e7\u00f5es, categorias de base, resultados das partidas, tabela de classifica\u00e7\u00e3o, pr\u00f3ximos jogos!\",\"potentialAction\":[{\"@type\":\"SearchAction\",\"target\":{\"@type\":\"EntryPoint\",\"urlTemplate\":\"https:\/\/www.gaveanews.com\/?s={search_term_string}\"},\"query-input\":{\"@type\":\"PropertyValueSpecification\",\"valueRequired\":true,\"valueName\":\"search_term_string\"}}],\"inLanguage\":\"pt-BR\"},{\"@type\":\"Person\",\"@id\":\"https:\/\/www.gaveanews.com\/#\/schema\/person\/2ec14f73fb96be2caf28f91afb14749d\",\"name\":\"Equipe G\u00e1vea News\",\"image\":{\"@type\":\"ImageObject\",\"inLanguage\":\"pt-BR\",\"@id\":\"https:\/\/www.gaveanews.com\/#\/schema\/person\/image\/\",\"url\":\"https:\/\/secure.gravatar.com\/avatar\/1e1956f1facbffd3f8fa53a326721950116b3b9dc9bd44939c01180fd4a745a9?s=96&d=mm&r=g\",\"contentUrl\":\"https:\/\/secure.gravatar.com\/avatar\/1e1956f1facbffd3f8fa53a326721950116b3b9dc9bd44939c01180fd4a745a9?s=96&d=mm&r=g\",\"caption\":\"Equipe G\u00e1vea News\"}}]}<\/script>\n<!-- \/ Yoast SEO Premium plugin. -->","yoast_head_json":{"title":"Flamengo se aproxima de seu novo t\u00e9cnico: \"Preparando os contratos\"","description":"A diretoria do Flamengo deu mais um passo para contratar o substituto do treinador Jorge Jesus, que foi para o time do Benfica.","robots":{"index":"index","follow":"follow","max-snippet":"max-snippet:-1","max-image-preview":"max-image-preview:large","max-video-preview":"max-video-preview:-1"},"canonical":"https:\/\/www.gaveanews.com\/index.php\/2020\/07\/28\/flamengo-se-aproxima-de-seu-novo-tecnico-preparando-os-contratos\/","og_locale":"pt_BR","og_type":"article","og_title":"Flamengo se aproxima de seu novo t\u00e9cnico: \"Preparando os contratos\"","og_description":"A diretoria do Flamengo deu mais um passo para contratar o substituto do treinador Jorge Jesus, que foi para o time do Benfica.","og_url":"https:\/\/www.gaveanews.com\/index.php\/2020\/07\/28\/flamengo-se-aproxima-de-seu-novo-tecnico-preparando-os-contratos\/","og_site_name":"G\u00e1vea News","article_publisher":"https:\/\/facebook.com\/gaveaNews\/","article_published_time":"2020-07-28T20:40:48+00:00","article_modified_time":"2020-07-28T20:40:51+00:00","og_image":[{"width":846,"height":563,"url":"https:\/\/www.gaveanews.com\/wp-content\/uploads\/2019\/07\/Marcos-Braz-durante-coletiva-de-imprensa-no-Ninho-do-Urubu.webp","type":"image\/jpeg"}],"author":"Equipe G\u00e1vea News","twitter_card":"summary_large_image","twitter_misc":{"Escrito por":"Equipe G\u00e1vea News","Est. tempo de leitura":"1 minuto"},"schema":{"@context":"https:\/\/schema.org","@graph":[{"@type":"NewsArticle","@id":"https:\/\/www.gaveanews.com\/index.php\/2020\/07\/28\/flamengo-se-aproxima-de-seu-novo-tecnico-preparando-os-contratos\/#article","isPartOf":{"@id":"https:\/\/www.gaveanews.com\/index.php\/2020\/07\/28\/flamengo-se-aproxima-de-seu-novo-tecnico-preparando-os-contratos\/"},"author":{"name":"Equipe G\u00e1vea News","@id":"https:\/\/www.gaveanews.com\/#\/schema\/person\/2ec14f73fb96be2caf28f91afb14749d"},"headline":"Flamengo se aproxima de seu novo t\u00e9cnico: &#8220;Preparando os contratos&#8221;","datePublished":"2020-07-28T20:40:48+00:00","dateModified":"2020-07-28T20:40:51+00:00","mainEntityOfPage":{"@id":"https:\/\/www.gaveanews.com\/index.php\/2020\/07\/28\/flamengo-se-aproxima-de-seu-novo-tecnico-preparando-os-contratos\/"},"wordCount":295,"commentCount":21,"image":{"@id":"https:\/\/www.gaveanews.com\/index.php\/2020\/07\/28\/flamengo-se-aproxima-de-seu-novo-tecnico-preparando-os-contratos\/#primaryimage"},"thumbnailUrl":"https:\/\/www.gaveanews.com\/wp-content\/uploads\/2019\/07\/Marcos-Braz-durante-coletiva-de-imprensa-no-Ninho-do-Urubu.webp","articleSection":["Destaques"],"inLanguage":"pt-BR","potentialAction":[{"@type":"CommentAction","name":"Comment","target":["https:\/\/www.gaveanews.com\/index.php\/2020\/07\/28\/flamengo-se-aproxima-de-seu-novo-tecnico-preparando-os-contratos\/#respond"]}],"copyrightYear":"2020","copyrightHolder":{"@id":"https:\/\/www.gaveanews.com\/#organization"}},{"@type":"WebPage","@id":"https:\/\/www.gaveanews.com\/index.php\/2020\/07\/28\/flamengo-se-aproxima-de-seu-novo-tecnico-preparando-os-contratos\/","url":"https:\/\/www.gaveanews.com\/index.php\/2020\/07\/28\/flamengo-se-aproxima-de-seu-novo-tecnico-preparando-os-contratos\/","name":"Flamengo se aproxima de seu novo t\u00e9cnico: \"Preparando os contratos\"","isPartOf":{"@id":"https:\/\/www.gaveanews.com\/#website"},"primaryImageOfPage":{"@id":"https:\/\/www.gaveanews.com\/index.php\/2020\/07\/28\/flamengo-se-aproxima-de-seu-novo-tecnico-preparando-os-contratos\/#primaryimage"},"image":{"@id":"https:\/\/www.gaveanews.com\/index.php\/2020\/07\/28\/flamengo-se-aproxima-de-seu-novo-tecnico-preparando-os-contratos\/#primaryimage"},"thumbnailUrl":"https:\/\/www.gaveanews.com\/wp-content\/uploads\/2019\/07\/Marcos-Braz-durante-coletiva-de-imprensa-no-Ninho-do-Urubu.webp","datePublished":"2020-07-28T20:40:48+00:00","dateModified":"2020-07-28T20:40:51+00:00","author":{"@id":"https:\/\/www.gaveanews.com\/#\/schema\/person\/2ec14f73fb96be2caf28f91afb14749d"},"description":"A diretoria do Flamengo deu mais um passo para contratar o substituto do treinador Jorge Jesus, que foi para o time do Benfica.","breadcrumb":{"@id":"https:\/\/www.gaveanews.com\/index.php\/2020\/07\/28\/flamengo-se-aproxima-de-seu-novo-tecnico-preparando-os-contratos\/#breadcrumb"},"inLanguage":"pt-BR","potentialAction":[{"@type":"ReadAction","target":["https:\/\/www.gaveanews.com\/index.php\/2020\/07\/28\/flamengo-se-aproxima-de-seu-novo-tecnico-preparando-os-contratos\/"]}]},{"@type":"ImageObject","inLanguage":"pt-BR","@id":"https:\/\/www.gaveanews.com\/index.php\/2020\/07\/28\/flamengo-se-aproxima-de-seu-novo-tecnico-preparando-os-contratos\/#primaryimage","url":"https:\/\/www.gaveanews.com\/wp-content\/uploads\/2019\/07\/Marcos-Braz-durante-coletiva-de-imprensa-no-Ninho-do-Urubu.webp","contentUrl":"https:\/\/www.gaveanews.com\/wp-content\/uploads\/2019\/07\/Marcos-Braz-durante-coletiva-de-imprensa-no-Ninho-do-Urubu.webp","width":846,"height":563,"caption":"Marcos Braz durante coletiva de imprensa no Ninho do Urubu (Foto: Alexandre Vidal\/Flamengo)"},{"@type":"BreadcrumbList","@id":"https:\/\/www.gaveanews.com\/index.php\/2020\/07\/28\/flamengo-se-aproxima-de-seu-novo-tecnico-preparando-os-contratos\/#breadcrumb","itemListElement":[{"@type":"ListItem","position":1,"name":"Home","item":"https:\/\/www.gaveanews.com\/"},{"@type":"ListItem","position":2,"name":"Flamengo se aproxima de seu novo t\u00e9cnico: &#8220;Preparando os contratos&#8221;"}]},{"@type":"WebSite","@id":"https:\/\/www.gaveanews.com\/#website","url":"https:\/\/www.gaveanews.com\/","name":"G\u00e1vea News","description":"Veja todas as not\u00edcias sobre o Flamengo: Contrata\u00e7\u00f5es, categorias de base, resultados das partidas, tabela de classifica\u00e7\u00e3o, pr\u00f3ximos jogos!","potentialAction":[{"@type":"SearchAction","target":{"@type":"EntryPoint","urlTemplate":"https:\/\/www.gaveanews.com\/?s={search_term_string}"},"query-input":{"@type":"PropertyValueSpecification","valueRequired":true,"valueName":"search_term_string"}}],"inLanguage":"pt-BR"},{"@type":"Person","@id":"https:\/\/www.gaveanews.com\/#\/schema\/person\/2ec14f73fb96be2caf28f91afb14749d","name":"Equipe G\u00e1vea News","image":{"@type":"ImageObject","inLanguage":"pt-BR","@id":"https:\/\/www.gaveanews.com\/#\/schema\/person\/image\/","url":"https:\/\/secure.gravatar.com\/avatar\/1e1956f1facbffd3f8fa53a326721950116b3b9dc9bd44939c01180fd4a745a9?s=96&d=mm&r=g","contentUrl":"https:\/\/secure.gravatar.com\/avatar\/1e1956f1facbffd3f8fa53a326721950116b3b9dc9bd44939c01180fd4a745a9?s=96&d=mm&r=g","caption":"Equipe G\u00e1vea News"}}]}},"_links":{"self":[{"href":"https:\/\/www.gaveanews.com\/index.php\/wp-json\/wp\/v2\/posts\/44347","targetHints":{"allow":["GET"]}}],"collection":[{"href":"https:\/\/www.gaveanews.com\/index.php\/wp-json\/wp\/v2\/posts"}],"about":[{"href":"https:\/\/www.gaveanews.com\/index.php\/wp-json\/wp\/v2\/types\/post"}],"author":[{"embeddable":true,"href":"https:\/\/www.gaveanews.com\/index.php\/wp-json\/wp\/v2\/users\/1"}],"replies":[{"embeddable":true,"href":"https:\/\/www.gaveanews.com\/index.php\/wp-json\/wp\/v2\/comments?post=44347"}],"version-history":[{"count":0,"href":"https:\/\/www.gaveanews.com\/index.php\/wp-json\/wp\/v2\/posts\/44347\/revisions"}],"wp:featuredmedia":[{"embeddable":true,"href":"https:\/\/www.gaveanews.com\/index.php\/wp-json\/wp\/v2\/media\/23694"}],"wp:attachment":[{"href":"https:\/\/www.gaveanews.com\/index.php\/wp-json\/wp\/v2\/media?parent=44347"}],"wp:term":[{"taxonomy":"category","embeddable":true,"href":"https:\/\/www.gaveanews.com\/index.php\/wp-json\/wp\/v2\/categories?post=44347"},{"taxonomy":"post_tag","embeddable":true,"href":"https:\/\/www.gaveanews.com\/index.php\/wp-json\/wp\/v2\/tags?post=44347"}],"curies":[{"name":"wp","href":"https:\/\/api.w.org\/{rel}","templated":true}]}}