{"id":44356,"date":"2020-07-28T19:20:08","date_gmt":"2020-07-28T22:20:08","guid":{"rendered":"https:\/\/www.gaveanews.com\/?p=44356"},"modified":"2020-07-28T19:20:10","modified_gmt":"2020-07-28T22:20:10","slug":"mudanca-de-comando-vira-combustivel-para-pedro-rocha","status":"publish","type":"post","link":"https:\/\/www.gaveanews.com\/index.php\/2020\/07\/28\/mudanca-de-comando-vira-combustivel-para-pedro-rocha\/","title":{"rendered":"Mudan\u00e7a de comando vira combust\u00edvel para Pedro Rocha"},"content":{"rendered":"\n<p>Enquanto a diretoria do Flamengo est\u00e1 na Europa em busca do novo t\u00e9cnico, o elenco segue a prepara\u00e7\u00e3o para o Campeonato Brasileiro. A mudan\u00e7a de comando costuma servir de combust\u00edvel para os jogadores que s\u00e3o pouco utilizados, e desta vez n\u00e3o ser\u00e1 diferente. Pedro Rocha \u00e9 um desses casos.<\/p>\n\n\n\n<p>Contratado no in\u00edcio deste ano, o atacante disputou apenas quatro jogos e marcou um gol. A concorr\u00eancia \u00e9 enorme, o que dificulta aos atletas que n\u00e3o s\u00e3o titulares a ganharem mais minutos.<\/p>\n\n\n\n<p>\u2014 Nosso grupo \u00e9 qualificado e essa concorr\u00eancia n\u00e3o \u00e9 s\u00f3 no ataque. Estamos prestes a iniciar o Brasileir\u00e3o e neste tipo de competi\u00e7\u00e3o o grupo precisa estar preparado &#8211; disse o atacante.<\/p>\n\n\n\n<p>O Flamengo estreia no Brasileiro no dia 9 de agosto, contra o Atl\u00e9tico-MG.<\/p>\n\n\n\n<h3 class=\"wp-block-heading\"><strong>Confira o bate-papo com Pedro Rocha:<\/strong><\/h3>\n\n\n\n<p><strong>A chegada de um novo t\u00e9cnico significa sempre a chance de recome\u00e7ar. Como voc\u00ea est\u00e1 encarando essa oportunidade de trabalhar com outro treinador e poder buscar mais espa\u00e7o no elenco?<\/strong><\/p>\n\n\n\n<p>O empenho ser\u00e1 o mesmo, com toda certeza. Entendo que o novo treinador ter\u00e1 uma base importante e um elenco \u00fanico e repleto de jogadores qualificados que v\u00e3o permitir a forma\u00e7\u00e3o de uma grande equipe, com \u00f3timos jogadores como pe\u00e7as de reposi\u00e7\u00e3o. Todos estamos em alto n\u00edvel e cada um faz o seu trabalho da melhor forma poss\u00edvel pra buscar seu espa\u00e7o na equipe.<\/p>\n\n\n\n<p><strong>Como os jogadores receberam a not\u00edcia da sa\u00edda do Jorge Jesus? Antes da decis\u00e3o dele, voc\u00eas ficaram ansiosos com a possibilidade de perd\u00ea-lo?<\/strong><\/p>\n\n\n\n<p>N\u00f3s acompanhamos, mas sabemos como funciona o futebol. O dinamismo do mercado e os resultados conquistados por ele \u00e9 que permitiram que isso acontecesse. Faz parte do futebol. O Flamengo procura fazer tudo que pode para que tenhamos tranquilidade para trabalharmos. \u00c9 preciso confiar no trabalho de todos e entendemos que cada decis\u00e3o \u00e9 tomada de acordo com o interesse de cada profissional. Recebemos com tristeza essa not\u00edcia, mas entendemos que faz parte. A dedica\u00e7\u00e3o ser\u00e1 a mesma com o pr\u00f3ximo que vir\u00e1.<\/p>\n\n\n\n<p><strong>Voc\u00ea fez um gol logo no primeiro jogo ap\u00f3s a retomada do Carioca. Depois, n\u00e3o teve muitos minutos. O que acha que ainda falta para poder ganhar mais espa\u00e7o no Flamengo?<\/strong><\/p>\n\n\n\n<p>Nosso grupo \u00e9 qualificado e essa concorr\u00eancia n\u00e3o \u00e9 s\u00f3 no ataque. Todas as posi\u00e7\u00f5es contam com grandes atletas e isso \u00e9 importante pro clube. Estamos prestes a iniciar o Brasileir\u00e3o e neste tipo de competi\u00e7\u00e3o o grupo precisa estar preparado, pois o campeonato \u00e9 longo e haver\u00e1 espa\u00e7o pra todos na equipe.<\/p>\n\n\n\n<p><strong>Qual foi a maior li\u00e7\u00e3o que voc\u00ea teve no per\u00edodo do Mister no Flamengo?<\/strong><\/p>\n\n\n\n<p>Acredito que a concentra\u00e7\u00e3o durante os 90 minutos e o respeito t\u00e1tico s\u00e3o os principais, tecnicamente falando. A proximidade dele com o grupo tamb\u00e9m foi fundamental, pois \u00e9 dif\u00edcil ter no clube um tratamento personalizado do treinador. Ele com certeza \u00e9 um profissional muito dedicado e agrade\u00e7o a oportunidade de ter trabalhado com o Mister.<\/p>\n\n\n\n<p>Retirado de: Globo Esporte<\/p>\n","protected":false},"excerpt":{"rendered":"<p>Enquanto a diretoria do Flamengo est\u00e1 na Europa em busca do novo t\u00e9cnico, o elenco segue a prepara\u00e7\u00e3o para o Campeonato Brasileiro. A mudan\u00e7a de comando costuma servir de combust\u00edvel para os jogadores que s\u00e3o pouco utilizados, e desta vez n\u00e3o ser\u00e1 diferente. Pedro Rocha \u00e9 um desses casos. Contratado no in\u00edcio deste ano, o [&hellip;]<\/p>\n","protected":false},"author":1,"featured_media":42056,"comment_status":"open","ping_status":"closed","sticky":false,"template":"","format":"standard","meta":{"footnotes":""},"categories":[47],"tags":[],"class_list":["post-44356","post","type-post","status-publish","format-standard","has-post-thumbnail","hentry","category-destaques"],"yoast_head":"<!-- This site is optimized with the Yoast SEO Premium plugin v24.2 (Yoast SEO v26.9) - https:\/\/yoast.com\/product\/yoast-seo-premium-wordpress\/ -->\n<title>Mudan\u00e7a de comando vira combust\u00edvel para Pedro Rocha<\/title>\n<meta name=\"description\" content=\"Com Jorge Jesus, atacante disputou apenas quatro jogos e fez um gol. Diretoria negocia na Europa com o espanhol Dom\u00e8nec Torrent.\" \/>\n<meta name=\"robots\" content=\"index, follow, max-snippet:-1, max-image-preview:large, max-video-preview:-1\" \/>\n<link rel=\"canonical\" href=\"https:\/\/www.gaveanews.com\/index.php\/2020\/07\/28\/mudanca-de-comando-vira-combustivel-para-pedro-rocha\/\" \/>\n<meta property=\"og:locale\" content=\"pt_BR\" \/>\n<meta property=\"og:type\" content=\"article\" \/>\n<meta property=\"og:title\" content=\"Mudan\u00e7a de comando vira combust\u00edvel para Pedro Rocha\" \/>\n<meta property=\"og:description\" content=\"Com Jorge Jesus, atacante disputou apenas quatro jogos e fez um gol. Diretoria negocia na Europa com o espanhol Dom\u00e8nec Torrent.\" \/>\n<meta property=\"og:url\" content=\"https:\/\/www.gaveanews.com\/index.php\/2020\/07\/28\/mudanca-de-comando-vira-combustivel-para-pedro-rocha\/\" \/>\n<meta property=\"og:site_name\" content=\"G\u00e1vea News\" \/>\n<meta property=\"article:publisher\" content=\"https:\/\/facebook.com\/gaveaNews\/\" \/>\n<meta property=\"article:published_time\" content=\"2020-07-28T22:20:08+00:00\" \/>\n<meta property=\"article:modified_time\" content=\"2020-07-28T22:20:10+00:00\" \/>\n<meta property=\"og:image\" content=\"https:\/\/www.gaveanews.com\/wp-content\/uploads\/Pedro-Rocha-em-acao-pelo-Flamengo.webp\" \/>\n\t<meta property=\"og:image:width\" content=\"1\" \/>\n\t<meta property=\"og:image:height\" content=\"1\" \/>\n\t<meta property=\"og:image:type\" content=\"image\/jpeg\" \/>\n<meta name=\"author\" content=\"Equipe G\u00e1vea News\" \/>\n<meta name=\"twitter:card\" content=\"summary_large_image\" \/>\n<meta name=\"twitter:label1\" content=\"Escrito por\" \/>\n\t<meta name=\"twitter:data1\" content=\"Equipe G\u00e1vea News\" \/>\n\t<meta name=\"twitter:label2\" content=\"Est. tempo de leitura\" \/>\n\t<meta name=\"twitter:data2\" content=\"3 minutos\" \/>\n<script type=\"application\/ld+json\" class=\"yoast-schema-graph\">{\"@context\":\"https:\/\/schema.org\",\"@graph\":[{\"@type\":\"NewsArticle\",\"@id\":\"https:\/\/www.gaveanews.com\/index.php\/2020\/07\/28\/mudanca-de-comando-vira-combustivel-para-pedro-rocha\/#article\",\"isPartOf\":{\"@id\":\"https:\/\/www.gaveanews.com\/index.php\/2020\/07\/28\/mudanca-de-comando-vira-combustivel-para-pedro-rocha\/\"},\"author\":{\"name\":\"Equipe G\u00e1vea News\",\"@id\":\"https:\/\/www.gaveanews.com\/#\/schema\/person\/2ec14f73fb96be2caf28f91afb14749d\"},\"headline\":\"Mudan\u00e7a de comando vira combust\u00edvel para Pedro Rocha\",\"datePublished\":\"2020-07-28T22:20:08+00:00\",\"dateModified\":\"2020-07-28T22:20:10+00:00\",\"mainEntityOfPage\":{\"@id\":\"https:\/\/www.gaveanews.com\/index.php\/2020\/07\/28\/mudanca-de-comando-vira-combustivel-para-pedro-rocha\/\"},\"wordCount\":536,\"commentCount\":2,\"image\":{\"@id\":\"https:\/\/www.gaveanews.com\/index.php\/2020\/07\/28\/mudanca-de-comando-vira-combustivel-para-pedro-rocha\/#primaryimage\"},\"thumbnailUrl\":\"https:\/\/www.gaveanews.com\/wp-content\/uploads\/Pedro-Rocha-em-acao-pelo-Flamengo.webp\",\"articleSection\":[\"Destaques\"],\"inLanguage\":\"pt-BR\",\"potentialAction\":[{\"@type\":\"CommentAction\",\"name\":\"Comment\",\"target\":[\"https:\/\/www.gaveanews.com\/index.php\/2020\/07\/28\/mudanca-de-comando-vira-combustivel-para-pedro-rocha\/#respond\"]}],\"copyrightYear\":\"2020\",\"copyrightHolder\":{\"@id\":\"https:\/\/www.gaveanews.com\/#organization\"}},{\"@type\":\"WebPage\",\"@id\":\"https:\/\/www.gaveanews.com\/index.php\/2020\/07\/28\/mudanca-de-comando-vira-combustivel-para-pedro-rocha\/\",\"url\":\"https:\/\/www.gaveanews.com\/index.php\/2020\/07\/28\/mudanca-de-comando-vira-combustivel-para-pedro-rocha\/\",\"name\":\"Mudan\u00e7a de comando vira combust\u00edvel para Pedro Rocha\",\"isPartOf\":{\"@id\":\"https:\/\/www.gaveanews.com\/#website\"},\"primaryImageOfPage\":{\"@id\":\"https:\/\/www.gaveanews.com\/index.php\/2020\/07\/28\/mudanca-de-comando-vira-combustivel-para-pedro-rocha\/#primaryimage\"},\"image\":{\"@id\":\"https:\/\/www.gaveanews.com\/index.php\/2020\/07\/28\/mudanca-de-comando-vira-combustivel-para-pedro-rocha\/#primaryimage\"},\"thumbnailUrl\":\"https:\/\/www.gaveanews.com\/wp-content\/uploads\/Pedro-Rocha-em-acao-pelo-Flamengo.webp\",\"datePublished\":\"2020-07-28T22:20:08+00:00\",\"dateModified\":\"2020-07-28T22:20:10+00:00\",\"author\":{\"@id\":\"https:\/\/www.gaveanews.com\/#\/schema\/person\/2ec14f73fb96be2caf28f91afb14749d\"},\"description\":\"Com Jorge Jesus, atacante disputou apenas quatro jogos e fez um gol. Diretoria negocia na Europa com o espanhol Dom\u00e8nec Torrent.\",\"breadcrumb\":{\"@id\":\"https:\/\/www.gaveanews.com\/index.php\/2020\/07\/28\/mudanca-de-comando-vira-combustivel-para-pedro-rocha\/#breadcrumb\"},\"inLanguage\":\"pt-BR\",\"potentialAction\":[{\"@type\":\"ReadAction\",\"target\":[\"https:\/\/www.gaveanews.com\/index.php\/2020\/07\/28\/mudanca-de-comando-vira-combustivel-para-pedro-rocha\/\"]}]},{\"@type\":\"ImageObject\",\"inLanguage\":\"pt-BR\",\"@id\":\"https:\/\/www.gaveanews.com\/index.php\/2020\/07\/28\/mudanca-de-comando-vira-combustivel-para-pedro-rocha\/#primaryimage\",\"url\":\"https:\/\/www.gaveanews.com\/wp-content\/uploads\/Pedro-Rocha-em-acao-pelo-Flamengo.webp\",\"contentUrl\":\"https:\/\/www.gaveanews.com\/wp-content\/uploads\/Pedro-Rocha-em-acao-pelo-Flamengo.webp\",\"caption\":\"Pedro Rocha em a\u00e7\u00e3o pelo Flamengo (Foto: Alexandre Vidal\/Flamengo)\"},{\"@type\":\"BreadcrumbList\",\"@id\":\"https:\/\/www.gaveanews.com\/index.php\/2020\/07\/28\/mudanca-de-comando-vira-combustivel-para-pedro-rocha\/#breadcrumb\",\"itemListElement\":[{\"@type\":\"ListItem\",\"position\":1,\"name\":\"Home\",\"item\":\"https:\/\/www.gaveanews.com\/\"},{\"@type\":\"ListItem\",\"position\":2,\"name\":\"Mudan\u00e7a de comando vira combust\u00edvel para Pedro Rocha\"}]},{\"@type\":\"WebSite\",\"@id\":\"https:\/\/www.gaveanews.com\/#website\",\"url\":\"https:\/\/www.gaveanews.com\/\",\"name\":\"G\u00e1vea News\",\"description\":\"Veja todas as not\u00edcias sobre o Flamengo: Contrata\u00e7\u00f5es, categorias de base, resultados das partidas, tabela de classifica\u00e7\u00e3o, pr\u00f3ximos jogos!\",\"potentialAction\":[{\"@type\":\"SearchAction\",\"target\":{\"@type\":\"EntryPoint\",\"urlTemplate\":\"https:\/\/www.gaveanews.com\/?s={search_term_string}\"},\"query-input\":{\"@type\":\"PropertyValueSpecification\",\"valueRequired\":true,\"valueName\":\"search_term_string\"}}],\"inLanguage\":\"pt-BR\"},{\"@type\":\"Person\",\"@id\":\"https:\/\/www.gaveanews.com\/#\/schema\/person\/2ec14f73fb96be2caf28f91afb14749d\",\"name\":\"Equipe G\u00e1vea News\",\"image\":{\"@type\":\"ImageObject\",\"inLanguage\":\"pt-BR\",\"@id\":\"https:\/\/www.gaveanews.com\/#\/schema\/person\/image\/\",\"url\":\"https:\/\/secure.gravatar.com\/avatar\/1e1956f1facbffd3f8fa53a326721950116b3b9dc9bd44939c01180fd4a745a9?s=96&d=mm&r=g\",\"contentUrl\":\"https:\/\/secure.gravatar.com\/avatar\/1e1956f1facbffd3f8fa53a326721950116b3b9dc9bd44939c01180fd4a745a9?s=96&d=mm&r=g\",\"caption\":\"Equipe G\u00e1vea News\"}}]}<\/script>\n<!-- \/ Yoast SEO Premium plugin. -->","yoast_head_json":{"title":"Mudan\u00e7a de comando vira combust\u00edvel para Pedro Rocha","description":"Com Jorge Jesus, atacante disputou apenas quatro jogos e fez um gol. Diretoria negocia na Europa com o espanhol Dom\u00e8nec Torrent.","robots":{"index":"index","follow":"follow","max-snippet":"max-snippet:-1","max-image-preview":"max-image-preview:large","max-video-preview":"max-video-preview:-1"},"canonical":"https:\/\/www.gaveanews.com\/index.php\/2020\/07\/28\/mudanca-de-comando-vira-combustivel-para-pedro-rocha\/","og_locale":"pt_BR","og_type":"article","og_title":"Mudan\u00e7a de comando vira combust\u00edvel para Pedro Rocha","og_description":"Com Jorge Jesus, atacante disputou apenas quatro jogos e fez um gol. Diretoria negocia na Europa com o espanhol Dom\u00e8nec Torrent.","og_url":"https:\/\/www.gaveanews.com\/index.php\/2020\/07\/28\/mudanca-de-comando-vira-combustivel-para-pedro-rocha\/","og_site_name":"G\u00e1vea News","article_publisher":"https:\/\/facebook.com\/gaveaNews\/","article_published_time":"2020-07-28T22:20:08+00:00","article_modified_time":"2020-07-28T22:20:10+00:00","og_image":[{"url":"https:\/\/www.gaveanews.com\/wp-content\/uploads\/Pedro-Rocha-em-acao-pelo-Flamengo.webp","width":1,"height":1,"type":"image\/jpeg"}],"author":"Equipe G\u00e1vea News","twitter_card":"summary_large_image","twitter_misc":{"Escrito por":"Equipe G\u00e1vea News","Est. tempo de leitura":"3 minutos"},"schema":{"@context":"https:\/\/schema.org","@graph":[{"@type":"NewsArticle","@id":"https:\/\/www.gaveanews.com\/index.php\/2020\/07\/28\/mudanca-de-comando-vira-combustivel-para-pedro-rocha\/#article","isPartOf":{"@id":"https:\/\/www.gaveanews.com\/index.php\/2020\/07\/28\/mudanca-de-comando-vira-combustivel-para-pedro-rocha\/"},"author":{"name":"Equipe G\u00e1vea News","@id":"https:\/\/www.gaveanews.com\/#\/schema\/person\/2ec14f73fb96be2caf28f91afb14749d"},"headline":"Mudan\u00e7a de comando vira combust\u00edvel para Pedro Rocha","datePublished":"2020-07-28T22:20:08+00:00","dateModified":"2020-07-28T22:20:10+00:00","mainEntityOfPage":{"@id":"https:\/\/www.gaveanews.com\/index.php\/2020\/07\/28\/mudanca-de-comando-vira-combustivel-para-pedro-rocha\/"},"wordCount":536,"commentCount":2,"image":{"@id":"https:\/\/www.gaveanews.com\/index.php\/2020\/07\/28\/mudanca-de-comando-vira-combustivel-para-pedro-rocha\/#primaryimage"},"thumbnailUrl":"https:\/\/www.gaveanews.com\/wp-content\/uploads\/Pedro-Rocha-em-acao-pelo-Flamengo.webp","articleSection":["Destaques"],"inLanguage":"pt-BR","potentialAction":[{"@type":"CommentAction","name":"Comment","target":["https:\/\/www.gaveanews.com\/index.php\/2020\/07\/28\/mudanca-de-comando-vira-combustivel-para-pedro-rocha\/#respond"]}],"copyrightYear":"2020","copyrightHolder":{"@id":"https:\/\/www.gaveanews.com\/#organization"}},{"@type":"WebPage","@id":"https:\/\/www.gaveanews.com\/index.php\/2020\/07\/28\/mudanca-de-comando-vira-combustivel-para-pedro-rocha\/","url":"https:\/\/www.gaveanews.com\/index.php\/2020\/07\/28\/mudanca-de-comando-vira-combustivel-para-pedro-rocha\/","name":"Mudan\u00e7a de comando vira combust\u00edvel para Pedro Rocha","isPartOf":{"@id":"https:\/\/www.gaveanews.com\/#website"},"primaryImageOfPage":{"@id":"https:\/\/www.gaveanews.com\/index.php\/2020\/07\/28\/mudanca-de-comando-vira-combustivel-para-pedro-rocha\/#primaryimage"},"image":{"@id":"https:\/\/www.gaveanews.com\/index.php\/2020\/07\/28\/mudanca-de-comando-vira-combustivel-para-pedro-rocha\/#primaryimage"},"thumbnailUrl":"https:\/\/www.gaveanews.com\/wp-content\/uploads\/Pedro-Rocha-em-acao-pelo-Flamengo.webp","datePublished":"2020-07-28T22:20:08+00:00","dateModified":"2020-07-28T22:20:10+00:00","author":{"@id":"https:\/\/www.gaveanews.com\/#\/schema\/person\/2ec14f73fb96be2caf28f91afb14749d"},"description":"Com Jorge Jesus, atacante disputou apenas quatro jogos e fez um gol. Diretoria negocia na Europa com o espanhol Dom\u00e8nec Torrent.","breadcrumb":{"@id":"https:\/\/www.gaveanews.com\/index.php\/2020\/07\/28\/mudanca-de-comando-vira-combustivel-para-pedro-rocha\/#breadcrumb"},"inLanguage":"pt-BR","potentialAction":[{"@type":"ReadAction","target":["https:\/\/www.gaveanews.com\/index.php\/2020\/07\/28\/mudanca-de-comando-vira-combustivel-para-pedro-rocha\/"]}]},{"@type":"ImageObject","inLanguage":"pt-BR","@id":"https:\/\/www.gaveanews.com\/index.php\/2020\/07\/28\/mudanca-de-comando-vira-combustivel-para-pedro-rocha\/#primaryimage","url":"https:\/\/www.gaveanews.com\/wp-content\/uploads\/Pedro-Rocha-em-acao-pelo-Flamengo.webp","contentUrl":"https:\/\/www.gaveanews.com\/wp-content\/uploads\/Pedro-Rocha-em-acao-pelo-Flamengo.webp","caption":"Pedro Rocha em a\u00e7\u00e3o pelo Flamengo (Foto: Alexandre Vidal\/Flamengo)"},{"@type":"BreadcrumbList","@id":"https:\/\/www.gaveanews.com\/index.php\/2020\/07\/28\/mudanca-de-comando-vira-combustivel-para-pedro-rocha\/#breadcrumb","itemListElement":[{"@type":"ListItem","position":1,"name":"Home","item":"https:\/\/www.gaveanews.com\/"},{"@type":"ListItem","position":2,"name":"Mudan\u00e7a de comando vira combust\u00edvel para Pedro Rocha"}]},{"@type":"WebSite","@id":"https:\/\/www.gaveanews.com\/#website","url":"https:\/\/www.gaveanews.com\/","name":"G\u00e1vea News","description":"Veja todas as not\u00edcias sobre o Flamengo: Contrata\u00e7\u00f5es, categorias de base, resultados das partidas, tabela de classifica\u00e7\u00e3o, pr\u00f3ximos jogos!","potentialAction":[{"@type":"SearchAction","target":{"@type":"EntryPoint","urlTemplate":"https:\/\/www.gaveanews.com\/?s={search_term_string}"},"query-input":{"@type":"PropertyValueSpecification","valueRequired":true,"valueName":"search_term_string"}}],"inLanguage":"pt-BR"},{"@type":"Person","@id":"https:\/\/www.gaveanews.com\/#\/schema\/person\/2ec14f73fb96be2caf28f91afb14749d","name":"Equipe G\u00e1vea News","image":{"@type":"ImageObject","inLanguage":"pt-BR","@id":"https:\/\/www.gaveanews.com\/#\/schema\/person\/image\/","url":"https:\/\/secure.gravatar.com\/avatar\/1e1956f1facbffd3f8fa53a326721950116b3b9dc9bd44939c01180fd4a745a9?s=96&d=mm&r=g","contentUrl":"https:\/\/secure.gravatar.com\/avatar\/1e1956f1facbffd3f8fa53a326721950116b3b9dc9bd44939c01180fd4a745a9?s=96&d=mm&r=g","caption":"Equipe G\u00e1vea News"}}]}},"_links":{"self":[{"href":"https:\/\/www.gaveanews.com\/index.php\/wp-json\/wp\/v2\/posts\/44356","targetHints":{"allow":["GET"]}}],"collection":[{"href":"https:\/\/www.gaveanews.com\/index.php\/wp-json\/wp\/v2\/posts"}],"about":[{"href":"https:\/\/www.gaveanews.com\/index.php\/wp-json\/wp\/v2\/types\/post"}],"author":[{"embeddable":true,"href":"https:\/\/www.gaveanews.com\/index.php\/wp-json\/wp\/v2\/users\/1"}],"replies":[{"embeddable":true,"href":"https:\/\/www.gaveanews.com\/index.php\/wp-json\/wp\/v2\/comments?post=44356"}],"version-history":[{"count":0,"href":"https:\/\/www.gaveanews.com\/index.php\/wp-json\/wp\/v2\/posts\/44356\/revisions"}],"wp:featuredmedia":[{"embeddable":true,"href":"https:\/\/www.gaveanews.com\/index.php\/wp-json\/wp\/v2\/media\/42056"}],"wp:attachment":[{"href":"https:\/\/www.gaveanews.com\/index.php\/wp-json\/wp\/v2\/media?parent=44356"}],"wp:term":[{"taxonomy":"category","embeddable":true,"href":"https:\/\/www.gaveanews.com\/index.php\/wp-json\/wp\/v2\/categories?post=44356"},{"taxonomy":"post_tag","embeddable":true,"href":"https:\/\/www.gaveanews.com\/index.php\/wp-json\/wp\/v2\/tags?post=44356"}],"curies":[{"name":"wp","href":"https:\/\/api.w.org\/{rel}","templated":true}]}}