{"id":44377,"date":"2020-07-28T23:40:22","date_gmt":"2020-07-29T02:40:22","guid":{"rendered":"https:\/\/www.gaveanews.com\/?p=44377"},"modified":"2020-07-28T23:40:24","modified_gmt":"2020-07-29T02:40:24","slug":"presidente-do-atletico-cita-transmissao-no-sbt-e-detona-organizacao-do-carioca","status":"publish","type":"post","link":"https:\/\/www.gaveanews.com\/index.php\/2020\/07\/28\/presidente-do-atletico-cita-transmissao-no-sbt-e-detona-organizacao-do-carioca\/","title":{"rendered":"Presidente do Atl\u00e9tico cita transmiss\u00e3o no SBT e detona organiza\u00e7\u00e3o do Carioca"},"content":{"rendered":"\n<p>O presidente do Atl\u00e9tico-MG, S\u00e9rgio Sette C\u00e2mara, deu uma declara\u00e7\u00e3o pol\u00eamica ao citar que os campeonatos estaduais v\u00eam se tornando pouco atrativos aos olhos do p\u00fablico e dos patrocinadores. Em webinar transmitido na \u00faltima segunda-feira pelo canal do portal &#8216;Lance&#8217;, no YouTube, o dirigente do Galo fez duras cr\u00edticas \u00e0 falta de organiza\u00e7\u00e3o do Campeonato Carioca.<\/p>\n\n\n\n<p>\u2014 Pelo que vimos agora no Carioca, uma vergonha, vamos falar a verdade, n\u00e9?! P\u00f4, no Rio, acaba tudo em esculhamba\u00e7\u00e3o. V\u00e3o flexibilizar a pandemia a\u00ed vimos o que vimos no Leblon (<em>em refer\u00eancia \u00e0s aglomera\u00e7\u00f5es em bares do bairro da Zona Sul)\u00a0<\/em>&#8211; e, em seguida, falou sobre os efeitos da ruptura de contrato da Rede Globo com os clubes e de como as equipes lidaram com a pandemia do novo coronav\u00edrus:<\/p>\n\n\n\n<p>\u2014 A bagun\u00e7a que foi o final do Campeonato Carioca\u00a0transmiss\u00e3o por SBT, FlaTV, com picha\u00e7\u00e3o de muro. Clubes que tinham voltado h\u00e1 muito tempo mesmo contra as orienta\u00e7\u00f5es das autoridades sanit\u00e1rias, outros que n\u00e3o voltavam e tinham de colocar em campo clube com duas semanas de treinamento arriscando les\u00f5es graves&#8230; &#8211; completou.<\/p>\n\n\n\n<p>Retirado de: Lance<\/p>\n","protected":false},"excerpt":{"rendered":"<p>O presidente do Atl\u00e9tico-MG, S\u00e9rgio Sette C\u00e2mara, deu uma declara\u00e7\u00e3o pol\u00eamica ao citar que os campeonatos estaduais v\u00eam se tornando pouco atrativos aos olhos do p\u00fablico e dos patrocinadores. Em webinar transmitido na \u00faltima segunda-feira pelo canal do portal &#8216;Lance&#8217;, no YouTube, o dirigente do Galo fez duras cr\u00edticas \u00e0 falta de organiza\u00e7\u00e3o do Campeonato [&hellip;]<\/p>\n","protected":false},"author":1,"featured_media":16301,"comment_status":"open","ping_status":"closed","sticky":false,"template":"","format":"standard","meta":{"footnotes":""},"categories":[1],"tags":[],"class_list":["post-44377","post","type-post","status-publish","format-standard","has-post-thumbnail","hentry","category-flamengo"],"yoast_head":"<!-- This site is optimized with the Yoast SEO Premium plugin v24.2 (Yoast SEO v26.9) - https:\/\/yoast.com\/product\/yoast-seo-premium-wordpress\/ -->\n<title>Presidente do Atl\u00e9tico cita transmiss\u00e3o no SBT e detona Carioca<\/title>\n<meta name=\"robots\" content=\"index, follow, max-snippet:-1, max-image-preview:large, max-video-preview:-1\" \/>\n<link rel=\"canonical\" href=\"https:\/\/www.gaveanews.com\/index.php\/2020\/07\/28\/presidente-do-atletico-cita-transmissao-no-sbt-e-detona-organizacao-do-carioca\/\" \/>\n<meta property=\"og:locale\" content=\"pt_BR\" \/>\n<meta property=\"og:type\" content=\"article\" \/>\n<meta property=\"og:title\" content=\"Presidente do Atl\u00e9tico cita transmiss\u00e3o no SBT e detona organiza\u00e7\u00e3o do Carioca\" \/>\n<meta property=\"og:description\" content=\"O presidente do Atl\u00e9tico-MG, S\u00e9rgio Sette C\u00e2mara, deu uma declara\u00e7\u00e3o pol\u00eamica ao citar que os campeonatos estaduais v\u00eam se tornando pouco atrativos aos olhos do p\u00fablico e dos patrocinadores. Em webinar transmitido na \u00faltima segunda-feira pelo canal do portal &#8216;Lance&#8217;, no YouTube, o dirigente do Galo fez duras cr\u00edticas \u00e0 falta de organiza\u00e7\u00e3o do Campeonato [&hellip;]\" \/>\n<meta property=\"og:url\" content=\"https:\/\/www.gaveanews.com\/index.php\/2020\/07\/28\/presidente-do-atletico-cita-transmissao-no-sbt-e-detona-organizacao-do-carioca\/\" \/>\n<meta property=\"og:site_name\" content=\"G\u00e1vea News\" \/>\n<meta property=\"article:publisher\" content=\"https:\/\/facebook.com\/gaveaNews\/\" \/>\n<meta property=\"article:published_time\" content=\"2020-07-29T02:40:22+00:00\" \/>\n<meta property=\"article:modified_time\" content=\"2020-07-29T02:40:24+00:00\" \/>\n<meta property=\"og:image\" content=\"https:\/\/www.gaveanews.com\/wp-content\/uploads\/2019\/03\/Presidente-da-FERJ-Rubens-Lopes-durante-coletiva-de-imprensa.webp\" \/>\n\t<meta property=\"og:image:width\" content=\"841\" \/>\n\t<meta property=\"og:image:height\" content=\"600\" \/>\n\t<meta property=\"og:image:type\" content=\"image\/jpeg\" \/>\n<meta name=\"author\" content=\"Equipe G\u00e1vea News\" \/>\n<meta name=\"twitter:card\" content=\"summary_large_image\" \/>\n<meta name=\"twitter:label1\" content=\"Escrito por\" \/>\n\t<meta name=\"twitter:data1\" content=\"Equipe G\u00e1vea News\" \/>\n\t<meta name=\"twitter:label2\" content=\"Est. tempo de leitura\" \/>\n\t<meta name=\"twitter:data2\" content=\"1 minuto\" \/>\n<script type=\"application\/ld+json\" class=\"yoast-schema-graph\">{\"@context\":\"https:\/\/schema.org\",\"@graph\":[{\"@type\":\"NewsArticle\",\"@id\":\"https:\/\/www.gaveanews.com\/index.php\/2020\/07\/28\/presidente-do-atletico-cita-transmissao-no-sbt-e-detona-organizacao-do-carioca\/#article\",\"isPartOf\":{\"@id\":\"https:\/\/www.gaveanews.com\/index.php\/2020\/07\/28\/presidente-do-atletico-cita-transmissao-no-sbt-e-detona-organizacao-do-carioca\/\"},\"author\":{\"name\":\"Equipe G\u00e1vea News\",\"@id\":\"https:\/\/www.gaveanews.com\/#\/schema\/person\/2ec14f73fb96be2caf28f91afb14749d\"},\"headline\":\"Presidente do Atl\u00e9tico cita transmiss\u00e3o no SBT e detona organiza\u00e7\u00e3o do Carioca\",\"datePublished\":\"2020-07-29T02:40:22+00:00\",\"dateModified\":\"2020-07-29T02:40:24+00:00\",\"mainEntityOfPage\":{\"@id\":\"https:\/\/www.gaveanews.com\/index.php\/2020\/07\/28\/presidente-do-atletico-cita-transmissao-no-sbt-e-detona-organizacao-do-carioca\/\"},\"wordCount\":218,\"commentCount\":24,\"image\":{\"@id\":\"https:\/\/www.gaveanews.com\/index.php\/2020\/07\/28\/presidente-do-atletico-cita-transmissao-no-sbt-e-detona-organizacao-do-carioca\/#primaryimage\"},\"thumbnailUrl\":\"https:\/\/www.gaveanews.com\/wp-content\/uploads\/2019\/03\/Presidente-da-FERJ-Rubens-Lopes-durante-coletiva-de-imprensa.webp\",\"articleSection\":[\"Flamengo\"],\"inLanguage\":\"pt-BR\",\"potentialAction\":[{\"@type\":\"CommentAction\",\"name\":\"Comment\",\"target\":[\"https:\/\/www.gaveanews.com\/index.php\/2020\/07\/28\/presidente-do-atletico-cita-transmissao-no-sbt-e-detona-organizacao-do-carioca\/#respond\"]}],\"copyrightYear\":\"2020\",\"copyrightHolder\":{\"@id\":\"https:\/\/www.gaveanews.com\/#organization\"}},{\"@type\":\"WebPage\",\"@id\":\"https:\/\/www.gaveanews.com\/index.php\/2020\/07\/28\/presidente-do-atletico-cita-transmissao-no-sbt-e-detona-organizacao-do-carioca\/\",\"url\":\"https:\/\/www.gaveanews.com\/index.php\/2020\/07\/28\/presidente-do-atletico-cita-transmissao-no-sbt-e-detona-organizacao-do-carioca\/\",\"name\":\"Presidente do Atl\u00e9tico cita transmiss\u00e3o no SBT e detona Carioca\",\"isPartOf\":{\"@id\":\"https:\/\/www.gaveanews.com\/#website\"},\"primaryImageOfPage\":{\"@id\":\"https:\/\/www.gaveanews.com\/index.php\/2020\/07\/28\/presidente-do-atletico-cita-transmissao-no-sbt-e-detona-organizacao-do-carioca\/#primaryimage\"},\"image\":{\"@id\":\"https:\/\/www.gaveanews.com\/index.php\/2020\/07\/28\/presidente-do-atletico-cita-transmissao-no-sbt-e-detona-organizacao-do-carioca\/#primaryimage\"},\"thumbnailUrl\":\"https:\/\/www.gaveanews.com\/wp-content\/uploads\/2019\/03\/Presidente-da-FERJ-Rubens-Lopes-durante-coletiva-de-imprensa.webp\",\"datePublished\":\"2020-07-29T02:40:22+00:00\",\"dateModified\":\"2020-07-29T02:40:24+00:00\",\"author\":{\"@id\":\"https:\/\/www.gaveanews.com\/#\/schema\/person\/2ec14f73fb96be2caf28f91afb14749d\"},\"breadcrumb\":{\"@id\":\"https:\/\/www.gaveanews.com\/index.php\/2020\/07\/28\/presidente-do-atletico-cita-transmissao-no-sbt-e-detona-organizacao-do-carioca\/#breadcrumb\"},\"inLanguage\":\"pt-BR\",\"potentialAction\":[{\"@type\":\"ReadAction\",\"target\":[\"https:\/\/www.gaveanews.com\/index.php\/2020\/07\/28\/presidente-do-atletico-cita-transmissao-no-sbt-e-detona-organizacao-do-carioca\/\"]}]},{\"@type\":\"ImageObject\",\"inLanguage\":\"pt-BR\",\"@id\":\"https:\/\/www.gaveanews.com\/index.php\/2020\/07\/28\/presidente-do-atletico-cita-transmissao-no-sbt-e-detona-organizacao-do-carioca\/#primaryimage\",\"url\":\"https:\/\/www.gaveanews.com\/wp-content\/uploads\/2019\/03\/Presidente-da-FERJ-Rubens-Lopes-durante-coletiva-de-imprensa.webp\",\"contentUrl\":\"https:\/\/www.gaveanews.com\/wp-content\/uploads\/2019\/03\/Presidente-da-FERJ-Rubens-Lopes-durante-coletiva-de-imprensa.webp\",\"width\":841,\"height\":600,\"caption\":\"Presidente da FERJ, Rubens Lopes durante coletiva de imprensa (Foto: \u00darsula Nery)\"},{\"@type\":\"BreadcrumbList\",\"@id\":\"https:\/\/www.gaveanews.com\/index.php\/2020\/07\/28\/presidente-do-atletico-cita-transmissao-no-sbt-e-detona-organizacao-do-carioca\/#breadcrumb\",\"itemListElement\":[{\"@type\":\"ListItem\",\"position\":1,\"name\":\"Home\",\"item\":\"https:\/\/www.gaveanews.com\/\"},{\"@type\":\"ListItem\",\"position\":2,\"name\":\"Presidente do Atl\u00e9tico cita transmiss\u00e3o no SBT e detona organiza\u00e7\u00e3o do Carioca\"}]},{\"@type\":\"WebSite\",\"@id\":\"https:\/\/www.gaveanews.com\/#website\",\"url\":\"https:\/\/www.gaveanews.com\/\",\"name\":\"G\u00e1vea News\",\"description\":\"Veja todas as not\u00edcias sobre o Flamengo: Contrata\u00e7\u00f5es, categorias de base, resultados das partidas, tabela de classifica\u00e7\u00e3o, pr\u00f3ximos jogos!\",\"potentialAction\":[{\"@type\":\"SearchAction\",\"target\":{\"@type\":\"EntryPoint\",\"urlTemplate\":\"https:\/\/www.gaveanews.com\/?s={search_term_string}\"},\"query-input\":{\"@type\":\"PropertyValueSpecification\",\"valueRequired\":true,\"valueName\":\"search_term_string\"}}],\"inLanguage\":\"pt-BR\"},{\"@type\":\"Person\",\"@id\":\"https:\/\/www.gaveanews.com\/#\/schema\/person\/2ec14f73fb96be2caf28f91afb14749d\",\"name\":\"Equipe G\u00e1vea News\",\"image\":{\"@type\":\"ImageObject\",\"inLanguage\":\"pt-BR\",\"@id\":\"https:\/\/www.gaveanews.com\/#\/schema\/person\/image\/\",\"url\":\"https:\/\/secure.gravatar.com\/avatar\/1e1956f1facbffd3f8fa53a326721950116b3b9dc9bd44939c01180fd4a745a9?s=96&d=mm&r=g\",\"contentUrl\":\"https:\/\/secure.gravatar.com\/avatar\/1e1956f1facbffd3f8fa53a326721950116b3b9dc9bd44939c01180fd4a745a9?s=96&d=mm&r=g\",\"caption\":\"Equipe G\u00e1vea News\"}}]}<\/script>\n<!-- \/ Yoast SEO Premium plugin. -->","yoast_head_json":{"title":"Presidente do Atl\u00e9tico cita transmiss\u00e3o no SBT e detona Carioca","robots":{"index":"index","follow":"follow","max-snippet":"max-snippet:-1","max-image-preview":"max-image-preview:large","max-video-preview":"max-video-preview:-1"},"canonical":"https:\/\/www.gaveanews.com\/index.php\/2020\/07\/28\/presidente-do-atletico-cita-transmissao-no-sbt-e-detona-organizacao-do-carioca\/","og_locale":"pt_BR","og_type":"article","og_title":"Presidente do Atl\u00e9tico cita transmiss\u00e3o no SBT e detona organiza\u00e7\u00e3o do Carioca","og_description":"O presidente do Atl\u00e9tico-MG, S\u00e9rgio Sette C\u00e2mara, deu uma declara\u00e7\u00e3o pol\u00eamica ao citar que os campeonatos estaduais v\u00eam se tornando pouco atrativos aos olhos do p\u00fablico e dos patrocinadores. Em webinar transmitido na \u00faltima segunda-feira pelo canal do portal &#8216;Lance&#8217;, no YouTube, o dirigente do Galo fez duras cr\u00edticas \u00e0 falta de organiza\u00e7\u00e3o do Campeonato [&hellip;]","og_url":"https:\/\/www.gaveanews.com\/index.php\/2020\/07\/28\/presidente-do-atletico-cita-transmissao-no-sbt-e-detona-organizacao-do-carioca\/","og_site_name":"G\u00e1vea News","article_publisher":"https:\/\/facebook.com\/gaveaNews\/","article_published_time":"2020-07-29T02:40:22+00:00","article_modified_time":"2020-07-29T02:40:24+00:00","og_image":[{"width":841,"height":600,"url":"https:\/\/www.gaveanews.com\/wp-content\/uploads\/2019\/03\/Presidente-da-FERJ-Rubens-Lopes-durante-coletiva-de-imprensa.webp","type":"image\/jpeg"}],"author":"Equipe G\u00e1vea News","twitter_card":"summary_large_image","twitter_misc":{"Escrito por":"Equipe G\u00e1vea News","Est. tempo de leitura":"1 minuto"},"schema":{"@context":"https:\/\/schema.org","@graph":[{"@type":"NewsArticle","@id":"https:\/\/www.gaveanews.com\/index.php\/2020\/07\/28\/presidente-do-atletico-cita-transmissao-no-sbt-e-detona-organizacao-do-carioca\/#article","isPartOf":{"@id":"https:\/\/www.gaveanews.com\/index.php\/2020\/07\/28\/presidente-do-atletico-cita-transmissao-no-sbt-e-detona-organizacao-do-carioca\/"},"author":{"name":"Equipe G\u00e1vea News","@id":"https:\/\/www.gaveanews.com\/#\/schema\/person\/2ec14f73fb96be2caf28f91afb14749d"},"headline":"Presidente do Atl\u00e9tico cita transmiss\u00e3o no SBT e detona organiza\u00e7\u00e3o do Carioca","datePublished":"2020-07-29T02:40:22+00:00","dateModified":"2020-07-29T02:40:24+00:00","mainEntityOfPage":{"@id":"https:\/\/www.gaveanews.com\/index.php\/2020\/07\/28\/presidente-do-atletico-cita-transmissao-no-sbt-e-detona-organizacao-do-carioca\/"},"wordCount":218,"commentCount":24,"image":{"@id":"https:\/\/www.gaveanews.com\/index.php\/2020\/07\/28\/presidente-do-atletico-cita-transmissao-no-sbt-e-detona-organizacao-do-carioca\/#primaryimage"},"thumbnailUrl":"https:\/\/www.gaveanews.com\/wp-content\/uploads\/2019\/03\/Presidente-da-FERJ-Rubens-Lopes-durante-coletiva-de-imprensa.webp","articleSection":["Flamengo"],"inLanguage":"pt-BR","potentialAction":[{"@type":"CommentAction","name":"Comment","target":["https:\/\/www.gaveanews.com\/index.php\/2020\/07\/28\/presidente-do-atletico-cita-transmissao-no-sbt-e-detona-organizacao-do-carioca\/#respond"]}],"copyrightYear":"2020","copyrightHolder":{"@id":"https:\/\/www.gaveanews.com\/#organization"}},{"@type":"WebPage","@id":"https:\/\/www.gaveanews.com\/index.php\/2020\/07\/28\/presidente-do-atletico-cita-transmissao-no-sbt-e-detona-organizacao-do-carioca\/","url":"https:\/\/www.gaveanews.com\/index.php\/2020\/07\/28\/presidente-do-atletico-cita-transmissao-no-sbt-e-detona-organizacao-do-carioca\/","name":"Presidente do Atl\u00e9tico cita transmiss\u00e3o no SBT e detona Carioca","isPartOf":{"@id":"https:\/\/www.gaveanews.com\/#website"},"primaryImageOfPage":{"@id":"https:\/\/www.gaveanews.com\/index.php\/2020\/07\/28\/presidente-do-atletico-cita-transmissao-no-sbt-e-detona-organizacao-do-carioca\/#primaryimage"},"image":{"@id":"https:\/\/www.gaveanews.com\/index.php\/2020\/07\/28\/presidente-do-atletico-cita-transmissao-no-sbt-e-detona-organizacao-do-carioca\/#primaryimage"},"thumbnailUrl":"https:\/\/www.gaveanews.com\/wp-content\/uploads\/2019\/03\/Presidente-da-FERJ-Rubens-Lopes-durante-coletiva-de-imprensa.webp","datePublished":"2020-07-29T02:40:22+00:00","dateModified":"2020-07-29T02:40:24+00:00","author":{"@id":"https:\/\/www.gaveanews.com\/#\/schema\/person\/2ec14f73fb96be2caf28f91afb14749d"},"breadcrumb":{"@id":"https:\/\/www.gaveanews.com\/index.php\/2020\/07\/28\/presidente-do-atletico-cita-transmissao-no-sbt-e-detona-organizacao-do-carioca\/#breadcrumb"},"inLanguage":"pt-BR","potentialAction":[{"@type":"ReadAction","target":["https:\/\/www.gaveanews.com\/index.php\/2020\/07\/28\/presidente-do-atletico-cita-transmissao-no-sbt-e-detona-organizacao-do-carioca\/"]}]},{"@type":"ImageObject","inLanguage":"pt-BR","@id":"https:\/\/www.gaveanews.com\/index.php\/2020\/07\/28\/presidente-do-atletico-cita-transmissao-no-sbt-e-detona-organizacao-do-carioca\/#primaryimage","url":"https:\/\/www.gaveanews.com\/wp-content\/uploads\/2019\/03\/Presidente-da-FERJ-Rubens-Lopes-durante-coletiva-de-imprensa.webp","contentUrl":"https:\/\/www.gaveanews.com\/wp-content\/uploads\/2019\/03\/Presidente-da-FERJ-Rubens-Lopes-durante-coletiva-de-imprensa.webp","width":841,"height":600,"caption":"Presidente da FERJ, Rubens Lopes durante coletiva de imprensa (Foto: \u00darsula Nery)"},{"@type":"BreadcrumbList","@id":"https:\/\/www.gaveanews.com\/index.php\/2020\/07\/28\/presidente-do-atletico-cita-transmissao-no-sbt-e-detona-organizacao-do-carioca\/#breadcrumb","itemListElement":[{"@type":"ListItem","position":1,"name":"Home","item":"https:\/\/www.gaveanews.com\/"},{"@type":"ListItem","position":2,"name":"Presidente do Atl\u00e9tico cita transmiss\u00e3o no SBT e detona organiza\u00e7\u00e3o do Carioca"}]},{"@type":"WebSite","@id":"https:\/\/www.gaveanews.com\/#website","url":"https:\/\/www.gaveanews.com\/","name":"G\u00e1vea News","description":"Veja todas as not\u00edcias sobre o Flamengo: Contrata\u00e7\u00f5es, categorias de base, resultados das partidas, tabela de classifica\u00e7\u00e3o, pr\u00f3ximos jogos!","potentialAction":[{"@type":"SearchAction","target":{"@type":"EntryPoint","urlTemplate":"https:\/\/www.gaveanews.com\/?s={search_term_string}"},"query-input":{"@type":"PropertyValueSpecification","valueRequired":true,"valueName":"search_term_string"}}],"inLanguage":"pt-BR"},{"@type":"Person","@id":"https:\/\/www.gaveanews.com\/#\/schema\/person\/2ec14f73fb96be2caf28f91afb14749d","name":"Equipe G\u00e1vea News","image":{"@type":"ImageObject","inLanguage":"pt-BR","@id":"https:\/\/www.gaveanews.com\/#\/schema\/person\/image\/","url":"https:\/\/secure.gravatar.com\/avatar\/1e1956f1facbffd3f8fa53a326721950116b3b9dc9bd44939c01180fd4a745a9?s=96&d=mm&r=g","contentUrl":"https:\/\/secure.gravatar.com\/avatar\/1e1956f1facbffd3f8fa53a326721950116b3b9dc9bd44939c01180fd4a745a9?s=96&d=mm&r=g","caption":"Equipe G\u00e1vea News"}}]}},"_links":{"self":[{"href":"https:\/\/www.gaveanews.com\/index.php\/wp-json\/wp\/v2\/posts\/44377","targetHints":{"allow":["GET"]}}],"collection":[{"href":"https:\/\/www.gaveanews.com\/index.php\/wp-json\/wp\/v2\/posts"}],"about":[{"href":"https:\/\/www.gaveanews.com\/index.php\/wp-json\/wp\/v2\/types\/post"}],"author":[{"embeddable":true,"href":"https:\/\/www.gaveanews.com\/index.php\/wp-json\/wp\/v2\/users\/1"}],"replies":[{"embeddable":true,"href":"https:\/\/www.gaveanews.com\/index.php\/wp-json\/wp\/v2\/comments?post=44377"}],"version-history":[{"count":0,"href":"https:\/\/www.gaveanews.com\/index.php\/wp-json\/wp\/v2\/posts\/44377\/revisions"}],"wp:featuredmedia":[{"embeddable":true,"href":"https:\/\/www.gaveanews.com\/index.php\/wp-json\/wp\/v2\/media\/16301"}],"wp:attachment":[{"href":"https:\/\/www.gaveanews.com\/index.php\/wp-json\/wp\/v2\/media?parent=44377"}],"wp:term":[{"taxonomy":"category","embeddable":true,"href":"https:\/\/www.gaveanews.com\/index.php\/wp-json\/wp\/v2\/categories?post=44377"},{"taxonomy":"post_tag","embeddable":true,"href":"https:\/\/www.gaveanews.com\/index.php\/wp-json\/wp\/v2\/tags?post=44377"}],"curies":[{"name":"wp","href":"https:\/\/api.w.org\/{rel}","templated":true}]}}