{"id":44381,"date":"2020-07-28T23:56:58","date_gmt":"2020-07-29T02:56:58","guid":{"rendered":"https:\/\/www.gaveanews.com\/?p=44381"},"modified":"2020-07-28T23:57:00","modified_gmt":"2020-07-29T02:57:00","slug":"joia-do-flamengo-assina-contrato-ate-2022","status":"publish","type":"post","link":"https:\/\/www.gaveanews.com\/index.php\/2020\/07\/28\/joia-do-flamengo-assina-contrato-ate-2022\/","title":{"rendered":"Joia do Flamengo assina contrato at\u00e9 2022"},"content":{"rendered":"\n<p>O atacante Cauan Emanuel assinou nesta ter\u00e7a-feira seu primeiro contrato profissional com o Flamengo, com validade at\u00e9 junho de 2022. Considerado uma joia das categorias de base, ele foi um dos tr\u00eas sobreviventes do inc\u00eandio do Ninho do Urubu que precisaram ser hospitalizados. Com uma boa recupera\u00e7\u00e3o, conseguiu voltar a jogar rapidamente.<\/p>\n\n\n\n<p>\u2014 Felicidade n\u00e3o cabe no meu peito ao saber que assinei meu primeiro contrato profissional com o Flamengo.<\/p>\n\n\n\n<p>Cauan tem idade para jogar no sub-16, mas, por causa da pandemia, o calend\u00e1rio de 2020 ficou prejudicado. Como n\u00e3o haver\u00e1 competi\u00e7\u00f5es sub-16, todos os jogadores v\u00e3o treinar junto com o sub-17 quando se reapresentarem.<\/p>\n\n\n\n<figure class=\"wp-block-image size-large\"><img decoding=\"async\" src=\"https:\/\/s2.glbimg.com\/nQ6rtDB0pJW33Waozw6uis0IWd4=\/0x0:482x546\/984x0\/smart\/filters:strip_icc()\/i.s3.glbimg.com\/v1\/AUTH_bc8228b6673f488aa253bbcb03c80ec5\/internal_photos\/bs\/2020\/e\/p\/8qayG4QvWgxBCocYnMew\/cauan.webp\" alt=\"\"\/><figcaption>Cauan, atacante do Flamengo (Foto: Reprodu\u00e7\u00e3o\/Instagram)<\/figcaption><\/figure>\n\n\n\n<p>Retirado de: Globo Esporte<\/p>\n","protected":false},"excerpt":{"rendered":"<p>O atacante Cauan Emanuel assinou nesta ter\u00e7a-feira seu primeiro contrato profissional com o Flamengo, com validade at\u00e9 junho de 2022. Considerado uma joia das categorias de base, ele foi um dos tr\u00eas sobreviventes do inc\u00eandio do Ninho do Urubu que precisaram ser hospitalizados. Com uma boa recupera\u00e7\u00e3o, conseguiu voltar a jogar rapidamente. \u2014 Felicidade n\u00e3o [&hellip;]<\/p>\n","protected":false},"author":1,"featured_media":15184,"comment_status":"open","ping_status":"closed","sticky":false,"template":"","format":"standard","meta":{"footnotes":""},"categories":[1],"tags":[],"class_list":["post-44381","post","type-post","status-publish","format-standard","has-post-thumbnail","hentry","category-flamengo"],"yoast_head":"<!-- This site is optimized with the Yoast SEO Premium plugin v24.2 (Yoast SEO v26.9) - https:\/\/yoast.com\/product\/yoast-seo-premium-wordpress\/ -->\n<title>Joia do Flamengo assina contrato at\u00e9 2022<\/title>\n<meta name=\"description\" content=\"Atrav\u00e9s das redes sociais ele afirmou: &quot;Felicidade n\u00e3o cabe no meu peito ao saber que assinei meu primeiro contrato profissional com o Flamengo&quot;.\" \/>\n<meta name=\"robots\" content=\"index, follow, max-snippet:-1, max-image-preview:large, max-video-preview:-1\" \/>\n<link rel=\"canonical\" href=\"https:\/\/www.gaveanews.com\/index.php\/2020\/07\/28\/joia-do-flamengo-assina-contrato-ate-2022\/\" \/>\n<meta property=\"og:locale\" content=\"pt_BR\" \/>\n<meta property=\"og:type\" content=\"article\" \/>\n<meta property=\"og:title\" content=\"Joia do Flamengo assina contrato at\u00e9 2022\" \/>\n<meta property=\"og:description\" content=\"Atrav\u00e9s das redes sociais ele afirmou: &quot;Felicidade n\u00e3o cabe no meu peito ao saber que assinei meu primeiro contrato profissional com o Flamengo&quot;.\" \/>\n<meta property=\"og:url\" content=\"https:\/\/www.gaveanews.com\/index.php\/2020\/07\/28\/joia-do-flamengo-assina-contrato-ate-2022\/\" \/>\n<meta property=\"og:site_name\" content=\"G\u00e1vea News\" \/>\n<meta property=\"article:publisher\" content=\"https:\/\/facebook.com\/gaveaNews\/\" \/>\n<meta property=\"article:published_time\" content=\"2020-07-29T02:56:58+00:00\" \/>\n<meta property=\"article:modified_time\" content=\"2020-07-29T02:57:00+00:00\" \/>\n<meta property=\"og:image\" content=\"https:\/\/www.gaveanews.com\/wp-content\/uploads\/2019\/03\/Entrada-do-Ninho-do-Urubu.webp\" \/>\n\t<meta property=\"og:image:width\" content=\"846\" \/>\n\t<meta property=\"og:image:height\" content=\"564\" \/>\n\t<meta property=\"og:image:type\" content=\"image\/jpeg\" \/>\n<meta name=\"author\" content=\"Equipe G\u00e1vea News\" \/>\n<meta name=\"twitter:card\" content=\"summary_large_image\" \/>\n<meta name=\"twitter:label1\" content=\"Escrito por\" \/>\n\t<meta name=\"twitter:data1\" content=\"Equipe G\u00e1vea News\" \/>\n\t<meta name=\"twitter:label2\" content=\"Est. tempo de leitura\" \/>\n\t<meta name=\"twitter:data2\" content=\"1 minuto\" \/>\n<script type=\"application\/ld+json\" class=\"yoast-schema-graph\">{\"@context\":\"https:\/\/schema.org\",\"@graph\":[{\"@type\":\"NewsArticle\",\"@id\":\"https:\/\/www.gaveanews.com\/index.php\/2020\/07\/28\/joia-do-flamengo-assina-contrato-ate-2022\/#article\",\"isPartOf\":{\"@id\":\"https:\/\/www.gaveanews.com\/index.php\/2020\/07\/28\/joia-do-flamengo-assina-contrato-ate-2022\/\"},\"author\":{\"name\":\"Equipe G\u00e1vea News\",\"@id\":\"https:\/\/www.gaveanews.com\/#\/schema\/person\/2ec14f73fb96be2caf28f91afb14749d\"},\"headline\":\"Joia do Flamengo assina contrato at\u00e9 2022\",\"datePublished\":\"2020-07-29T02:56:58+00:00\",\"dateModified\":\"2020-07-29T02:57:00+00:00\",\"mainEntityOfPage\":{\"@id\":\"https:\/\/www.gaveanews.com\/index.php\/2020\/07\/28\/joia-do-flamengo-assina-contrato-ate-2022\/\"},\"wordCount\":129,\"commentCount\":3,\"image\":{\"@id\":\"https:\/\/www.gaveanews.com\/index.php\/2020\/07\/28\/joia-do-flamengo-assina-contrato-ate-2022\/#primaryimage\"},\"thumbnailUrl\":\"https:\/\/www.gaveanews.com\/wp-content\/uploads\/2019\/03\/Entrada-do-Ninho-do-Urubu.webp\",\"articleSection\":[\"Flamengo\"],\"inLanguage\":\"pt-BR\",\"potentialAction\":[{\"@type\":\"CommentAction\",\"name\":\"Comment\",\"target\":[\"https:\/\/www.gaveanews.com\/index.php\/2020\/07\/28\/joia-do-flamengo-assina-contrato-ate-2022\/#respond\"]}],\"copyrightYear\":\"2020\",\"copyrightHolder\":{\"@id\":\"https:\/\/www.gaveanews.com\/#organization\"}},{\"@type\":\"WebPage\",\"@id\":\"https:\/\/www.gaveanews.com\/index.php\/2020\/07\/28\/joia-do-flamengo-assina-contrato-ate-2022\/\",\"url\":\"https:\/\/www.gaveanews.com\/index.php\/2020\/07\/28\/joia-do-flamengo-assina-contrato-ate-2022\/\",\"name\":\"Joia do Flamengo assina contrato at\u00e9 2022\",\"isPartOf\":{\"@id\":\"https:\/\/www.gaveanews.com\/#website\"},\"primaryImageOfPage\":{\"@id\":\"https:\/\/www.gaveanews.com\/index.php\/2020\/07\/28\/joia-do-flamengo-assina-contrato-ate-2022\/#primaryimage\"},\"image\":{\"@id\":\"https:\/\/www.gaveanews.com\/index.php\/2020\/07\/28\/joia-do-flamengo-assina-contrato-ate-2022\/#primaryimage\"},\"thumbnailUrl\":\"https:\/\/www.gaveanews.com\/wp-content\/uploads\/2019\/03\/Entrada-do-Ninho-do-Urubu.webp\",\"datePublished\":\"2020-07-29T02:56:58+00:00\",\"dateModified\":\"2020-07-29T02:57:00+00:00\",\"author\":{\"@id\":\"https:\/\/www.gaveanews.com\/#\/schema\/person\/2ec14f73fb96be2caf28f91afb14749d\"},\"description\":\"Atrav\u00e9s das redes sociais ele afirmou: \\\"Felicidade n\u00e3o cabe no meu peito ao saber que assinei meu primeiro contrato profissional com o Flamengo\\\".\",\"breadcrumb\":{\"@id\":\"https:\/\/www.gaveanews.com\/index.php\/2020\/07\/28\/joia-do-flamengo-assina-contrato-ate-2022\/#breadcrumb\"},\"inLanguage\":\"pt-BR\",\"potentialAction\":[{\"@type\":\"ReadAction\",\"target\":[\"https:\/\/www.gaveanews.com\/index.php\/2020\/07\/28\/joia-do-flamengo-assina-contrato-ate-2022\/\"]}]},{\"@type\":\"ImageObject\",\"inLanguage\":\"pt-BR\",\"@id\":\"https:\/\/www.gaveanews.com\/index.php\/2020\/07\/28\/joia-do-flamengo-assina-contrato-ate-2022\/#primaryimage\",\"url\":\"https:\/\/www.gaveanews.com\/wp-content\/uploads\/2019\/03\/Entrada-do-Ninho-do-Urubu.webp\",\"contentUrl\":\"https:\/\/www.gaveanews.com\/wp-content\/uploads\/2019\/03\/Entrada-do-Ninho-do-Urubu.webp\",\"width\":846,\"height\":564,\"caption\":\"Entrada do Ninho do Urubu (Foto: Gilvan de Souza\/Flamengo)\"},{\"@type\":\"BreadcrumbList\",\"@id\":\"https:\/\/www.gaveanews.com\/index.php\/2020\/07\/28\/joia-do-flamengo-assina-contrato-ate-2022\/#breadcrumb\",\"itemListElement\":[{\"@type\":\"ListItem\",\"position\":1,\"name\":\"Home\",\"item\":\"https:\/\/www.gaveanews.com\/\"},{\"@type\":\"ListItem\",\"position\":2,\"name\":\"Joia do Flamengo assina contrato at\u00e9 2022\"}]},{\"@type\":\"WebSite\",\"@id\":\"https:\/\/www.gaveanews.com\/#website\",\"url\":\"https:\/\/www.gaveanews.com\/\",\"name\":\"G\u00e1vea News\",\"description\":\"Veja todas as not\u00edcias sobre o Flamengo: Contrata\u00e7\u00f5es, categorias de base, resultados das partidas, tabela de classifica\u00e7\u00e3o, pr\u00f3ximos jogos!\",\"potentialAction\":[{\"@type\":\"SearchAction\",\"target\":{\"@type\":\"EntryPoint\",\"urlTemplate\":\"https:\/\/www.gaveanews.com\/?s={search_term_string}\"},\"query-input\":{\"@type\":\"PropertyValueSpecification\",\"valueRequired\":true,\"valueName\":\"search_term_string\"}}],\"inLanguage\":\"pt-BR\"},{\"@type\":\"Person\",\"@id\":\"https:\/\/www.gaveanews.com\/#\/schema\/person\/2ec14f73fb96be2caf28f91afb14749d\",\"name\":\"Equipe G\u00e1vea News\",\"image\":{\"@type\":\"ImageObject\",\"inLanguage\":\"pt-BR\",\"@id\":\"https:\/\/www.gaveanews.com\/#\/schema\/person\/image\/\",\"url\":\"https:\/\/secure.gravatar.com\/avatar\/1e1956f1facbffd3f8fa53a326721950116b3b9dc9bd44939c01180fd4a745a9?s=96&d=mm&r=g\",\"contentUrl\":\"https:\/\/secure.gravatar.com\/avatar\/1e1956f1facbffd3f8fa53a326721950116b3b9dc9bd44939c01180fd4a745a9?s=96&d=mm&r=g\",\"caption\":\"Equipe G\u00e1vea News\"}}]}<\/script>\n<!-- \/ Yoast SEO Premium plugin. -->","yoast_head_json":{"title":"Joia do Flamengo assina contrato at\u00e9 2022","description":"Atrav\u00e9s das redes sociais ele afirmou: \"Felicidade n\u00e3o cabe no meu peito ao saber que assinei meu primeiro contrato profissional com o Flamengo\".","robots":{"index":"index","follow":"follow","max-snippet":"max-snippet:-1","max-image-preview":"max-image-preview:large","max-video-preview":"max-video-preview:-1"},"canonical":"https:\/\/www.gaveanews.com\/index.php\/2020\/07\/28\/joia-do-flamengo-assina-contrato-ate-2022\/","og_locale":"pt_BR","og_type":"article","og_title":"Joia do Flamengo assina contrato at\u00e9 2022","og_description":"Atrav\u00e9s das redes sociais ele afirmou: \"Felicidade n\u00e3o cabe no meu peito ao saber que assinei meu primeiro contrato profissional com o Flamengo\".","og_url":"https:\/\/www.gaveanews.com\/index.php\/2020\/07\/28\/joia-do-flamengo-assina-contrato-ate-2022\/","og_site_name":"G\u00e1vea News","article_publisher":"https:\/\/facebook.com\/gaveaNews\/","article_published_time":"2020-07-29T02:56:58+00:00","article_modified_time":"2020-07-29T02:57:00+00:00","og_image":[{"width":846,"height":564,"url":"https:\/\/www.gaveanews.com\/wp-content\/uploads\/2019\/03\/Entrada-do-Ninho-do-Urubu.webp","type":"image\/jpeg"}],"author":"Equipe G\u00e1vea News","twitter_card":"summary_large_image","twitter_misc":{"Escrito por":"Equipe G\u00e1vea News","Est. tempo de leitura":"1 minuto"},"schema":{"@context":"https:\/\/schema.org","@graph":[{"@type":"NewsArticle","@id":"https:\/\/www.gaveanews.com\/index.php\/2020\/07\/28\/joia-do-flamengo-assina-contrato-ate-2022\/#article","isPartOf":{"@id":"https:\/\/www.gaveanews.com\/index.php\/2020\/07\/28\/joia-do-flamengo-assina-contrato-ate-2022\/"},"author":{"name":"Equipe G\u00e1vea News","@id":"https:\/\/www.gaveanews.com\/#\/schema\/person\/2ec14f73fb96be2caf28f91afb14749d"},"headline":"Joia do Flamengo assina contrato at\u00e9 2022","datePublished":"2020-07-29T02:56:58+00:00","dateModified":"2020-07-29T02:57:00+00:00","mainEntityOfPage":{"@id":"https:\/\/www.gaveanews.com\/index.php\/2020\/07\/28\/joia-do-flamengo-assina-contrato-ate-2022\/"},"wordCount":129,"commentCount":3,"image":{"@id":"https:\/\/www.gaveanews.com\/index.php\/2020\/07\/28\/joia-do-flamengo-assina-contrato-ate-2022\/#primaryimage"},"thumbnailUrl":"https:\/\/www.gaveanews.com\/wp-content\/uploads\/2019\/03\/Entrada-do-Ninho-do-Urubu.webp","articleSection":["Flamengo"],"inLanguage":"pt-BR","potentialAction":[{"@type":"CommentAction","name":"Comment","target":["https:\/\/www.gaveanews.com\/index.php\/2020\/07\/28\/joia-do-flamengo-assina-contrato-ate-2022\/#respond"]}],"copyrightYear":"2020","copyrightHolder":{"@id":"https:\/\/www.gaveanews.com\/#organization"}},{"@type":"WebPage","@id":"https:\/\/www.gaveanews.com\/index.php\/2020\/07\/28\/joia-do-flamengo-assina-contrato-ate-2022\/","url":"https:\/\/www.gaveanews.com\/index.php\/2020\/07\/28\/joia-do-flamengo-assina-contrato-ate-2022\/","name":"Joia do Flamengo assina contrato at\u00e9 2022","isPartOf":{"@id":"https:\/\/www.gaveanews.com\/#website"},"primaryImageOfPage":{"@id":"https:\/\/www.gaveanews.com\/index.php\/2020\/07\/28\/joia-do-flamengo-assina-contrato-ate-2022\/#primaryimage"},"image":{"@id":"https:\/\/www.gaveanews.com\/index.php\/2020\/07\/28\/joia-do-flamengo-assina-contrato-ate-2022\/#primaryimage"},"thumbnailUrl":"https:\/\/www.gaveanews.com\/wp-content\/uploads\/2019\/03\/Entrada-do-Ninho-do-Urubu.webp","datePublished":"2020-07-29T02:56:58+00:00","dateModified":"2020-07-29T02:57:00+00:00","author":{"@id":"https:\/\/www.gaveanews.com\/#\/schema\/person\/2ec14f73fb96be2caf28f91afb14749d"},"description":"Atrav\u00e9s das redes sociais ele afirmou: \"Felicidade n\u00e3o cabe no meu peito ao saber que assinei meu primeiro contrato profissional com o Flamengo\".","breadcrumb":{"@id":"https:\/\/www.gaveanews.com\/index.php\/2020\/07\/28\/joia-do-flamengo-assina-contrato-ate-2022\/#breadcrumb"},"inLanguage":"pt-BR","potentialAction":[{"@type":"ReadAction","target":["https:\/\/www.gaveanews.com\/index.php\/2020\/07\/28\/joia-do-flamengo-assina-contrato-ate-2022\/"]}]},{"@type":"ImageObject","inLanguage":"pt-BR","@id":"https:\/\/www.gaveanews.com\/index.php\/2020\/07\/28\/joia-do-flamengo-assina-contrato-ate-2022\/#primaryimage","url":"https:\/\/www.gaveanews.com\/wp-content\/uploads\/2019\/03\/Entrada-do-Ninho-do-Urubu.webp","contentUrl":"https:\/\/www.gaveanews.com\/wp-content\/uploads\/2019\/03\/Entrada-do-Ninho-do-Urubu.webp","width":846,"height":564,"caption":"Entrada do Ninho do Urubu (Foto: Gilvan de Souza\/Flamengo)"},{"@type":"BreadcrumbList","@id":"https:\/\/www.gaveanews.com\/index.php\/2020\/07\/28\/joia-do-flamengo-assina-contrato-ate-2022\/#breadcrumb","itemListElement":[{"@type":"ListItem","position":1,"name":"Home","item":"https:\/\/www.gaveanews.com\/"},{"@type":"ListItem","position":2,"name":"Joia do Flamengo assina contrato at\u00e9 2022"}]},{"@type":"WebSite","@id":"https:\/\/www.gaveanews.com\/#website","url":"https:\/\/www.gaveanews.com\/","name":"G\u00e1vea News","description":"Veja todas as not\u00edcias sobre o Flamengo: Contrata\u00e7\u00f5es, categorias de base, resultados das partidas, tabela de classifica\u00e7\u00e3o, pr\u00f3ximos jogos!","potentialAction":[{"@type":"SearchAction","target":{"@type":"EntryPoint","urlTemplate":"https:\/\/www.gaveanews.com\/?s={search_term_string}"},"query-input":{"@type":"PropertyValueSpecification","valueRequired":true,"valueName":"search_term_string"}}],"inLanguage":"pt-BR"},{"@type":"Person","@id":"https:\/\/www.gaveanews.com\/#\/schema\/person\/2ec14f73fb96be2caf28f91afb14749d","name":"Equipe G\u00e1vea News","image":{"@type":"ImageObject","inLanguage":"pt-BR","@id":"https:\/\/www.gaveanews.com\/#\/schema\/person\/image\/","url":"https:\/\/secure.gravatar.com\/avatar\/1e1956f1facbffd3f8fa53a326721950116b3b9dc9bd44939c01180fd4a745a9?s=96&d=mm&r=g","contentUrl":"https:\/\/secure.gravatar.com\/avatar\/1e1956f1facbffd3f8fa53a326721950116b3b9dc9bd44939c01180fd4a745a9?s=96&d=mm&r=g","caption":"Equipe G\u00e1vea News"}}]}},"_links":{"self":[{"href":"https:\/\/www.gaveanews.com\/index.php\/wp-json\/wp\/v2\/posts\/44381","targetHints":{"allow":["GET"]}}],"collection":[{"href":"https:\/\/www.gaveanews.com\/index.php\/wp-json\/wp\/v2\/posts"}],"about":[{"href":"https:\/\/www.gaveanews.com\/index.php\/wp-json\/wp\/v2\/types\/post"}],"author":[{"embeddable":true,"href":"https:\/\/www.gaveanews.com\/index.php\/wp-json\/wp\/v2\/users\/1"}],"replies":[{"embeddable":true,"href":"https:\/\/www.gaveanews.com\/index.php\/wp-json\/wp\/v2\/comments?post=44381"}],"version-history":[{"count":0,"href":"https:\/\/www.gaveanews.com\/index.php\/wp-json\/wp\/v2\/posts\/44381\/revisions"}],"wp:featuredmedia":[{"embeddable":true,"href":"https:\/\/www.gaveanews.com\/index.php\/wp-json\/wp\/v2\/media\/15184"}],"wp:attachment":[{"href":"https:\/\/www.gaveanews.com\/index.php\/wp-json\/wp\/v2\/media?parent=44381"}],"wp:term":[{"taxonomy":"category","embeddable":true,"href":"https:\/\/www.gaveanews.com\/index.php\/wp-json\/wp\/v2\/categories?post=44381"},{"taxonomy":"post_tag","embeddable":true,"href":"https:\/\/www.gaveanews.com\/index.php\/wp-json\/wp\/v2\/tags?post=44381"}],"curies":[{"name":"wp","href":"https:\/\/api.w.org\/{rel}","templated":true}]}}