{"id":44383,"date":"2020-07-29T11:37:47","date_gmt":"2020-07-29T14:37:47","guid":{"rendered":"https:\/\/www.gaveanews.com\/?p=44383"},"modified":"2024-04-07T09:13:19","modified_gmt":"2024-04-07T12:13:19","slug":"saiba-quem-domenec-torrent-levara-para-o-flamengo","status":"publish","type":"post","link":"https:\/\/www.gaveanews.com\/index.php\/2020\/07\/29\/saiba-quem-domenec-torrent-levara-para-o-flamengo\/","title":{"rendered":"Saiba quem Dom\u00e8nec Torrent levar\u00e1 para o Flamengo"},"content":{"rendered":"\n<p>Tudo indica que Dom\u00e8nec Torrent ser\u00e1 o novo t\u00e9cnico do Flamengo. Mas n\u00e3o ser\u00e1 apenas o espanhol de 54 anos quem vir\u00e1 para o Brasil caso o contrato seja assinado. Com ele, uma nova comiss\u00e3o t\u00e9cnica ser\u00e1 integrada ao clube e diversos nomes s\u00e3o cotados para ocupar os postos deixados por Jo\u00e3o de Deus e companhia.<\/p>\n\n\n\n<p>O jornal &#8216;Extra&#8217; mostra quem s\u00e3o os profissionais que trabalharam com Torrent no New York City, dos Estados Unidos, e quais foram os seus principais companheiros ao longo da carreira como auxiliar-t\u00e9cnico. Se antes o dom\u00ednio era portugu\u00eas, o comando do Rubro-Negro agora pode ser dividido entre espanh\u00f3is e norte-americanos.<\/p>\n\n\n\n<h2 class=\"wp-block-heading\"><strong>Jordi Gris, analista de desempenho<\/strong><\/h2>\n\n\n\n<p>Um dos homens de confian\u00e7a de Torrent no New York City, Jordi Gris foi olheiro das categorias de base do sub-12 ao sub-23 do Barcelona. Posteriormente, foi convidado para fazer parte da comiss\u00e3o de Pep Guardiola no Barcelona B. Ex-jogador, ele deixou o recentemente o Chennai City FC, da \u00cdndia, para acompanhar Torrent nos Estados Unidos para ser analista de desempenho.<\/p>\n\n\n\n<h2 class=\"wp-block-heading\"><strong>Javier Perez, assistente-t\u00e9cnico<\/strong><\/h2>\n\n\n\n<p>Perez foi o treinador da sele\u00e7\u00e3o sub-18 dos Estados Unidos por quatro anos e auxiliar de Jurgen Klinsmann na Copa do Mundo de 2014, no Brasil. Al\u00e9m disso, possui licen\u00e7a de treinador pela Uefa e um doutorado em ci\u00eancias do esporte.<\/p>\n\n\n\n<h2 class=\"wp-block-heading\"><strong>Francesc Cos, preparador f\u00edsico<\/strong><\/h2>\n\n\n\n<p>Apelidado de &#8220;O C\u00e9rebro&#8221;, Francesc Cos foi outro que seguiu Torrent no New York City. Ele foi preparador f\u00edsico do Barcelona entre 2004 e 2016 e carrega um mestrado em desempenho esportivo pela Universidade de Barcelona, onde chegou a trabalhar como professor.<\/p>\n\n\n\n<h2 class=\"wp-block-heading\"><strong>Ismael Camenforte, auxiliar de prepara\u00e7\u00e3o f\u00edsica<\/strong><\/h2>\n\n\n\n<p>Mais um que acompanhou Torrent em sua passagem pelos Estados Unidos. Trabalhou como auxiliar de prepara\u00e7\u00e3o f\u00edsica no Barcelona durante seis anos e \u00e9 CEO de um aplicativo chamado K-Forte, que planifica treinamentos de maneira on-line.<\/p>\n\n\n\n<h2 class=\"wp-block-heading\"><strong>Rob Vartughian, preparador de goleiros<\/strong><\/h2>\n\n\n\n<p>Norte-americano, trabalhou como preparador de goleiro das categorias de base da sele\u00e7\u00e3o masculina dos Estados Unidos. Dos citados, \u00e9 quem menos tempo trabalhou com Torrent.<\/p>\n\n\n\n<h2 class=\"wp-block-heading\">D\u00favidas e indica\u00e7\u00f5es<\/h2>\n\n\n\n<p>Assim como Jordi Gris, Albert Puig \u00e9 outro homem de confian\u00e7a de Torrent. Ele foi o diretor t\u00e9cnico das categorias de base do Barcelona enquanto Torrent estava no clube. O problema \u00e9 que o ex-dirigente espanhol est\u00e1 trabalhando como treinador do Albirex Nigata, do Jap\u00e3o, e dificilmente romper\u00e1 o v\u00ednculo.<\/p>\n\n\n\n<p>J\u00e1 segundo o jornalista Mauro C\u00e9zar Pereira, da &#8216;ESPN&#8217;, Torrent indicou o nome de Jordi Guerr\u00f3n ao Flamengo. A imprensa espanhola noticia que ele est\u00e1 a caminho do Qingdao Huanghai, da China, para seguir como auxiliar-t\u00e9cnico de Pablo Mach\u00edn. O neg\u00f3cio ainda n\u00e3o foi fechado, o que beneficiar o Flamengo.<\/p>\n\n\n\n<p>Retirado de: Extra<\/p>\n","protected":false},"excerpt":{"rendered":"<p>Tudo indica que Dom\u00e8nec Torrent ser\u00e1 o novo t\u00e9cnico do Flamengo. Mas n\u00e3o ser\u00e1 apenas o espanhol de 54 anos quem vir\u00e1 para o Brasil caso o contrato seja assinado. Com ele, uma nova comiss\u00e3o t\u00e9cnica ser\u00e1 integrada ao clube e diversos nomes s\u00e3o cotados para ocupar os postos deixados por Jo\u00e3o de Deus e [&hellip;]<\/p>\n","protected":false},"author":1,"featured_media":15081,"comment_status":"open","ping_status":"closed","sticky":false,"template":"","format":"standard","meta":{"footnotes":""},"categories":[1],"tags":[198],"class_list":["post-44383","post","type-post","status-publish","format-standard","has-post-thumbnail","hentry","category-flamengo","tag-domenec-torrent-font"],"yoast_head":"<!-- This site is optimized with the Yoast SEO Premium plugin v24.2 (Yoast SEO v26.9) - https:\/\/yoast.com\/product\/yoast-seo-premium-wordpress\/ -->\n<title>Saiba quem Dom\u00e8nec Torrent levar\u00e1 para o Flamengo<\/title>\n<meta name=\"description\" content=\"Tudo indica que Dom\u00e8nec Torrent ser\u00e1 o novo t\u00e9cnico do Flamengo. Mas n\u00e3o ser\u00e1 apenas o espanhol de 54 anos quem vir\u00e1 para o Brasil.\" \/>\n<meta name=\"robots\" content=\"index, follow, max-snippet:-1, max-image-preview:large, max-video-preview:-1\" \/>\n<link rel=\"canonical\" href=\"https:\/\/www.gaveanews.com\/index.php\/2020\/07\/29\/saiba-quem-domenec-torrent-levara-para-o-flamengo\/\" \/>\n<meta property=\"og:locale\" content=\"pt_BR\" \/>\n<meta property=\"og:type\" content=\"article\" \/>\n<meta property=\"og:title\" content=\"Saiba quem Dom\u00e8nec Torrent levar\u00e1 para o Flamengo\" \/>\n<meta property=\"og:description\" content=\"Tudo indica que Dom\u00e8nec Torrent ser\u00e1 o novo t\u00e9cnico do Flamengo. Mas n\u00e3o ser\u00e1 apenas o espanhol de 54 anos quem vir\u00e1 para o Brasil.\" \/>\n<meta property=\"og:url\" content=\"https:\/\/www.gaveanews.com\/index.php\/2020\/07\/29\/saiba-quem-domenec-torrent-levara-para-o-flamengo\/\" \/>\n<meta property=\"og:site_name\" content=\"G\u00e1vea News\" \/>\n<meta property=\"article:publisher\" content=\"https:\/\/facebook.com\/gaveaNews\/\" \/>\n<meta property=\"article:published_time\" content=\"2020-07-29T14:37:47+00:00\" \/>\n<meta property=\"article:modified_time\" content=\"2024-04-07T12:13:19+00:00\" \/>\n<meta property=\"og:image\" content=\"https:\/\/www.gaveanews.com\/wp-content\/uploads\/2019\/03\/Escudo-do-Flamengo-e-exposto-proximo-a-um-dos-gols-no-gramado-do-Maracana.webp\" \/>\n\t<meta property=\"og:image:width\" content=\"1\" \/>\n\t<meta property=\"og:image:height\" content=\"1\" \/>\n\t<meta property=\"og:image:type\" content=\"image\/jpeg\" \/>\n<meta name=\"author\" content=\"Equipe G\u00e1vea News\" \/>\n<meta name=\"twitter:card\" content=\"summary_large_image\" \/>\n<meta name=\"twitter:label1\" content=\"Escrito por\" \/>\n\t<meta name=\"twitter:data1\" content=\"Equipe G\u00e1vea News\" \/>\n\t<meta name=\"twitter:label2\" content=\"Est. tempo de leitura\" \/>\n\t<meta name=\"twitter:data2\" content=\"2 minutos\" \/>\n<script type=\"application\/ld+json\" class=\"yoast-schema-graph\">{\"@context\":\"https:\/\/schema.org\",\"@graph\":[{\"@type\":\"NewsArticle\",\"@id\":\"https:\/\/www.gaveanews.com\/index.php\/2020\/07\/29\/saiba-quem-domenec-torrent-levara-para-o-flamengo\/#article\",\"isPartOf\":{\"@id\":\"https:\/\/www.gaveanews.com\/index.php\/2020\/07\/29\/saiba-quem-domenec-torrent-levara-para-o-flamengo\/\"},\"author\":{\"name\":\"Equipe G\u00e1vea News\",\"@id\":\"https:\/\/www.gaveanews.com\/#\/schema\/person\/2ec14f73fb96be2caf28f91afb14749d\"},\"headline\":\"Saiba quem Dom\u00e8nec Torrent levar\u00e1 para o Flamengo\",\"datePublished\":\"2020-07-29T14:37:47+00:00\",\"dateModified\":\"2024-04-07T12:13:19+00:00\",\"mainEntityOfPage\":{\"@id\":\"https:\/\/www.gaveanews.com\/index.php\/2020\/07\/29\/saiba-quem-domenec-torrent-levara-para-o-flamengo\/\"},\"wordCount\":480,\"commentCount\":17,\"image\":{\"@id\":\"https:\/\/www.gaveanews.com\/index.php\/2020\/07\/29\/saiba-quem-domenec-torrent-levara-para-o-flamengo\/#primaryimage\"},\"thumbnailUrl\":\"https:\/\/www.gaveanews.com\/wp-content\/uploads\/2019\/03\/Escudo-do-Flamengo-e-exposto-proximo-a-um-dos-gols-no-gramado-do-Maracana.webp\",\"keywords\":[\"Dom\u00e8nec Torrent Font\"],\"articleSection\":[\"Flamengo\"],\"inLanguage\":\"pt-BR\",\"potentialAction\":[{\"@type\":\"CommentAction\",\"name\":\"Comment\",\"target\":[\"https:\/\/www.gaveanews.com\/index.php\/2020\/07\/29\/saiba-quem-domenec-torrent-levara-para-o-flamengo\/#respond\"]}],\"copyrightYear\":\"2020\",\"copyrightHolder\":{\"@id\":\"https:\/\/www.gaveanews.com\/#organization\"}},{\"@type\":\"WebPage\",\"@id\":\"https:\/\/www.gaveanews.com\/index.php\/2020\/07\/29\/saiba-quem-domenec-torrent-levara-para-o-flamengo\/\",\"url\":\"https:\/\/www.gaveanews.com\/index.php\/2020\/07\/29\/saiba-quem-domenec-torrent-levara-para-o-flamengo\/\",\"name\":\"Saiba quem Dom\u00e8nec Torrent levar\u00e1 para o Flamengo\",\"isPartOf\":{\"@id\":\"https:\/\/www.gaveanews.com\/#website\"},\"primaryImageOfPage\":{\"@id\":\"https:\/\/www.gaveanews.com\/index.php\/2020\/07\/29\/saiba-quem-domenec-torrent-levara-para-o-flamengo\/#primaryimage\"},\"image\":{\"@id\":\"https:\/\/www.gaveanews.com\/index.php\/2020\/07\/29\/saiba-quem-domenec-torrent-levara-para-o-flamengo\/#primaryimage\"},\"thumbnailUrl\":\"https:\/\/www.gaveanews.com\/wp-content\/uploads\/2019\/03\/Escudo-do-Flamengo-e-exposto-proximo-a-um-dos-gols-no-gramado-do-Maracana.webp\",\"datePublished\":\"2020-07-29T14:37:47+00:00\",\"dateModified\":\"2024-04-07T12:13:19+00:00\",\"author\":{\"@id\":\"https:\/\/www.gaveanews.com\/#\/schema\/person\/2ec14f73fb96be2caf28f91afb14749d\"},\"description\":\"Tudo indica que Dom\u00e8nec Torrent ser\u00e1 o novo t\u00e9cnico do Flamengo. Mas n\u00e3o ser\u00e1 apenas o espanhol de 54 anos quem vir\u00e1 para o Brasil.\",\"breadcrumb\":{\"@id\":\"https:\/\/www.gaveanews.com\/index.php\/2020\/07\/29\/saiba-quem-domenec-torrent-levara-para-o-flamengo\/#breadcrumb\"},\"inLanguage\":\"pt-BR\",\"potentialAction\":[{\"@type\":\"ReadAction\",\"target\":[\"https:\/\/www.gaveanews.com\/index.php\/2020\/07\/29\/saiba-quem-domenec-torrent-levara-para-o-flamengo\/\"]}]},{\"@type\":\"ImageObject\",\"inLanguage\":\"pt-BR\",\"@id\":\"https:\/\/www.gaveanews.com\/index.php\/2020\/07\/29\/saiba-quem-domenec-torrent-levara-para-o-flamengo\/#primaryimage\",\"url\":\"https:\/\/www.gaveanews.com\/wp-content\/uploads\/2019\/03\/Escudo-do-Flamengo-e-exposto-proximo-a-um-dos-gols-no-gramado-do-Maracana.webp\",\"contentUrl\":\"https:\/\/www.gaveanews.com\/wp-content\/uploads\/2019\/03\/Escudo-do-Flamengo-e-exposto-proximo-a-um-dos-gols-no-gramado-do-Maracana.webp\",\"caption\":\"Escudo do Flamengo \u00e9 exposto pr\u00f3ximo a um dos gols, no gramado do Maracan\u00e3 (Foto: Daniel Castelo Branco)\"},{\"@type\":\"BreadcrumbList\",\"@id\":\"https:\/\/www.gaveanews.com\/index.php\/2020\/07\/29\/saiba-quem-domenec-torrent-levara-para-o-flamengo\/#breadcrumb\",\"itemListElement\":[{\"@type\":\"ListItem\",\"position\":1,\"name\":\"Home\",\"item\":\"https:\/\/www.gaveanews.com\/\"},{\"@type\":\"ListItem\",\"position\":2,\"name\":\"Saiba quem Dom\u00e8nec Torrent levar\u00e1 para o Flamengo\"}]},{\"@type\":\"WebSite\",\"@id\":\"https:\/\/www.gaveanews.com\/#website\",\"url\":\"https:\/\/www.gaveanews.com\/\",\"name\":\"G\u00e1vea News\",\"description\":\"Veja todas as not\u00edcias sobre o Flamengo: Contrata\u00e7\u00f5es, categorias de base, resultados das partidas, tabela de classifica\u00e7\u00e3o, pr\u00f3ximos jogos!\",\"potentialAction\":[{\"@type\":\"SearchAction\",\"target\":{\"@type\":\"EntryPoint\",\"urlTemplate\":\"https:\/\/www.gaveanews.com\/?s={search_term_string}\"},\"query-input\":{\"@type\":\"PropertyValueSpecification\",\"valueRequired\":true,\"valueName\":\"search_term_string\"}}],\"inLanguage\":\"pt-BR\"},{\"@type\":\"Person\",\"@id\":\"https:\/\/www.gaveanews.com\/#\/schema\/person\/2ec14f73fb96be2caf28f91afb14749d\",\"name\":\"Equipe G\u00e1vea News\",\"image\":{\"@type\":\"ImageObject\",\"inLanguage\":\"pt-BR\",\"@id\":\"https:\/\/www.gaveanews.com\/#\/schema\/person\/image\/\",\"url\":\"https:\/\/secure.gravatar.com\/avatar\/1e1956f1facbffd3f8fa53a326721950116b3b9dc9bd44939c01180fd4a745a9?s=96&d=mm&r=g\",\"contentUrl\":\"https:\/\/secure.gravatar.com\/avatar\/1e1956f1facbffd3f8fa53a326721950116b3b9dc9bd44939c01180fd4a745a9?s=96&d=mm&r=g\",\"caption\":\"Equipe G\u00e1vea News\"}}]}<\/script>\n<!-- \/ Yoast SEO Premium plugin. -->","yoast_head_json":{"title":"Saiba quem Dom\u00e8nec Torrent levar\u00e1 para o Flamengo","description":"Tudo indica que Dom\u00e8nec Torrent ser\u00e1 o novo t\u00e9cnico do Flamengo. Mas n\u00e3o ser\u00e1 apenas o espanhol de 54 anos quem vir\u00e1 para o Brasil.","robots":{"index":"index","follow":"follow","max-snippet":"max-snippet:-1","max-image-preview":"max-image-preview:large","max-video-preview":"max-video-preview:-1"},"canonical":"https:\/\/www.gaveanews.com\/index.php\/2020\/07\/29\/saiba-quem-domenec-torrent-levara-para-o-flamengo\/","og_locale":"pt_BR","og_type":"article","og_title":"Saiba quem Dom\u00e8nec Torrent levar\u00e1 para o Flamengo","og_description":"Tudo indica que Dom\u00e8nec Torrent ser\u00e1 o novo t\u00e9cnico do Flamengo. Mas n\u00e3o ser\u00e1 apenas o espanhol de 54 anos quem vir\u00e1 para o Brasil.","og_url":"https:\/\/www.gaveanews.com\/index.php\/2020\/07\/29\/saiba-quem-domenec-torrent-levara-para-o-flamengo\/","og_site_name":"G\u00e1vea News","article_publisher":"https:\/\/facebook.com\/gaveaNews\/","article_published_time":"2020-07-29T14:37:47+00:00","article_modified_time":"2024-04-07T12:13:19+00:00","og_image":[{"url":"https:\/\/www.gaveanews.com\/wp-content\/uploads\/2019\/03\/Escudo-do-Flamengo-e-exposto-proximo-a-um-dos-gols-no-gramado-do-Maracana.webp","width":1,"height":1,"type":"image\/jpeg"}],"author":"Equipe G\u00e1vea News","twitter_card":"summary_large_image","twitter_misc":{"Escrito por":"Equipe G\u00e1vea News","Est. tempo de leitura":"2 minutos"},"schema":{"@context":"https:\/\/schema.org","@graph":[{"@type":"NewsArticle","@id":"https:\/\/www.gaveanews.com\/index.php\/2020\/07\/29\/saiba-quem-domenec-torrent-levara-para-o-flamengo\/#article","isPartOf":{"@id":"https:\/\/www.gaveanews.com\/index.php\/2020\/07\/29\/saiba-quem-domenec-torrent-levara-para-o-flamengo\/"},"author":{"name":"Equipe G\u00e1vea News","@id":"https:\/\/www.gaveanews.com\/#\/schema\/person\/2ec14f73fb96be2caf28f91afb14749d"},"headline":"Saiba quem Dom\u00e8nec Torrent levar\u00e1 para o Flamengo","datePublished":"2020-07-29T14:37:47+00:00","dateModified":"2024-04-07T12:13:19+00:00","mainEntityOfPage":{"@id":"https:\/\/www.gaveanews.com\/index.php\/2020\/07\/29\/saiba-quem-domenec-torrent-levara-para-o-flamengo\/"},"wordCount":480,"commentCount":17,"image":{"@id":"https:\/\/www.gaveanews.com\/index.php\/2020\/07\/29\/saiba-quem-domenec-torrent-levara-para-o-flamengo\/#primaryimage"},"thumbnailUrl":"https:\/\/www.gaveanews.com\/wp-content\/uploads\/2019\/03\/Escudo-do-Flamengo-e-exposto-proximo-a-um-dos-gols-no-gramado-do-Maracana.webp","keywords":["Dom\u00e8nec Torrent Font"],"articleSection":["Flamengo"],"inLanguage":"pt-BR","potentialAction":[{"@type":"CommentAction","name":"Comment","target":["https:\/\/www.gaveanews.com\/index.php\/2020\/07\/29\/saiba-quem-domenec-torrent-levara-para-o-flamengo\/#respond"]}],"copyrightYear":"2020","copyrightHolder":{"@id":"https:\/\/www.gaveanews.com\/#organization"}},{"@type":"WebPage","@id":"https:\/\/www.gaveanews.com\/index.php\/2020\/07\/29\/saiba-quem-domenec-torrent-levara-para-o-flamengo\/","url":"https:\/\/www.gaveanews.com\/index.php\/2020\/07\/29\/saiba-quem-domenec-torrent-levara-para-o-flamengo\/","name":"Saiba quem Dom\u00e8nec Torrent levar\u00e1 para o Flamengo","isPartOf":{"@id":"https:\/\/www.gaveanews.com\/#website"},"primaryImageOfPage":{"@id":"https:\/\/www.gaveanews.com\/index.php\/2020\/07\/29\/saiba-quem-domenec-torrent-levara-para-o-flamengo\/#primaryimage"},"image":{"@id":"https:\/\/www.gaveanews.com\/index.php\/2020\/07\/29\/saiba-quem-domenec-torrent-levara-para-o-flamengo\/#primaryimage"},"thumbnailUrl":"https:\/\/www.gaveanews.com\/wp-content\/uploads\/2019\/03\/Escudo-do-Flamengo-e-exposto-proximo-a-um-dos-gols-no-gramado-do-Maracana.webp","datePublished":"2020-07-29T14:37:47+00:00","dateModified":"2024-04-07T12:13:19+00:00","author":{"@id":"https:\/\/www.gaveanews.com\/#\/schema\/person\/2ec14f73fb96be2caf28f91afb14749d"},"description":"Tudo indica que Dom\u00e8nec Torrent ser\u00e1 o novo t\u00e9cnico do Flamengo. Mas n\u00e3o ser\u00e1 apenas o espanhol de 54 anos quem vir\u00e1 para o Brasil.","breadcrumb":{"@id":"https:\/\/www.gaveanews.com\/index.php\/2020\/07\/29\/saiba-quem-domenec-torrent-levara-para-o-flamengo\/#breadcrumb"},"inLanguage":"pt-BR","potentialAction":[{"@type":"ReadAction","target":["https:\/\/www.gaveanews.com\/index.php\/2020\/07\/29\/saiba-quem-domenec-torrent-levara-para-o-flamengo\/"]}]},{"@type":"ImageObject","inLanguage":"pt-BR","@id":"https:\/\/www.gaveanews.com\/index.php\/2020\/07\/29\/saiba-quem-domenec-torrent-levara-para-o-flamengo\/#primaryimage","url":"https:\/\/www.gaveanews.com\/wp-content\/uploads\/2019\/03\/Escudo-do-Flamengo-e-exposto-proximo-a-um-dos-gols-no-gramado-do-Maracana.webp","contentUrl":"https:\/\/www.gaveanews.com\/wp-content\/uploads\/2019\/03\/Escudo-do-Flamengo-e-exposto-proximo-a-um-dos-gols-no-gramado-do-Maracana.webp","caption":"Escudo do Flamengo \u00e9 exposto pr\u00f3ximo a um dos gols, no gramado do Maracan\u00e3 (Foto: Daniel Castelo Branco)"},{"@type":"BreadcrumbList","@id":"https:\/\/www.gaveanews.com\/index.php\/2020\/07\/29\/saiba-quem-domenec-torrent-levara-para-o-flamengo\/#breadcrumb","itemListElement":[{"@type":"ListItem","position":1,"name":"Home","item":"https:\/\/www.gaveanews.com\/"},{"@type":"ListItem","position":2,"name":"Saiba quem Dom\u00e8nec Torrent levar\u00e1 para o Flamengo"}]},{"@type":"WebSite","@id":"https:\/\/www.gaveanews.com\/#website","url":"https:\/\/www.gaveanews.com\/","name":"G\u00e1vea News","description":"Veja todas as not\u00edcias sobre o Flamengo: Contrata\u00e7\u00f5es, categorias de base, resultados das partidas, tabela de classifica\u00e7\u00e3o, pr\u00f3ximos jogos!","potentialAction":[{"@type":"SearchAction","target":{"@type":"EntryPoint","urlTemplate":"https:\/\/www.gaveanews.com\/?s={search_term_string}"},"query-input":{"@type":"PropertyValueSpecification","valueRequired":true,"valueName":"search_term_string"}}],"inLanguage":"pt-BR"},{"@type":"Person","@id":"https:\/\/www.gaveanews.com\/#\/schema\/person\/2ec14f73fb96be2caf28f91afb14749d","name":"Equipe G\u00e1vea News","image":{"@type":"ImageObject","inLanguage":"pt-BR","@id":"https:\/\/www.gaveanews.com\/#\/schema\/person\/image\/","url":"https:\/\/secure.gravatar.com\/avatar\/1e1956f1facbffd3f8fa53a326721950116b3b9dc9bd44939c01180fd4a745a9?s=96&d=mm&r=g","contentUrl":"https:\/\/secure.gravatar.com\/avatar\/1e1956f1facbffd3f8fa53a326721950116b3b9dc9bd44939c01180fd4a745a9?s=96&d=mm&r=g","caption":"Equipe G\u00e1vea News"}}]}},"_links":{"self":[{"href":"https:\/\/www.gaveanews.com\/index.php\/wp-json\/wp\/v2\/posts\/44383","targetHints":{"allow":["GET"]}}],"collection":[{"href":"https:\/\/www.gaveanews.com\/index.php\/wp-json\/wp\/v2\/posts"}],"about":[{"href":"https:\/\/www.gaveanews.com\/index.php\/wp-json\/wp\/v2\/types\/post"}],"author":[{"embeddable":true,"href":"https:\/\/www.gaveanews.com\/index.php\/wp-json\/wp\/v2\/users\/1"}],"replies":[{"embeddable":true,"href":"https:\/\/www.gaveanews.com\/index.php\/wp-json\/wp\/v2\/comments?post=44383"}],"version-history":[{"count":1,"href":"https:\/\/www.gaveanews.com\/index.php\/wp-json\/wp\/v2\/posts\/44383\/revisions"}],"predecessor-version":[{"id":136825,"href":"https:\/\/www.gaveanews.com\/index.php\/wp-json\/wp\/v2\/posts\/44383\/revisions\/136825"}],"wp:featuredmedia":[{"embeddable":true,"href":"https:\/\/www.gaveanews.com\/index.php\/wp-json\/wp\/v2\/media\/15081"}],"wp:attachment":[{"href":"https:\/\/www.gaveanews.com\/index.php\/wp-json\/wp\/v2\/media?parent=44383"}],"wp:term":[{"taxonomy":"category","embeddable":true,"href":"https:\/\/www.gaveanews.com\/index.php\/wp-json\/wp\/v2\/categories?post=44383"},{"taxonomy":"post_tag","embeddable":true,"href":"https:\/\/www.gaveanews.com\/index.php\/wp-json\/wp\/v2\/tags?post=44383"}],"curies":[{"name":"wp","href":"https:\/\/api.w.org\/{rel}","templated":true}]}}