{"id":44387,"date":"2020-07-29T13:46:57","date_gmt":"2020-07-29T16:46:57","guid":{"rendered":"https:\/\/www.gaveanews.com\/?p=44387"},"modified":"2024-04-07T09:13:18","modified_gmt":"2024-04-07T12:13:18","slug":"gerson-fala-sobre-a-chegada-de-domenec-torrent-no-flamengo","status":"publish","type":"post","link":"https:\/\/www.gaveanews.com\/index.php\/2020\/07\/29\/gerson-fala-sobre-a-chegada-de-domenec-torrent-no-flamengo\/","title":{"rendered":"Gerson fala sobre a chegada de Dom\u00e8nec Torrent no Flamengo"},"content":{"rendered":"\n<p>O assunto que ronda o Flamengo nos \u00faltimos dias \u00e9 o avan\u00e7o nas negocia\u00e7\u00f5es com o catal\u00e3o Dom\u00e8nec Torrent, que pode substituir o t\u00e9cnico Jorge Jesus. O volante Gerson garante confian\u00e7a no trabalho da diretoria rubro-negra na busca por um treinador e afirma que o elenco estar\u00e1 preparado para se adaptar a um novo estilo de jogo, caso seja necess\u00e1rio.<\/p>\n\n\n\n<p>&#8220;A gente acompanha pelas redes sociais que se comenta muito a chegada de treinador, mas deixamos essa parte para a diretoria. Ela vem fazendo um trabalho muito bom, temos total confian\u00e7a. O nome que for escolhido vai ser bem recebido aqui no Meng\u00e3o&#8221;, disse ele, que completou:<\/p>\n\n\n\n<p>&#8220;Nosso elenco tem jogadores bons e inteligentes, mas cada treinador tem seu jeito de jogar. Aquele profissional que vier, ser\u00e1 bem recebido e temos de estar dispostos a aprender o mais rapidamente poss\u00edvel. Temos de estar sempre dispostos a nos encaixarmos naquilo que o comandante pede. T\u00ednhamos um estilo de jogo, n\u00e3o sabemos como ele [novo treinador] gosta, mas temos de estar dispostos a mudar porque futebol \u00e9 assim&#8221;.<\/p>\n\n\n\n<figure class=\"wp-block-image size-large\"><img decoding=\"async\" src=\"https:\/\/conteudo.imguol.com.br\/c\/esporte\/7a\/2020\/07\/29\/gerson-volante-do-flamengo-em-entrevista-coletiva-1596037816102_v2_900x506.webp\" alt=\"\"\/><figcaption>Gerson, volante do Flamengo, em entrevista coletiva (Foto: Alexandre Vidal\/Flamengo)<\/figcaption><\/figure>\n\n\n\n<p>Ex-auxiliar de Pep Guardiola, Dom\u00e8nec j\u00e1 trabalhou com Rafinha no Bayern de Munique, da Alemanha. Segundo Gerson, o lateral-direito vem tendo pouco contato com o elenco por estar em trabalho de recupera\u00e7\u00e3o e, por isso, ainda n\u00e3o houve conversa sobre o poss\u00edvel novo t\u00e9cnico.<\/p>\n\n\n\n<p>&#8220;O Rafa est\u00e1 meio machucado, ent\u00e3o, estamos tendo pouco contato. O pouco que conhe\u00e7o \u00e9 que ele vem trabalhando com o Pep Guardiola. Isso \u00e9 o que conhe\u00e7o, sou novo e n\u00e3o posso falar muito&#8221;.<\/p>\n\n\n\n<p>Questionado sobre o interesse do Benfica, de Portugal, clube para o qual foi Jorge Jesus, o volante recha\u00e7ou qualquer contato e garantiu foco no Flamengo.<\/p>\n\n\n\n<p>&#8220;Est\u00e1 saindo muita coisa, mas, para mim, n\u00e3o chegou nada. Meu foco \u00e9 o Flamengo. Estou feliz aqui&#8221;, ressaltou.<\/p>\n\n\n\n<p>O jogador aproveitou para agradecer ao ex-t\u00e9cnico e salientar que a vida segue no Rubro-Negro.<\/p>\n\n\n\n<p>&#8220;N\u00e3o tivemos muito contato depois da sa\u00edda, mais por mensagem. Ele teve a escolha dele, foi uma decis\u00e3o pessoal. Temos de respeitar. Agrade\u00e7o a ele por tudo. Ele foi embora, que Deus o aben\u00e7oe, e o Flamengo continua&#8221;, garantiu.<\/p>\n\n\n\n<p>Retirado de: UOL<\/p>\n","protected":false},"excerpt":{"rendered":"<p>O assunto que ronda o Flamengo nos \u00faltimos dias \u00e9 o avan\u00e7o nas negocia\u00e7\u00f5es com o catal\u00e3o Dom\u00e8nec Torrent, que pode substituir o t\u00e9cnico Jorge Jesus. O volante Gerson garante confian\u00e7a no trabalho da diretoria rubro-negra na busca por um treinador e afirma que o elenco estar\u00e1 preparado para se adaptar a um novo estilo [&hellip;]<\/p>\n","protected":false},"author":1,"featured_media":27872,"comment_status":"open","ping_status":"closed","sticky":false,"template":"","format":"standard","meta":{"footnotes":""},"categories":[1],"tags":[198],"class_list":["post-44387","post","type-post","status-publish","format-standard","has-post-thumbnail","hentry","category-flamengo","tag-domenec-torrent-font"],"yoast_head":"<!-- This site is optimized with the Yoast SEO Premium plugin v24.2 (Yoast SEO v26.9) - https:\/\/yoast.com\/product\/yoast-seo-premium-wordpress\/ -->\n<title>Gerson fala sobre a chegada de Dom\u00e8nec Torrent no Flamengo<\/title>\n<meta name=\"description\" content=\"O assunto que ronda o Flamengo nos \u00faltimos dias \u00e9 o avan\u00e7o nas negocia\u00e7\u00f5es com o catal\u00e3o Dom\u00e8nec Torrent, que pode substituir o t\u00e9cnico Jorge Jesus.\" \/>\n<meta name=\"robots\" content=\"index, follow, max-snippet:-1, max-image-preview:large, max-video-preview:-1\" \/>\n<link rel=\"canonical\" href=\"https:\/\/www.gaveanews.com\/index.php\/2020\/07\/29\/gerson-fala-sobre-a-chegada-de-domenec-torrent-no-flamengo\/\" \/>\n<meta property=\"og:locale\" content=\"pt_BR\" \/>\n<meta property=\"og:type\" content=\"article\" \/>\n<meta property=\"og:title\" content=\"Gerson fala sobre a chegada de Dom\u00e8nec Torrent no Flamengo\" \/>\n<meta property=\"og:description\" content=\"O assunto que ronda o Flamengo nos \u00faltimos dias \u00e9 o avan\u00e7o nas negocia\u00e7\u00f5es com o catal\u00e3o Dom\u00e8nec Torrent, que pode substituir o t\u00e9cnico Jorge Jesus.\" \/>\n<meta property=\"og:url\" content=\"https:\/\/www.gaveanews.com\/index.php\/2020\/07\/29\/gerson-fala-sobre-a-chegada-de-domenec-torrent-no-flamengo\/\" \/>\n<meta property=\"og:site_name\" content=\"G\u00e1vea News\" \/>\n<meta property=\"article:publisher\" content=\"https:\/\/facebook.com\/gaveaNews\/\" \/>\n<meta property=\"article:published_time\" content=\"2020-07-29T16:46:57+00:00\" \/>\n<meta property=\"article:modified_time\" content=\"2024-04-07T12:13:18+00:00\" \/>\n<meta property=\"og:image\" content=\"https:\/\/www.gaveanews.com\/wp-content\/uploads\/Gerson-em-acao-pelo-Flamengo.webp\" \/>\n\t<meta property=\"og:image:width\" content=\"1\" \/>\n\t<meta property=\"og:image:height\" content=\"1\" \/>\n\t<meta property=\"og:image:type\" content=\"image\/jpeg\" \/>\n<meta name=\"author\" content=\"Equipe G\u00e1vea News\" \/>\n<meta name=\"twitter:card\" content=\"summary_large_image\" \/>\n<meta name=\"twitter:label1\" content=\"Escrito por\" \/>\n\t<meta name=\"twitter:data1\" content=\"Equipe G\u00e1vea News\" \/>\n\t<meta name=\"twitter:label2\" content=\"Est. tempo de leitura\" \/>\n\t<meta name=\"twitter:data2\" content=\"2 minutos\" \/>\n<script type=\"application\/ld+json\" class=\"yoast-schema-graph\">{\"@context\":\"https:\/\/schema.org\",\"@graph\":[{\"@type\":\"NewsArticle\",\"@id\":\"https:\/\/www.gaveanews.com\/index.php\/2020\/07\/29\/gerson-fala-sobre-a-chegada-de-domenec-torrent-no-flamengo\/#article\",\"isPartOf\":{\"@id\":\"https:\/\/www.gaveanews.com\/index.php\/2020\/07\/29\/gerson-fala-sobre-a-chegada-de-domenec-torrent-no-flamengo\/\"},\"author\":{\"name\":\"Equipe G\u00e1vea News\",\"@id\":\"https:\/\/www.gaveanews.com\/#\/schema\/person\/2ec14f73fb96be2caf28f91afb14749d\"},\"headline\":\"Gerson fala sobre a chegada de Dom\u00e8nec Torrent no Flamengo\",\"datePublished\":\"2020-07-29T16:46:57+00:00\",\"dateModified\":\"2024-04-07T12:13:18+00:00\",\"mainEntityOfPage\":{\"@id\":\"https:\/\/www.gaveanews.com\/index.php\/2020\/07\/29\/gerson-fala-sobre-a-chegada-de-domenec-torrent-no-flamengo\/\"},\"wordCount\":402,\"commentCount\":8,\"image\":{\"@id\":\"https:\/\/www.gaveanews.com\/index.php\/2020\/07\/29\/gerson-fala-sobre-a-chegada-de-domenec-torrent-no-flamengo\/#primaryimage\"},\"thumbnailUrl\":\"https:\/\/www.gaveanews.com\/wp-content\/uploads\/Gerson-em-acao-pelo-Flamengo.webp\",\"keywords\":[\"Dom\u00e8nec Torrent Font\"],\"articleSection\":[\"Flamengo\"],\"inLanguage\":\"pt-BR\",\"potentialAction\":[{\"@type\":\"CommentAction\",\"name\":\"Comment\",\"target\":[\"https:\/\/www.gaveanews.com\/index.php\/2020\/07\/29\/gerson-fala-sobre-a-chegada-de-domenec-torrent-no-flamengo\/#respond\"]}],\"copyrightYear\":\"2020\",\"copyrightHolder\":{\"@id\":\"https:\/\/www.gaveanews.com\/#organization\"}},{\"@type\":\"WebPage\",\"@id\":\"https:\/\/www.gaveanews.com\/index.php\/2020\/07\/29\/gerson-fala-sobre-a-chegada-de-domenec-torrent-no-flamengo\/\",\"url\":\"https:\/\/www.gaveanews.com\/index.php\/2020\/07\/29\/gerson-fala-sobre-a-chegada-de-domenec-torrent-no-flamengo\/\",\"name\":\"Gerson fala sobre a chegada de Dom\u00e8nec Torrent no Flamengo\",\"isPartOf\":{\"@id\":\"https:\/\/www.gaveanews.com\/#website\"},\"primaryImageOfPage\":{\"@id\":\"https:\/\/www.gaveanews.com\/index.php\/2020\/07\/29\/gerson-fala-sobre-a-chegada-de-domenec-torrent-no-flamengo\/#primaryimage\"},\"image\":{\"@id\":\"https:\/\/www.gaveanews.com\/index.php\/2020\/07\/29\/gerson-fala-sobre-a-chegada-de-domenec-torrent-no-flamengo\/#primaryimage\"},\"thumbnailUrl\":\"https:\/\/www.gaveanews.com\/wp-content\/uploads\/Gerson-em-acao-pelo-Flamengo.webp\",\"datePublished\":\"2020-07-29T16:46:57+00:00\",\"dateModified\":\"2024-04-07T12:13:18+00:00\",\"author\":{\"@id\":\"https:\/\/www.gaveanews.com\/#\/schema\/person\/2ec14f73fb96be2caf28f91afb14749d\"},\"description\":\"O assunto que ronda o Flamengo nos \u00faltimos dias \u00e9 o avan\u00e7o nas negocia\u00e7\u00f5es com o catal\u00e3o Dom\u00e8nec Torrent, que pode substituir o t\u00e9cnico Jorge Jesus.\",\"breadcrumb\":{\"@id\":\"https:\/\/www.gaveanews.com\/index.php\/2020\/07\/29\/gerson-fala-sobre-a-chegada-de-domenec-torrent-no-flamengo\/#breadcrumb\"},\"inLanguage\":\"pt-BR\",\"potentialAction\":[{\"@type\":\"ReadAction\",\"target\":[\"https:\/\/www.gaveanews.com\/index.php\/2020\/07\/29\/gerson-fala-sobre-a-chegada-de-domenec-torrent-no-flamengo\/\"]}]},{\"@type\":\"ImageObject\",\"inLanguage\":\"pt-BR\",\"@id\":\"https:\/\/www.gaveanews.com\/index.php\/2020\/07\/29\/gerson-fala-sobre-a-chegada-de-domenec-torrent-no-flamengo\/#primaryimage\",\"url\":\"https:\/\/www.gaveanews.com\/wp-content\/uploads\/Gerson-em-acao-pelo-Flamengo.webp\",\"contentUrl\":\"https:\/\/www.gaveanews.com\/wp-content\/uploads\/Gerson-em-acao-pelo-Flamengo.webp\",\"caption\":\"Gerson em a\u00e7\u00e3o pelo Flamengo (Foto: Alexandre Vidal\/Flamengo)\"},{\"@type\":\"BreadcrumbList\",\"@id\":\"https:\/\/www.gaveanews.com\/index.php\/2020\/07\/29\/gerson-fala-sobre-a-chegada-de-domenec-torrent-no-flamengo\/#breadcrumb\",\"itemListElement\":[{\"@type\":\"ListItem\",\"position\":1,\"name\":\"Home\",\"item\":\"https:\/\/www.gaveanews.com\/\"},{\"@type\":\"ListItem\",\"position\":2,\"name\":\"Gerson fala sobre a chegada de Dom\u00e8nec Torrent no Flamengo\"}]},{\"@type\":\"WebSite\",\"@id\":\"https:\/\/www.gaveanews.com\/#website\",\"url\":\"https:\/\/www.gaveanews.com\/\",\"name\":\"G\u00e1vea News\",\"description\":\"Veja todas as not\u00edcias sobre o Flamengo: Contrata\u00e7\u00f5es, categorias de base, resultados das partidas, tabela de classifica\u00e7\u00e3o, pr\u00f3ximos jogos!\",\"potentialAction\":[{\"@type\":\"SearchAction\",\"target\":{\"@type\":\"EntryPoint\",\"urlTemplate\":\"https:\/\/www.gaveanews.com\/?s={search_term_string}\"},\"query-input\":{\"@type\":\"PropertyValueSpecification\",\"valueRequired\":true,\"valueName\":\"search_term_string\"}}],\"inLanguage\":\"pt-BR\"},{\"@type\":\"Person\",\"@id\":\"https:\/\/www.gaveanews.com\/#\/schema\/person\/2ec14f73fb96be2caf28f91afb14749d\",\"name\":\"Equipe G\u00e1vea News\",\"image\":{\"@type\":\"ImageObject\",\"inLanguage\":\"pt-BR\",\"@id\":\"https:\/\/www.gaveanews.com\/#\/schema\/person\/image\/\",\"url\":\"https:\/\/secure.gravatar.com\/avatar\/1e1956f1facbffd3f8fa53a326721950116b3b9dc9bd44939c01180fd4a745a9?s=96&d=mm&r=g\",\"contentUrl\":\"https:\/\/secure.gravatar.com\/avatar\/1e1956f1facbffd3f8fa53a326721950116b3b9dc9bd44939c01180fd4a745a9?s=96&d=mm&r=g\",\"caption\":\"Equipe G\u00e1vea News\"}}]}<\/script>\n<!-- \/ Yoast SEO Premium plugin. -->","yoast_head_json":{"title":"Gerson fala sobre a chegada de Dom\u00e8nec Torrent no Flamengo","description":"O assunto que ronda o Flamengo nos \u00faltimos dias \u00e9 o avan\u00e7o nas negocia\u00e7\u00f5es com o catal\u00e3o Dom\u00e8nec Torrent, que pode substituir o t\u00e9cnico Jorge Jesus.","robots":{"index":"index","follow":"follow","max-snippet":"max-snippet:-1","max-image-preview":"max-image-preview:large","max-video-preview":"max-video-preview:-1"},"canonical":"https:\/\/www.gaveanews.com\/index.php\/2020\/07\/29\/gerson-fala-sobre-a-chegada-de-domenec-torrent-no-flamengo\/","og_locale":"pt_BR","og_type":"article","og_title":"Gerson fala sobre a chegada de Dom\u00e8nec Torrent no Flamengo","og_description":"O assunto que ronda o Flamengo nos \u00faltimos dias \u00e9 o avan\u00e7o nas negocia\u00e7\u00f5es com o catal\u00e3o Dom\u00e8nec Torrent, que pode substituir o t\u00e9cnico Jorge Jesus.","og_url":"https:\/\/www.gaveanews.com\/index.php\/2020\/07\/29\/gerson-fala-sobre-a-chegada-de-domenec-torrent-no-flamengo\/","og_site_name":"G\u00e1vea News","article_publisher":"https:\/\/facebook.com\/gaveaNews\/","article_published_time":"2020-07-29T16:46:57+00:00","article_modified_time":"2024-04-07T12:13:18+00:00","og_image":[{"url":"https:\/\/www.gaveanews.com\/wp-content\/uploads\/Gerson-em-acao-pelo-Flamengo.webp","width":1,"height":1,"type":"image\/jpeg"}],"author":"Equipe G\u00e1vea News","twitter_card":"summary_large_image","twitter_misc":{"Escrito por":"Equipe G\u00e1vea News","Est. tempo de leitura":"2 minutos"},"schema":{"@context":"https:\/\/schema.org","@graph":[{"@type":"NewsArticle","@id":"https:\/\/www.gaveanews.com\/index.php\/2020\/07\/29\/gerson-fala-sobre-a-chegada-de-domenec-torrent-no-flamengo\/#article","isPartOf":{"@id":"https:\/\/www.gaveanews.com\/index.php\/2020\/07\/29\/gerson-fala-sobre-a-chegada-de-domenec-torrent-no-flamengo\/"},"author":{"name":"Equipe G\u00e1vea News","@id":"https:\/\/www.gaveanews.com\/#\/schema\/person\/2ec14f73fb96be2caf28f91afb14749d"},"headline":"Gerson fala sobre a chegada de Dom\u00e8nec Torrent no Flamengo","datePublished":"2020-07-29T16:46:57+00:00","dateModified":"2024-04-07T12:13:18+00:00","mainEntityOfPage":{"@id":"https:\/\/www.gaveanews.com\/index.php\/2020\/07\/29\/gerson-fala-sobre-a-chegada-de-domenec-torrent-no-flamengo\/"},"wordCount":402,"commentCount":8,"image":{"@id":"https:\/\/www.gaveanews.com\/index.php\/2020\/07\/29\/gerson-fala-sobre-a-chegada-de-domenec-torrent-no-flamengo\/#primaryimage"},"thumbnailUrl":"https:\/\/www.gaveanews.com\/wp-content\/uploads\/Gerson-em-acao-pelo-Flamengo.webp","keywords":["Dom\u00e8nec Torrent Font"],"articleSection":["Flamengo"],"inLanguage":"pt-BR","potentialAction":[{"@type":"CommentAction","name":"Comment","target":["https:\/\/www.gaveanews.com\/index.php\/2020\/07\/29\/gerson-fala-sobre-a-chegada-de-domenec-torrent-no-flamengo\/#respond"]}],"copyrightYear":"2020","copyrightHolder":{"@id":"https:\/\/www.gaveanews.com\/#organization"}},{"@type":"WebPage","@id":"https:\/\/www.gaveanews.com\/index.php\/2020\/07\/29\/gerson-fala-sobre-a-chegada-de-domenec-torrent-no-flamengo\/","url":"https:\/\/www.gaveanews.com\/index.php\/2020\/07\/29\/gerson-fala-sobre-a-chegada-de-domenec-torrent-no-flamengo\/","name":"Gerson fala sobre a chegada de Dom\u00e8nec Torrent no Flamengo","isPartOf":{"@id":"https:\/\/www.gaveanews.com\/#website"},"primaryImageOfPage":{"@id":"https:\/\/www.gaveanews.com\/index.php\/2020\/07\/29\/gerson-fala-sobre-a-chegada-de-domenec-torrent-no-flamengo\/#primaryimage"},"image":{"@id":"https:\/\/www.gaveanews.com\/index.php\/2020\/07\/29\/gerson-fala-sobre-a-chegada-de-domenec-torrent-no-flamengo\/#primaryimage"},"thumbnailUrl":"https:\/\/www.gaveanews.com\/wp-content\/uploads\/Gerson-em-acao-pelo-Flamengo.webp","datePublished":"2020-07-29T16:46:57+00:00","dateModified":"2024-04-07T12:13:18+00:00","author":{"@id":"https:\/\/www.gaveanews.com\/#\/schema\/person\/2ec14f73fb96be2caf28f91afb14749d"},"description":"O assunto que ronda o Flamengo nos \u00faltimos dias \u00e9 o avan\u00e7o nas negocia\u00e7\u00f5es com o catal\u00e3o Dom\u00e8nec Torrent, que pode substituir o t\u00e9cnico Jorge Jesus.","breadcrumb":{"@id":"https:\/\/www.gaveanews.com\/index.php\/2020\/07\/29\/gerson-fala-sobre-a-chegada-de-domenec-torrent-no-flamengo\/#breadcrumb"},"inLanguage":"pt-BR","potentialAction":[{"@type":"ReadAction","target":["https:\/\/www.gaveanews.com\/index.php\/2020\/07\/29\/gerson-fala-sobre-a-chegada-de-domenec-torrent-no-flamengo\/"]}]},{"@type":"ImageObject","inLanguage":"pt-BR","@id":"https:\/\/www.gaveanews.com\/index.php\/2020\/07\/29\/gerson-fala-sobre-a-chegada-de-domenec-torrent-no-flamengo\/#primaryimage","url":"https:\/\/www.gaveanews.com\/wp-content\/uploads\/Gerson-em-acao-pelo-Flamengo.webp","contentUrl":"https:\/\/www.gaveanews.com\/wp-content\/uploads\/Gerson-em-acao-pelo-Flamengo.webp","caption":"Gerson em a\u00e7\u00e3o pelo Flamengo (Foto: Alexandre Vidal\/Flamengo)"},{"@type":"BreadcrumbList","@id":"https:\/\/www.gaveanews.com\/index.php\/2020\/07\/29\/gerson-fala-sobre-a-chegada-de-domenec-torrent-no-flamengo\/#breadcrumb","itemListElement":[{"@type":"ListItem","position":1,"name":"Home","item":"https:\/\/www.gaveanews.com\/"},{"@type":"ListItem","position":2,"name":"Gerson fala sobre a chegada de Dom\u00e8nec Torrent no Flamengo"}]},{"@type":"WebSite","@id":"https:\/\/www.gaveanews.com\/#website","url":"https:\/\/www.gaveanews.com\/","name":"G\u00e1vea News","description":"Veja todas as not\u00edcias sobre o Flamengo: Contrata\u00e7\u00f5es, categorias de base, resultados das partidas, tabela de classifica\u00e7\u00e3o, pr\u00f3ximos jogos!","potentialAction":[{"@type":"SearchAction","target":{"@type":"EntryPoint","urlTemplate":"https:\/\/www.gaveanews.com\/?s={search_term_string}"},"query-input":{"@type":"PropertyValueSpecification","valueRequired":true,"valueName":"search_term_string"}}],"inLanguage":"pt-BR"},{"@type":"Person","@id":"https:\/\/www.gaveanews.com\/#\/schema\/person\/2ec14f73fb96be2caf28f91afb14749d","name":"Equipe G\u00e1vea News","image":{"@type":"ImageObject","inLanguage":"pt-BR","@id":"https:\/\/www.gaveanews.com\/#\/schema\/person\/image\/","url":"https:\/\/secure.gravatar.com\/avatar\/1e1956f1facbffd3f8fa53a326721950116b3b9dc9bd44939c01180fd4a745a9?s=96&d=mm&r=g","contentUrl":"https:\/\/secure.gravatar.com\/avatar\/1e1956f1facbffd3f8fa53a326721950116b3b9dc9bd44939c01180fd4a745a9?s=96&d=mm&r=g","caption":"Equipe G\u00e1vea News"}}]}},"_links":{"self":[{"href":"https:\/\/www.gaveanews.com\/index.php\/wp-json\/wp\/v2\/posts\/44387","targetHints":{"allow":["GET"]}}],"collection":[{"href":"https:\/\/www.gaveanews.com\/index.php\/wp-json\/wp\/v2\/posts"}],"about":[{"href":"https:\/\/www.gaveanews.com\/index.php\/wp-json\/wp\/v2\/types\/post"}],"author":[{"embeddable":true,"href":"https:\/\/www.gaveanews.com\/index.php\/wp-json\/wp\/v2\/users\/1"}],"replies":[{"embeddable":true,"href":"https:\/\/www.gaveanews.com\/index.php\/wp-json\/wp\/v2\/comments?post=44387"}],"version-history":[{"count":1,"href":"https:\/\/www.gaveanews.com\/index.php\/wp-json\/wp\/v2\/posts\/44387\/revisions"}],"predecessor-version":[{"id":136824,"href":"https:\/\/www.gaveanews.com\/index.php\/wp-json\/wp\/v2\/posts\/44387\/revisions\/136824"}],"wp:featuredmedia":[{"embeddable":true,"href":"https:\/\/www.gaveanews.com\/index.php\/wp-json\/wp\/v2\/media\/27872"}],"wp:attachment":[{"href":"https:\/\/www.gaveanews.com\/index.php\/wp-json\/wp\/v2\/media?parent=44387"}],"wp:term":[{"taxonomy":"category","embeddable":true,"href":"https:\/\/www.gaveanews.com\/index.php\/wp-json\/wp\/v2\/categories?post=44387"},{"taxonomy":"post_tag","embeddable":true,"href":"https:\/\/www.gaveanews.com\/index.php\/wp-json\/wp\/v2\/tags?post=44387"}],"curies":[{"name":"wp","href":"https:\/\/api.w.org\/{rel}","templated":true}]}}