{"id":44454,"date":"2020-07-30T15:43:12","date_gmt":"2020-07-30T18:43:12","guid":{"rendered":"https:\/\/www.gaveanews.com\/?p=44454"},"modified":"2020-07-30T15:43:17","modified_gmt":"2020-07-30T18:43:17","slug":"diego-nao-descarta-encerrar-a-carreira-no-flamengo-e-uma-possibilidade","status":"publish","type":"post","link":"https:\/\/www.gaveanews.com\/index.php\/2020\/07\/30\/diego-nao-descarta-encerrar-a-carreira-no-flamengo-e-uma-possibilidade\/","title":{"rendered":"Diego n\u00e3o descarta encerrar a carreira no Flamengo: &#8216;\u00c9 uma possibilidade&#8217;"},"content":{"rendered":"\n<p>Diego Ribas foi uma das primeiras contrata\u00e7\u00f5es de impacto da gest\u00e3o passada, marcada pela reestrutura\u00e7\u00e3o do clube. Com altos e baixos, o camisa 10 vive a expectativa pelas conversas de renova\u00e7\u00e3o de contrato com o Rubro-Negro, a encerrar em dezembro deste ano. Ou n\u00e3o\u2026 Mas &#8220;o cora\u00e7\u00e3o est\u00e1 aberto&#8221; ao Fla.<\/p>\n\n\n\n<p>Em entrevista ao canal &#8220;Barbaridade TV&#8221;, no YouTube, Diego, hoje aos 35 anos, n\u00e3o descartou a possibilidade de encerrar a carreira do Flamengo, clube no qual sente-se &#8220;apaixonado&#8221;.<\/p>\n\n\n\n<p>\u2014 \u00c9 uma possibilidade\u2026 \u00c9 uma possibilidade, sim. Mas, como eu falei, futebol \u00e9 din\u00e2mico. Nem eu mesmo sei mais por quanto tempo vou jogar. Eu sou movido a paix\u00f5es, desafios. Eu cheguei at\u00e9 onde eu cheguei hoje, para poder escolher. Escolher vestir a camisa de um clube que eu me sinta realizado, apaixonado. Por isso que eu digo, o Flamengo vai ser sempre uma possibilidade, o meu cora\u00e7\u00e3o vai estar sempre aberto para o Flamengo.<\/p>\n\n\n\n<p>Ex-Fenerbah\u00e7e-TUR, Diego chegou ao Flamengo em meados de 2016. Ao todo, soma 176 partidas oficiais, com 38 gols. J\u00e1 foi apontado como vil\u00e3o, no vice da Copa do Brasil de 2017, e her\u00f3i, como no t\u00edtulo da Libertadores de 2019, quando fez o lan\u00e7amento memor\u00e1vel para o gol da virada diante do River Plate (2 a 1), marcado por Gabigol, na decis\u00e3o.<\/p>\n\n\n\n<p>Pelo Flamengo, os t\u00edtulos s\u00e3o os seguintes: Carioca (3), Brasileiro, Supercopa do Brasil, Recopa Sul-Americana e Libertadores. A aguardar se o clube, ap\u00f3s a contrata\u00e7\u00e3o do substituto de Jorge Jesus, o procurar\u00e1 para renovar o v\u00ednculo.<\/p>\n\n\n\n<p>Retirado de: Lance<\/p>\n","protected":false},"excerpt":{"rendered":"<p>Diego Ribas foi uma das primeiras contrata\u00e7\u00f5es de impacto da gest\u00e3o passada, marcada pela reestrutura\u00e7\u00e3o do clube. Com altos e baixos, o camisa 10 vive a expectativa pelas conversas de renova\u00e7\u00e3o de contrato com o Rubro-Negro, a encerrar em dezembro deste ano. Ou n\u00e3o\u2026 Mas &#8220;o cora\u00e7\u00e3o est\u00e1 aberto&#8221; ao Fla. Em entrevista ao canal [&hellip;]<\/p>\n","protected":false},"author":1,"featured_media":28888,"comment_status":"open","ping_status":"closed","sticky":false,"template":"","format":"standard","meta":{"footnotes":""},"categories":[1],"tags":[],"class_list":["post-44454","post","type-post","status-publish","format-standard","has-post-thumbnail","hentry","category-flamengo"],"yoast_head":"<!-- This site is optimized with the Yoast SEO Premium plugin v24.2 (Yoast SEO v26.9) - https:\/\/yoast.com\/product\/yoast-seo-premium-wordpress\/ -->\n<title>Diego n\u00e3o descarta encerrar a carreira no Flamengo: &#039;\u00c9 uma possibilidade&#039;<\/title>\n<meta name=\"description\" content=\"Com altos e baixos, o camisa 10 vive a expectativa pelas conversas de renova\u00e7\u00e3o de contrato com o time Mais Querido do Brasil.\" \/>\n<meta name=\"robots\" content=\"index, follow, max-snippet:-1, max-image-preview:large, max-video-preview:-1\" \/>\n<link rel=\"canonical\" href=\"https:\/\/www.gaveanews.com\/index.php\/2020\/07\/30\/diego-nao-descarta-encerrar-a-carreira-no-flamengo-e-uma-possibilidade\/\" \/>\n<meta property=\"og:locale\" content=\"pt_BR\" \/>\n<meta property=\"og:type\" content=\"article\" \/>\n<meta property=\"og:title\" content=\"Diego n\u00e3o descarta encerrar a carreira no Flamengo: &#039;\u00c9 uma possibilidade&#039;\" \/>\n<meta property=\"og:description\" content=\"Com altos e baixos, o camisa 10 vive a expectativa pelas conversas de renova\u00e7\u00e3o de contrato com o time Mais Querido do Brasil.\" \/>\n<meta property=\"og:url\" content=\"https:\/\/www.gaveanews.com\/index.php\/2020\/07\/30\/diego-nao-descarta-encerrar-a-carreira-no-flamengo-e-uma-possibilidade\/\" \/>\n<meta property=\"og:site_name\" content=\"G\u00e1vea News\" \/>\n<meta property=\"article:publisher\" content=\"https:\/\/facebook.com\/gaveaNews\/\" \/>\n<meta property=\"article:published_time\" content=\"2020-07-30T18:43:12+00:00\" \/>\n<meta property=\"article:modified_time\" content=\"2020-07-30T18:43:17+00:00\" \/>\n<meta property=\"og:image\" content=\"https:\/\/www.gaveanews.com\/wp-content\/uploads\/Diego-Ribas-durante-uma-partida-do-Flamengo.webp\" \/>\n\t<meta property=\"og:image:width\" content=\"900\" \/>\n\t<meta property=\"og:image:height\" content=\"600\" \/>\n\t<meta property=\"og:image:type\" content=\"image\/jpeg\" \/>\n<meta name=\"author\" content=\"Equipe G\u00e1vea News\" \/>\n<meta name=\"twitter:card\" content=\"summary_large_image\" \/>\n<meta name=\"twitter:label1\" content=\"Escrito por\" \/>\n\t<meta name=\"twitter:data1\" content=\"Equipe G\u00e1vea News\" \/>\n\t<meta name=\"twitter:label2\" content=\"Est. tempo de leitura\" \/>\n\t<meta name=\"twitter:data2\" content=\"1 minuto\" \/>\n<script type=\"application\/ld+json\" class=\"yoast-schema-graph\">{\"@context\":\"https:\/\/schema.org\",\"@graph\":[{\"@type\":\"NewsArticle\",\"@id\":\"https:\/\/www.gaveanews.com\/index.php\/2020\/07\/30\/diego-nao-descarta-encerrar-a-carreira-no-flamengo-e-uma-possibilidade\/#article\",\"isPartOf\":{\"@id\":\"https:\/\/www.gaveanews.com\/index.php\/2020\/07\/30\/diego-nao-descarta-encerrar-a-carreira-no-flamengo-e-uma-possibilidade\/\"},\"author\":{\"name\":\"Equipe G\u00e1vea News\",\"@id\":\"https:\/\/www.gaveanews.com\/#\/schema\/person\/2ec14f73fb96be2caf28f91afb14749d\"},\"headline\":\"Diego n\u00e3o descarta encerrar a carreira no Flamengo: &#8216;\u00c9 uma possibilidade&#8217;\",\"datePublished\":\"2020-07-30T18:43:12+00:00\",\"dateModified\":\"2020-07-30T18:43:17+00:00\",\"mainEntityOfPage\":{\"@id\":\"https:\/\/www.gaveanews.com\/index.php\/2020\/07\/30\/diego-nao-descarta-encerrar-a-carreira-no-flamengo-e-uma-possibilidade\/\"},\"wordCount\":275,\"commentCount\":12,\"image\":{\"@id\":\"https:\/\/www.gaveanews.com\/index.php\/2020\/07\/30\/diego-nao-descarta-encerrar-a-carreira-no-flamengo-e-uma-possibilidade\/#primaryimage\"},\"thumbnailUrl\":\"https:\/\/www.gaveanews.com\/wp-content\/uploads\/Diego-Ribas-durante-uma-partida-do-Flamengo.webp\",\"articleSection\":[\"Flamengo\"],\"inLanguage\":\"pt-BR\",\"potentialAction\":[{\"@type\":\"CommentAction\",\"name\":\"Comment\",\"target\":[\"https:\/\/www.gaveanews.com\/index.php\/2020\/07\/30\/diego-nao-descarta-encerrar-a-carreira-no-flamengo-e-uma-possibilidade\/#respond\"]}],\"copyrightYear\":\"2020\",\"copyrightHolder\":{\"@id\":\"https:\/\/www.gaveanews.com\/#organization\"}},{\"@type\":\"WebPage\",\"@id\":\"https:\/\/www.gaveanews.com\/index.php\/2020\/07\/30\/diego-nao-descarta-encerrar-a-carreira-no-flamengo-e-uma-possibilidade\/\",\"url\":\"https:\/\/www.gaveanews.com\/index.php\/2020\/07\/30\/diego-nao-descarta-encerrar-a-carreira-no-flamengo-e-uma-possibilidade\/\",\"name\":\"Diego n\u00e3o descarta encerrar a carreira no Flamengo: '\u00c9 uma possibilidade'\",\"isPartOf\":{\"@id\":\"https:\/\/www.gaveanews.com\/#website\"},\"primaryImageOfPage\":{\"@id\":\"https:\/\/www.gaveanews.com\/index.php\/2020\/07\/30\/diego-nao-descarta-encerrar-a-carreira-no-flamengo-e-uma-possibilidade\/#primaryimage\"},\"image\":{\"@id\":\"https:\/\/www.gaveanews.com\/index.php\/2020\/07\/30\/diego-nao-descarta-encerrar-a-carreira-no-flamengo-e-uma-possibilidade\/#primaryimage\"},\"thumbnailUrl\":\"https:\/\/www.gaveanews.com\/wp-content\/uploads\/Diego-Ribas-durante-uma-partida-do-Flamengo.webp\",\"datePublished\":\"2020-07-30T18:43:12+00:00\",\"dateModified\":\"2020-07-30T18:43:17+00:00\",\"author\":{\"@id\":\"https:\/\/www.gaveanews.com\/#\/schema\/person\/2ec14f73fb96be2caf28f91afb14749d\"},\"description\":\"Com altos e baixos, o camisa 10 vive a expectativa pelas conversas de renova\u00e7\u00e3o de contrato com o time Mais Querido do Brasil.\",\"breadcrumb\":{\"@id\":\"https:\/\/www.gaveanews.com\/index.php\/2020\/07\/30\/diego-nao-descarta-encerrar-a-carreira-no-flamengo-e-uma-possibilidade\/#breadcrumb\"},\"inLanguage\":\"pt-BR\",\"potentialAction\":[{\"@type\":\"ReadAction\",\"target\":[\"https:\/\/www.gaveanews.com\/index.php\/2020\/07\/30\/diego-nao-descarta-encerrar-a-carreira-no-flamengo-e-uma-possibilidade\/\"]}]},{\"@type\":\"ImageObject\",\"inLanguage\":\"pt-BR\",\"@id\":\"https:\/\/www.gaveanews.com\/index.php\/2020\/07\/30\/diego-nao-descarta-encerrar-a-carreira-no-flamengo-e-uma-possibilidade\/#primaryimage\",\"url\":\"https:\/\/www.gaveanews.com\/wp-content\/uploads\/Diego-Ribas-durante-uma-partida-do-Flamengo.webp\",\"contentUrl\":\"https:\/\/www.gaveanews.com\/wp-content\/uploads\/Diego-Ribas-durante-uma-partida-do-Flamengo.webp\",\"width\":900,\"height\":600,\"caption\":\"Diego Ribas durante uma partida do Flamengo (Foto: Alexandre Vidal\/Flamengo)\"},{\"@type\":\"BreadcrumbList\",\"@id\":\"https:\/\/www.gaveanews.com\/index.php\/2020\/07\/30\/diego-nao-descarta-encerrar-a-carreira-no-flamengo-e-uma-possibilidade\/#breadcrumb\",\"itemListElement\":[{\"@type\":\"ListItem\",\"position\":1,\"name\":\"Home\",\"item\":\"https:\/\/www.gaveanews.com\/\"},{\"@type\":\"ListItem\",\"position\":2,\"name\":\"Diego n\u00e3o descarta encerrar a carreira no Flamengo: &#8216;\u00c9 uma possibilidade&#8217;\"}]},{\"@type\":\"WebSite\",\"@id\":\"https:\/\/www.gaveanews.com\/#website\",\"url\":\"https:\/\/www.gaveanews.com\/\",\"name\":\"G\u00e1vea News\",\"description\":\"Veja todas as not\u00edcias sobre o Flamengo: Contrata\u00e7\u00f5es, categorias de base, resultados das partidas, tabela de classifica\u00e7\u00e3o, pr\u00f3ximos jogos!\",\"potentialAction\":[{\"@type\":\"SearchAction\",\"target\":{\"@type\":\"EntryPoint\",\"urlTemplate\":\"https:\/\/www.gaveanews.com\/?s={search_term_string}\"},\"query-input\":{\"@type\":\"PropertyValueSpecification\",\"valueRequired\":true,\"valueName\":\"search_term_string\"}}],\"inLanguage\":\"pt-BR\"},{\"@type\":\"Person\",\"@id\":\"https:\/\/www.gaveanews.com\/#\/schema\/person\/2ec14f73fb96be2caf28f91afb14749d\",\"name\":\"Equipe G\u00e1vea News\",\"image\":{\"@type\":\"ImageObject\",\"inLanguage\":\"pt-BR\",\"@id\":\"https:\/\/www.gaveanews.com\/#\/schema\/person\/image\/\",\"url\":\"https:\/\/secure.gravatar.com\/avatar\/1e1956f1facbffd3f8fa53a326721950116b3b9dc9bd44939c01180fd4a745a9?s=96&d=mm&r=g\",\"contentUrl\":\"https:\/\/secure.gravatar.com\/avatar\/1e1956f1facbffd3f8fa53a326721950116b3b9dc9bd44939c01180fd4a745a9?s=96&d=mm&r=g\",\"caption\":\"Equipe G\u00e1vea News\"}}]}<\/script>\n<!-- \/ Yoast SEO Premium plugin. -->","yoast_head_json":{"title":"Diego n\u00e3o descarta encerrar a carreira no Flamengo: '\u00c9 uma possibilidade'","description":"Com altos e baixos, o camisa 10 vive a expectativa pelas conversas de renova\u00e7\u00e3o de contrato com o time Mais Querido do Brasil.","robots":{"index":"index","follow":"follow","max-snippet":"max-snippet:-1","max-image-preview":"max-image-preview:large","max-video-preview":"max-video-preview:-1"},"canonical":"https:\/\/www.gaveanews.com\/index.php\/2020\/07\/30\/diego-nao-descarta-encerrar-a-carreira-no-flamengo-e-uma-possibilidade\/","og_locale":"pt_BR","og_type":"article","og_title":"Diego n\u00e3o descarta encerrar a carreira no Flamengo: '\u00c9 uma possibilidade'","og_description":"Com altos e baixos, o camisa 10 vive a expectativa pelas conversas de renova\u00e7\u00e3o de contrato com o time Mais Querido do Brasil.","og_url":"https:\/\/www.gaveanews.com\/index.php\/2020\/07\/30\/diego-nao-descarta-encerrar-a-carreira-no-flamengo-e-uma-possibilidade\/","og_site_name":"G\u00e1vea News","article_publisher":"https:\/\/facebook.com\/gaveaNews\/","article_published_time":"2020-07-30T18:43:12+00:00","article_modified_time":"2020-07-30T18:43:17+00:00","og_image":[{"width":900,"height":600,"url":"https:\/\/www.gaveanews.com\/wp-content\/uploads\/Diego-Ribas-durante-uma-partida-do-Flamengo.webp","type":"image\/jpeg"}],"author":"Equipe G\u00e1vea News","twitter_card":"summary_large_image","twitter_misc":{"Escrito por":"Equipe G\u00e1vea News","Est. tempo de leitura":"1 minuto"},"schema":{"@context":"https:\/\/schema.org","@graph":[{"@type":"NewsArticle","@id":"https:\/\/www.gaveanews.com\/index.php\/2020\/07\/30\/diego-nao-descarta-encerrar-a-carreira-no-flamengo-e-uma-possibilidade\/#article","isPartOf":{"@id":"https:\/\/www.gaveanews.com\/index.php\/2020\/07\/30\/diego-nao-descarta-encerrar-a-carreira-no-flamengo-e-uma-possibilidade\/"},"author":{"name":"Equipe G\u00e1vea News","@id":"https:\/\/www.gaveanews.com\/#\/schema\/person\/2ec14f73fb96be2caf28f91afb14749d"},"headline":"Diego n\u00e3o descarta encerrar a carreira no Flamengo: &#8216;\u00c9 uma possibilidade&#8217;","datePublished":"2020-07-30T18:43:12+00:00","dateModified":"2020-07-30T18:43:17+00:00","mainEntityOfPage":{"@id":"https:\/\/www.gaveanews.com\/index.php\/2020\/07\/30\/diego-nao-descarta-encerrar-a-carreira-no-flamengo-e-uma-possibilidade\/"},"wordCount":275,"commentCount":12,"image":{"@id":"https:\/\/www.gaveanews.com\/index.php\/2020\/07\/30\/diego-nao-descarta-encerrar-a-carreira-no-flamengo-e-uma-possibilidade\/#primaryimage"},"thumbnailUrl":"https:\/\/www.gaveanews.com\/wp-content\/uploads\/Diego-Ribas-durante-uma-partida-do-Flamengo.webp","articleSection":["Flamengo"],"inLanguage":"pt-BR","potentialAction":[{"@type":"CommentAction","name":"Comment","target":["https:\/\/www.gaveanews.com\/index.php\/2020\/07\/30\/diego-nao-descarta-encerrar-a-carreira-no-flamengo-e-uma-possibilidade\/#respond"]}],"copyrightYear":"2020","copyrightHolder":{"@id":"https:\/\/www.gaveanews.com\/#organization"}},{"@type":"WebPage","@id":"https:\/\/www.gaveanews.com\/index.php\/2020\/07\/30\/diego-nao-descarta-encerrar-a-carreira-no-flamengo-e-uma-possibilidade\/","url":"https:\/\/www.gaveanews.com\/index.php\/2020\/07\/30\/diego-nao-descarta-encerrar-a-carreira-no-flamengo-e-uma-possibilidade\/","name":"Diego n\u00e3o descarta encerrar a carreira no Flamengo: '\u00c9 uma possibilidade'","isPartOf":{"@id":"https:\/\/www.gaveanews.com\/#website"},"primaryImageOfPage":{"@id":"https:\/\/www.gaveanews.com\/index.php\/2020\/07\/30\/diego-nao-descarta-encerrar-a-carreira-no-flamengo-e-uma-possibilidade\/#primaryimage"},"image":{"@id":"https:\/\/www.gaveanews.com\/index.php\/2020\/07\/30\/diego-nao-descarta-encerrar-a-carreira-no-flamengo-e-uma-possibilidade\/#primaryimage"},"thumbnailUrl":"https:\/\/www.gaveanews.com\/wp-content\/uploads\/Diego-Ribas-durante-uma-partida-do-Flamengo.webp","datePublished":"2020-07-30T18:43:12+00:00","dateModified":"2020-07-30T18:43:17+00:00","author":{"@id":"https:\/\/www.gaveanews.com\/#\/schema\/person\/2ec14f73fb96be2caf28f91afb14749d"},"description":"Com altos e baixos, o camisa 10 vive a expectativa pelas conversas de renova\u00e7\u00e3o de contrato com o time Mais Querido do Brasil.","breadcrumb":{"@id":"https:\/\/www.gaveanews.com\/index.php\/2020\/07\/30\/diego-nao-descarta-encerrar-a-carreira-no-flamengo-e-uma-possibilidade\/#breadcrumb"},"inLanguage":"pt-BR","potentialAction":[{"@type":"ReadAction","target":["https:\/\/www.gaveanews.com\/index.php\/2020\/07\/30\/diego-nao-descarta-encerrar-a-carreira-no-flamengo-e-uma-possibilidade\/"]}]},{"@type":"ImageObject","inLanguage":"pt-BR","@id":"https:\/\/www.gaveanews.com\/index.php\/2020\/07\/30\/diego-nao-descarta-encerrar-a-carreira-no-flamengo-e-uma-possibilidade\/#primaryimage","url":"https:\/\/www.gaveanews.com\/wp-content\/uploads\/Diego-Ribas-durante-uma-partida-do-Flamengo.webp","contentUrl":"https:\/\/www.gaveanews.com\/wp-content\/uploads\/Diego-Ribas-durante-uma-partida-do-Flamengo.webp","width":900,"height":600,"caption":"Diego Ribas durante uma partida do Flamengo (Foto: Alexandre Vidal\/Flamengo)"},{"@type":"BreadcrumbList","@id":"https:\/\/www.gaveanews.com\/index.php\/2020\/07\/30\/diego-nao-descarta-encerrar-a-carreira-no-flamengo-e-uma-possibilidade\/#breadcrumb","itemListElement":[{"@type":"ListItem","position":1,"name":"Home","item":"https:\/\/www.gaveanews.com\/"},{"@type":"ListItem","position":2,"name":"Diego n\u00e3o descarta encerrar a carreira no Flamengo: &#8216;\u00c9 uma possibilidade&#8217;"}]},{"@type":"WebSite","@id":"https:\/\/www.gaveanews.com\/#website","url":"https:\/\/www.gaveanews.com\/","name":"G\u00e1vea News","description":"Veja todas as not\u00edcias sobre o Flamengo: Contrata\u00e7\u00f5es, categorias de base, resultados das partidas, tabela de classifica\u00e7\u00e3o, pr\u00f3ximos jogos!","potentialAction":[{"@type":"SearchAction","target":{"@type":"EntryPoint","urlTemplate":"https:\/\/www.gaveanews.com\/?s={search_term_string}"},"query-input":{"@type":"PropertyValueSpecification","valueRequired":true,"valueName":"search_term_string"}}],"inLanguage":"pt-BR"},{"@type":"Person","@id":"https:\/\/www.gaveanews.com\/#\/schema\/person\/2ec14f73fb96be2caf28f91afb14749d","name":"Equipe G\u00e1vea News","image":{"@type":"ImageObject","inLanguage":"pt-BR","@id":"https:\/\/www.gaveanews.com\/#\/schema\/person\/image\/","url":"https:\/\/secure.gravatar.com\/avatar\/1e1956f1facbffd3f8fa53a326721950116b3b9dc9bd44939c01180fd4a745a9?s=96&d=mm&r=g","contentUrl":"https:\/\/secure.gravatar.com\/avatar\/1e1956f1facbffd3f8fa53a326721950116b3b9dc9bd44939c01180fd4a745a9?s=96&d=mm&r=g","caption":"Equipe G\u00e1vea News"}}]}},"_links":{"self":[{"href":"https:\/\/www.gaveanews.com\/index.php\/wp-json\/wp\/v2\/posts\/44454","targetHints":{"allow":["GET"]}}],"collection":[{"href":"https:\/\/www.gaveanews.com\/index.php\/wp-json\/wp\/v2\/posts"}],"about":[{"href":"https:\/\/www.gaveanews.com\/index.php\/wp-json\/wp\/v2\/types\/post"}],"author":[{"embeddable":true,"href":"https:\/\/www.gaveanews.com\/index.php\/wp-json\/wp\/v2\/users\/1"}],"replies":[{"embeddable":true,"href":"https:\/\/www.gaveanews.com\/index.php\/wp-json\/wp\/v2\/comments?post=44454"}],"version-history":[{"count":0,"href":"https:\/\/www.gaveanews.com\/index.php\/wp-json\/wp\/v2\/posts\/44454\/revisions"}],"wp:featuredmedia":[{"embeddable":true,"href":"https:\/\/www.gaveanews.com\/index.php\/wp-json\/wp\/v2\/media\/28888"}],"wp:attachment":[{"href":"https:\/\/www.gaveanews.com\/index.php\/wp-json\/wp\/v2\/media?parent=44454"}],"wp:term":[{"taxonomy":"category","embeddable":true,"href":"https:\/\/www.gaveanews.com\/index.php\/wp-json\/wp\/v2\/categories?post=44454"},{"taxonomy":"post_tag","embeddable":true,"href":"https:\/\/www.gaveanews.com\/index.php\/wp-json\/wp\/v2\/tags?post=44454"}],"curies":[{"name":"wp","href":"https:\/\/api.w.org\/{rel}","templated":true}]}}