{"id":44733,"date":"2020-08-06T21:42:05","date_gmt":"2020-08-07T00:42:05","guid":{"rendered":"https:\/\/www.gaveanews.com\/?p=44733"},"modified":"2020-08-06T21:42:09","modified_gmt":"2020-08-07T00:42:09","slug":"ex-meia-do-flamengo-constroi-casa-para-familia-carente","status":"publish","type":"post","link":"https:\/\/www.gaveanews.com\/index.php\/2020\/08\/06\/ex-meia-do-flamengo-constroi-casa-para-familia-carente\/","title":{"rendered":"Ex-meia do Flamengo constr\u00f3i casa para fam\u00edlia carente"},"content":{"rendered":"\n<p>Foram tr\u00eas meses de sorrisos, planos e ansiedade. O t\u00e3o aguardado momento chegou. O casal e os cinco filhos pequenos &#8220;adotados&#8221; por Ederson, ex-Flamengo, agora s\u00e3o os propriet\u00e1rios de um novo e aconchegante lar. Os dois c\u00f4modos foram transformados em cinco e ainda ganharam \u00e1reas externas na frente e atr\u00e1s. Capricho que gera satisfa\u00e7\u00e3o na fam\u00edlia de Parapu\u00e3 \u2013 interior paulista \u2013 e tamb\u00e9m no filho ilustre da cidade, afinal, como est\u00e1 na passagem b\u00edblica em Atos dos Ap\u00f3stolos: &#8220;H\u00e1 mais felicidade em dar do que em receber&#8221;.<\/p>\n\n\n\n<p>\u2014 A felicidade \u00e9 muito grande, principalmente de ver o sorriso no rosto das crian\u00e7as. \u00c9 algo impag\u00e1vel \u2013 disse o ex-meia.<\/p>\n\n\n\n<p>Ederson conheceu a fam\u00edlia durante uma a\u00e7\u00e3o de arrecada\u00e7\u00e3o de alimentos. Na ocasi\u00e3o, 575 cestas b\u00e1sicas foram doadas a fam\u00edlias de Parapu\u00e3 e cidades vizinhas. Depois de se sensibilizar e decidir reformar a casa parecida com a que morava na inf\u00e2ncia, o ex-atleta viu outras pessoas entrarem no &#8220;jogo do bem&#8221;.<\/p>\n\n\n\n<figure class=\"wp-block-image size-large\"><img decoding=\"async\" src=\"https:\/\/s2.glbimg.com\/wTe7gOCKmoYzRMqv2qxKnE3DRdo=\/0x0:1920x1088\/984x0\/smart\/filters:strip_icc()\/i.s3.glbimg.com\/v1\/AUTH_bc8228b6673f488aa253bbcb03c80ec5\/internal_photos\/bs\/2020\/c\/D\/l0mAnJQjyY9onyX5rd5w\/vt-ederson-cestas-1-.webp\" alt=\"\"\/><figcaption>Ederson, Daiane e pequenos acompanharam o andamento das obras (Foto: TV Fronteira\/Reprodu\u00e7\u00e3o)<\/figcaption><\/figure>\n\n\n\n<p>O empres\u00e1rio Roger de Ruzza Castro doou todas as tintas ap\u00f3s assistir \u00e0 reportagem da TV Fronteira. O pintor Jos\u00e9 Roberto Barrios Favreto n\u00e3o cobrou pela m\u00e3o de obra. J\u00e1 uma loja fez a doa\u00e7\u00e3o de um armarinho e a pedra para a pia do banheiro. Outras ajudas tamb\u00e9m ocorreram. Enquanto a reforma estava em andamento, a fam\u00edlia morou a cerca de 50 metros, em uma casa alugada por Ederson.<\/p>\n\n\n\n<p>\u2014 De vez em quando, eles iam l\u00e1 ver. Est\u00e3o em uma felicidade s\u00f3. Neste per\u00edodo, fui visit\u00e1-los e, quando eu chegava, as crian\u00e7as ficavam todas contentes.<\/p>\n\n\n\n<p>A nova casa do casal Raimundo Nonato Reis dos Santos e Daiane Aparecida dos Santos e dos filhos Alehandro, 7 anos, Victor Daniel, 5, Davi Lucas, 3, Larissa, 2, e Ana Julia, 1, tem sala, cozinha, dois quartos e banheiro. Se a felicidade j\u00e1 \u00e9 grande agora, promete ser maior ainda no final de semana, para quando est\u00e1 prevista a mudan\u00e7a.<\/p>\n\n\n\n<figure class=\"wp-block-image size-large\"><img decoding=\"async\" src=\"https:\/\/s2.glbimg.com\/Om1TAzKnYLPO2VcJrP1HPqVDd78=\/0x0:1280x960\/984x0\/smart\/filters:strip_icc()\/i.s3.glbimg.com\/v1\/AUTH_bc8228b6673f488aa253bbcb03c80ec5\/internal_photos\/bs\/2020\/w\/B\/vtxLlATPajCn6qOU4bkQ\/whatsapp-image-2020-08-05-at-13.10.21.webp\" alt=\"\"\/><figcaption>Resid\u00eancia de fam\u00edlia ganhou \u00e1rea externa na frente (Foto: Ederson)<\/figcaption><\/figure>\n\n\n\n<p>Retirado de: Globo Esporte<\/p>\n","protected":false},"excerpt":{"rendered":"<p>Foram tr\u00eas meses de sorrisos, planos e ansiedade. O t\u00e3o aguardado momento chegou. O casal e os cinco filhos pequenos &#8220;adotados&#8221; por Ederson, ex-Flamengo, agora s\u00e3o os propriet\u00e1rios de um novo e aconchegante lar. Os dois c\u00f4modos foram transformados em cinco e ainda ganharam \u00e1reas externas na frente e atr\u00e1s. Capricho que gera satisfa\u00e7\u00e3o na [&hellip;]<\/p>\n","protected":false},"author":1,"featured_media":15081,"comment_status":"open","ping_status":"closed","sticky":false,"template":"","format":"standard","meta":{"footnotes":""},"categories":[1],"tags":[],"class_list":["post-44733","post","type-post","status-publish","format-standard","has-post-thumbnail","hentry","category-flamengo"],"yoast_head":"<!-- This site is optimized with the Yoast SEO Premium plugin v24.2 (Yoast SEO v26.9) - https:\/\/yoast.com\/product\/yoast-seo-premium-wordpress\/ -->\n<title>Ex-meia do Flamengo constr\u00f3i casa para fam\u00edlia carente<\/title>\n<meta name=\"description\" content=\"&quot;A felicidade \u00e9 muito grande, principalmente de ver o sorriso no rosto das crian\u00e7as. \u00c9 algo impag\u00e1vel&quot;, disse o ex-meia do Flamengo.\" \/>\n<meta name=\"robots\" content=\"index, follow, max-snippet:-1, max-image-preview:large, max-video-preview:-1\" \/>\n<link rel=\"canonical\" href=\"https:\/\/www.gaveanews.com\/index.php\/2020\/08\/06\/ex-meia-do-flamengo-constroi-casa-para-familia-carente\/\" \/>\n<meta property=\"og:locale\" content=\"pt_BR\" \/>\n<meta property=\"og:type\" content=\"article\" \/>\n<meta property=\"og:title\" content=\"Ex-meia do Flamengo constr\u00f3i casa para fam\u00edlia carente\" \/>\n<meta property=\"og:description\" content=\"&quot;A felicidade \u00e9 muito grande, principalmente de ver o sorriso no rosto das crian\u00e7as. \u00c9 algo impag\u00e1vel&quot;, disse o ex-meia do Flamengo.\" \/>\n<meta property=\"og:url\" content=\"https:\/\/www.gaveanews.com\/index.php\/2020\/08\/06\/ex-meia-do-flamengo-constroi-casa-para-familia-carente\/\" \/>\n<meta property=\"og:site_name\" content=\"G\u00e1vea News\" \/>\n<meta property=\"article:publisher\" content=\"https:\/\/facebook.com\/gaveaNews\/\" \/>\n<meta property=\"article:published_time\" content=\"2020-08-07T00:42:05+00:00\" \/>\n<meta property=\"article:modified_time\" content=\"2020-08-07T00:42:09+00:00\" \/>\n<meta property=\"og:image\" content=\"https:\/\/www.gaveanews.com\/wp-content\/uploads\/2019\/03\/Escudo-do-Flamengo-e-exposto-proximo-a-um-dos-gols-no-gramado-do-Maracana.webp\" \/>\n\t<meta property=\"og:image:width\" content=\"1\" \/>\n\t<meta property=\"og:image:height\" content=\"1\" \/>\n\t<meta property=\"og:image:type\" content=\"image\/jpeg\" \/>\n<meta name=\"author\" content=\"Equipe G\u00e1vea News\" \/>\n<meta name=\"twitter:card\" content=\"summary_large_image\" \/>\n<meta name=\"twitter:label1\" content=\"Escrito por\" \/>\n\t<meta name=\"twitter:data1\" content=\"Equipe G\u00e1vea News\" \/>\n\t<meta name=\"twitter:label2\" content=\"Est. tempo de leitura\" \/>\n\t<meta name=\"twitter:data2\" content=\"2 minutos\" \/>\n<script type=\"application\/ld+json\" class=\"yoast-schema-graph\">{\"@context\":\"https:\/\/schema.org\",\"@graph\":[{\"@type\":\"NewsArticle\",\"@id\":\"https:\/\/www.gaveanews.com\/index.php\/2020\/08\/06\/ex-meia-do-flamengo-constroi-casa-para-familia-carente\/#article\",\"isPartOf\":{\"@id\":\"https:\/\/www.gaveanews.com\/index.php\/2020\/08\/06\/ex-meia-do-flamengo-constroi-casa-para-familia-carente\/\"},\"author\":{\"name\":\"Equipe G\u00e1vea News\",\"@id\":\"https:\/\/www.gaveanews.com\/#\/schema\/person\/2ec14f73fb96be2caf28f91afb14749d\"},\"headline\":\"Ex-meia do Flamengo constr\u00f3i casa para fam\u00edlia carente\",\"datePublished\":\"2020-08-07T00:42:05+00:00\",\"dateModified\":\"2020-08-07T00:42:09+00:00\",\"mainEntityOfPage\":{\"@id\":\"https:\/\/www.gaveanews.com\/index.php\/2020\/08\/06\/ex-meia-do-flamengo-constroi-casa-para-familia-carente\/\"},\"wordCount\":375,\"commentCount\":20,\"image\":{\"@id\":\"https:\/\/www.gaveanews.com\/index.php\/2020\/08\/06\/ex-meia-do-flamengo-constroi-casa-para-familia-carente\/#primaryimage\"},\"thumbnailUrl\":\"https:\/\/www.gaveanews.com\/wp-content\/uploads\/2019\/03\/Escudo-do-Flamengo-e-exposto-proximo-a-um-dos-gols-no-gramado-do-Maracana.webp\",\"articleSection\":[\"Flamengo\"],\"inLanguage\":\"pt-BR\",\"potentialAction\":[{\"@type\":\"CommentAction\",\"name\":\"Comment\",\"target\":[\"https:\/\/www.gaveanews.com\/index.php\/2020\/08\/06\/ex-meia-do-flamengo-constroi-casa-para-familia-carente\/#respond\"]}],\"copyrightYear\":\"2020\",\"copyrightHolder\":{\"@id\":\"https:\/\/www.gaveanews.com\/#organization\"}},{\"@type\":\"WebPage\",\"@id\":\"https:\/\/www.gaveanews.com\/index.php\/2020\/08\/06\/ex-meia-do-flamengo-constroi-casa-para-familia-carente\/\",\"url\":\"https:\/\/www.gaveanews.com\/index.php\/2020\/08\/06\/ex-meia-do-flamengo-constroi-casa-para-familia-carente\/\",\"name\":\"Ex-meia do Flamengo constr\u00f3i casa para fam\u00edlia carente\",\"isPartOf\":{\"@id\":\"https:\/\/www.gaveanews.com\/#website\"},\"primaryImageOfPage\":{\"@id\":\"https:\/\/www.gaveanews.com\/index.php\/2020\/08\/06\/ex-meia-do-flamengo-constroi-casa-para-familia-carente\/#primaryimage\"},\"image\":{\"@id\":\"https:\/\/www.gaveanews.com\/index.php\/2020\/08\/06\/ex-meia-do-flamengo-constroi-casa-para-familia-carente\/#primaryimage\"},\"thumbnailUrl\":\"https:\/\/www.gaveanews.com\/wp-content\/uploads\/2019\/03\/Escudo-do-Flamengo-e-exposto-proximo-a-um-dos-gols-no-gramado-do-Maracana.webp\",\"datePublished\":\"2020-08-07T00:42:05+00:00\",\"dateModified\":\"2020-08-07T00:42:09+00:00\",\"author\":{\"@id\":\"https:\/\/www.gaveanews.com\/#\/schema\/person\/2ec14f73fb96be2caf28f91afb14749d\"},\"description\":\"\\\"A felicidade \u00e9 muito grande, principalmente de ver o sorriso no rosto das crian\u00e7as. \u00c9 algo impag\u00e1vel\\\", disse o ex-meia do Flamengo.\",\"breadcrumb\":{\"@id\":\"https:\/\/www.gaveanews.com\/index.php\/2020\/08\/06\/ex-meia-do-flamengo-constroi-casa-para-familia-carente\/#breadcrumb\"},\"inLanguage\":\"pt-BR\",\"potentialAction\":[{\"@type\":\"ReadAction\",\"target\":[\"https:\/\/www.gaveanews.com\/index.php\/2020\/08\/06\/ex-meia-do-flamengo-constroi-casa-para-familia-carente\/\"]}]},{\"@type\":\"ImageObject\",\"inLanguage\":\"pt-BR\",\"@id\":\"https:\/\/www.gaveanews.com\/index.php\/2020\/08\/06\/ex-meia-do-flamengo-constroi-casa-para-familia-carente\/#primaryimage\",\"url\":\"https:\/\/www.gaveanews.com\/wp-content\/uploads\/2019\/03\/Escudo-do-Flamengo-e-exposto-proximo-a-um-dos-gols-no-gramado-do-Maracana.webp\",\"contentUrl\":\"https:\/\/www.gaveanews.com\/wp-content\/uploads\/2019\/03\/Escudo-do-Flamengo-e-exposto-proximo-a-um-dos-gols-no-gramado-do-Maracana.webp\",\"caption\":\"Escudo do Flamengo \u00e9 exposto pr\u00f3ximo a um dos gols, no gramado do Maracan\u00e3 (Foto: Daniel Castelo Branco)\"},{\"@type\":\"BreadcrumbList\",\"@id\":\"https:\/\/www.gaveanews.com\/index.php\/2020\/08\/06\/ex-meia-do-flamengo-constroi-casa-para-familia-carente\/#breadcrumb\",\"itemListElement\":[{\"@type\":\"ListItem\",\"position\":1,\"name\":\"Home\",\"item\":\"https:\/\/www.gaveanews.com\/\"},{\"@type\":\"ListItem\",\"position\":2,\"name\":\"Ex-meia do Flamengo constr\u00f3i casa para fam\u00edlia carente\"}]},{\"@type\":\"WebSite\",\"@id\":\"https:\/\/www.gaveanews.com\/#website\",\"url\":\"https:\/\/www.gaveanews.com\/\",\"name\":\"G\u00e1vea News\",\"description\":\"Veja todas as not\u00edcias sobre o Flamengo: Contrata\u00e7\u00f5es, categorias de base, resultados das partidas, tabela de classifica\u00e7\u00e3o, pr\u00f3ximos jogos!\",\"potentialAction\":[{\"@type\":\"SearchAction\",\"target\":{\"@type\":\"EntryPoint\",\"urlTemplate\":\"https:\/\/www.gaveanews.com\/?s={search_term_string}\"},\"query-input\":{\"@type\":\"PropertyValueSpecification\",\"valueRequired\":true,\"valueName\":\"search_term_string\"}}],\"inLanguage\":\"pt-BR\"},{\"@type\":\"Person\",\"@id\":\"https:\/\/www.gaveanews.com\/#\/schema\/person\/2ec14f73fb96be2caf28f91afb14749d\",\"name\":\"Equipe G\u00e1vea News\",\"image\":{\"@type\":\"ImageObject\",\"inLanguage\":\"pt-BR\",\"@id\":\"https:\/\/www.gaveanews.com\/#\/schema\/person\/image\/\",\"url\":\"https:\/\/secure.gravatar.com\/avatar\/1e1956f1facbffd3f8fa53a326721950116b3b9dc9bd44939c01180fd4a745a9?s=96&d=mm&r=g\",\"contentUrl\":\"https:\/\/secure.gravatar.com\/avatar\/1e1956f1facbffd3f8fa53a326721950116b3b9dc9bd44939c01180fd4a745a9?s=96&d=mm&r=g\",\"caption\":\"Equipe G\u00e1vea News\"}}]}<\/script>\n<!-- \/ Yoast SEO Premium plugin. -->","yoast_head_json":{"title":"Ex-meia do Flamengo constr\u00f3i casa para fam\u00edlia carente","description":"\"A felicidade \u00e9 muito grande, principalmente de ver o sorriso no rosto das crian\u00e7as. \u00c9 algo impag\u00e1vel\", disse o ex-meia do Flamengo.","robots":{"index":"index","follow":"follow","max-snippet":"max-snippet:-1","max-image-preview":"max-image-preview:large","max-video-preview":"max-video-preview:-1"},"canonical":"https:\/\/www.gaveanews.com\/index.php\/2020\/08\/06\/ex-meia-do-flamengo-constroi-casa-para-familia-carente\/","og_locale":"pt_BR","og_type":"article","og_title":"Ex-meia do Flamengo constr\u00f3i casa para fam\u00edlia carente","og_description":"\"A felicidade \u00e9 muito grande, principalmente de ver o sorriso no rosto das crian\u00e7as. \u00c9 algo impag\u00e1vel\", disse o ex-meia do Flamengo.","og_url":"https:\/\/www.gaveanews.com\/index.php\/2020\/08\/06\/ex-meia-do-flamengo-constroi-casa-para-familia-carente\/","og_site_name":"G\u00e1vea News","article_publisher":"https:\/\/facebook.com\/gaveaNews\/","article_published_time":"2020-08-07T00:42:05+00:00","article_modified_time":"2020-08-07T00:42:09+00:00","og_image":[{"url":"https:\/\/www.gaveanews.com\/wp-content\/uploads\/2019\/03\/Escudo-do-Flamengo-e-exposto-proximo-a-um-dos-gols-no-gramado-do-Maracana.webp","width":1,"height":1,"type":"image\/jpeg"}],"author":"Equipe G\u00e1vea News","twitter_card":"summary_large_image","twitter_misc":{"Escrito por":"Equipe G\u00e1vea News","Est. tempo de leitura":"2 minutos"},"schema":{"@context":"https:\/\/schema.org","@graph":[{"@type":"NewsArticle","@id":"https:\/\/www.gaveanews.com\/index.php\/2020\/08\/06\/ex-meia-do-flamengo-constroi-casa-para-familia-carente\/#article","isPartOf":{"@id":"https:\/\/www.gaveanews.com\/index.php\/2020\/08\/06\/ex-meia-do-flamengo-constroi-casa-para-familia-carente\/"},"author":{"name":"Equipe G\u00e1vea News","@id":"https:\/\/www.gaveanews.com\/#\/schema\/person\/2ec14f73fb96be2caf28f91afb14749d"},"headline":"Ex-meia do Flamengo constr\u00f3i casa para fam\u00edlia carente","datePublished":"2020-08-07T00:42:05+00:00","dateModified":"2020-08-07T00:42:09+00:00","mainEntityOfPage":{"@id":"https:\/\/www.gaveanews.com\/index.php\/2020\/08\/06\/ex-meia-do-flamengo-constroi-casa-para-familia-carente\/"},"wordCount":375,"commentCount":20,"image":{"@id":"https:\/\/www.gaveanews.com\/index.php\/2020\/08\/06\/ex-meia-do-flamengo-constroi-casa-para-familia-carente\/#primaryimage"},"thumbnailUrl":"https:\/\/www.gaveanews.com\/wp-content\/uploads\/2019\/03\/Escudo-do-Flamengo-e-exposto-proximo-a-um-dos-gols-no-gramado-do-Maracana.webp","articleSection":["Flamengo"],"inLanguage":"pt-BR","potentialAction":[{"@type":"CommentAction","name":"Comment","target":["https:\/\/www.gaveanews.com\/index.php\/2020\/08\/06\/ex-meia-do-flamengo-constroi-casa-para-familia-carente\/#respond"]}],"copyrightYear":"2020","copyrightHolder":{"@id":"https:\/\/www.gaveanews.com\/#organization"}},{"@type":"WebPage","@id":"https:\/\/www.gaveanews.com\/index.php\/2020\/08\/06\/ex-meia-do-flamengo-constroi-casa-para-familia-carente\/","url":"https:\/\/www.gaveanews.com\/index.php\/2020\/08\/06\/ex-meia-do-flamengo-constroi-casa-para-familia-carente\/","name":"Ex-meia do Flamengo constr\u00f3i casa para fam\u00edlia carente","isPartOf":{"@id":"https:\/\/www.gaveanews.com\/#website"},"primaryImageOfPage":{"@id":"https:\/\/www.gaveanews.com\/index.php\/2020\/08\/06\/ex-meia-do-flamengo-constroi-casa-para-familia-carente\/#primaryimage"},"image":{"@id":"https:\/\/www.gaveanews.com\/index.php\/2020\/08\/06\/ex-meia-do-flamengo-constroi-casa-para-familia-carente\/#primaryimage"},"thumbnailUrl":"https:\/\/www.gaveanews.com\/wp-content\/uploads\/2019\/03\/Escudo-do-Flamengo-e-exposto-proximo-a-um-dos-gols-no-gramado-do-Maracana.webp","datePublished":"2020-08-07T00:42:05+00:00","dateModified":"2020-08-07T00:42:09+00:00","author":{"@id":"https:\/\/www.gaveanews.com\/#\/schema\/person\/2ec14f73fb96be2caf28f91afb14749d"},"description":"\"A felicidade \u00e9 muito grande, principalmente de ver o sorriso no rosto das crian\u00e7as. \u00c9 algo impag\u00e1vel\", disse o ex-meia do Flamengo.","breadcrumb":{"@id":"https:\/\/www.gaveanews.com\/index.php\/2020\/08\/06\/ex-meia-do-flamengo-constroi-casa-para-familia-carente\/#breadcrumb"},"inLanguage":"pt-BR","potentialAction":[{"@type":"ReadAction","target":["https:\/\/www.gaveanews.com\/index.php\/2020\/08\/06\/ex-meia-do-flamengo-constroi-casa-para-familia-carente\/"]}]},{"@type":"ImageObject","inLanguage":"pt-BR","@id":"https:\/\/www.gaveanews.com\/index.php\/2020\/08\/06\/ex-meia-do-flamengo-constroi-casa-para-familia-carente\/#primaryimage","url":"https:\/\/www.gaveanews.com\/wp-content\/uploads\/2019\/03\/Escudo-do-Flamengo-e-exposto-proximo-a-um-dos-gols-no-gramado-do-Maracana.webp","contentUrl":"https:\/\/www.gaveanews.com\/wp-content\/uploads\/2019\/03\/Escudo-do-Flamengo-e-exposto-proximo-a-um-dos-gols-no-gramado-do-Maracana.webp","caption":"Escudo do Flamengo \u00e9 exposto pr\u00f3ximo a um dos gols, no gramado do Maracan\u00e3 (Foto: Daniel Castelo Branco)"},{"@type":"BreadcrumbList","@id":"https:\/\/www.gaveanews.com\/index.php\/2020\/08\/06\/ex-meia-do-flamengo-constroi-casa-para-familia-carente\/#breadcrumb","itemListElement":[{"@type":"ListItem","position":1,"name":"Home","item":"https:\/\/www.gaveanews.com\/"},{"@type":"ListItem","position":2,"name":"Ex-meia do Flamengo constr\u00f3i casa para fam\u00edlia carente"}]},{"@type":"WebSite","@id":"https:\/\/www.gaveanews.com\/#website","url":"https:\/\/www.gaveanews.com\/","name":"G\u00e1vea News","description":"Veja todas as not\u00edcias sobre o Flamengo: Contrata\u00e7\u00f5es, categorias de base, resultados das partidas, tabela de classifica\u00e7\u00e3o, pr\u00f3ximos jogos!","potentialAction":[{"@type":"SearchAction","target":{"@type":"EntryPoint","urlTemplate":"https:\/\/www.gaveanews.com\/?s={search_term_string}"},"query-input":{"@type":"PropertyValueSpecification","valueRequired":true,"valueName":"search_term_string"}}],"inLanguage":"pt-BR"},{"@type":"Person","@id":"https:\/\/www.gaveanews.com\/#\/schema\/person\/2ec14f73fb96be2caf28f91afb14749d","name":"Equipe G\u00e1vea News","image":{"@type":"ImageObject","inLanguage":"pt-BR","@id":"https:\/\/www.gaveanews.com\/#\/schema\/person\/image\/","url":"https:\/\/secure.gravatar.com\/avatar\/1e1956f1facbffd3f8fa53a326721950116b3b9dc9bd44939c01180fd4a745a9?s=96&d=mm&r=g","contentUrl":"https:\/\/secure.gravatar.com\/avatar\/1e1956f1facbffd3f8fa53a326721950116b3b9dc9bd44939c01180fd4a745a9?s=96&d=mm&r=g","caption":"Equipe G\u00e1vea News"}}]}},"_links":{"self":[{"href":"https:\/\/www.gaveanews.com\/index.php\/wp-json\/wp\/v2\/posts\/44733","targetHints":{"allow":["GET"]}}],"collection":[{"href":"https:\/\/www.gaveanews.com\/index.php\/wp-json\/wp\/v2\/posts"}],"about":[{"href":"https:\/\/www.gaveanews.com\/index.php\/wp-json\/wp\/v2\/types\/post"}],"author":[{"embeddable":true,"href":"https:\/\/www.gaveanews.com\/index.php\/wp-json\/wp\/v2\/users\/1"}],"replies":[{"embeddable":true,"href":"https:\/\/www.gaveanews.com\/index.php\/wp-json\/wp\/v2\/comments?post=44733"}],"version-history":[{"count":0,"href":"https:\/\/www.gaveanews.com\/index.php\/wp-json\/wp\/v2\/posts\/44733\/revisions"}],"wp:featuredmedia":[{"embeddable":true,"href":"https:\/\/www.gaveanews.com\/index.php\/wp-json\/wp\/v2\/media\/15081"}],"wp:attachment":[{"href":"https:\/\/www.gaveanews.com\/index.php\/wp-json\/wp\/v2\/media?parent=44733"}],"wp:term":[{"taxonomy":"category","embeddable":true,"href":"https:\/\/www.gaveanews.com\/index.php\/wp-json\/wp\/v2\/categories?post=44733"},{"taxonomy":"post_tag","embeddable":true,"href":"https:\/\/www.gaveanews.com\/index.php\/wp-json\/wp\/v2\/tags?post=44733"}],"curies":[{"name":"wp","href":"https:\/\/api.w.org\/{rel}","templated":true}]}}