{"id":44739,"date":"2020-08-07T00:02:01","date_gmt":"2020-08-07T03:02:01","guid":{"rendered":"https:\/\/www.gaveanews.com\/?p=44739"},"modified":"2020-08-07T00:02:05","modified_gmt":"2020-08-07T03:02:05","slug":"flamengo-contrata-meia-do-corinthians-sem-qualquer-custo","status":"publish","type":"post","link":"https:\/\/www.gaveanews.com\/index.php\/2020\/08\/07\/flamengo-contrata-meia-do-corinthians-sem-qualquer-custo\/","title":{"rendered":"Flamengo contrata meia do Corinthians sem qualquer custo"},"content":{"rendered":"\n<p>A torcida do Flamengo est\u00e1 atenta nos poss\u00edveis refor\u00e7os do clube. O time rubro-negro sabe que n\u00e3o poder\u00e1 fazer grandes investimentos em 2020, j\u00e1 que a pandemia afetou as finan\u00e7as de todos os clubes brasileiros. Diante desta situa\u00e7\u00e3o, a diretoria do Flamengo contratou uma grande promessa do Corinthians.<\/p>\n\n\n\n<p>Segundo informa\u00e7\u00f5es divulgadas pelo jornalista Jorge Nicola, Danilo Silva, meia de apenas 18 anos de idade que defendia as cores do Corinthians desde 2016, \u00e9 muito vers\u00e1til, podendo trabalhar como camisa 10 ou aberto pelas pontas.<\/p>\n\n\n\n<p>Danilo foi um dos grandes destaques do Corinthians no Campeonato Brasileiro sub-17, sendo o capit\u00e3o do time. O jogador foi contratado pelo Flamengo completamente de gra\u00e7a. Isso porque, o seu v\u00ednculo com o time paulista chegou ao fim, mas n\u00e3o foi renovado. <\/p>\n\n\n\n<figure class=\"wp-block-image size-large\"><img decoding=\"async\" src=\"https:\/\/www.flaresenha.com\/wp-content\/uploads\/2020\/08\/danilo-silva-corinthians.webp\" alt=\"\"\/><\/figure>\n\n\n\n<p>Ele recebeu muitas ofertas, podendo at\u00e9 atuar fora do pa\u00eds, entretanto, ele e o seu empres\u00e1rio entenderam que o Fla seria a melhor op\u00e7\u00e3o, podendo chegar ao time profissional em um futuro pr\u00f3ximo. Vale lembrar que o Corinthians vive uma situa\u00e7\u00e3o financeira muito complicada e, por conta disso, algumas j\u00f3ias das categorias de base poder\u00e3o acabar deixando o clube.<\/p>\n\n\n\n<p>Retirado de: Fla Hoje<\/p>\n","protected":false},"excerpt":{"rendered":"<p>A torcida do Flamengo est\u00e1 atenta nos poss\u00edveis refor\u00e7os do clube. O time rubro-negro sabe que n\u00e3o poder\u00e1 fazer grandes investimentos em 2020, j\u00e1 que a pandemia afetou as finan\u00e7as de todos os clubes brasileiros. Diante desta situa\u00e7\u00e3o, a diretoria do Flamengo contratou uma grande promessa do Corinthians. Segundo informa\u00e7\u00f5es divulgadas pelo jornalista Jorge Nicola, [&hellip;]<\/p>\n","protected":false},"author":1,"featured_media":15081,"comment_status":"open","ping_status":"closed","sticky":false,"template":"","format":"standard","meta":{"footnotes":""},"categories":[47],"tags":[],"class_list":["post-44739","post","type-post","status-publish","format-standard","has-post-thumbnail","hentry","category-destaques"],"yoast_head":"<!-- This site is optimized with the Yoast SEO Premium plugin v24.2 (Yoast SEO v26.9) - https:\/\/yoast.com\/product\/yoast-seo-premium-wordpress\/ -->\n<title>Flamengo contrata meia do Corinthians sem qualquer custo<\/title>\n<meta name=\"description\" content=\"Ele recebeu muitas ofertas, podendo at\u00e9 atuar fora do pa\u00eds, entretanto, ele e o seu empres\u00e1rio entenderam que o Fla seria a melhor op\u00e7\u00e3o.\" \/>\n<meta name=\"robots\" content=\"index, follow, max-snippet:-1, max-image-preview:large, max-video-preview:-1\" \/>\n<link rel=\"canonical\" href=\"https:\/\/www.gaveanews.com\/index.php\/2020\/08\/07\/flamengo-contrata-meia-do-corinthians-sem-qualquer-custo\/\" \/>\n<meta property=\"og:locale\" content=\"pt_BR\" \/>\n<meta property=\"og:type\" content=\"article\" \/>\n<meta property=\"og:title\" content=\"Flamengo contrata meia do Corinthians sem qualquer custo\" \/>\n<meta property=\"og:description\" content=\"Ele recebeu muitas ofertas, podendo at\u00e9 atuar fora do pa\u00eds, entretanto, ele e o seu empres\u00e1rio entenderam que o Fla seria a melhor op\u00e7\u00e3o.\" \/>\n<meta property=\"og:url\" content=\"https:\/\/www.gaveanews.com\/index.php\/2020\/08\/07\/flamengo-contrata-meia-do-corinthians-sem-qualquer-custo\/\" \/>\n<meta property=\"og:site_name\" content=\"G\u00e1vea News\" \/>\n<meta property=\"article:publisher\" content=\"https:\/\/facebook.com\/gaveaNews\/\" \/>\n<meta property=\"article:published_time\" content=\"2020-08-07T03:02:01+00:00\" \/>\n<meta property=\"article:modified_time\" content=\"2020-08-07T03:02:05+00:00\" \/>\n<meta property=\"og:image\" content=\"https:\/\/www.gaveanews.com\/wp-content\/uploads\/2019\/03\/Escudo-do-Flamengo-e-exposto-proximo-a-um-dos-gols-no-gramado-do-Maracana.webp\" \/>\n\t<meta property=\"og:image:width\" content=\"1\" \/>\n\t<meta property=\"og:image:height\" content=\"1\" \/>\n\t<meta property=\"og:image:type\" content=\"image\/jpeg\" \/>\n<meta name=\"author\" content=\"Equipe G\u00e1vea News\" \/>\n<meta name=\"twitter:card\" content=\"summary_large_image\" \/>\n<meta name=\"twitter:label1\" content=\"Escrito por\" \/>\n\t<meta name=\"twitter:data1\" content=\"Equipe G\u00e1vea News\" \/>\n\t<meta name=\"twitter:label2\" content=\"Est. tempo de leitura\" \/>\n\t<meta name=\"twitter:data2\" content=\"1 minuto\" \/>\n<script type=\"application\/ld+json\" class=\"yoast-schema-graph\">{\"@context\":\"https:\/\/schema.org\",\"@graph\":[{\"@type\":\"NewsArticle\",\"@id\":\"https:\/\/www.gaveanews.com\/index.php\/2020\/08\/07\/flamengo-contrata-meia-do-corinthians-sem-qualquer-custo\/#article\",\"isPartOf\":{\"@id\":\"https:\/\/www.gaveanews.com\/index.php\/2020\/08\/07\/flamengo-contrata-meia-do-corinthians-sem-qualquer-custo\/\"},\"author\":{\"name\":\"Equipe G\u00e1vea News\",\"@id\":\"https:\/\/www.gaveanews.com\/#\/schema\/person\/2ec14f73fb96be2caf28f91afb14749d\"},\"headline\":\"Flamengo contrata meia do Corinthians sem qualquer custo\",\"datePublished\":\"2020-08-07T03:02:01+00:00\",\"dateModified\":\"2020-08-07T03:02:05+00:00\",\"mainEntityOfPage\":{\"@id\":\"https:\/\/www.gaveanews.com\/index.php\/2020\/08\/07\/flamengo-contrata-meia-do-corinthians-sem-qualquer-custo\/\"},\"wordCount\":210,\"commentCount\":8,\"image\":{\"@id\":\"https:\/\/www.gaveanews.com\/index.php\/2020\/08\/07\/flamengo-contrata-meia-do-corinthians-sem-qualquer-custo\/#primaryimage\"},\"thumbnailUrl\":\"https:\/\/www.gaveanews.com\/wp-content\/uploads\/2019\/03\/Escudo-do-Flamengo-e-exposto-proximo-a-um-dos-gols-no-gramado-do-Maracana.webp\",\"articleSection\":[\"Destaques\"],\"inLanguage\":\"pt-BR\",\"potentialAction\":[{\"@type\":\"CommentAction\",\"name\":\"Comment\",\"target\":[\"https:\/\/www.gaveanews.com\/index.php\/2020\/08\/07\/flamengo-contrata-meia-do-corinthians-sem-qualquer-custo\/#respond\"]}],\"copyrightYear\":\"2020\",\"copyrightHolder\":{\"@id\":\"https:\/\/www.gaveanews.com\/#organization\"}},{\"@type\":\"WebPage\",\"@id\":\"https:\/\/www.gaveanews.com\/index.php\/2020\/08\/07\/flamengo-contrata-meia-do-corinthians-sem-qualquer-custo\/\",\"url\":\"https:\/\/www.gaveanews.com\/index.php\/2020\/08\/07\/flamengo-contrata-meia-do-corinthians-sem-qualquer-custo\/\",\"name\":\"Flamengo contrata meia do Corinthians sem qualquer custo\",\"isPartOf\":{\"@id\":\"https:\/\/www.gaveanews.com\/#website\"},\"primaryImageOfPage\":{\"@id\":\"https:\/\/www.gaveanews.com\/index.php\/2020\/08\/07\/flamengo-contrata-meia-do-corinthians-sem-qualquer-custo\/#primaryimage\"},\"image\":{\"@id\":\"https:\/\/www.gaveanews.com\/index.php\/2020\/08\/07\/flamengo-contrata-meia-do-corinthians-sem-qualquer-custo\/#primaryimage\"},\"thumbnailUrl\":\"https:\/\/www.gaveanews.com\/wp-content\/uploads\/2019\/03\/Escudo-do-Flamengo-e-exposto-proximo-a-um-dos-gols-no-gramado-do-Maracana.webp\",\"datePublished\":\"2020-08-07T03:02:01+00:00\",\"dateModified\":\"2020-08-07T03:02:05+00:00\",\"author\":{\"@id\":\"https:\/\/www.gaveanews.com\/#\/schema\/person\/2ec14f73fb96be2caf28f91afb14749d\"},\"description\":\"Ele recebeu muitas ofertas, podendo at\u00e9 atuar fora do pa\u00eds, entretanto, ele e o seu empres\u00e1rio entenderam que o Fla seria a melhor op\u00e7\u00e3o.\",\"breadcrumb\":{\"@id\":\"https:\/\/www.gaveanews.com\/index.php\/2020\/08\/07\/flamengo-contrata-meia-do-corinthians-sem-qualquer-custo\/#breadcrumb\"},\"inLanguage\":\"pt-BR\",\"potentialAction\":[{\"@type\":\"ReadAction\",\"target\":[\"https:\/\/www.gaveanews.com\/index.php\/2020\/08\/07\/flamengo-contrata-meia-do-corinthians-sem-qualquer-custo\/\"]}]},{\"@type\":\"ImageObject\",\"inLanguage\":\"pt-BR\",\"@id\":\"https:\/\/www.gaveanews.com\/index.php\/2020\/08\/07\/flamengo-contrata-meia-do-corinthians-sem-qualquer-custo\/#primaryimage\",\"url\":\"https:\/\/www.gaveanews.com\/wp-content\/uploads\/2019\/03\/Escudo-do-Flamengo-e-exposto-proximo-a-um-dos-gols-no-gramado-do-Maracana.webp\",\"contentUrl\":\"https:\/\/www.gaveanews.com\/wp-content\/uploads\/2019\/03\/Escudo-do-Flamengo-e-exposto-proximo-a-um-dos-gols-no-gramado-do-Maracana.webp\",\"caption\":\"Escudo do Flamengo \u00e9 exposto pr\u00f3ximo a um dos gols, no gramado do Maracan\u00e3 (Foto: Daniel Castelo Branco)\"},{\"@type\":\"BreadcrumbList\",\"@id\":\"https:\/\/www.gaveanews.com\/index.php\/2020\/08\/07\/flamengo-contrata-meia-do-corinthians-sem-qualquer-custo\/#breadcrumb\",\"itemListElement\":[{\"@type\":\"ListItem\",\"position\":1,\"name\":\"Home\",\"item\":\"https:\/\/www.gaveanews.com\/\"},{\"@type\":\"ListItem\",\"position\":2,\"name\":\"Flamengo contrata meia do Corinthians sem qualquer custo\"}]},{\"@type\":\"WebSite\",\"@id\":\"https:\/\/www.gaveanews.com\/#website\",\"url\":\"https:\/\/www.gaveanews.com\/\",\"name\":\"G\u00e1vea News\",\"description\":\"Veja todas as not\u00edcias sobre o Flamengo: Contrata\u00e7\u00f5es, categorias de base, resultados das partidas, tabela de classifica\u00e7\u00e3o, pr\u00f3ximos jogos!\",\"potentialAction\":[{\"@type\":\"SearchAction\",\"target\":{\"@type\":\"EntryPoint\",\"urlTemplate\":\"https:\/\/www.gaveanews.com\/?s={search_term_string}\"},\"query-input\":{\"@type\":\"PropertyValueSpecification\",\"valueRequired\":true,\"valueName\":\"search_term_string\"}}],\"inLanguage\":\"pt-BR\"},{\"@type\":\"Person\",\"@id\":\"https:\/\/www.gaveanews.com\/#\/schema\/person\/2ec14f73fb96be2caf28f91afb14749d\",\"name\":\"Equipe G\u00e1vea News\",\"image\":{\"@type\":\"ImageObject\",\"inLanguage\":\"pt-BR\",\"@id\":\"https:\/\/www.gaveanews.com\/#\/schema\/person\/image\/\",\"url\":\"https:\/\/secure.gravatar.com\/avatar\/1e1956f1facbffd3f8fa53a326721950116b3b9dc9bd44939c01180fd4a745a9?s=96&d=mm&r=g\",\"contentUrl\":\"https:\/\/secure.gravatar.com\/avatar\/1e1956f1facbffd3f8fa53a326721950116b3b9dc9bd44939c01180fd4a745a9?s=96&d=mm&r=g\",\"caption\":\"Equipe G\u00e1vea News\"}}]}<\/script>\n<!-- \/ Yoast SEO Premium plugin. -->","yoast_head_json":{"title":"Flamengo contrata meia do Corinthians sem qualquer custo","description":"Ele recebeu muitas ofertas, podendo at\u00e9 atuar fora do pa\u00eds, entretanto, ele e o seu empres\u00e1rio entenderam que o Fla seria a melhor op\u00e7\u00e3o.","robots":{"index":"index","follow":"follow","max-snippet":"max-snippet:-1","max-image-preview":"max-image-preview:large","max-video-preview":"max-video-preview:-1"},"canonical":"https:\/\/www.gaveanews.com\/index.php\/2020\/08\/07\/flamengo-contrata-meia-do-corinthians-sem-qualquer-custo\/","og_locale":"pt_BR","og_type":"article","og_title":"Flamengo contrata meia do Corinthians sem qualquer custo","og_description":"Ele recebeu muitas ofertas, podendo at\u00e9 atuar fora do pa\u00eds, entretanto, ele e o seu empres\u00e1rio entenderam que o Fla seria a melhor op\u00e7\u00e3o.","og_url":"https:\/\/www.gaveanews.com\/index.php\/2020\/08\/07\/flamengo-contrata-meia-do-corinthians-sem-qualquer-custo\/","og_site_name":"G\u00e1vea News","article_publisher":"https:\/\/facebook.com\/gaveaNews\/","article_published_time":"2020-08-07T03:02:01+00:00","article_modified_time":"2020-08-07T03:02:05+00:00","og_image":[{"url":"https:\/\/www.gaveanews.com\/wp-content\/uploads\/2019\/03\/Escudo-do-Flamengo-e-exposto-proximo-a-um-dos-gols-no-gramado-do-Maracana.webp","width":1,"height":1,"type":"image\/jpeg"}],"author":"Equipe G\u00e1vea News","twitter_card":"summary_large_image","twitter_misc":{"Escrito por":"Equipe G\u00e1vea News","Est. tempo de leitura":"1 minuto"},"schema":{"@context":"https:\/\/schema.org","@graph":[{"@type":"NewsArticle","@id":"https:\/\/www.gaveanews.com\/index.php\/2020\/08\/07\/flamengo-contrata-meia-do-corinthians-sem-qualquer-custo\/#article","isPartOf":{"@id":"https:\/\/www.gaveanews.com\/index.php\/2020\/08\/07\/flamengo-contrata-meia-do-corinthians-sem-qualquer-custo\/"},"author":{"name":"Equipe G\u00e1vea News","@id":"https:\/\/www.gaveanews.com\/#\/schema\/person\/2ec14f73fb96be2caf28f91afb14749d"},"headline":"Flamengo contrata meia do Corinthians sem qualquer custo","datePublished":"2020-08-07T03:02:01+00:00","dateModified":"2020-08-07T03:02:05+00:00","mainEntityOfPage":{"@id":"https:\/\/www.gaveanews.com\/index.php\/2020\/08\/07\/flamengo-contrata-meia-do-corinthians-sem-qualquer-custo\/"},"wordCount":210,"commentCount":8,"image":{"@id":"https:\/\/www.gaveanews.com\/index.php\/2020\/08\/07\/flamengo-contrata-meia-do-corinthians-sem-qualquer-custo\/#primaryimage"},"thumbnailUrl":"https:\/\/www.gaveanews.com\/wp-content\/uploads\/2019\/03\/Escudo-do-Flamengo-e-exposto-proximo-a-um-dos-gols-no-gramado-do-Maracana.webp","articleSection":["Destaques"],"inLanguage":"pt-BR","potentialAction":[{"@type":"CommentAction","name":"Comment","target":["https:\/\/www.gaveanews.com\/index.php\/2020\/08\/07\/flamengo-contrata-meia-do-corinthians-sem-qualquer-custo\/#respond"]}],"copyrightYear":"2020","copyrightHolder":{"@id":"https:\/\/www.gaveanews.com\/#organization"}},{"@type":"WebPage","@id":"https:\/\/www.gaveanews.com\/index.php\/2020\/08\/07\/flamengo-contrata-meia-do-corinthians-sem-qualquer-custo\/","url":"https:\/\/www.gaveanews.com\/index.php\/2020\/08\/07\/flamengo-contrata-meia-do-corinthians-sem-qualquer-custo\/","name":"Flamengo contrata meia do Corinthians sem qualquer custo","isPartOf":{"@id":"https:\/\/www.gaveanews.com\/#website"},"primaryImageOfPage":{"@id":"https:\/\/www.gaveanews.com\/index.php\/2020\/08\/07\/flamengo-contrata-meia-do-corinthians-sem-qualquer-custo\/#primaryimage"},"image":{"@id":"https:\/\/www.gaveanews.com\/index.php\/2020\/08\/07\/flamengo-contrata-meia-do-corinthians-sem-qualquer-custo\/#primaryimage"},"thumbnailUrl":"https:\/\/www.gaveanews.com\/wp-content\/uploads\/2019\/03\/Escudo-do-Flamengo-e-exposto-proximo-a-um-dos-gols-no-gramado-do-Maracana.webp","datePublished":"2020-08-07T03:02:01+00:00","dateModified":"2020-08-07T03:02:05+00:00","author":{"@id":"https:\/\/www.gaveanews.com\/#\/schema\/person\/2ec14f73fb96be2caf28f91afb14749d"},"description":"Ele recebeu muitas ofertas, podendo at\u00e9 atuar fora do pa\u00eds, entretanto, ele e o seu empres\u00e1rio entenderam que o Fla seria a melhor op\u00e7\u00e3o.","breadcrumb":{"@id":"https:\/\/www.gaveanews.com\/index.php\/2020\/08\/07\/flamengo-contrata-meia-do-corinthians-sem-qualquer-custo\/#breadcrumb"},"inLanguage":"pt-BR","potentialAction":[{"@type":"ReadAction","target":["https:\/\/www.gaveanews.com\/index.php\/2020\/08\/07\/flamengo-contrata-meia-do-corinthians-sem-qualquer-custo\/"]}]},{"@type":"ImageObject","inLanguage":"pt-BR","@id":"https:\/\/www.gaveanews.com\/index.php\/2020\/08\/07\/flamengo-contrata-meia-do-corinthians-sem-qualquer-custo\/#primaryimage","url":"https:\/\/www.gaveanews.com\/wp-content\/uploads\/2019\/03\/Escudo-do-Flamengo-e-exposto-proximo-a-um-dos-gols-no-gramado-do-Maracana.webp","contentUrl":"https:\/\/www.gaveanews.com\/wp-content\/uploads\/2019\/03\/Escudo-do-Flamengo-e-exposto-proximo-a-um-dos-gols-no-gramado-do-Maracana.webp","caption":"Escudo do Flamengo \u00e9 exposto pr\u00f3ximo a um dos gols, no gramado do Maracan\u00e3 (Foto: Daniel Castelo Branco)"},{"@type":"BreadcrumbList","@id":"https:\/\/www.gaveanews.com\/index.php\/2020\/08\/07\/flamengo-contrata-meia-do-corinthians-sem-qualquer-custo\/#breadcrumb","itemListElement":[{"@type":"ListItem","position":1,"name":"Home","item":"https:\/\/www.gaveanews.com\/"},{"@type":"ListItem","position":2,"name":"Flamengo contrata meia do Corinthians sem qualquer custo"}]},{"@type":"WebSite","@id":"https:\/\/www.gaveanews.com\/#website","url":"https:\/\/www.gaveanews.com\/","name":"G\u00e1vea News","description":"Veja todas as not\u00edcias sobre o Flamengo: Contrata\u00e7\u00f5es, categorias de base, resultados das partidas, tabela de classifica\u00e7\u00e3o, pr\u00f3ximos jogos!","potentialAction":[{"@type":"SearchAction","target":{"@type":"EntryPoint","urlTemplate":"https:\/\/www.gaveanews.com\/?s={search_term_string}"},"query-input":{"@type":"PropertyValueSpecification","valueRequired":true,"valueName":"search_term_string"}}],"inLanguage":"pt-BR"},{"@type":"Person","@id":"https:\/\/www.gaveanews.com\/#\/schema\/person\/2ec14f73fb96be2caf28f91afb14749d","name":"Equipe G\u00e1vea News","image":{"@type":"ImageObject","inLanguage":"pt-BR","@id":"https:\/\/www.gaveanews.com\/#\/schema\/person\/image\/","url":"https:\/\/secure.gravatar.com\/avatar\/1e1956f1facbffd3f8fa53a326721950116b3b9dc9bd44939c01180fd4a745a9?s=96&d=mm&r=g","contentUrl":"https:\/\/secure.gravatar.com\/avatar\/1e1956f1facbffd3f8fa53a326721950116b3b9dc9bd44939c01180fd4a745a9?s=96&d=mm&r=g","caption":"Equipe G\u00e1vea News"}}]}},"_links":{"self":[{"href":"https:\/\/www.gaveanews.com\/index.php\/wp-json\/wp\/v2\/posts\/44739","targetHints":{"allow":["GET"]}}],"collection":[{"href":"https:\/\/www.gaveanews.com\/index.php\/wp-json\/wp\/v2\/posts"}],"about":[{"href":"https:\/\/www.gaveanews.com\/index.php\/wp-json\/wp\/v2\/types\/post"}],"author":[{"embeddable":true,"href":"https:\/\/www.gaveanews.com\/index.php\/wp-json\/wp\/v2\/users\/1"}],"replies":[{"embeddable":true,"href":"https:\/\/www.gaveanews.com\/index.php\/wp-json\/wp\/v2\/comments?post=44739"}],"version-history":[{"count":0,"href":"https:\/\/www.gaveanews.com\/index.php\/wp-json\/wp\/v2\/posts\/44739\/revisions"}],"wp:featuredmedia":[{"embeddable":true,"href":"https:\/\/www.gaveanews.com\/index.php\/wp-json\/wp\/v2\/media\/15081"}],"wp:attachment":[{"href":"https:\/\/www.gaveanews.com\/index.php\/wp-json\/wp\/v2\/media?parent=44739"}],"wp:term":[{"taxonomy":"category","embeddable":true,"href":"https:\/\/www.gaveanews.com\/index.php\/wp-json\/wp\/v2\/categories?post=44739"},{"taxonomy":"post_tag","embeddable":true,"href":"https:\/\/www.gaveanews.com\/index.php\/wp-json\/wp\/v2\/tags?post=44739"}],"curies":[{"name":"wp","href":"https:\/\/api.w.org\/{rel}","templated":true}]}}