{"id":44776,"date":"2020-08-07T18:39:40","date_gmt":"2020-08-07T21:39:40","guid":{"rendered":"https:\/\/www.gaveanews.com\/?p=44776"},"modified":"2020-08-07T18:40:36","modified_gmt":"2020-08-07T21:40:36","slug":"antes-de-estrear-no-profissional-destaque-da-base-do-flamengo-sera-negociado-com-o-city","status":"publish","type":"post","link":"https:\/\/www.gaveanews.com\/index.php\/2020\/08\/07\/antes-de-estrear-no-profissional-destaque-da-base-do-flamengo-sera-negociado-com-o-city\/","title":{"rendered":"Antes de estrear no profissional, destaque da base do Flamengo ser\u00e1 negociado com o City"},"content":{"rendered":"\n<p>O Flamengo est\u00e1 pr\u00f3ximo de acertar a venda do lateral-esquerdo Caio Roque, de 18 anos, para o Grupo City. <\/p>\n\n\n\n<p>As negocia\u00e7\u00f5es est\u00e3o avan\u00e7adas e h\u00e1 chance de a jovem promessa fazer exames na pr\u00f3xima semana e assinar contrato de cinco anos. A reportagem n\u00e3o teve acesso aos valores da transa\u00e7\u00e3o, mas uma fonte ligada ao Rubro-Negro disse que o montante &#8220;\u00e9 satisfat\u00f3rio&#8221;.<\/p>\n\n\n\n<p>Os representantes do jogador, que s\u00e3o da empresa Pro Manager Sports, foram procurados, mas n\u00e3o retornaram at\u00e9 o momento. Ainda segundo essa pessoa do Flamengo, que pediu para n\u00e3o ser identificada, a ideia do Grupo City \u00e9 botar Caio Roque em um dos times que pertence ao clube ingl\u00eas, e, a princ\u00edpio, o jovem lateral vai para o Lommel SK, da B\u00e9lgica.<\/p>\n\n\n\n<p>O Grupo City atualmente tem nove clubes: Manchester City (Inglaterra), New York City (EUA), Melbourne City (Austr\u00e1lia), Yokohama Marinos (Jap\u00e3o), Girona (Espanha), Sichuan Jiuniu (China), Mumbai City (\u00cdndia), Montevideo City Torque (Uruguai) e Lommel SK (B\u00e9lgica).<\/p>\n\n\n\n<p>Retirado de: O Dia<\/p>\n","protected":false},"excerpt":{"rendered":"<p>O Flamengo est\u00e1 pr\u00f3ximo de acertar a venda do lateral-esquerdo Caio Roque, de 18 anos, para o Grupo City. As negocia\u00e7\u00f5es est\u00e3o avan\u00e7adas e h\u00e1 chance de a jovem promessa fazer exames na pr\u00f3xima semana e assinar contrato de cinco anos. A reportagem n\u00e3o teve acesso aos valores da transa\u00e7\u00e3o, mas uma fonte ligada ao [&hellip;]<\/p>\n","protected":false},"author":1,"featured_media":41247,"comment_status":"open","ping_status":"closed","sticky":false,"template":"","format":"standard","meta":{"footnotes":""},"categories":[1],"tags":[],"class_list":["post-44776","post","type-post","status-publish","format-standard","has-post-thumbnail","hentry","category-flamengo"],"yoast_head":"<!-- This site is optimized with the Yoast SEO Premium plugin v24.2 (Yoast SEO v26.9) - https:\/\/yoast.com\/product\/yoast-seo-premium-wordpress\/ -->\n<title>Destaque da base do Flamengo ser\u00e1 negociado com o City<\/title>\n<meta name=\"description\" content=\"As negocia\u00e7\u00f5es est\u00e3o avan\u00e7adas e h\u00e1 chance de a jovem promessa fazer exames na pr\u00f3xima semana e assinar contrato de cinco anos.\" \/>\n<meta name=\"robots\" content=\"index, follow, max-snippet:-1, max-image-preview:large, max-video-preview:-1\" \/>\n<link rel=\"canonical\" href=\"https:\/\/www.gaveanews.com\/index.php\/2020\/08\/07\/antes-de-estrear-no-profissional-destaque-da-base-do-flamengo-sera-negociado-com-o-city\/\" \/>\n<meta property=\"og:locale\" content=\"pt_BR\" \/>\n<meta property=\"og:type\" content=\"article\" \/>\n<meta property=\"og:title\" content=\"Antes de estrear no profissional, destaque da base do Flamengo ser\u00e1 negociado com o City\" \/>\n<meta property=\"og:description\" content=\"As negocia\u00e7\u00f5es est\u00e3o avan\u00e7adas e h\u00e1 chance de a jovem promessa fazer exames na pr\u00f3xima semana e assinar contrato de cinco anos.\" \/>\n<meta property=\"og:url\" content=\"https:\/\/www.gaveanews.com\/index.php\/2020\/08\/07\/antes-de-estrear-no-profissional-destaque-da-base-do-flamengo-sera-negociado-com-o-city\/\" \/>\n<meta property=\"og:site_name\" content=\"G\u00e1vea News\" \/>\n<meta property=\"article:publisher\" content=\"https:\/\/facebook.com\/gaveaNews\/\" \/>\n<meta property=\"article:published_time\" content=\"2020-08-07T21:39:40+00:00\" \/>\n<meta property=\"article:modified_time\" content=\"2020-08-07T21:40:36+00:00\" \/>\n<meta property=\"og:image\" content=\"https:\/\/www.gaveanews.com\/wp-content\/uploads\/Caio-Roque-em-acao-pelo-Flamengo-no-Maracana.webp\" \/>\n\t<meta property=\"og:image:width\" content=\"1\" \/>\n\t<meta property=\"og:image:height\" content=\"1\" \/>\n\t<meta property=\"og:image:type\" content=\"image\/jpeg\" \/>\n<meta name=\"author\" content=\"Equipe G\u00e1vea News\" \/>\n<meta name=\"twitter:card\" content=\"summary_large_image\" \/>\n<meta name=\"twitter:label1\" content=\"Escrito por\" \/>\n\t<meta name=\"twitter:data1\" content=\"Equipe G\u00e1vea News\" \/>\n\t<meta name=\"twitter:label2\" content=\"Est. tempo de leitura\" \/>\n\t<meta name=\"twitter:data2\" content=\"1 minuto\" \/>\n<script type=\"application\/ld+json\" class=\"yoast-schema-graph\">{\"@context\":\"https:\/\/schema.org\",\"@graph\":[{\"@type\":\"NewsArticle\",\"@id\":\"https:\/\/www.gaveanews.com\/index.php\/2020\/08\/07\/antes-de-estrear-no-profissional-destaque-da-base-do-flamengo-sera-negociado-com-o-city\/#article\",\"isPartOf\":{\"@id\":\"https:\/\/www.gaveanews.com\/index.php\/2020\/08\/07\/antes-de-estrear-no-profissional-destaque-da-base-do-flamengo-sera-negociado-com-o-city\/\"},\"author\":{\"name\":\"Equipe G\u00e1vea News\",\"@id\":\"https:\/\/www.gaveanews.com\/#\/schema\/person\/2ec14f73fb96be2caf28f91afb14749d\"},\"headline\":\"Antes de estrear no profissional, destaque da base do Flamengo ser\u00e1 negociado com o City\",\"datePublished\":\"2020-08-07T21:39:40+00:00\",\"dateModified\":\"2020-08-07T21:40:36+00:00\",\"mainEntityOfPage\":{\"@id\":\"https:\/\/www.gaveanews.com\/index.php\/2020\/08\/07\/antes-de-estrear-no-profissional-destaque-da-base-do-flamengo-sera-negociado-com-o-city\/\"},\"wordCount\":193,\"commentCount\":22,\"image\":{\"@id\":\"https:\/\/www.gaveanews.com\/index.php\/2020\/08\/07\/antes-de-estrear-no-profissional-destaque-da-base-do-flamengo-sera-negociado-com-o-city\/#primaryimage\"},\"thumbnailUrl\":\"https:\/\/www.gaveanews.com\/wp-content\/uploads\/Caio-Roque-em-acao-pelo-Flamengo-no-Maracana.webp\",\"articleSection\":[\"Flamengo\"],\"inLanguage\":\"pt-BR\",\"potentialAction\":[{\"@type\":\"CommentAction\",\"name\":\"Comment\",\"target\":[\"https:\/\/www.gaveanews.com\/index.php\/2020\/08\/07\/antes-de-estrear-no-profissional-destaque-da-base-do-flamengo-sera-negociado-com-o-city\/#respond\"]}],\"copyrightYear\":\"2020\",\"copyrightHolder\":{\"@id\":\"https:\/\/www.gaveanews.com\/#organization\"}},{\"@type\":\"WebPage\",\"@id\":\"https:\/\/www.gaveanews.com\/index.php\/2020\/08\/07\/antes-de-estrear-no-profissional-destaque-da-base-do-flamengo-sera-negociado-com-o-city\/\",\"url\":\"https:\/\/www.gaveanews.com\/index.php\/2020\/08\/07\/antes-de-estrear-no-profissional-destaque-da-base-do-flamengo-sera-negociado-com-o-city\/\",\"name\":\"Destaque da base do Flamengo ser\u00e1 negociado com o City\",\"isPartOf\":{\"@id\":\"https:\/\/www.gaveanews.com\/#website\"},\"primaryImageOfPage\":{\"@id\":\"https:\/\/www.gaveanews.com\/index.php\/2020\/08\/07\/antes-de-estrear-no-profissional-destaque-da-base-do-flamengo-sera-negociado-com-o-city\/#primaryimage\"},\"image\":{\"@id\":\"https:\/\/www.gaveanews.com\/index.php\/2020\/08\/07\/antes-de-estrear-no-profissional-destaque-da-base-do-flamengo-sera-negociado-com-o-city\/#primaryimage\"},\"thumbnailUrl\":\"https:\/\/www.gaveanews.com\/wp-content\/uploads\/Caio-Roque-em-acao-pelo-Flamengo-no-Maracana.webp\",\"datePublished\":\"2020-08-07T21:39:40+00:00\",\"dateModified\":\"2020-08-07T21:40:36+00:00\",\"author\":{\"@id\":\"https:\/\/www.gaveanews.com\/#\/schema\/person\/2ec14f73fb96be2caf28f91afb14749d\"},\"description\":\"As negocia\u00e7\u00f5es est\u00e3o avan\u00e7adas e h\u00e1 chance de a jovem promessa fazer exames na pr\u00f3xima semana e assinar contrato de cinco anos.\",\"breadcrumb\":{\"@id\":\"https:\/\/www.gaveanews.com\/index.php\/2020\/08\/07\/antes-de-estrear-no-profissional-destaque-da-base-do-flamengo-sera-negociado-com-o-city\/#breadcrumb\"},\"inLanguage\":\"pt-BR\",\"potentialAction\":[{\"@type\":\"ReadAction\",\"target\":[\"https:\/\/www.gaveanews.com\/index.php\/2020\/08\/07\/antes-de-estrear-no-profissional-destaque-da-base-do-flamengo-sera-negociado-com-o-city\/\"]}]},{\"@type\":\"ImageObject\",\"inLanguage\":\"pt-BR\",\"@id\":\"https:\/\/www.gaveanews.com\/index.php\/2020\/08\/07\/antes-de-estrear-no-profissional-destaque-da-base-do-flamengo-sera-negociado-com-o-city\/#primaryimage\",\"url\":\"https:\/\/www.gaveanews.com\/wp-content\/uploads\/Caio-Roque-em-acao-pelo-Flamengo-no-Maracana.webp\",\"contentUrl\":\"https:\/\/www.gaveanews.com\/wp-content\/uploads\/Caio-Roque-em-acao-pelo-Flamengo-no-Maracana.webp\",\"caption\":\"Caio Roque em a\u00e7\u00e3o pelo Flamengo no Maracan\u00e3 (Foto: Reprodu\u00e7\u00e3o\/Instagram)\"},{\"@type\":\"BreadcrumbList\",\"@id\":\"https:\/\/www.gaveanews.com\/index.php\/2020\/08\/07\/antes-de-estrear-no-profissional-destaque-da-base-do-flamengo-sera-negociado-com-o-city\/#breadcrumb\",\"itemListElement\":[{\"@type\":\"ListItem\",\"position\":1,\"name\":\"Home\",\"item\":\"https:\/\/www.gaveanews.com\/\"},{\"@type\":\"ListItem\",\"position\":2,\"name\":\"Antes de estrear no profissional, destaque da base do Flamengo ser\u00e1 negociado com o City\"}]},{\"@type\":\"WebSite\",\"@id\":\"https:\/\/www.gaveanews.com\/#website\",\"url\":\"https:\/\/www.gaveanews.com\/\",\"name\":\"G\u00e1vea News\",\"description\":\"Veja todas as not\u00edcias sobre o Flamengo: Contrata\u00e7\u00f5es, categorias de base, resultados das partidas, tabela de classifica\u00e7\u00e3o, pr\u00f3ximos jogos!\",\"potentialAction\":[{\"@type\":\"SearchAction\",\"target\":{\"@type\":\"EntryPoint\",\"urlTemplate\":\"https:\/\/www.gaveanews.com\/?s={search_term_string}\"},\"query-input\":{\"@type\":\"PropertyValueSpecification\",\"valueRequired\":true,\"valueName\":\"search_term_string\"}}],\"inLanguage\":\"pt-BR\"},{\"@type\":\"Person\",\"@id\":\"https:\/\/www.gaveanews.com\/#\/schema\/person\/2ec14f73fb96be2caf28f91afb14749d\",\"name\":\"Equipe G\u00e1vea News\",\"image\":{\"@type\":\"ImageObject\",\"inLanguage\":\"pt-BR\",\"@id\":\"https:\/\/www.gaveanews.com\/#\/schema\/person\/image\/\",\"url\":\"https:\/\/secure.gravatar.com\/avatar\/1e1956f1facbffd3f8fa53a326721950116b3b9dc9bd44939c01180fd4a745a9?s=96&d=mm&r=g\",\"contentUrl\":\"https:\/\/secure.gravatar.com\/avatar\/1e1956f1facbffd3f8fa53a326721950116b3b9dc9bd44939c01180fd4a745a9?s=96&d=mm&r=g\",\"caption\":\"Equipe G\u00e1vea News\"}}]}<\/script>\n<!-- \/ Yoast SEO Premium plugin. -->","yoast_head_json":{"title":"Destaque da base do Flamengo ser\u00e1 negociado com o City","description":"As negocia\u00e7\u00f5es est\u00e3o avan\u00e7adas e h\u00e1 chance de a jovem promessa fazer exames na pr\u00f3xima semana e assinar contrato de cinco anos.","robots":{"index":"index","follow":"follow","max-snippet":"max-snippet:-1","max-image-preview":"max-image-preview:large","max-video-preview":"max-video-preview:-1"},"canonical":"https:\/\/www.gaveanews.com\/index.php\/2020\/08\/07\/antes-de-estrear-no-profissional-destaque-da-base-do-flamengo-sera-negociado-com-o-city\/","og_locale":"pt_BR","og_type":"article","og_title":"Antes de estrear no profissional, destaque da base do Flamengo ser\u00e1 negociado com o City","og_description":"As negocia\u00e7\u00f5es est\u00e3o avan\u00e7adas e h\u00e1 chance de a jovem promessa fazer exames na pr\u00f3xima semana e assinar contrato de cinco anos.","og_url":"https:\/\/www.gaveanews.com\/index.php\/2020\/08\/07\/antes-de-estrear-no-profissional-destaque-da-base-do-flamengo-sera-negociado-com-o-city\/","og_site_name":"G\u00e1vea News","article_publisher":"https:\/\/facebook.com\/gaveaNews\/","article_published_time":"2020-08-07T21:39:40+00:00","article_modified_time":"2020-08-07T21:40:36+00:00","og_image":[{"url":"https:\/\/www.gaveanews.com\/wp-content\/uploads\/Caio-Roque-em-acao-pelo-Flamengo-no-Maracana.webp","width":1,"height":1,"type":"image\/jpeg"}],"author":"Equipe G\u00e1vea News","twitter_card":"summary_large_image","twitter_misc":{"Escrito por":"Equipe G\u00e1vea News","Est. tempo de leitura":"1 minuto"},"schema":{"@context":"https:\/\/schema.org","@graph":[{"@type":"NewsArticle","@id":"https:\/\/www.gaveanews.com\/index.php\/2020\/08\/07\/antes-de-estrear-no-profissional-destaque-da-base-do-flamengo-sera-negociado-com-o-city\/#article","isPartOf":{"@id":"https:\/\/www.gaveanews.com\/index.php\/2020\/08\/07\/antes-de-estrear-no-profissional-destaque-da-base-do-flamengo-sera-negociado-com-o-city\/"},"author":{"name":"Equipe G\u00e1vea News","@id":"https:\/\/www.gaveanews.com\/#\/schema\/person\/2ec14f73fb96be2caf28f91afb14749d"},"headline":"Antes de estrear no profissional, destaque da base do Flamengo ser\u00e1 negociado com o City","datePublished":"2020-08-07T21:39:40+00:00","dateModified":"2020-08-07T21:40:36+00:00","mainEntityOfPage":{"@id":"https:\/\/www.gaveanews.com\/index.php\/2020\/08\/07\/antes-de-estrear-no-profissional-destaque-da-base-do-flamengo-sera-negociado-com-o-city\/"},"wordCount":193,"commentCount":22,"image":{"@id":"https:\/\/www.gaveanews.com\/index.php\/2020\/08\/07\/antes-de-estrear-no-profissional-destaque-da-base-do-flamengo-sera-negociado-com-o-city\/#primaryimage"},"thumbnailUrl":"https:\/\/www.gaveanews.com\/wp-content\/uploads\/Caio-Roque-em-acao-pelo-Flamengo-no-Maracana.webp","articleSection":["Flamengo"],"inLanguage":"pt-BR","potentialAction":[{"@type":"CommentAction","name":"Comment","target":["https:\/\/www.gaveanews.com\/index.php\/2020\/08\/07\/antes-de-estrear-no-profissional-destaque-da-base-do-flamengo-sera-negociado-com-o-city\/#respond"]}],"copyrightYear":"2020","copyrightHolder":{"@id":"https:\/\/www.gaveanews.com\/#organization"}},{"@type":"WebPage","@id":"https:\/\/www.gaveanews.com\/index.php\/2020\/08\/07\/antes-de-estrear-no-profissional-destaque-da-base-do-flamengo-sera-negociado-com-o-city\/","url":"https:\/\/www.gaveanews.com\/index.php\/2020\/08\/07\/antes-de-estrear-no-profissional-destaque-da-base-do-flamengo-sera-negociado-com-o-city\/","name":"Destaque da base do Flamengo ser\u00e1 negociado com o City","isPartOf":{"@id":"https:\/\/www.gaveanews.com\/#website"},"primaryImageOfPage":{"@id":"https:\/\/www.gaveanews.com\/index.php\/2020\/08\/07\/antes-de-estrear-no-profissional-destaque-da-base-do-flamengo-sera-negociado-com-o-city\/#primaryimage"},"image":{"@id":"https:\/\/www.gaveanews.com\/index.php\/2020\/08\/07\/antes-de-estrear-no-profissional-destaque-da-base-do-flamengo-sera-negociado-com-o-city\/#primaryimage"},"thumbnailUrl":"https:\/\/www.gaveanews.com\/wp-content\/uploads\/Caio-Roque-em-acao-pelo-Flamengo-no-Maracana.webp","datePublished":"2020-08-07T21:39:40+00:00","dateModified":"2020-08-07T21:40:36+00:00","author":{"@id":"https:\/\/www.gaveanews.com\/#\/schema\/person\/2ec14f73fb96be2caf28f91afb14749d"},"description":"As negocia\u00e7\u00f5es est\u00e3o avan\u00e7adas e h\u00e1 chance de a jovem promessa fazer exames na pr\u00f3xima semana e assinar contrato de cinco anos.","breadcrumb":{"@id":"https:\/\/www.gaveanews.com\/index.php\/2020\/08\/07\/antes-de-estrear-no-profissional-destaque-da-base-do-flamengo-sera-negociado-com-o-city\/#breadcrumb"},"inLanguage":"pt-BR","potentialAction":[{"@type":"ReadAction","target":["https:\/\/www.gaveanews.com\/index.php\/2020\/08\/07\/antes-de-estrear-no-profissional-destaque-da-base-do-flamengo-sera-negociado-com-o-city\/"]}]},{"@type":"ImageObject","inLanguage":"pt-BR","@id":"https:\/\/www.gaveanews.com\/index.php\/2020\/08\/07\/antes-de-estrear-no-profissional-destaque-da-base-do-flamengo-sera-negociado-com-o-city\/#primaryimage","url":"https:\/\/www.gaveanews.com\/wp-content\/uploads\/Caio-Roque-em-acao-pelo-Flamengo-no-Maracana.webp","contentUrl":"https:\/\/www.gaveanews.com\/wp-content\/uploads\/Caio-Roque-em-acao-pelo-Flamengo-no-Maracana.webp","caption":"Caio Roque em a\u00e7\u00e3o pelo Flamengo no Maracan\u00e3 (Foto: Reprodu\u00e7\u00e3o\/Instagram)"},{"@type":"BreadcrumbList","@id":"https:\/\/www.gaveanews.com\/index.php\/2020\/08\/07\/antes-de-estrear-no-profissional-destaque-da-base-do-flamengo-sera-negociado-com-o-city\/#breadcrumb","itemListElement":[{"@type":"ListItem","position":1,"name":"Home","item":"https:\/\/www.gaveanews.com\/"},{"@type":"ListItem","position":2,"name":"Antes de estrear no profissional, destaque da base do Flamengo ser\u00e1 negociado com o City"}]},{"@type":"WebSite","@id":"https:\/\/www.gaveanews.com\/#website","url":"https:\/\/www.gaveanews.com\/","name":"G\u00e1vea News","description":"Veja todas as not\u00edcias sobre o Flamengo: Contrata\u00e7\u00f5es, categorias de base, resultados das partidas, tabela de classifica\u00e7\u00e3o, pr\u00f3ximos jogos!","potentialAction":[{"@type":"SearchAction","target":{"@type":"EntryPoint","urlTemplate":"https:\/\/www.gaveanews.com\/?s={search_term_string}"},"query-input":{"@type":"PropertyValueSpecification","valueRequired":true,"valueName":"search_term_string"}}],"inLanguage":"pt-BR"},{"@type":"Person","@id":"https:\/\/www.gaveanews.com\/#\/schema\/person\/2ec14f73fb96be2caf28f91afb14749d","name":"Equipe G\u00e1vea News","image":{"@type":"ImageObject","inLanguage":"pt-BR","@id":"https:\/\/www.gaveanews.com\/#\/schema\/person\/image\/","url":"https:\/\/secure.gravatar.com\/avatar\/1e1956f1facbffd3f8fa53a326721950116b3b9dc9bd44939c01180fd4a745a9?s=96&d=mm&r=g","contentUrl":"https:\/\/secure.gravatar.com\/avatar\/1e1956f1facbffd3f8fa53a326721950116b3b9dc9bd44939c01180fd4a745a9?s=96&d=mm&r=g","caption":"Equipe G\u00e1vea News"}}]}},"_links":{"self":[{"href":"https:\/\/www.gaveanews.com\/index.php\/wp-json\/wp\/v2\/posts\/44776","targetHints":{"allow":["GET"]}}],"collection":[{"href":"https:\/\/www.gaveanews.com\/index.php\/wp-json\/wp\/v2\/posts"}],"about":[{"href":"https:\/\/www.gaveanews.com\/index.php\/wp-json\/wp\/v2\/types\/post"}],"author":[{"embeddable":true,"href":"https:\/\/www.gaveanews.com\/index.php\/wp-json\/wp\/v2\/users\/1"}],"replies":[{"embeddable":true,"href":"https:\/\/www.gaveanews.com\/index.php\/wp-json\/wp\/v2\/comments?post=44776"}],"version-history":[{"count":0,"href":"https:\/\/www.gaveanews.com\/index.php\/wp-json\/wp\/v2\/posts\/44776\/revisions"}],"wp:featuredmedia":[{"embeddable":true,"href":"https:\/\/www.gaveanews.com\/index.php\/wp-json\/wp\/v2\/media\/41247"}],"wp:attachment":[{"href":"https:\/\/www.gaveanews.com\/index.php\/wp-json\/wp\/v2\/media?parent=44776"}],"wp:term":[{"taxonomy":"category","embeddable":true,"href":"https:\/\/www.gaveanews.com\/index.php\/wp-json\/wp\/v2\/categories?post=44776"},{"taxonomy":"post_tag","embeddable":true,"href":"https:\/\/www.gaveanews.com\/index.php\/wp-json\/wp\/v2\/tags?post=44776"}],"curies":[{"name":"wp","href":"https:\/\/api.w.org\/{rel}","templated":true}]}}