{"id":45133,"date":"2020-08-08T17:55:23","date_gmt":"2020-08-08T20:55:23","guid":{"rendered":"https:\/\/www.gaveanews.com\/?p=45133"},"modified":"2020-08-08T17:55:27","modified_gmt":"2020-08-08T20:55:27","slug":"jorge-jesus-fala-sobre-especulacoes-envolvendo-bruno-henrique","status":"publish","type":"post","link":"https:\/\/www.gaveanews.com\/index.php\/2020\/08\/08\/jorge-jesus-fala-sobre-especulacoes-envolvendo-bruno-henrique\/","title":{"rendered":"Jorge Jesus fala sobre especula\u00e7\u00f5es envolvendo Bruno Henrique"},"content":{"rendered":"\n<p>Nas \u00faltimas semanas, Bruno Henrique vem sendo apontado pela imprensa portuguesa como alvo do Benfica \u00e0 pedido do t\u00e9cnico Jorge Jesus. Entretanto, neste s\u00e1bado, em entrevista \u00e0 &#8216;BTV\u00a0&#8216;, o treinador portugu\u00eas desmentiu a informa\u00e7\u00e3o, garantindo que n\u00e3o fez pedido de nenhum jogador do Flamengo para diretoria.\u00a0<\/p>\n\n\n\n<p>\u2014\u00a0Estamos a falar do Benfica, mas estamos a falar de futebol. O Flamengo est\u00e1, seguramente, ao n\u00edvel das tr\u00eas melhores equipes do mundo, onde est\u00e1 o Manchester City, o Liverpool&#8230; Depois temos aqui uma d\u00favida sobre qual ser\u00e1 a outra. Tanto \u00e9 assim que fomos a uma final do Mundial de Clubes diante do Liverpool, onde eu n\u00e3o vi diferen\u00e7a nenhuma, a n\u00e3o ser no maior n\u00edvel de jogos que j\u00e1 t\u00ednhamos nas pernas &#8211; disse Jesus, que concluiu ao garantir que n\u00e3o pediu nenhum jogador do Rubro-Negro carioca.<\/p>\n\n\n\n<p>\u2014 Isto tudo para te dizer que o Flamengo tem grandes jogadores. Sou grato \u00e0s pessoas que me amam, os jogadores est\u00e3o no meu cora\u00e7\u00e3o. Custou-me muito sair de l\u00e1. N\u00e3o quero mexer mais com isso. N\u00e3o pedi nenhum jogador do Flamengo ao presidente do Benfica &#8211; finalizou.\u00a0<\/p>\n\n\n\n<p>Retirado de: Lance<\/p>\n","protected":false},"excerpt":{"rendered":"<p>Nas \u00faltimas semanas, Bruno Henrique vem sendo apontado pela imprensa portuguesa como alvo do Benfica \u00e0 pedido do t\u00e9cnico Jorge Jesus. Entretanto, neste s\u00e1bado, em entrevista \u00e0 &#8216;BTV\u00a0&#8216;, o treinador portugu\u00eas desmentiu a informa\u00e7\u00e3o, garantindo que n\u00e3o fez pedido de nenhum jogador do Flamengo para diretoria.\u00a0 \u2014\u00a0Estamos a falar do Benfica, mas estamos a falar [&hellip;]<\/p>\n","protected":false},"author":1,"featured_media":25490,"comment_status":"open","ping_status":"closed","sticky":false,"template":"","format":"standard","meta":{"footnotes":""},"categories":[1],"tags":[],"class_list":["post-45133","post","type-post","status-publish","format-standard","has-post-thumbnail","hentry","category-flamengo"],"yoast_head":"<!-- This site is optimized with the Yoast SEO Premium plugin v24.2 (Yoast SEO v26.9) - https:\/\/yoast.com\/product\/yoast-seo-premium-wordpress\/ -->\n<title>Jorge Jesus fala sobre especula\u00e7\u00f5es envolvendo Bruno Henrique<\/title>\n<meta name=\"description\" content=\"Nas \u00faltimas semanas, Bruno Henrique vem sendo apontado pela imprensa portuguesa como alvo do Benfica \u00e0 pedido do t\u00e9cnico Jorge Jesus.\" \/>\n<meta name=\"robots\" content=\"index, follow, max-snippet:-1, max-image-preview:large, max-video-preview:-1\" \/>\n<link rel=\"canonical\" href=\"https:\/\/www.gaveanews.com\/index.php\/2020\/08\/08\/jorge-jesus-fala-sobre-especulacoes-envolvendo-bruno-henrique\/\" \/>\n<meta property=\"og:locale\" content=\"pt_BR\" \/>\n<meta property=\"og:type\" content=\"article\" \/>\n<meta property=\"og:title\" content=\"Jorge Jesus fala sobre especula\u00e7\u00f5es envolvendo Bruno Henrique\" \/>\n<meta property=\"og:description\" content=\"Nas \u00faltimas semanas, Bruno Henrique vem sendo apontado pela imprensa portuguesa como alvo do Benfica \u00e0 pedido do t\u00e9cnico Jorge Jesus.\" \/>\n<meta property=\"og:url\" content=\"https:\/\/www.gaveanews.com\/index.php\/2020\/08\/08\/jorge-jesus-fala-sobre-especulacoes-envolvendo-bruno-henrique\/\" \/>\n<meta property=\"og:site_name\" content=\"G\u00e1vea News\" \/>\n<meta property=\"article:publisher\" content=\"https:\/\/facebook.com\/gaveaNews\/\" \/>\n<meta property=\"article:published_time\" content=\"2020-08-08T20:55:23+00:00\" \/>\n<meta property=\"article:modified_time\" content=\"2020-08-08T20:55:27+00:00\" \/>\n<meta property=\"og:image\" content=\"https:\/\/www.gaveanews.com\/wp-content\/uploads\/2019\/08\/Bruno-Henrique-durante-a-comemoracao-apos-marcar-mais-um-gol-pelo-Flamengo.webp\" \/>\n\t<meta property=\"og:image:width\" content=\"1\" \/>\n\t<meta property=\"og:image:height\" content=\"1\" \/>\n\t<meta property=\"og:image:type\" content=\"image\/jpeg\" \/>\n<meta name=\"author\" content=\"Equipe G\u00e1vea News\" \/>\n<meta name=\"twitter:card\" content=\"summary_large_image\" \/>\n<meta name=\"twitter:label1\" content=\"Escrito por\" \/>\n\t<meta name=\"twitter:data1\" content=\"Equipe G\u00e1vea News\" \/>\n\t<meta name=\"twitter:label2\" content=\"Est. tempo de leitura\" \/>\n\t<meta name=\"twitter:data2\" content=\"1 minuto\" \/>\n<script type=\"application\/ld+json\" class=\"yoast-schema-graph\">{\"@context\":\"https:\/\/schema.org\",\"@graph\":[{\"@type\":\"NewsArticle\",\"@id\":\"https:\/\/www.gaveanews.com\/index.php\/2020\/08\/08\/jorge-jesus-fala-sobre-especulacoes-envolvendo-bruno-henrique\/#article\",\"isPartOf\":{\"@id\":\"https:\/\/www.gaveanews.com\/index.php\/2020\/08\/08\/jorge-jesus-fala-sobre-especulacoes-envolvendo-bruno-henrique\/\"},\"author\":{\"name\":\"Equipe G\u00e1vea News\",\"@id\":\"https:\/\/www.gaveanews.com\/#\/schema\/person\/2ec14f73fb96be2caf28f91afb14749d\"},\"headline\":\"Jorge Jesus fala sobre especula\u00e7\u00f5es envolvendo Bruno Henrique\",\"datePublished\":\"2020-08-08T20:55:23+00:00\",\"dateModified\":\"2020-08-08T20:55:27+00:00\",\"mainEntityOfPage\":{\"@id\":\"https:\/\/www.gaveanews.com\/index.php\/2020\/08\/08\/jorge-jesus-fala-sobre-especulacoes-envolvendo-bruno-henrique\/\"},\"wordCount\":209,\"commentCount\":17,\"image\":{\"@id\":\"https:\/\/www.gaveanews.com\/index.php\/2020\/08\/08\/jorge-jesus-fala-sobre-especulacoes-envolvendo-bruno-henrique\/#primaryimage\"},\"thumbnailUrl\":\"https:\/\/www.gaveanews.com\/wp-content\/uploads\/2019\/08\/Bruno-Henrique-durante-a-comemoracao-apos-marcar-mais-um-gol-pelo-Flamengo.webp\",\"articleSection\":[\"Flamengo\"],\"inLanguage\":\"pt-BR\",\"potentialAction\":[{\"@type\":\"CommentAction\",\"name\":\"Comment\",\"target\":[\"https:\/\/www.gaveanews.com\/index.php\/2020\/08\/08\/jorge-jesus-fala-sobre-especulacoes-envolvendo-bruno-henrique\/#respond\"]}],\"copyrightYear\":\"2020\",\"copyrightHolder\":{\"@id\":\"https:\/\/www.gaveanews.com\/#organization\"}},{\"@type\":\"WebPage\",\"@id\":\"https:\/\/www.gaveanews.com\/index.php\/2020\/08\/08\/jorge-jesus-fala-sobre-especulacoes-envolvendo-bruno-henrique\/\",\"url\":\"https:\/\/www.gaveanews.com\/index.php\/2020\/08\/08\/jorge-jesus-fala-sobre-especulacoes-envolvendo-bruno-henrique\/\",\"name\":\"Jorge Jesus fala sobre especula\u00e7\u00f5es envolvendo Bruno Henrique\",\"isPartOf\":{\"@id\":\"https:\/\/www.gaveanews.com\/#website\"},\"primaryImageOfPage\":{\"@id\":\"https:\/\/www.gaveanews.com\/index.php\/2020\/08\/08\/jorge-jesus-fala-sobre-especulacoes-envolvendo-bruno-henrique\/#primaryimage\"},\"image\":{\"@id\":\"https:\/\/www.gaveanews.com\/index.php\/2020\/08\/08\/jorge-jesus-fala-sobre-especulacoes-envolvendo-bruno-henrique\/#primaryimage\"},\"thumbnailUrl\":\"https:\/\/www.gaveanews.com\/wp-content\/uploads\/2019\/08\/Bruno-Henrique-durante-a-comemoracao-apos-marcar-mais-um-gol-pelo-Flamengo.webp\",\"datePublished\":\"2020-08-08T20:55:23+00:00\",\"dateModified\":\"2020-08-08T20:55:27+00:00\",\"author\":{\"@id\":\"https:\/\/www.gaveanews.com\/#\/schema\/person\/2ec14f73fb96be2caf28f91afb14749d\"},\"description\":\"Nas \u00faltimas semanas, Bruno Henrique vem sendo apontado pela imprensa portuguesa como alvo do Benfica \u00e0 pedido do t\u00e9cnico Jorge Jesus.\",\"breadcrumb\":{\"@id\":\"https:\/\/www.gaveanews.com\/index.php\/2020\/08\/08\/jorge-jesus-fala-sobre-especulacoes-envolvendo-bruno-henrique\/#breadcrumb\"},\"inLanguage\":\"pt-BR\",\"potentialAction\":[{\"@type\":\"ReadAction\",\"target\":[\"https:\/\/www.gaveanews.com\/index.php\/2020\/08\/08\/jorge-jesus-fala-sobre-especulacoes-envolvendo-bruno-henrique\/\"]}]},{\"@type\":\"ImageObject\",\"inLanguage\":\"pt-BR\",\"@id\":\"https:\/\/www.gaveanews.com\/index.php\/2020\/08\/08\/jorge-jesus-fala-sobre-especulacoes-envolvendo-bruno-henrique\/#primaryimage\",\"url\":\"https:\/\/www.gaveanews.com\/wp-content\/uploads\/2019\/08\/Bruno-Henrique-durante-a-comemoracao-apos-marcar-mais-um-gol-pelo-Flamengo.webp\",\"contentUrl\":\"https:\/\/www.gaveanews.com\/wp-content\/uploads\/2019\/08\/Bruno-Henrique-durante-a-comemoracao-apos-marcar-mais-um-gol-pelo-Flamengo.webp\",\"caption\":\"Bruno Henrique durante a comemora\u00e7\u00e3o, ap\u00f3s marcar mais um gol pelo Flamengo (Foto: Alexandre Vidal\/Flamengo)\"},{\"@type\":\"BreadcrumbList\",\"@id\":\"https:\/\/www.gaveanews.com\/index.php\/2020\/08\/08\/jorge-jesus-fala-sobre-especulacoes-envolvendo-bruno-henrique\/#breadcrumb\",\"itemListElement\":[{\"@type\":\"ListItem\",\"position\":1,\"name\":\"Home\",\"item\":\"https:\/\/www.gaveanews.com\/\"},{\"@type\":\"ListItem\",\"position\":2,\"name\":\"Jorge Jesus fala sobre especula\u00e7\u00f5es envolvendo Bruno Henrique\"}]},{\"@type\":\"WebSite\",\"@id\":\"https:\/\/www.gaveanews.com\/#website\",\"url\":\"https:\/\/www.gaveanews.com\/\",\"name\":\"G\u00e1vea News\",\"description\":\"Veja todas as not\u00edcias sobre o Flamengo: Contrata\u00e7\u00f5es, categorias de base, resultados das partidas, tabela de classifica\u00e7\u00e3o, pr\u00f3ximos jogos!\",\"potentialAction\":[{\"@type\":\"SearchAction\",\"target\":{\"@type\":\"EntryPoint\",\"urlTemplate\":\"https:\/\/www.gaveanews.com\/?s={search_term_string}\"},\"query-input\":{\"@type\":\"PropertyValueSpecification\",\"valueRequired\":true,\"valueName\":\"search_term_string\"}}],\"inLanguage\":\"pt-BR\"},{\"@type\":\"Person\",\"@id\":\"https:\/\/www.gaveanews.com\/#\/schema\/person\/2ec14f73fb96be2caf28f91afb14749d\",\"name\":\"Equipe G\u00e1vea News\",\"image\":{\"@type\":\"ImageObject\",\"inLanguage\":\"pt-BR\",\"@id\":\"https:\/\/www.gaveanews.com\/#\/schema\/person\/image\/\",\"url\":\"https:\/\/secure.gravatar.com\/avatar\/1e1956f1facbffd3f8fa53a326721950116b3b9dc9bd44939c01180fd4a745a9?s=96&d=mm&r=g\",\"contentUrl\":\"https:\/\/secure.gravatar.com\/avatar\/1e1956f1facbffd3f8fa53a326721950116b3b9dc9bd44939c01180fd4a745a9?s=96&d=mm&r=g\",\"caption\":\"Equipe G\u00e1vea News\"}}]}<\/script>\n<!-- \/ Yoast SEO Premium plugin. -->","yoast_head_json":{"title":"Jorge Jesus fala sobre especula\u00e7\u00f5es envolvendo Bruno Henrique","description":"Nas \u00faltimas semanas, Bruno Henrique vem sendo apontado pela imprensa portuguesa como alvo do Benfica \u00e0 pedido do t\u00e9cnico Jorge Jesus.","robots":{"index":"index","follow":"follow","max-snippet":"max-snippet:-1","max-image-preview":"max-image-preview:large","max-video-preview":"max-video-preview:-1"},"canonical":"https:\/\/www.gaveanews.com\/index.php\/2020\/08\/08\/jorge-jesus-fala-sobre-especulacoes-envolvendo-bruno-henrique\/","og_locale":"pt_BR","og_type":"article","og_title":"Jorge Jesus fala sobre especula\u00e7\u00f5es envolvendo Bruno Henrique","og_description":"Nas \u00faltimas semanas, Bruno Henrique vem sendo apontado pela imprensa portuguesa como alvo do Benfica \u00e0 pedido do t\u00e9cnico Jorge Jesus.","og_url":"https:\/\/www.gaveanews.com\/index.php\/2020\/08\/08\/jorge-jesus-fala-sobre-especulacoes-envolvendo-bruno-henrique\/","og_site_name":"G\u00e1vea News","article_publisher":"https:\/\/facebook.com\/gaveaNews\/","article_published_time":"2020-08-08T20:55:23+00:00","article_modified_time":"2020-08-08T20:55:27+00:00","og_image":[{"url":"https:\/\/www.gaveanews.com\/wp-content\/uploads\/2019\/08\/Bruno-Henrique-durante-a-comemoracao-apos-marcar-mais-um-gol-pelo-Flamengo.webp","width":1,"height":1,"type":"image\/jpeg"}],"author":"Equipe G\u00e1vea News","twitter_card":"summary_large_image","twitter_misc":{"Escrito por":"Equipe G\u00e1vea News","Est. tempo de leitura":"1 minuto"},"schema":{"@context":"https:\/\/schema.org","@graph":[{"@type":"NewsArticle","@id":"https:\/\/www.gaveanews.com\/index.php\/2020\/08\/08\/jorge-jesus-fala-sobre-especulacoes-envolvendo-bruno-henrique\/#article","isPartOf":{"@id":"https:\/\/www.gaveanews.com\/index.php\/2020\/08\/08\/jorge-jesus-fala-sobre-especulacoes-envolvendo-bruno-henrique\/"},"author":{"name":"Equipe G\u00e1vea News","@id":"https:\/\/www.gaveanews.com\/#\/schema\/person\/2ec14f73fb96be2caf28f91afb14749d"},"headline":"Jorge Jesus fala sobre especula\u00e7\u00f5es envolvendo Bruno Henrique","datePublished":"2020-08-08T20:55:23+00:00","dateModified":"2020-08-08T20:55:27+00:00","mainEntityOfPage":{"@id":"https:\/\/www.gaveanews.com\/index.php\/2020\/08\/08\/jorge-jesus-fala-sobre-especulacoes-envolvendo-bruno-henrique\/"},"wordCount":209,"commentCount":17,"image":{"@id":"https:\/\/www.gaveanews.com\/index.php\/2020\/08\/08\/jorge-jesus-fala-sobre-especulacoes-envolvendo-bruno-henrique\/#primaryimage"},"thumbnailUrl":"https:\/\/www.gaveanews.com\/wp-content\/uploads\/2019\/08\/Bruno-Henrique-durante-a-comemoracao-apos-marcar-mais-um-gol-pelo-Flamengo.webp","articleSection":["Flamengo"],"inLanguage":"pt-BR","potentialAction":[{"@type":"CommentAction","name":"Comment","target":["https:\/\/www.gaveanews.com\/index.php\/2020\/08\/08\/jorge-jesus-fala-sobre-especulacoes-envolvendo-bruno-henrique\/#respond"]}],"copyrightYear":"2020","copyrightHolder":{"@id":"https:\/\/www.gaveanews.com\/#organization"}},{"@type":"WebPage","@id":"https:\/\/www.gaveanews.com\/index.php\/2020\/08\/08\/jorge-jesus-fala-sobre-especulacoes-envolvendo-bruno-henrique\/","url":"https:\/\/www.gaveanews.com\/index.php\/2020\/08\/08\/jorge-jesus-fala-sobre-especulacoes-envolvendo-bruno-henrique\/","name":"Jorge Jesus fala sobre especula\u00e7\u00f5es envolvendo Bruno Henrique","isPartOf":{"@id":"https:\/\/www.gaveanews.com\/#website"},"primaryImageOfPage":{"@id":"https:\/\/www.gaveanews.com\/index.php\/2020\/08\/08\/jorge-jesus-fala-sobre-especulacoes-envolvendo-bruno-henrique\/#primaryimage"},"image":{"@id":"https:\/\/www.gaveanews.com\/index.php\/2020\/08\/08\/jorge-jesus-fala-sobre-especulacoes-envolvendo-bruno-henrique\/#primaryimage"},"thumbnailUrl":"https:\/\/www.gaveanews.com\/wp-content\/uploads\/2019\/08\/Bruno-Henrique-durante-a-comemoracao-apos-marcar-mais-um-gol-pelo-Flamengo.webp","datePublished":"2020-08-08T20:55:23+00:00","dateModified":"2020-08-08T20:55:27+00:00","author":{"@id":"https:\/\/www.gaveanews.com\/#\/schema\/person\/2ec14f73fb96be2caf28f91afb14749d"},"description":"Nas \u00faltimas semanas, Bruno Henrique vem sendo apontado pela imprensa portuguesa como alvo do Benfica \u00e0 pedido do t\u00e9cnico Jorge Jesus.","breadcrumb":{"@id":"https:\/\/www.gaveanews.com\/index.php\/2020\/08\/08\/jorge-jesus-fala-sobre-especulacoes-envolvendo-bruno-henrique\/#breadcrumb"},"inLanguage":"pt-BR","potentialAction":[{"@type":"ReadAction","target":["https:\/\/www.gaveanews.com\/index.php\/2020\/08\/08\/jorge-jesus-fala-sobre-especulacoes-envolvendo-bruno-henrique\/"]}]},{"@type":"ImageObject","inLanguage":"pt-BR","@id":"https:\/\/www.gaveanews.com\/index.php\/2020\/08\/08\/jorge-jesus-fala-sobre-especulacoes-envolvendo-bruno-henrique\/#primaryimage","url":"https:\/\/www.gaveanews.com\/wp-content\/uploads\/2019\/08\/Bruno-Henrique-durante-a-comemoracao-apos-marcar-mais-um-gol-pelo-Flamengo.webp","contentUrl":"https:\/\/www.gaveanews.com\/wp-content\/uploads\/2019\/08\/Bruno-Henrique-durante-a-comemoracao-apos-marcar-mais-um-gol-pelo-Flamengo.webp","caption":"Bruno Henrique durante a comemora\u00e7\u00e3o, ap\u00f3s marcar mais um gol pelo Flamengo (Foto: Alexandre Vidal\/Flamengo)"},{"@type":"BreadcrumbList","@id":"https:\/\/www.gaveanews.com\/index.php\/2020\/08\/08\/jorge-jesus-fala-sobre-especulacoes-envolvendo-bruno-henrique\/#breadcrumb","itemListElement":[{"@type":"ListItem","position":1,"name":"Home","item":"https:\/\/www.gaveanews.com\/"},{"@type":"ListItem","position":2,"name":"Jorge Jesus fala sobre especula\u00e7\u00f5es envolvendo Bruno Henrique"}]},{"@type":"WebSite","@id":"https:\/\/www.gaveanews.com\/#website","url":"https:\/\/www.gaveanews.com\/","name":"G\u00e1vea News","description":"Veja todas as not\u00edcias sobre o Flamengo: Contrata\u00e7\u00f5es, categorias de base, resultados das partidas, tabela de classifica\u00e7\u00e3o, pr\u00f3ximos jogos!","potentialAction":[{"@type":"SearchAction","target":{"@type":"EntryPoint","urlTemplate":"https:\/\/www.gaveanews.com\/?s={search_term_string}"},"query-input":{"@type":"PropertyValueSpecification","valueRequired":true,"valueName":"search_term_string"}}],"inLanguage":"pt-BR"},{"@type":"Person","@id":"https:\/\/www.gaveanews.com\/#\/schema\/person\/2ec14f73fb96be2caf28f91afb14749d","name":"Equipe G\u00e1vea News","image":{"@type":"ImageObject","inLanguage":"pt-BR","@id":"https:\/\/www.gaveanews.com\/#\/schema\/person\/image\/","url":"https:\/\/secure.gravatar.com\/avatar\/1e1956f1facbffd3f8fa53a326721950116b3b9dc9bd44939c01180fd4a745a9?s=96&d=mm&r=g","contentUrl":"https:\/\/secure.gravatar.com\/avatar\/1e1956f1facbffd3f8fa53a326721950116b3b9dc9bd44939c01180fd4a745a9?s=96&d=mm&r=g","caption":"Equipe G\u00e1vea News"}}]}},"_links":{"self":[{"href":"https:\/\/www.gaveanews.com\/index.php\/wp-json\/wp\/v2\/posts\/45133","targetHints":{"allow":["GET"]}}],"collection":[{"href":"https:\/\/www.gaveanews.com\/index.php\/wp-json\/wp\/v2\/posts"}],"about":[{"href":"https:\/\/www.gaveanews.com\/index.php\/wp-json\/wp\/v2\/types\/post"}],"author":[{"embeddable":true,"href":"https:\/\/www.gaveanews.com\/index.php\/wp-json\/wp\/v2\/users\/1"}],"replies":[{"embeddable":true,"href":"https:\/\/www.gaveanews.com\/index.php\/wp-json\/wp\/v2\/comments?post=45133"}],"version-history":[{"count":0,"href":"https:\/\/www.gaveanews.com\/index.php\/wp-json\/wp\/v2\/posts\/45133\/revisions"}],"wp:featuredmedia":[{"embeddable":true,"href":"https:\/\/www.gaveanews.com\/index.php\/wp-json\/wp\/v2\/media\/25490"}],"wp:attachment":[{"href":"https:\/\/www.gaveanews.com\/index.php\/wp-json\/wp\/v2\/media?parent=45133"}],"wp:term":[{"taxonomy":"category","embeddable":true,"href":"https:\/\/www.gaveanews.com\/index.php\/wp-json\/wp\/v2\/categories?post=45133"},{"taxonomy":"post_tag","embeddable":true,"href":"https:\/\/www.gaveanews.com\/index.php\/wp-json\/wp\/v2\/tags?post=45133"}],"curies":[{"name":"wp","href":"https:\/\/api.w.org\/{rel}","templated":true}]}}