{"id":45222,"date":"2020-08-09T19:41:18","date_gmt":"2020-08-09T22:41:18","guid":{"rendered":"https:\/\/www.gaveanews.com\/?p=45222"},"modified":"2020-08-09T19:41:21","modified_gmt":"2020-08-09T22:41:21","slug":"domenec-responde-critica-de-torcedores-nas-redes-sociais","status":"publish","type":"post","link":"https:\/\/www.gaveanews.com\/index.php\/2020\/08\/09\/domenec-responde-critica-de-torcedores-nas-redes-sociais\/","title":{"rendered":"Dom\u00e8nec responde cr\u00edtica de torcedores nas redes sociais"},"content":{"rendered":"\n<p>O Flamengo estreou no Campeonato Brasileiro com derrota. Jogando contra o Atl\u00e9tico-MG, no Maracan\u00e3, neste domingo (9 de agosto), o Rubro-Negro perdeu na primeira partida sob o comando de Dom\u00e8nec Torrent. Filipe Lu\u00eds fez contra o \u00fanico gol da partida.<\/p>\n\n\n\n<p>O resultado gerou as primeiras cr\u00edticas ao trabalho do catal\u00e3o na internet, em coment\u00e1rios de alguns torcedores. Em entrevista coletiva, ap\u00f3s a partida, o t\u00e9cnico n\u00e3o demonstrou nervosismo quanto a isso e respondeu afirmando que faz parte do seu trabalho.<\/p>\n\n\n\n<p>&#8220;Respeito muito as redes sociais, eu tenho que aceitar tudo isso. Podem criticar, \u00e9 meu trabalho, trabalhar duro&#8221;, apontou o comandante.<\/p>\n\n\n\n<p>Na pr\u00f3xima quarta-feira (12), o Flamengo vai at\u00e9 Goi\u00e2nia enfrentar o Atl\u00e9tico-GO, no Est\u00e1dio Ol\u00edmpico, \u00e0s 20h30. J\u00e1 o Atl\u00e9tico-MG recebe o Corinthians, tamb\u00e9m na quarta, no Mineir\u00e3o, \u00e0s 19h15.<\/p>\n\n\n\n<p>Retirado de: Fox Sports<\/p>\n","protected":false},"excerpt":{"rendered":"<p>O Flamengo estreou no Campeonato Brasileiro com derrota. Jogando contra o Atl\u00e9tico-MG, no Maracan\u00e3, neste domingo (9 de agosto), o Rubro-Negro perdeu na primeira partida sob o comando de Dom\u00e8nec Torrent. Filipe Lu\u00eds fez contra o \u00fanico gol da partida. O resultado gerou as primeiras cr\u00edticas ao trabalho do catal\u00e3o na internet, em coment\u00e1rios de [&hellip;]<\/p>\n","protected":false},"author":1,"featured_media":44590,"comment_status":"open","ping_status":"closed","sticky":false,"template":"","format":"standard","meta":{"footnotes":""},"categories":[1],"tags":[],"class_list":["post-45222","post","type-post","status-publish","format-standard","has-post-thumbnail","hentry","category-flamengo"],"yoast_head":"<!-- This site is optimized with the Yoast SEO Premium plugin v24.2 (Yoast SEO v26.9) - https:\/\/yoast.com\/product\/yoast-seo-premium-wordpress\/ -->\n<title>Dom\u00e8nec responde cr\u00edtica de torcedores nas redes sociais<\/title>\n<meta name=\"description\" content=\"O Flamengo estreou no Campeonato Brasileiro com derrota. Jogando contra o Atl\u00e9tico-MG, no Maracan\u00e3, neste domingo (9 de agosto).\" \/>\n<meta name=\"robots\" content=\"index, follow, max-snippet:-1, max-image-preview:large, max-video-preview:-1\" \/>\n<link rel=\"canonical\" href=\"https:\/\/www.gaveanews.com\/index.php\/2020\/08\/09\/domenec-responde-critica-de-torcedores-nas-redes-sociais\/\" \/>\n<meta property=\"og:locale\" content=\"pt_BR\" \/>\n<meta property=\"og:type\" content=\"article\" \/>\n<meta property=\"og:title\" content=\"Dom\u00e8nec responde cr\u00edtica de torcedores nas redes sociais\" \/>\n<meta property=\"og:description\" content=\"O Flamengo estreou no Campeonato Brasileiro com derrota. Jogando contra o Atl\u00e9tico-MG, no Maracan\u00e3, neste domingo (9 de agosto).\" \/>\n<meta property=\"og:url\" content=\"https:\/\/www.gaveanews.com\/index.php\/2020\/08\/09\/domenec-responde-critica-de-torcedores-nas-redes-sociais\/\" \/>\n<meta property=\"og:site_name\" content=\"G\u00e1vea News\" \/>\n<meta property=\"article:publisher\" content=\"https:\/\/facebook.com\/gaveaNews\/\" \/>\n<meta property=\"article:published_time\" content=\"2020-08-09T22:41:18+00:00\" \/>\n<meta property=\"article:modified_time\" content=\"2020-08-09T22:41:21+00:00\" \/>\n<meta property=\"og:image\" content=\"https:\/\/www.gaveanews.com\/wp-content\/uploads\/Marcos-Braz-esquerda-Domenec-Torrent-centro-e-Bruno-Spindel-direita.webp\" \/>\n\t<meta property=\"og:image:width\" content=\"1\" \/>\n\t<meta property=\"og:image:height\" content=\"1\" \/>\n\t<meta property=\"og:image:type\" content=\"image\/jpeg\" \/>\n<meta name=\"author\" content=\"Equipe G\u00e1vea News\" \/>\n<meta name=\"twitter:card\" content=\"summary_large_image\" \/>\n<meta name=\"twitter:label1\" content=\"Escrito por\" \/>\n\t<meta name=\"twitter:data1\" content=\"Equipe G\u00e1vea News\" \/>\n\t<meta name=\"twitter:label2\" content=\"Est. tempo de leitura\" \/>\n\t<meta name=\"twitter:data2\" content=\"1 minuto\" \/>\n<script type=\"application\/ld+json\" class=\"yoast-schema-graph\">{\"@context\":\"https:\/\/schema.org\",\"@graph\":[{\"@type\":\"NewsArticle\",\"@id\":\"https:\/\/www.gaveanews.com\/index.php\/2020\/08\/09\/domenec-responde-critica-de-torcedores-nas-redes-sociais\/#article\",\"isPartOf\":{\"@id\":\"https:\/\/www.gaveanews.com\/index.php\/2020\/08\/09\/domenec-responde-critica-de-torcedores-nas-redes-sociais\/\"},\"author\":{\"name\":\"Equipe G\u00e1vea News\",\"@id\":\"https:\/\/www.gaveanews.com\/#\/schema\/person\/2ec14f73fb96be2caf28f91afb14749d\"},\"headline\":\"Dom\u00e8nec responde cr\u00edtica de torcedores nas redes sociais\",\"datePublished\":\"2020-08-09T22:41:18+00:00\",\"dateModified\":\"2020-08-09T22:41:21+00:00\",\"mainEntityOfPage\":{\"@id\":\"https:\/\/www.gaveanews.com\/index.php\/2020\/08\/09\/domenec-responde-critica-de-torcedores-nas-redes-sociais\/\"},\"wordCount\":159,\"commentCount\":39,\"image\":{\"@id\":\"https:\/\/www.gaveanews.com\/index.php\/2020\/08\/09\/domenec-responde-critica-de-torcedores-nas-redes-sociais\/#primaryimage\"},\"thumbnailUrl\":\"https:\/\/www.gaveanews.com\/wp-content\/uploads\/Marcos-Braz-esquerda-Domenec-Torrent-centro-e-Bruno-Spindel-direita.webp\",\"articleSection\":[\"Flamengo\"],\"inLanguage\":\"pt-BR\",\"potentialAction\":[{\"@type\":\"CommentAction\",\"name\":\"Comment\",\"target\":[\"https:\/\/www.gaveanews.com\/index.php\/2020\/08\/09\/domenec-responde-critica-de-torcedores-nas-redes-sociais\/#respond\"]}],\"copyrightYear\":\"2020\",\"copyrightHolder\":{\"@id\":\"https:\/\/www.gaveanews.com\/#organization\"}},{\"@type\":\"WebPage\",\"@id\":\"https:\/\/www.gaveanews.com\/index.php\/2020\/08\/09\/domenec-responde-critica-de-torcedores-nas-redes-sociais\/\",\"url\":\"https:\/\/www.gaveanews.com\/index.php\/2020\/08\/09\/domenec-responde-critica-de-torcedores-nas-redes-sociais\/\",\"name\":\"Dom\u00e8nec responde cr\u00edtica de torcedores nas redes sociais\",\"isPartOf\":{\"@id\":\"https:\/\/www.gaveanews.com\/#website\"},\"primaryImageOfPage\":{\"@id\":\"https:\/\/www.gaveanews.com\/index.php\/2020\/08\/09\/domenec-responde-critica-de-torcedores-nas-redes-sociais\/#primaryimage\"},\"image\":{\"@id\":\"https:\/\/www.gaveanews.com\/index.php\/2020\/08\/09\/domenec-responde-critica-de-torcedores-nas-redes-sociais\/#primaryimage\"},\"thumbnailUrl\":\"https:\/\/www.gaveanews.com\/wp-content\/uploads\/Marcos-Braz-esquerda-Domenec-Torrent-centro-e-Bruno-Spindel-direita.webp\",\"datePublished\":\"2020-08-09T22:41:18+00:00\",\"dateModified\":\"2020-08-09T22:41:21+00:00\",\"author\":{\"@id\":\"https:\/\/www.gaveanews.com\/#\/schema\/person\/2ec14f73fb96be2caf28f91afb14749d\"},\"description\":\"O Flamengo estreou no Campeonato Brasileiro com derrota. Jogando contra o Atl\u00e9tico-MG, no Maracan\u00e3, neste domingo (9 de agosto).\",\"breadcrumb\":{\"@id\":\"https:\/\/www.gaveanews.com\/index.php\/2020\/08\/09\/domenec-responde-critica-de-torcedores-nas-redes-sociais\/#breadcrumb\"},\"inLanguage\":\"pt-BR\",\"potentialAction\":[{\"@type\":\"ReadAction\",\"target\":[\"https:\/\/www.gaveanews.com\/index.php\/2020\/08\/09\/domenec-responde-critica-de-torcedores-nas-redes-sociais\/\"]}]},{\"@type\":\"ImageObject\",\"inLanguage\":\"pt-BR\",\"@id\":\"https:\/\/www.gaveanews.com\/index.php\/2020\/08\/09\/domenec-responde-critica-de-torcedores-nas-redes-sociais\/#primaryimage\",\"url\":\"https:\/\/www.gaveanews.com\/wp-content\/uploads\/Marcos-Braz-esquerda-Domenec-Torrent-centro-e-Bruno-Spindel-direita.webp\",\"contentUrl\":\"https:\/\/www.gaveanews.com\/wp-content\/uploads\/Marcos-Braz-esquerda-Domenec-Torrent-centro-e-Bruno-Spindel-direita.webp\",\"width\":900,\"height\":506,\"caption\":\"Marcos Braz (esquerda), Dom\u00e8nec Torrent (centro) e Bruno Spindel (direita) (Foto: Alexandre Vidal\/Flamengo)\"},{\"@type\":\"BreadcrumbList\",\"@id\":\"https:\/\/www.gaveanews.com\/index.php\/2020\/08\/09\/domenec-responde-critica-de-torcedores-nas-redes-sociais\/#breadcrumb\",\"itemListElement\":[{\"@type\":\"ListItem\",\"position\":1,\"name\":\"Home\",\"item\":\"https:\/\/www.gaveanews.com\/\"},{\"@type\":\"ListItem\",\"position\":2,\"name\":\"Dom\u00e8nec responde cr\u00edtica de torcedores nas redes sociais\"}]},{\"@type\":\"WebSite\",\"@id\":\"https:\/\/www.gaveanews.com\/#website\",\"url\":\"https:\/\/www.gaveanews.com\/\",\"name\":\"G\u00e1vea News\",\"description\":\"Veja todas as not\u00edcias sobre o Flamengo: Contrata\u00e7\u00f5es, categorias de base, resultados das partidas, tabela de classifica\u00e7\u00e3o, pr\u00f3ximos jogos!\",\"potentialAction\":[{\"@type\":\"SearchAction\",\"target\":{\"@type\":\"EntryPoint\",\"urlTemplate\":\"https:\/\/www.gaveanews.com\/?s={search_term_string}\"},\"query-input\":{\"@type\":\"PropertyValueSpecification\",\"valueRequired\":true,\"valueName\":\"search_term_string\"}}],\"inLanguage\":\"pt-BR\"},{\"@type\":\"Person\",\"@id\":\"https:\/\/www.gaveanews.com\/#\/schema\/person\/2ec14f73fb96be2caf28f91afb14749d\",\"name\":\"Equipe G\u00e1vea News\",\"image\":{\"@type\":\"ImageObject\",\"inLanguage\":\"pt-BR\",\"@id\":\"https:\/\/www.gaveanews.com\/#\/schema\/person\/image\/\",\"url\":\"https:\/\/secure.gravatar.com\/avatar\/1e1956f1facbffd3f8fa53a326721950116b3b9dc9bd44939c01180fd4a745a9?s=96&d=mm&r=g\",\"contentUrl\":\"https:\/\/secure.gravatar.com\/avatar\/1e1956f1facbffd3f8fa53a326721950116b3b9dc9bd44939c01180fd4a745a9?s=96&d=mm&r=g\",\"caption\":\"Equipe G\u00e1vea News\"}}]}<\/script>\n<!-- \/ Yoast SEO Premium plugin. -->","yoast_head_json":{"title":"Dom\u00e8nec responde cr\u00edtica de torcedores nas redes sociais","description":"O Flamengo estreou no Campeonato Brasileiro com derrota. Jogando contra o Atl\u00e9tico-MG, no Maracan\u00e3, neste domingo (9 de agosto).","robots":{"index":"index","follow":"follow","max-snippet":"max-snippet:-1","max-image-preview":"max-image-preview:large","max-video-preview":"max-video-preview:-1"},"canonical":"https:\/\/www.gaveanews.com\/index.php\/2020\/08\/09\/domenec-responde-critica-de-torcedores-nas-redes-sociais\/","og_locale":"pt_BR","og_type":"article","og_title":"Dom\u00e8nec responde cr\u00edtica de torcedores nas redes sociais","og_description":"O Flamengo estreou no Campeonato Brasileiro com derrota. Jogando contra o Atl\u00e9tico-MG, no Maracan\u00e3, neste domingo (9 de agosto).","og_url":"https:\/\/www.gaveanews.com\/index.php\/2020\/08\/09\/domenec-responde-critica-de-torcedores-nas-redes-sociais\/","og_site_name":"G\u00e1vea News","article_publisher":"https:\/\/facebook.com\/gaveaNews\/","article_published_time":"2020-08-09T22:41:18+00:00","article_modified_time":"2020-08-09T22:41:21+00:00","og_image":[{"url":"https:\/\/www.gaveanews.com\/wp-content\/uploads\/Marcos-Braz-esquerda-Domenec-Torrent-centro-e-Bruno-Spindel-direita.webp","width":1,"height":1,"type":"image\/jpeg"}],"author":"Equipe G\u00e1vea News","twitter_card":"summary_large_image","twitter_misc":{"Escrito por":"Equipe G\u00e1vea News","Est. tempo de leitura":"1 minuto"},"schema":{"@context":"https:\/\/schema.org","@graph":[{"@type":"NewsArticle","@id":"https:\/\/www.gaveanews.com\/index.php\/2020\/08\/09\/domenec-responde-critica-de-torcedores-nas-redes-sociais\/#article","isPartOf":{"@id":"https:\/\/www.gaveanews.com\/index.php\/2020\/08\/09\/domenec-responde-critica-de-torcedores-nas-redes-sociais\/"},"author":{"name":"Equipe G\u00e1vea News","@id":"https:\/\/www.gaveanews.com\/#\/schema\/person\/2ec14f73fb96be2caf28f91afb14749d"},"headline":"Dom\u00e8nec responde cr\u00edtica de torcedores nas redes sociais","datePublished":"2020-08-09T22:41:18+00:00","dateModified":"2020-08-09T22:41:21+00:00","mainEntityOfPage":{"@id":"https:\/\/www.gaveanews.com\/index.php\/2020\/08\/09\/domenec-responde-critica-de-torcedores-nas-redes-sociais\/"},"wordCount":159,"commentCount":39,"image":{"@id":"https:\/\/www.gaveanews.com\/index.php\/2020\/08\/09\/domenec-responde-critica-de-torcedores-nas-redes-sociais\/#primaryimage"},"thumbnailUrl":"https:\/\/www.gaveanews.com\/wp-content\/uploads\/Marcos-Braz-esquerda-Domenec-Torrent-centro-e-Bruno-Spindel-direita.webp","articleSection":["Flamengo"],"inLanguage":"pt-BR","potentialAction":[{"@type":"CommentAction","name":"Comment","target":["https:\/\/www.gaveanews.com\/index.php\/2020\/08\/09\/domenec-responde-critica-de-torcedores-nas-redes-sociais\/#respond"]}],"copyrightYear":"2020","copyrightHolder":{"@id":"https:\/\/www.gaveanews.com\/#organization"}},{"@type":"WebPage","@id":"https:\/\/www.gaveanews.com\/index.php\/2020\/08\/09\/domenec-responde-critica-de-torcedores-nas-redes-sociais\/","url":"https:\/\/www.gaveanews.com\/index.php\/2020\/08\/09\/domenec-responde-critica-de-torcedores-nas-redes-sociais\/","name":"Dom\u00e8nec responde cr\u00edtica de torcedores nas redes sociais","isPartOf":{"@id":"https:\/\/www.gaveanews.com\/#website"},"primaryImageOfPage":{"@id":"https:\/\/www.gaveanews.com\/index.php\/2020\/08\/09\/domenec-responde-critica-de-torcedores-nas-redes-sociais\/#primaryimage"},"image":{"@id":"https:\/\/www.gaveanews.com\/index.php\/2020\/08\/09\/domenec-responde-critica-de-torcedores-nas-redes-sociais\/#primaryimage"},"thumbnailUrl":"https:\/\/www.gaveanews.com\/wp-content\/uploads\/Marcos-Braz-esquerda-Domenec-Torrent-centro-e-Bruno-Spindel-direita.webp","datePublished":"2020-08-09T22:41:18+00:00","dateModified":"2020-08-09T22:41:21+00:00","author":{"@id":"https:\/\/www.gaveanews.com\/#\/schema\/person\/2ec14f73fb96be2caf28f91afb14749d"},"description":"O Flamengo estreou no Campeonato Brasileiro com derrota. Jogando contra o Atl\u00e9tico-MG, no Maracan\u00e3, neste domingo (9 de agosto).","breadcrumb":{"@id":"https:\/\/www.gaveanews.com\/index.php\/2020\/08\/09\/domenec-responde-critica-de-torcedores-nas-redes-sociais\/#breadcrumb"},"inLanguage":"pt-BR","potentialAction":[{"@type":"ReadAction","target":["https:\/\/www.gaveanews.com\/index.php\/2020\/08\/09\/domenec-responde-critica-de-torcedores-nas-redes-sociais\/"]}]},{"@type":"ImageObject","inLanguage":"pt-BR","@id":"https:\/\/www.gaveanews.com\/index.php\/2020\/08\/09\/domenec-responde-critica-de-torcedores-nas-redes-sociais\/#primaryimage","url":"https:\/\/www.gaveanews.com\/wp-content\/uploads\/Marcos-Braz-esquerda-Domenec-Torrent-centro-e-Bruno-Spindel-direita.webp","contentUrl":"https:\/\/www.gaveanews.com\/wp-content\/uploads\/Marcos-Braz-esquerda-Domenec-Torrent-centro-e-Bruno-Spindel-direita.webp","width":900,"height":506,"caption":"Marcos Braz (esquerda), Dom\u00e8nec Torrent (centro) e Bruno Spindel (direita) (Foto: Alexandre Vidal\/Flamengo)"},{"@type":"BreadcrumbList","@id":"https:\/\/www.gaveanews.com\/index.php\/2020\/08\/09\/domenec-responde-critica-de-torcedores-nas-redes-sociais\/#breadcrumb","itemListElement":[{"@type":"ListItem","position":1,"name":"Home","item":"https:\/\/www.gaveanews.com\/"},{"@type":"ListItem","position":2,"name":"Dom\u00e8nec responde cr\u00edtica de torcedores nas redes sociais"}]},{"@type":"WebSite","@id":"https:\/\/www.gaveanews.com\/#website","url":"https:\/\/www.gaveanews.com\/","name":"G\u00e1vea News","description":"Veja todas as not\u00edcias sobre o Flamengo: Contrata\u00e7\u00f5es, categorias de base, resultados das partidas, tabela de classifica\u00e7\u00e3o, pr\u00f3ximos jogos!","potentialAction":[{"@type":"SearchAction","target":{"@type":"EntryPoint","urlTemplate":"https:\/\/www.gaveanews.com\/?s={search_term_string}"},"query-input":{"@type":"PropertyValueSpecification","valueRequired":true,"valueName":"search_term_string"}}],"inLanguage":"pt-BR"},{"@type":"Person","@id":"https:\/\/www.gaveanews.com\/#\/schema\/person\/2ec14f73fb96be2caf28f91afb14749d","name":"Equipe G\u00e1vea News","image":{"@type":"ImageObject","inLanguage":"pt-BR","@id":"https:\/\/www.gaveanews.com\/#\/schema\/person\/image\/","url":"https:\/\/secure.gravatar.com\/avatar\/1e1956f1facbffd3f8fa53a326721950116b3b9dc9bd44939c01180fd4a745a9?s=96&d=mm&r=g","contentUrl":"https:\/\/secure.gravatar.com\/avatar\/1e1956f1facbffd3f8fa53a326721950116b3b9dc9bd44939c01180fd4a745a9?s=96&d=mm&r=g","caption":"Equipe G\u00e1vea News"}}]}},"_links":{"self":[{"href":"https:\/\/www.gaveanews.com\/index.php\/wp-json\/wp\/v2\/posts\/45222","targetHints":{"allow":["GET"]}}],"collection":[{"href":"https:\/\/www.gaveanews.com\/index.php\/wp-json\/wp\/v2\/posts"}],"about":[{"href":"https:\/\/www.gaveanews.com\/index.php\/wp-json\/wp\/v2\/types\/post"}],"author":[{"embeddable":true,"href":"https:\/\/www.gaveanews.com\/index.php\/wp-json\/wp\/v2\/users\/1"}],"replies":[{"embeddable":true,"href":"https:\/\/www.gaveanews.com\/index.php\/wp-json\/wp\/v2\/comments?post=45222"}],"version-history":[{"count":0,"href":"https:\/\/www.gaveanews.com\/index.php\/wp-json\/wp\/v2\/posts\/45222\/revisions"}],"wp:featuredmedia":[{"embeddable":true,"href":"https:\/\/www.gaveanews.com\/index.php\/wp-json\/wp\/v2\/media\/44590"}],"wp:attachment":[{"href":"https:\/\/www.gaveanews.com\/index.php\/wp-json\/wp\/v2\/media?parent=45222"}],"wp:term":[{"taxonomy":"category","embeddable":true,"href":"https:\/\/www.gaveanews.com\/index.php\/wp-json\/wp\/v2\/categories?post=45222"},{"taxonomy":"post_tag","embeddable":true,"href":"https:\/\/www.gaveanews.com\/index.php\/wp-json\/wp\/v2\/tags?post=45222"}],"curies":[{"name":"wp","href":"https:\/\/api.w.org\/{rel}","templated":true}]}}