{"id":45286,"date":"2020-08-10T00:30:00","date_gmt":"2020-08-10T03:30:00","guid":{"rendered":"https:\/\/www.gaveanews.com\/?p=45286"},"modified":"2020-08-10T23:29:03","modified_gmt":"2020-08-11T02:29:03","slug":"grsm-tera-direitos-de-transmissao-do-brasileirao-no-exterior","status":"publish","type":"post","link":"https:\/\/www.gaveanews.com\/index.php\/2020\/08\/10\/grsm-tera-direitos-de-transmissao-do-brasileirao-no-exterior\/","title":{"rendered":"GRSM ter\u00e1 direitos de transmiss\u00e3o do Brasileir\u00e3o no exterior"},"content":{"rendered":"\n<p>O martelo sobre quem ter\u00e1 o direito das transmiss\u00f5es dos jogos das S\u00e9ries A e B do Campeonato Brasileiro foi batido na tarde desta segunda-feira. Ap\u00f3s uma reuni\u00e3o com a CBF e o Comit\u00ea Nacional de Clubes (CNC), a Global Sports Rights Manamengt (GRSM) assinou v\u00ednculo para transmitir os jogos das duas competi\u00e7\u00f5es nacionais no exterior entre 2020 e 2023.<\/p>\n\n\n\n<p>O intuito da empresa \u00e9 ampliar &#8220;a visibilidade e o interesse de consumidores de todo mundo pelo futebol brasileiro por meio de exibi\u00e7\u00e3o de partidas via TVs aberta e fechada, pay per view e streaming&#8221;.<\/p>\n\n\n\n<p>A companhia projeta, al\u00e9m da venda dos direitos de transmiss\u00e3o, a cria\u00e7\u00e3o de plataformas de streaming (OTT) desenvolvida pela Fanatiz para exibir jogos das S\u00e9ries A e B por meio de assinaturas mensais.<\/p>\n\n\n\n<p>\u2014 O principal foco de nosso trabalho \u00e9 ampliar a visibilidade dos campeonatos brasileiros das S\u00e9ries A e B no Exterior e lev\u00e1-lo a um n\u00edvel mais alto de exposi\u00e7\u00e3o internacional. Hoje j\u00e1 h\u00e1 um grande interesse, n\u00e3o atendido, pelo futebol do Brasil em mercados da \u00c1sia, da Am\u00e9rica Latina, da Am\u00e9rica do Norte e da Europa &#8211; declarou Hernan Donnari, CEO da GSRM.<\/p>\n\n\n\n<p>Donnari destacou a relev\u00e2ncia da principal competi\u00e7\u00e3o nacional.<\/p>\n\n\n\n<p>\u2014 O Brasileir\u00e3o da S\u00e9rie A \u00e9 uma das dez principais competi\u00e7\u00f5es do mundo e o pa\u00eds \u00e9 o exportador n\u00famero um de jogadores no planeta. A isso se somam ainda sua moderna estrutura de est\u00e1dios e a alt\u00edssima qualidade de sua produ\u00e7\u00e3o audiovisual, o que faz do campeonato brasileiro um produto imperd\u00edvel &#8211; disse.<\/p>\n\n\n\n<p>Retirado de: Lance<\/p>\n","protected":false},"excerpt":{"rendered":"<p>O martelo sobre quem ter\u00e1 o direito das transmiss\u00f5es dos jogos das S\u00e9ries A e B do Campeonato Brasileiro foi batido na tarde desta segunda-feira. Ap\u00f3s uma reuni\u00e3o com a CBF e o Comit\u00ea Nacional de Clubes (CNC), a Global Sports Rights Manamengt (GRSM) assinou v\u00ednculo para transmitir os jogos das duas competi\u00e7\u00f5es nacionais no [&hellip;]<\/p>\n","protected":false},"author":1,"featured_media":15035,"comment_status":"open","ping_status":"closed","sticky":false,"template":"","format":"standard","meta":{"footnotes":""},"categories":[1],"tags":[],"class_list":["post-45286","post","type-post","status-publish","format-standard","has-post-thumbnail","hentry","category-flamengo"],"yoast_head":"<!-- This site is optimized with the Yoast SEO Premium plugin v24.2 (Yoast SEO v26.9) - https:\/\/yoast.com\/product\/yoast-seo-premium-wordpress\/ -->\n<title>GRSM ter\u00e1 direitos de transmiss\u00e3o do Brasileir\u00e3o no exterior<\/title>\n<meta name=\"description\" content=\"O martelo sobre quem ter\u00e1 o direito das transmiss\u00f5es dos jogos das S\u00e9ries A e B do Campeonato Brasileiro foi batido.\" \/>\n<meta name=\"robots\" content=\"index, follow, max-snippet:-1, max-image-preview:large, max-video-preview:-1\" \/>\n<link rel=\"canonical\" href=\"https:\/\/www.gaveanews.com\/index.php\/2020\/08\/10\/grsm-tera-direitos-de-transmissao-do-brasileirao-no-exterior\/\" \/>\n<meta property=\"og:locale\" content=\"pt_BR\" \/>\n<meta property=\"og:type\" content=\"article\" \/>\n<meta property=\"og:title\" content=\"GRSM ter\u00e1 direitos de transmiss\u00e3o do Brasileir\u00e3o no exterior\" \/>\n<meta property=\"og:description\" content=\"O martelo sobre quem ter\u00e1 o direito das transmiss\u00f5es dos jogos das S\u00e9ries A e B do Campeonato Brasileiro foi batido.\" \/>\n<meta property=\"og:url\" content=\"https:\/\/www.gaveanews.com\/index.php\/2020\/08\/10\/grsm-tera-direitos-de-transmissao-do-brasileirao-no-exterior\/\" \/>\n<meta property=\"og:site_name\" content=\"G\u00e1vea News\" \/>\n<meta property=\"article:publisher\" content=\"https:\/\/facebook.com\/gaveaNews\/\" \/>\n<meta property=\"article:published_time\" content=\"2020-08-10T03:30:00+00:00\" \/>\n<meta property=\"article:modified_time\" content=\"2020-08-11T02:29:03+00:00\" \/>\n<meta property=\"og:image\" content=\"https:\/\/www.gaveanews.com\/wp-content\/uploads\/2019\/03\/Taca-do-Campeonato-Brasileiro.webp\" \/>\n\t<meta property=\"og:image:width\" content=\"1\" \/>\n\t<meta property=\"og:image:height\" content=\"1\" \/>\n\t<meta property=\"og:image:type\" content=\"image\/jpeg\" \/>\n<meta name=\"author\" content=\"Equipe G\u00e1vea News\" \/>\n<meta name=\"twitter:card\" content=\"summary_large_image\" \/>\n<meta name=\"twitter:label1\" content=\"Escrito por\" \/>\n\t<meta name=\"twitter:data1\" content=\"Equipe G\u00e1vea News\" \/>\n\t<meta name=\"twitter:label2\" content=\"Est. tempo de leitura\" \/>\n\t<meta name=\"twitter:data2\" content=\"1 minuto\" \/>\n<script type=\"application\/ld+json\" class=\"yoast-schema-graph\">{\"@context\":\"https:\/\/schema.org\",\"@graph\":[{\"@type\":\"NewsArticle\",\"@id\":\"https:\/\/www.gaveanews.com\/index.php\/2020\/08\/10\/grsm-tera-direitos-de-transmissao-do-brasileirao-no-exterior\/#article\",\"isPartOf\":{\"@id\":\"https:\/\/www.gaveanews.com\/index.php\/2020\/08\/10\/grsm-tera-direitos-de-transmissao-do-brasileirao-no-exterior\/\"},\"author\":{\"name\":\"Equipe G\u00e1vea News\",\"@id\":\"https:\/\/www.gaveanews.com\/#\/schema\/person\/2ec14f73fb96be2caf28f91afb14749d\"},\"headline\":\"GRSM ter\u00e1 direitos de transmiss\u00e3o do Brasileir\u00e3o no exterior\",\"datePublished\":\"2020-08-10T03:30:00+00:00\",\"dateModified\":\"2020-08-11T02:29:03+00:00\",\"mainEntityOfPage\":{\"@id\":\"https:\/\/www.gaveanews.com\/index.php\/2020\/08\/10\/grsm-tera-direitos-de-transmissao-do-brasileirao-no-exterior\/\"},\"wordCount\":290,\"commentCount\":1,\"image\":{\"@id\":\"https:\/\/www.gaveanews.com\/index.php\/2020\/08\/10\/grsm-tera-direitos-de-transmissao-do-brasileirao-no-exterior\/#primaryimage\"},\"thumbnailUrl\":\"https:\/\/www.gaveanews.com\/wp-content\/uploads\/2019\/03\/Taca-do-Campeonato-Brasileiro.webp\",\"articleSection\":[\"Flamengo\"],\"inLanguage\":\"pt-BR\",\"potentialAction\":[{\"@type\":\"CommentAction\",\"name\":\"Comment\",\"target\":[\"https:\/\/www.gaveanews.com\/index.php\/2020\/08\/10\/grsm-tera-direitos-de-transmissao-do-brasileirao-no-exterior\/#respond\"]}],\"copyrightYear\":\"2020\",\"copyrightHolder\":{\"@id\":\"https:\/\/www.gaveanews.com\/#organization\"}},{\"@type\":\"WebPage\",\"@id\":\"https:\/\/www.gaveanews.com\/index.php\/2020\/08\/10\/grsm-tera-direitos-de-transmissao-do-brasileirao-no-exterior\/\",\"url\":\"https:\/\/www.gaveanews.com\/index.php\/2020\/08\/10\/grsm-tera-direitos-de-transmissao-do-brasileirao-no-exterior\/\",\"name\":\"GRSM ter\u00e1 direitos de transmiss\u00e3o do Brasileir\u00e3o no exterior\",\"isPartOf\":{\"@id\":\"https:\/\/www.gaveanews.com\/#website\"},\"primaryImageOfPage\":{\"@id\":\"https:\/\/www.gaveanews.com\/index.php\/2020\/08\/10\/grsm-tera-direitos-de-transmissao-do-brasileirao-no-exterior\/#primaryimage\"},\"image\":{\"@id\":\"https:\/\/www.gaveanews.com\/index.php\/2020\/08\/10\/grsm-tera-direitos-de-transmissao-do-brasileirao-no-exterior\/#primaryimage\"},\"thumbnailUrl\":\"https:\/\/www.gaveanews.com\/wp-content\/uploads\/2019\/03\/Taca-do-Campeonato-Brasileiro.webp\",\"datePublished\":\"2020-08-10T03:30:00+00:00\",\"dateModified\":\"2020-08-11T02:29:03+00:00\",\"author\":{\"@id\":\"https:\/\/www.gaveanews.com\/#\/schema\/person\/2ec14f73fb96be2caf28f91afb14749d\"},\"description\":\"O martelo sobre quem ter\u00e1 o direito das transmiss\u00f5es dos jogos das S\u00e9ries A e B do Campeonato Brasileiro foi batido.\",\"breadcrumb\":{\"@id\":\"https:\/\/www.gaveanews.com\/index.php\/2020\/08\/10\/grsm-tera-direitos-de-transmissao-do-brasileirao-no-exterior\/#breadcrumb\"},\"inLanguage\":\"pt-BR\",\"potentialAction\":[{\"@type\":\"ReadAction\",\"target\":[\"https:\/\/www.gaveanews.com\/index.php\/2020\/08\/10\/grsm-tera-direitos-de-transmissao-do-brasileirao-no-exterior\/\"]}]},{\"@type\":\"ImageObject\",\"inLanguage\":\"pt-BR\",\"@id\":\"https:\/\/www.gaveanews.com\/index.php\/2020\/08\/10\/grsm-tera-direitos-de-transmissao-do-brasileirao-no-exterior\/#primaryimage\",\"url\":\"https:\/\/www.gaveanews.com\/wp-content\/uploads\/2019\/03\/Taca-do-Campeonato-Brasileiro.webp\",\"contentUrl\":\"https:\/\/www.gaveanews.com\/wp-content\/uploads\/2019\/03\/Taca-do-Campeonato-Brasileiro.webp\",\"caption\":\"Ta\u00e7a do Campeonato Brasileiro (Foto: Rafael Ribeiro\/CBF)\"},{\"@type\":\"BreadcrumbList\",\"@id\":\"https:\/\/www.gaveanews.com\/index.php\/2020\/08\/10\/grsm-tera-direitos-de-transmissao-do-brasileirao-no-exterior\/#breadcrumb\",\"itemListElement\":[{\"@type\":\"ListItem\",\"position\":1,\"name\":\"Home\",\"item\":\"https:\/\/www.gaveanews.com\/\"},{\"@type\":\"ListItem\",\"position\":2,\"name\":\"GRSM ter\u00e1 direitos de transmiss\u00e3o do Brasileir\u00e3o no exterior\"}]},{\"@type\":\"WebSite\",\"@id\":\"https:\/\/www.gaveanews.com\/#website\",\"url\":\"https:\/\/www.gaveanews.com\/\",\"name\":\"G\u00e1vea News\",\"description\":\"Veja todas as not\u00edcias sobre o Flamengo: Contrata\u00e7\u00f5es, categorias de base, resultados das partidas, tabela de classifica\u00e7\u00e3o, pr\u00f3ximos jogos!\",\"potentialAction\":[{\"@type\":\"SearchAction\",\"target\":{\"@type\":\"EntryPoint\",\"urlTemplate\":\"https:\/\/www.gaveanews.com\/?s={search_term_string}\"},\"query-input\":{\"@type\":\"PropertyValueSpecification\",\"valueRequired\":true,\"valueName\":\"search_term_string\"}}],\"inLanguage\":\"pt-BR\"},{\"@type\":\"Person\",\"@id\":\"https:\/\/www.gaveanews.com\/#\/schema\/person\/2ec14f73fb96be2caf28f91afb14749d\",\"name\":\"Equipe G\u00e1vea News\",\"image\":{\"@type\":\"ImageObject\",\"inLanguage\":\"pt-BR\",\"@id\":\"https:\/\/www.gaveanews.com\/#\/schema\/person\/image\/\",\"url\":\"https:\/\/secure.gravatar.com\/avatar\/1e1956f1facbffd3f8fa53a326721950116b3b9dc9bd44939c01180fd4a745a9?s=96&d=mm&r=g\",\"contentUrl\":\"https:\/\/secure.gravatar.com\/avatar\/1e1956f1facbffd3f8fa53a326721950116b3b9dc9bd44939c01180fd4a745a9?s=96&d=mm&r=g\",\"caption\":\"Equipe G\u00e1vea News\"}}]}<\/script>\n<!-- \/ Yoast SEO Premium plugin. -->","yoast_head_json":{"title":"GRSM ter\u00e1 direitos de transmiss\u00e3o do Brasileir\u00e3o no exterior","description":"O martelo sobre quem ter\u00e1 o direito das transmiss\u00f5es dos jogos das S\u00e9ries A e B do Campeonato Brasileiro foi batido.","robots":{"index":"index","follow":"follow","max-snippet":"max-snippet:-1","max-image-preview":"max-image-preview:large","max-video-preview":"max-video-preview:-1"},"canonical":"https:\/\/www.gaveanews.com\/index.php\/2020\/08\/10\/grsm-tera-direitos-de-transmissao-do-brasileirao-no-exterior\/","og_locale":"pt_BR","og_type":"article","og_title":"GRSM ter\u00e1 direitos de transmiss\u00e3o do Brasileir\u00e3o no exterior","og_description":"O martelo sobre quem ter\u00e1 o direito das transmiss\u00f5es dos jogos das S\u00e9ries A e B do Campeonato Brasileiro foi batido.","og_url":"https:\/\/www.gaveanews.com\/index.php\/2020\/08\/10\/grsm-tera-direitos-de-transmissao-do-brasileirao-no-exterior\/","og_site_name":"G\u00e1vea News","article_publisher":"https:\/\/facebook.com\/gaveaNews\/","article_published_time":"2020-08-10T03:30:00+00:00","article_modified_time":"2020-08-11T02:29:03+00:00","og_image":[{"url":"https:\/\/www.gaveanews.com\/wp-content\/uploads\/2019\/03\/Taca-do-Campeonato-Brasileiro.webp","width":1,"height":1,"type":"image\/jpeg"}],"author":"Equipe G\u00e1vea News","twitter_card":"summary_large_image","twitter_misc":{"Escrito por":"Equipe G\u00e1vea News","Est. tempo de leitura":"1 minuto"},"schema":{"@context":"https:\/\/schema.org","@graph":[{"@type":"NewsArticle","@id":"https:\/\/www.gaveanews.com\/index.php\/2020\/08\/10\/grsm-tera-direitos-de-transmissao-do-brasileirao-no-exterior\/#article","isPartOf":{"@id":"https:\/\/www.gaveanews.com\/index.php\/2020\/08\/10\/grsm-tera-direitos-de-transmissao-do-brasileirao-no-exterior\/"},"author":{"name":"Equipe G\u00e1vea News","@id":"https:\/\/www.gaveanews.com\/#\/schema\/person\/2ec14f73fb96be2caf28f91afb14749d"},"headline":"GRSM ter\u00e1 direitos de transmiss\u00e3o do Brasileir\u00e3o no exterior","datePublished":"2020-08-10T03:30:00+00:00","dateModified":"2020-08-11T02:29:03+00:00","mainEntityOfPage":{"@id":"https:\/\/www.gaveanews.com\/index.php\/2020\/08\/10\/grsm-tera-direitos-de-transmissao-do-brasileirao-no-exterior\/"},"wordCount":290,"commentCount":1,"image":{"@id":"https:\/\/www.gaveanews.com\/index.php\/2020\/08\/10\/grsm-tera-direitos-de-transmissao-do-brasileirao-no-exterior\/#primaryimage"},"thumbnailUrl":"https:\/\/www.gaveanews.com\/wp-content\/uploads\/2019\/03\/Taca-do-Campeonato-Brasileiro.webp","articleSection":["Flamengo"],"inLanguage":"pt-BR","potentialAction":[{"@type":"CommentAction","name":"Comment","target":["https:\/\/www.gaveanews.com\/index.php\/2020\/08\/10\/grsm-tera-direitos-de-transmissao-do-brasileirao-no-exterior\/#respond"]}],"copyrightYear":"2020","copyrightHolder":{"@id":"https:\/\/www.gaveanews.com\/#organization"}},{"@type":"WebPage","@id":"https:\/\/www.gaveanews.com\/index.php\/2020\/08\/10\/grsm-tera-direitos-de-transmissao-do-brasileirao-no-exterior\/","url":"https:\/\/www.gaveanews.com\/index.php\/2020\/08\/10\/grsm-tera-direitos-de-transmissao-do-brasileirao-no-exterior\/","name":"GRSM ter\u00e1 direitos de transmiss\u00e3o do Brasileir\u00e3o no exterior","isPartOf":{"@id":"https:\/\/www.gaveanews.com\/#website"},"primaryImageOfPage":{"@id":"https:\/\/www.gaveanews.com\/index.php\/2020\/08\/10\/grsm-tera-direitos-de-transmissao-do-brasileirao-no-exterior\/#primaryimage"},"image":{"@id":"https:\/\/www.gaveanews.com\/index.php\/2020\/08\/10\/grsm-tera-direitos-de-transmissao-do-brasileirao-no-exterior\/#primaryimage"},"thumbnailUrl":"https:\/\/www.gaveanews.com\/wp-content\/uploads\/2019\/03\/Taca-do-Campeonato-Brasileiro.webp","datePublished":"2020-08-10T03:30:00+00:00","dateModified":"2020-08-11T02:29:03+00:00","author":{"@id":"https:\/\/www.gaveanews.com\/#\/schema\/person\/2ec14f73fb96be2caf28f91afb14749d"},"description":"O martelo sobre quem ter\u00e1 o direito das transmiss\u00f5es dos jogos das S\u00e9ries A e B do Campeonato Brasileiro foi batido.","breadcrumb":{"@id":"https:\/\/www.gaveanews.com\/index.php\/2020\/08\/10\/grsm-tera-direitos-de-transmissao-do-brasileirao-no-exterior\/#breadcrumb"},"inLanguage":"pt-BR","potentialAction":[{"@type":"ReadAction","target":["https:\/\/www.gaveanews.com\/index.php\/2020\/08\/10\/grsm-tera-direitos-de-transmissao-do-brasileirao-no-exterior\/"]}]},{"@type":"ImageObject","inLanguage":"pt-BR","@id":"https:\/\/www.gaveanews.com\/index.php\/2020\/08\/10\/grsm-tera-direitos-de-transmissao-do-brasileirao-no-exterior\/#primaryimage","url":"https:\/\/www.gaveanews.com\/wp-content\/uploads\/2019\/03\/Taca-do-Campeonato-Brasileiro.webp","contentUrl":"https:\/\/www.gaveanews.com\/wp-content\/uploads\/2019\/03\/Taca-do-Campeonato-Brasileiro.webp","caption":"Ta\u00e7a do Campeonato Brasileiro (Foto: Rafael Ribeiro\/CBF)"},{"@type":"BreadcrumbList","@id":"https:\/\/www.gaveanews.com\/index.php\/2020\/08\/10\/grsm-tera-direitos-de-transmissao-do-brasileirao-no-exterior\/#breadcrumb","itemListElement":[{"@type":"ListItem","position":1,"name":"Home","item":"https:\/\/www.gaveanews.com\/"},{"@type":"ListItem","position":2,"name":"GRSM ter\u00e1 direitos de transmiss\u00e3o do Brasileir\u00e3o no exterior"}]},{"@type":"WebSite","@id":"https:\/\/www.gaveanews.com\/#website","url":"https:\/\/www.gaveanews.com\/","name":"G\u00e1vea News","description":"Veja todas as not\u00edcias sobre o Flamengo: Contrata\u00e7\u00f5es, categorias de base, resultados das partidas, tabela de classifica\u00e7\u00e3o, pr\u00f3ximos jogos!","potentialAction":[{"@type":"SearchAction","target":{"@type":"EntryPoint","urlTemplate":"https:\/\/www.gaveanews.com\/?s={search_term_string}"},"query-input":{"@type":"PropertyValueSpecification","valueRequired":true,"valueName":"search_term_string"}}],"inLanguage":"pt-BR"},{"@type":"Person","@id":"https:\/\/www.gaveanews.com\/#\/schema\/person\/2ec14f73fb96be2caf28f91afb14749d","name":"Equipe G\u00e1vea News","image":{"@type":"ImageObject","inLanguage":"pt-BR","@id":"https:\/\/www.gaveanews.com\/#\/schema\/person\/image\/","url":"https:\/\/secure.gravatar.com\/avatar\/1e1956f1facbffd3f8fa53a326721950116b3b9dc9bd44939c01180fd4a745a9?s=96&d=mm&r=g","contentUrl":"https:\/\/secure.gravatar.com\/avatar\/1e1956f1facbffd3f8fa53a326721950116b3b9dc9bd44939c01180fd4a745a9?s=96&d=mm&r=g","caption":"Equipe G\u00e1vea News"}}]}},"_links":{"self":[{"href":"https:\/\/www.gaveanews.com\/index.php\/wp-json\/wp\/v2\/posts\/45286","targetHints":{"allow":["GET"]}}],"collection":[{"href":"https:\/\/www.gaveanews.com\/index.php\/wp-json\/wp\/v2\/posts"}],"about":[{"href":"https:\/\/www.gaveanews.com\/index.php\/wp-json\/wp\/v2\/types\/post"}],"author":[{"embeddable":true,"href":"https:\/\/www.gaveanews.com\/index.php\/wp-json\/wp\/v2\/users\/1"}],"replies":[{"embeddable":true,"href":"https:\/\/www.gaveanews.com\/index.php\/wp-json\/wp\/v2\/comments?post=45286"}],"version-history":[{"count":0,"href":"https:\/\/www.gaveanews.com\/index.php\/wp-json\/wp\/v2\/posts\/45286\/revisions"}],"wp:featuredmedia":[{"embeddable":true,"href":"https:\/\/www.gaveanews.com\/index.php\/wp-json\/wp\/v2\/media\/15035"}],"wp:attachment":[{"href":"https:\/\/www.gaveanews.com\/index.php\/wp-json\/wp\/v2\/media?parent=45286"}],"wp:term":[{"taxonomy":"category","embeddable":true,"href":"https:\/\/www.gaveanews.com\/index.php\/wp-json\/wp\/v2\/categories?post=45286"},{"taxonomy":"post_tag","embeddable":true,"href":"https:\/\/www.gaveanews.com\/index.php\/wp-json\/wp\/v2\/tags?post=45286"}],"curies":[{"name":"wp","href":"https:\/\/api.w.org\/{rel}","templated":true}]}}