{"id":45313,"date":"2020-08-11T14:31:47","date_gmt":"2020-08-11T17:31:47","guid":{"rendered":"https:\/\/www.gaveanews.com\/?p=45313"},"modified":"2020-08-11T14:31:53","modified_gmt":"2020-08-11T17:31:53","slug":"flamengo-entra-na-justica-para-impedir-cbf-de-entregar-trofeu-ao-sao-paulo","status":"publish","type":"post","link":"https:\/\/www.gaveanews.com\/index.php\/2020\/08\/11\/flamengo-entra-na-justica-para-impedir-cbf-de-entregar-trofeu-ao-sao-paulo\/","title":{"rendered":"Flamengo entra na justi\u00e7a para impedir CBF de entregar trof\u00e9u ao S\u00e3o Paulo"},"content":{"rendered":"\n<p>A novela Ta\u00e7a das Bolinhas ganhou um novo cap\u00edtulo. Nesta ter\u00e7a-feira, o Flamengo entrou de novo no Tribunal de Justi\u00e7a do Estado do Rio de Janeiro (TJRJ) contra a Confedera\u00e7\u00e3o Brasileira de Futebol (CBF), pedindo liminar que a pro\u00edba de entregar a pol\u00eamica ta\u00e7a ao S\u00e3o Paulo. O Esporte News Mundo teve acesso a detalhes do caso, que corre na 1\u00aa Vara C\u00edvel da Barra da Tijuca do TJRJ, e aguarda decis\u00e3o da ju\u00edza Bianca Ferreira do Amaral Machado Nigri.<\/p>\n\n\n\n<p>Pediu o Flamengo que a CBF seja obrigada em liminar pela Justi\u00e7a a \u201d abster-se de praticar qualquer ato que viole disposi\u00e7\u00f5es dos Regulamentos dos Campeonatos Brasileiros de futebol masculino profissional de 2006, 2007 e 2008 \u2013 cujos respectivos artigos 6\u00ba, 7\u00ba e 5\u00ba estabeleciam que o pr\u00eamio em disputa era o trof\u00e9u \u201cCAMPE\u00c3O BRASILEIRO\u201d, e n\u00e3o o trof\u00e9u \u201cCOPA BRASIL\u201d \u2013, at\u00e9 o julgamento de m\u00e9rito desta demanda, sob pena de multa di\u00e1ria de R$ 50.000,00 (cinquenta mil reais) em caso de descumprimento da determina\u00e7\u00e3o \u2013 limitada ao \u201cteto\u201d sugerido de R$ 1.000.000,00 (um milh\u00e3o de reais)\u201d.<\/p>\n\n\n\n<p>Como argumento para o pedido de urg\u00eancia em liminar, o Flamengo alegou que \u201ca CAIXA ECON\u00d4MICA FEDERAL foi rec\u00e9m intimada a devolver o trof\u00e9u para que a CBF adote as \u201cmedidas cab\u00edveis acerca do destino da TA\u00c7A DE BOLINHAS\u201d, sendo quest\u00e3o de tempo at\u00e9 que seja colocado em pr\u00e1tica o posicionamento institucional ilegal da R\u00c9 manifestado no OF\u00cdCIO CBF N.\u00ba 587\/2018, em grave viola\u00e7\u00e3o \u00e0s normas dos REGULAMENTOS dos Campeonatos Brasileiros de 2006, 2007 e 2008\u201d.<\/p>\n\n\n\n<p>Durante toda a argumenta\u00e7\u00e3o apresentada desta vez ao ju\u00edzo, o Flamengo busca uma a\u00e7\u00e3o declarat\u00f3ria da CBF acerca das disposi\u00e7\u00f5es dos Regulamentos dos Campeonatos Brasileiros de futebol masculino profissional de 2006, 2007 e 2008. O clube presidido por Rodolfo Landim alega ao argumentar que isso se faz necess\u00e1rio para dar seguran\u00e7a jur\u00eddica para a quest\u00e3o.<\/p>\n\n\n\n<p>O trof\u00e9u em disputa dito nos regulamentos da CBF das edi\u00e7\u00f5es do Brasileir\u00e3o dos respectivos anos \u00e9 a nova base da discuss\u00e3o jur\u00eddica. \u201cA fim de dissipar em definitivo qualquer d\u00favida objetiva que ainda pudesse pairar a respeito de qual o trof\u00e9u em disputa nos Campeonatos Brasileiros de futebol nos anos de 2006, 2007 e 2008\u201d, argumentou o Flamengo em trecho da inicial.<\/p>\n\n\n\n<p>A defesa do Flamengo colocou nos autos sobre a Ta\u00e7a das Bolinhas que \u201cO trof\u00e9u COPA BRASIL constitui premia\u00e7\u00e3o originalmente idealizada pela CAIXA ECON\u00d4MICA FEDERAL (\u201cCEF\u201d) \u2013 cuja efetiva regulamenta\u00e7\u00e3o esportiva foi delegada \u00e0 R\u00c9 \u2013 para premiar o clube campe\u00e3o da primeira divis\u00e3o dos Campeonatos Brasileiros de futebol organizados pela entidade, entre os anos de 1975 e 1992, por 03 (tr\u00eas) vezes consecutivas ou 05 (cinco) vezes alternadas\u201d.<\/p>\n\n\n\n<p>\u201cA primeira agremia\u00e7\u00e3o esportiva a levantar o trof\u00e9u foi o SPORT CLUB INTERNACIONAL, ap\u00f3s conquistar o Campeonato Brasileiro de futebol de 1975, e o \u00faltimo clube que teve a honra de ergu\u00ea-lo foi justamente o AUTOR, ao sagrar-se Campe\u00e3o Brasileiro de futebol no ano de 1992, pela quinta vez alternada. Ao longo dos 18 (dezoito) anos em que a premia\u00e7\u00e3o esteve formalmente em disputa, 10 (dez) times levantaram a TA\u00c7A DAS BOLINHAS\u201d, justificou o Flamengo.<\/p>\n\n\n\n<p>\u201cAp\u00f3s conquistar o seu quinto t\u00edtulo, de forma alternada (1980, 1982, 1983, 1987 e 1992), da primeira divis\u00e3o dos Campeonatos Brasileiros de futebol, o AUTOR preencheu os requisitos formais para obter sua posse definitiva, raz\u00e3o pela qual a TA\u00c7A DAS BOLINHAS foi formalmente retirada de disputa pela CBF, sendo substitu\u00edda, em 1993, pelo conhecido trof\u00e9u \u201cCAMPE\u00c3O BRASILEIRO\u201d, seguiu o Flamengo em suas justificativas.<\/p>\n\n\n\n<p>Questionou o Flamengo: \u201cAfinal, \u00e0 luz dos REGULAMENTOS editados pela pr\u00f3pria R\u00c9, o trof\u00e9u COPA BRASIL estava ou n\u00e3o formalmente em disputa nos Campeonatos Brasileiros de 2006, 2007 e 2008? Poderia a CBF ignorar suas pr\u00f3prias disposi\u00e7\u00f5es normativas para, em interpreta\u00e7\u00e3o extensiva, atribu\u00ed-lo como premia\u00e7\u00e3o aplic\u00e1vel aos referidos torneios, a despeito da expressa veda\u00e7\u00e3o normativa\u201d, completando:<\/p>\n\n\n\n<p>\u201cTrata-se, ao fim e ao cabo, de medida que se imp\u00f5e para resguardar a verdade hist\u00f3rica sobre aquelas competi\u00e7\u00f5es, e impedir novas e indesejadas distor\u00e7\u00f5es \u2013 deliberadas ou n\u00e3o, por ) desconhecimento ou m\u00e1-f\u00e9 \u2013 acerca de uma premia\u00e7\u00e3o cuja disputa \u00e9 cercada de nuances e de pol\u00eamicas que infelizmente se perpetuaram no tempo \u2013 em especial diante da volatilidade das \u201cinforma\u00e7\u00f5es\u201d na chamada era das fake news\u201d.<\/p>\n\n\n\n<p>Retirado de: Esporte News Mundo<\/p>\n","protected":false},"excerpt":{"rendered":"<p>A novela Ta\u00e7a das Bolinhas ganhou um novo cap\u00edtulo. Nesta ter\u00e7a-feira, o Flamengo entrou de novo no Tribunal de Justi\u00e7a do Estado do Rio de Janeiro (TJRJ) contra a Confedera\u00e7\u00e3o Brasileira de Futebol (CBF), pedindo liminar que a pro\u00edba de entregar a pol\u00eamica ta\u00e7a ao S\u00e3o Paulo. O Esporte News Mundo teve acesso a detalhes [&hellip;]<\/p>\n","protected":false},"author":1,"featured_media":16271,"comment_status":"open","ping_status":"closed","sticky":false,"template":"","format":"standard","meta":{"footnotes":""},"categories":[1],"tags":[],"class_list":["post-45313","post","type-post","status-publish","format-standard","has-post-thumbnail","hentry","category-flamengo"],"yoast_head":"<!-- This site is optimized with the Yoast SEO Premium plugin v24.2 (Yoast SEO v26.9) - https:\/\/yoast.com\/product\/yoast-seo-premium-wordpress\/ -->\n<title>Flamengo entra na justi\u00e7a para impedir entrega de trof\u00e9u ao S\u00e3o Paulo<\/title>\n<meta name=\"description\" content=\"Nesta ter\u00e7a-feira (11 de agosto), o Flamengo entrou de novo no Tribunal de Justi\u00e7a do Estado do Rio de Janeiro (TJRJ).\" \/>\n<meta name=\"robots\" content=\"index, follow, max-snippet:-1, max-image-preview:large, max-video-preview:-1\" \/>\n<link rel=\"canonical\" href=\"https:\/\/www.gaveanews.com\/index.php\/2020\/08\/11\/flamengo-entra-na-justica-para-impedir-cbf-de-entregar-trofeu-ao-sao-paulo\/\" \/>\n<meta property=\"og:locale\" content=\"pt_BR\" \/>\n<meta property=\"og:type\" content=\"article\" \/>\n<meta property=\"og:title\" content=\"Flamengo entra na justi\u00e7a para impedir CBF de entregar trof\u00e9u ao S\u00e3o Paulo\" \/>\n<meta property=\"og:description\" content=\"Nesta ter\u00e7a-feira (11 de agosto), o Flamengo entrou de novo no Tribunal de Justi\u00e7a do Estado do Rio de Janeiro (TJRJ).\" \/>\n<meta property=\"og:url\" content=\"https:\/\/www.gaveanews.com\/index.php\/2020\/08\/11\/flamengo-entra-na-justica-para-impedir-cbf-de-entregar-trofeu-ao-sao-paulo\/\" \/>\n<meta property=\"og:site_name\" content=\"G\u00e1vea News\" \/>\n<meta property=\"article:publisher\" content=\"https:\/\/facebook.com\/gaveaNews\/\" \/>\n<meta property=\"article:published_time\" content=\"2020-08-11T17:31:47+00:00\" \/>\n<meta property=\"article:modified_time\" content=\"2020-08-11T17:31:53+00:00\" \/>\n<meta property=\"og:image\" content=\"https:\/\/www.gaveanews.com\/wp-content\/uploads\/2019\/02\/Sede-da-CBF-no-Rio-de-Janeiro.webp\" \/>\n\t<meta property=\"og:image:width\" content=\"690\" \/>\n\t<meta property=\"og:image:height\" content=\"518\" \/>\n\t<meta property=\"og:image:type\" content=\"image\/jpeg\" \/>\n<meta name=\"author\" content=\"Equipe G\u00e1vea News\" \/>\n<meta name=\"twitter:card\" content=\"summary_large_image\" \/>\n<meta name=\"twitter:label1\" content=\"Escrito por\" \/>\n\t<meta name=\"twitter:data1\" content=\"Equipe G\u00e1vea News\" \/>\n\t<meta name=\"twitter:label2\" content=\"Est. tempo de leitura\" \/>\n\t<meta name=\"twitter:data2\" content=\"4 minutos\" \/>\n<script type=\"application\/ld+json\" class=\"yoast-schema-graph\">{\"@context\":\"https:\/\/schema.org\",\"@graph\":[{\"@type\":\"NewsArticle\",\"@id\":\"https:\/\/www.gaveanews.com\/index.php\/2020\/08\/11\/flamengo-entra-na-justica-para-impedir-cbf-de-entregar-trofeu-ao-sao-paulo\/#article\",\"isPartOf\":{\"@id\":\"https:\/\/www.gaveanews.com\/index.php\/2020\/08\/11\/flamengo-entra-na-justica-para-impedir-cbf-de-entregar-trofeu-ao-sao-paulo\/\"},\"author\":{\"name\":\"Equipe G\u00e1vea News\",\"@id\":\"https:\/\/www.gaveanews.com\/#\/schema\/person\/2ec14f73fb96be2caf28f91afb14749d\"},\"headline\":\"Flamengo entra na justi\u00e7a para impedir CBF de entregar trof\u00e9u ao S\u00e3o Paulo\",\"datePublished\":\"2020-08-11T17:31:47+00:00\",\"dateModified\":\"2020-08-11T17:31:53+00:00\",\"mainEntityOfPage\":{\"@id\":\"https:\/\/www.gaveanews.com\/index.php\/2020\/08\/11\/flamengo-entra-na-justica-para-impedir-cbf-de-entregar-trofeu-ao-sao-paulo\/\"},\"wordCount\":765,\"commentCount\":10,\"image\":{\"@id\":\"https:\/\/www.gaveanews.com\/index.php\/2020\/08\/11\/flamengo-entra-na-justica-para-impedir-cbf-de-entregar-trofeu-ao-sao-paulo\/#primaryimage\"},\"thumbnailUrl\":\"https:\/\/www.gaveanews.com\/wp-content\/uploads\/2019\/02\/Sede-da-CBF-no-Rio-de-Janeiro.webp\",\"articleSection\":[\"Flamengo\"],\"inLanguage\":\"pt-BR\",\"potentialAction\":[{\"@type\":\"CommentAction\",\"name\":\"Comment\",\"target\":[\"https:\/\/www.gaveanews.com\/index.php\/2020\/08\/11\/flamengo-entra-na-justica-para-impedir-cbf-de-entregar-trofeu-ao-sao-paulo\/#respond\"]}],\"copyrightYear\":\"2020\",\"copyrightHolder\":{\"@id\":\"https:\/\/www.gaveanews.com\/#organization\"}},{\"@type\":\"WebPage\",\"@id\":\"https:\/\/www.gaveanews.com\/index.php\/2020\/08\/11\/flamengo-entra-na-justica-para-impedir-cbf-de-entregar-trofeu-ao-sao-paulo\/\",\"url\":\"https:\/\/www.gaveanews.com\/index.php\/2020\/08\/11\/flamengo-entra-na-justica-para-impedir-cbf-de-entregar-trofeu-ao-sao-paulo\/\",\"name\":\"Flamengo entra na justi\u00e7a para impedir entrega de trof\u00e9u ao S\u00e3o Paulo\",\"isPartOf\":{\"@id\":\"https:\/\/www.gaveanews.com\/#website\"},\"primaryImageOfPage\":{\"@id\":\"https:\/\/www.gaveanews.com\/index.php\/2020\/08\/11\/flamengo-entra-na-justica-para-impedir-cbf-de-entregar-trofeu-ao-sao-paulo\/#primaryimage\"},\"image\":{\"@id\":\"https:\/\/www.gaveanews.com\/index.php\/2020\/08\/11\/flamengo-entra-na-justica-para-impedir-cbf-de-entregar-trofeu-ao-sao-paulo\/#primaryimage\"},\"thumbnailUrl\":\"https:\/\/www.gaveanews.com\/wp-content\/uploads\/2019\/02\/Sede-da-CBF-no-Rio-de-Janeiro.webp\",\"datePublished\":\"2020-08-11T17:31:47+00:00\",\"dateModified\":\"2020-08-11T17:31:53+00:00\",\"author\":{\"@id\":\"https:\/\/www.gaveanews.com\/#\/schema\/person\/2ec14f73fb96be2caf28f91afb14749d\"},\"description\":\"Nesta ter\u00e7a-feira (11 de agosto), o Flamengo entrou de novo no Tribunal de Justi\u00e7a do Estado do Rio de Janeiro (TJRJ).\",\"breadcrumb\":{\"@id\":\"https:\/\/www.gaveanews.com\/index.php\/2020\/08\/11\/flamengo-entra-na-justica-para-impedir-cbf-de-entregar-trofeu-ao-sao-paulo\/#breadcrumb\"},\"inLanguage\":\"pt-BR\",\"potentialAction\":[{\"@type\":\"ReadAction\",\"target\":[\"https:\/\/www.gaveanews.com\/index.php\/2020\/08\/11\/flamengo-entra-na-justica-para-impedir-cbf-de-entregar-trofeu-ao-sao-paulo\/\"]}]},{\"@type\":\"ImageObject\",\"inLanguage\":\"pt-BR\",\"@id\":\"https:\/\/www.gaveanews.com\/index.php\/2020\/08\/11\/flamengo-entra-na-justica-para-impedir-cbf-de-entregar-trofeu-ao-sao-paulo\/#primaryimage\",\"url\":\"https:\/\/www.gaveanews.com\/wp-content\/uploads\/2019\/02\/Sede-da-CBF-no-Rio-de-Janeiro.webp\",\"contentUrl\":\"https:\/\/www.gaveanews.com\/wp-content\/uploads\/2019\/02\/Sede-da-CBF-no-Rio-de-Janeiro.webp\",\"width\":690,\"height\":518,\"caption\":\"Sede da CBF no Rio de Janeiro (Foto: Cah\u00ea Mota\/Globo Esporte)\"},{\"@type\":\"BreadcrumbList\",\"@id\":\"https:\/\/www.gaveanews.com\/index.php\/2020\/08\/11\/flamengo-entra-na-justica-para-impedir-cbf-de-entregar-trofeu-ao-sao-paulo\/#breadcrumb\",\"itemListElement\":[{\"@type\":\"ListItem\",\"position\":1,\"name\":\"Home\",\"item\":\"https:\/\/www.gaveanews.com\/\"},{\"@type\":\"ListItem\",\"position\":2,\"name\":\"Flamengo entra na justi\u00e7a para impedir CBF de entregar trof\u00e9u ao S\u00e3o Paulo\"}]},{\"@type\":\"WebSite\",\"@id\":\"https:\/\/www.gaveanews.com\/#website\",\"url\":\"https:\/\/www.gaveanews.com\/\",\"name\":\"G\u00e1vea News\",\"description\":\"Veja todas as not\u00edcias sobre o Flamengo: Contrata\u00e7\u00f5es, categorias de base, resultados das partidas, tabela de classifica\u00e7\u00e3o, pr\u00f3ximos jogos!\",\"potentialAction\":[{\"@type\":\"SearchAction\",\"target\":{\"@type\":\"EntryPoint\",\"urlTemplate\":\"https:\/\/www.gaveanews.com\/?s={search_term_string}\"},\"query-input\":{\"@type\":\"PropertyValueSpecification\",\"valueRequired\":true,\"valueName\":\"search_term_string\"}}],\"inLanguage\":\"pt-BR\"},{\"@type\":\"Person\",\"@id\":\"https:\/\/www.gaveanews.com\/#\/schema\/person\/2ec14f73fb96be2caf28f91afb14749d\",\"name\":\"Equipe G\u00e1vea News\",\"image\":{\"@type\":\"ImageObject\",\"inLanguage\":\"pt-BR\",\"@id\":\"https:\/\/www.gaveanews.com\/#\/schema\/person\/image\/\",\"url\":\"https:\/\/secure.gravatar.com\/avatar\/1e1956f1facbffd3f8fa53a326721950116b3b9dc9bd44939c01180fd4a745a9?s=96&d=mm&r=g\",\"contentUrl\":\"https:\/\/secure.gravatar.com\/avatar\/1e1956f1facbffd3f8fa53a326721950116b3b9dc9bd44939c01180fd4a745a9?s=96&d=mm&r=g\",\"caption\":\"Equipe G\u00e1vea News\"}}]}<\/script>\n<!-- \/ Yoast SEO Premium plugin. -->","yoast_head_json":{"title":"Flamengo entra na justi\u00e7a para impedir entrega de trof\u00e9u ao S\u00e3o Paulo","description":"Nesta ter\u00e7a-feira (11 de agosto), o Flamengo entrou de novo no Tribunal de Justi\u00e7a do Estado do Rio de Janeiro (TJRJ).","robots":{"index":"index","follow":"follow","max-snippet":"max-snippet:-1","max-image-preview":"max-image-preview:large","max-video-preview":"max-video-preview:-1"},"canonical":"https:\/\/www.gaveanews.com\/index.php\/2020\/08\/11\/flamengo-entra-na-justica-para-impedir-cbf-de-entregar-trofeu-ao-sao-paulo\/","og_locale":"pt_BR","og_type":"article","og_title":"Flamengo entra na justi\u00e7a para impedir CBF de entregar trof\u00e9u ao S\u00e3o Paulo","og_description":"Nesta ter\u00e7a-feira (11 de agosto), o Flamengo entrou de novo no Tribunal de Justi\u00e7a do Estado do Rio de Janeiro (TJRJ).","og_url":"https:\/\/www.gaveanews.com\/index.php\/2020\/08\/11\/flamengo-entra-na-justica-para-impedir-cbf-de-entregar-trofeu-ao-sao-paulo\/","og_site_name":"G\u00e1vea News","article_publisher":"https:\/\/facebook.com\/gaveaNews\/","article_published_time":"2020-08-11T17:31:47+00:00","article_modified_time":"2020-08-11T17:31:53+00:00","og_image":[{"width":690,"height":518,"url":"https:\/\/www.gaveanews.com\/wp-content\/uploads\/2019\/02\/Sede-da-CBF-no-Rio-de-Janeiro.webp","type":"image\/jpeg"}],"author":"Equipe G\u00e1vea News","twitter_card":"summary_large_image","twitter_misc":{"Escrito por":"Equipe G\u00e1vea News","Est. tempo de leitura":"4 minutos"},"schema":{"@context":"https:\/\/schema.org","@graph":[{"@type":"NewsArticle","@id":"https:\/\/www.gaveanews.com\/index.php\/2020\/08\/11\/flamengo-entra-na-justica-para-impedir-cbf-de-entregar-trofeu-ao-sao-paulo\/#article","isPartOf":{"@id":"https:\/\/www.gaveanews.com\/index.php\/2020\/08\/11\/flamengo-entra-na-justica-para-impedir-cbf-de-entregar-trofeu-ao-sao-paulo\/"},"author":{"name":"Equipe G\u00e1vea News","@id":"https:\/\/www.gaveanews.com\/#\/schema\/person\/2ec14f73fb96be2caf28f91afb14749d"},"headline":"Flamengo entra na justi\u00e7a para impedir CBF de entregar trof\u00e9u ao S\u00e3o Paulo","datePublished":"2020-08-11T17:31:47+00:00","dateModified":"2020-08-11T17:31:53+00:00","mainEntityOfPage":{"@id":"https:\/\/www.gaveanews.com\/index.php\/2020\/08\/11\/flamengo-entra-na-justica-para-impedir-cbf-de-entregar-trofeu-ao-sao-paulo\/"},"wordCount":765,"commentCount":10,"image":{"@id":"https:\/\/www.gaveanews.com\/index.php\/2020\/08\/11\/flamengo-entra-na-justica-para-impedir-cbf-de-entregar-trofeu-ao-sao-paulo\/#primaryimage"},"thumbnailUrl":"https:\/\/www.gaveanews.com\/wp-content\/uploads\/2019\/02\/Sede-da-CBF-no-Rio-de-Janeiro.webp","articleSection":["Flamengo"],"inLanguage":"pt-BR","potentialAction":[{"@type":"CommentAction","name":"Comment","target":["https:\/\/www.gaveanews.com\/index.php\/2020\/08\/11\/flamengo-entra-na-justica-para-impedir-cbf-de-entregar-trofeu-ao-sao-paulo\/#respond"]}],"copyrightYear":"2020","copyrightHolder":{"@id":"https:\/\/www.gaveanews.com\/#organization"}},{"@type":"WebPage","@id":"https:\/\/www.gaveanews.com\/index.php\/2020\/08\/11\/flamengo-entra-na-justica-para-impedir-cbf-de-entregar-trofeu-ao-sao-paulo\/","url":"https:\/\/www.gaveanews.com\/index.php\/2020\/08\/11\/flamengo-entra-na-justica-para-impedir-cbf-de-entregar-trofeu-ao-sao-paulo\/","name":"Flamengo entra na justi\u00e7a para impedir entrega de trof\u00e9u ao S\u00e3o Paulo","isPartOf":{"@id":"https:\/\/www.gaveanews.com\/#website"},"primaryImageOfPage":{"@id":"https:\/\/www.gaveanews.com\/index.php\/2020\/08\/11\/flamengo-entra-na-justica-para-impedir-cbf-de-entregar-trofeu-ao-sao-paulo\/#primaryimage"},"image":{"@id":"https:\/\/www.gaveanews.com\/index.php\/2020\/08\/11\/flamengo-entra-na-justica-para-impedir-cbf-de-entregar-trofeu-ao-sao-paulo\/#primaryimage"},"thumbnailUrl":"https:\/\/www.gaveanews.com\/wp-content\/uploads\/2019\/02\/Sede-da-CBF-no-Rio-de-Janeiro.webp","datePublished":"2020-08-11T17:31:47+00:00","dateModified":"2020-08-11T17:31:53+00:00","author":{"@id":"https:\/\/www.gaveanews.com\/#\/schema\/person\/2ec14f73fb96be2caf28f91afb14749d"},"description":"Nesta ter\u00e7a-feira (11 de agosto), o Flamengo entrou de novo no Tribunal de Justi\u00e7a do Estado do Rio de Janeiro (TJRJ).","breadcrumb":{"@id":"https:\/\/www.gaveanews.com\/index.php\/2020\/08\/11\/flamengo-entra-na-justica-para-impedir-cbf-de-entregar-trofeu-ao-sao-paulo\/#breadcrumb"},"inLanguage":"pt-BR","potentialAction":[{"@type":"ReadAction","target":["https:\/\/www.gaveanews.com\/index.php\/2020\/08\/11\/flamengo-entra-na-justica-para-impedir-cbf-de-entregar-trofeu-ao-sao-paulo\/"]}]},{"@type":"ImageObject","inLanguage":"pt-BR","@id":"https:\/\/www.gaveanews.com\/index.php\/2020\/08\/11\/flamengo-entra-na-justica-para-impedir-cbf-de-entregar-trofeu-ao-sao-paulo\/#primaryimage","url":"https:\/\/www.gaveanews.com\/wp-content\/uploads\/2019\/02\/Sede-da-CBF-no-Rio-de-Janeiro.webp","contentUrl":"https:\/\/www.gaveanews.com\/wp-content\/uploads\/2019\/02\/Sede-da-CBF-no-Rio-de-Janeiro.webp","width":690,"height":518,"caption":"Sede da CBF no Rio de Janeiro (Foto: Cah\u00ea Mota\/Globo Esporte)"},{"@type":"BreadcrumbList","@id":"https:\/\/www.gaveanews.com\/index.php\/2020\/08\/11\/flamengo-entra-na-justica-para-impedir-cbf-de-entregar-trofeu-ao-sao-paulo\/#breadcrumb","itemListElement":[{"@type":"ListItem","position":1,"name":"Home","item":"https:\/\/www.gaveanews.com\/"},{"@type":"ListItem","position":2,"name":"Flamengo entra na justi\u00e7a para impedir CBF de entregar trof\u00e9u ao S\u00e3o Paulo"}]},{"@type":"WebSite","@id":"https:\/\/www.gaveanews.com\/#website","url":"https:\/\/www.gaveanews.com\/","name":"G\u00e1vea News","description":"Veja todas as not\u00edcias sobre o Flamengo: Contrata\u00e7\u00f5es, categorias de base, resultados das partidas, tabela de classifica\u00e7\u00e3o, pr\u00f3ximos jogos!","potentialAction":[{"@type":"SearchAction","target":{"@type":"EntryPoint","urlTemplate":"https:\/\/www.gaveanews.com\/?s={search_term_string}"},"query-input":{"@type":"PropertyValueSpecification","valueRequired":true,"valueName":"search_term_string"}}],"inLanguage":"pt-BR"},{"@type":"Person","@id":"https:\/\/www.gaveanews.com\/#\/schema\/person\/2ec14f73fb96be2caf28f91afb14749d","name":"Equipe G\u00e1vea News","image":{"@type":"ImageObject","inLanguage":"pt-BR","@id":"https:\/\/www.gaveanews.com\/#\/schema\/person\/image\/","url":"https:\/\/secure.gravatar.com\/avatar\/1e1956f1facbffd3f8fa53a326721950116b3b9dc9bd44939c01180fd4a745a9?s=96&d=mm&r=g","contentUrl":"https:\/\/secure.gravatar.com\/avatar\/1e1956f1facbffd3f8fa53a326721950116b3b9dc9bd44939c01180fd4a745a9?s=96&d=mm&r=g","caption":"Equipe G\u00e1vea News"}}]}},"_links":{"self":[{"href":"https:\/\/www.gaveanews.com\/index.php\/wp-json\/wp\/v2\/posts\/45313","targetHints":{"allow":["GET"]}}],"collection":[{"href":"https:\/\/www.gaveanews.com\/index.php\/wp-json\/wp\/v2\/posts"}],"about":[{"href":"https:\/\/www.gaveanews.com\/index.php\/wp-json\/wp\/v2\/types\/post"}],"author":[{"embeddable":true,"href":"https:\/\/www.gaveanews.com\/index.php\/wp-json\/wp\/v2\/users\/1"}],"replies":[{"embeddable":true,"href":"https:\/\/www.gaveanews.com\/index.php\/wp-json\/wp\/v2\/comments?post=45313"}],"version-history":[{"count":0,"href":"https:\/\/www.gaveanews.com\/index.php\/wp-json\/wp\/v2\/posts\/45313\/revisions"}],"wp:featuredmedia":[{"embeddable":true,"href":"https:\/\/www.gaveanews.com\/index.php\/wp-json\/wp\/v2\/media\/16271"}],"wp:attachment":[{"href":"https:\/\/www.gaveanews.com\/index.php\/wp-json\/wp\/v2\/media?parent=45313"}],"wp:term":[{"taxonomy":"category","embeddable":true,"href":"https:\/\/www.gaveanews.com\/index.php\/wp-json\/wp\/v2\/categories?post=45313"},{"taxonomy":"post_tag","embeddable":true,"href":"https:\/\/www.gaveanews.com\/index.php\/wp-json\/wp\/v2\/tags?post=45313"}],"curies":[{"name":"wp","href":"https:\/\/api.w.org\/{rel}","templated":true}]}}