{"id":45317,"date":"2020-08-11T15:23:16","date_gmt":"2020-08-11T18:23:16","guid":{"rendered":"https:\/\/www.gaveanews.com\/?p=45317"},"modified":"2020-08-11T15:23:19","modified_gmt":"2020-08-11T18:23:19","slug":"apos-inicio-com-3-surtos-cbf-nao-ve-risco-de-brasileiro-inviavel-por-covid","status":"publish","type":"post","link":"https:\/\/www.gaveanews.com\/index.php\/2020\/08\/11\/apos-inicio-com-3-surtos-cbf-nao-ve-risco-de-brasileiro-inviavel-por-covid\/","title":{"rendered":"Ap\u00f3s in\u00edcio com 3 surtos, CBF n\u00e3o v\u00ea risco de Brasileiro invi\u00e1vel por Covid"},"content":{"rendered":"\n<p>Ap\u00f3s tr\u00eas surtos de coronav\u00edrus em times na estreia do Brasileiro &#8211; CSA, Goi\u00e1s e Imperatriz -, a CBF foi obrigada a modificar os protocolos de testagem, deixando como op\u00e7\u00e3o para os clubes os locais de exames. Ainda foram ampliados os exames para todos os membros dos elencos. O in\u00edcio gerou cr\u00edticas e desconfian\u00e7a nos times. A diretoria da confedera\u00e7\u00e3o, no entanto, n\u00e3o v\u00ea risco de a S\u00e9rie A se tornar invi\u00e1vel por conta de adiamentos por Covid.<\/p>\n\n\n\n<p>Em entrevista ao blog, o secret\u00e1rio-geral da CBF, Walter Feldman, defendeu os protocolos da entidade como em aperfei\u00e7oamento. E entendeu que o Brasileiro vai continuar com ajustes e n\u00e3o ser\u00e1 sua continuidade amea\u00e7ada pela Covid.<\/p>\n\n\n\n<p>&#8220;Nossa vis\u00e3o \u00e9 que n\u00e3o (h\u00e1 amea\u00e7a). Acreditamos que o protocolo tem uma consist\u00eancia, tem um acompanhamento al\u00e9m dos membros. Os testes foram feitos em uma quantidade grande. Malha a\u00e9rea, est\u00e1 sendo reativada. Nenhum momento (risco de parar o campeonato), zero inviabilidade. Tem um sentimento natural catastrofista no in\u00edcio, s\u00e3o casos localizados. Cesta muito maior de jogos. Foi dado encaminhamento correto pela CBF.&#8221;<\/p>\n\n\n\n<p>A confedera\u00e7\u00e3o segue sem uma regra fixa para o adiamento dos jogos. N\u00e3o h\u00e1 um n\u00famero m\u00e1ximo de contaminados para determinar quando uma partida n\u00e3o ocorrer\u00e1, apesar de alguns clubes terem sugerido essa medida \u00e0 CBF. Questionado, Feldman defende que o procedimento n\u00e3o causar\u00e1 risco de contamina\u00e7\u00e3o em massa.<\/p>\n\n\n\n<p>&#8220;N\u00e3o necessariamente. Essa contamina\u00e7\u00e3o tem muitas caracter\u00edsticas diferentes. Pode n\u00e3o acontecer nada por carater\u00edsticas pr\u00f3prias. N\u00e3o significa que tem 10,11 positivos e causar\u00e1. Sempre far\u00e1 os testes acompanhando de outros pontos, ampliando o n\u00famero de testados. Neste momento, n\u00e3o est\u00e1 estabelecido um n\u00famero para adiar o jogo. H\u00e1 uma margem grande de adequa\u00e7\u00e3o. Informa\u00e7\u00f5es cient\u00edficas est\u00e3o evoluindo e o protocolo tamb\u00e9m. Um exemplo \u00e9 a redu\u00e7\u00e3o de quarentena, 10 dias, baseado nas orienta\u00e7\u00f5es do CDC&#8221;, defendeu Feldman.<\/p>\n\n\n\n<p>Assim, a partida do Goi\u00e1s, na quarta-feira, diante do Athl\u00e9tico-PR, est\u00e1 mantida mesmo com dez jogadores infectados pelo teste de domingo. Para Feldman, o n\u00famero de clubes com grupos grandes de testes positivos n\u00e3o foi alto considerando que foram 30 jogos nas tr\u00eas divis\u00f5es.<\/p>\n\n\n\n<p>Nas mudan\u00e7as no protocolo da CBF, houve um reconhecimento de que o Hospital Einstein n\u00e3o conseguia cumprir a log\u00edstica de realizar os testes em todo pa\u00eds antes de os clubes viajarem. Agora, os exames podem ser feitos pelos clubes em laborat\u00f3rios credenciados e ser\u00e3o entregues \u00e0 CBF 12 horas antes das viagens ou 24 horas antes da partida, no caso dos times mandantes.<\/p>\n\n\n\n<p>Retirado de: UOL<\/p>\n","protected":false},"excerpt":{"rendered":"<p>Ap\u00f3s tr\u00eas surtos de coronav\u00edrus em times na estreia do Brasileiro &#8211; CSA, Goi\u00e1s e Imperatriz -, a CBF foi obrigada a modificar os protocolos de testagem, deixando como op\u00e7\u00e3o para os clubes os locais de exames. Ainda foram ampliados os exames para todos os membros dos elencos. O in\u00edcio gerou cr\u00edticas e desconfian\u00e7a nos [&hellip;]<\/p>\n","protected":false},"author":1,"featured_media":16271,"comment_status":"open","ping_status":"closed","sticky":false,"template":"","format":"standard","meta":{"footnotes":""},"categories":[1],"tags":[],"class_list":["post-45317","post","type-post","status-publish","format-standard","has-post-thumbnail","hentry","category-flamengo"],"yoast_head":"<!-- This site is optimized with the Yoast SEO Premium plugin v24.2 (Yoast SEO v26.9) - https:\/\/yoast.com\/product\/yoast-seo-premium-wordpress\/ -->\n<title>Ap\u00f3s in\u00edcio com 3 surtos, CBF n\u00e3o v\u00ea risco de Brasileiro invi\u00e1vel por Covid<\/title>\n<meta name=\"description\" content=\"O in\u00edcio gerou cr\u00edticas e desconfian\u00e7a nos times. A diretoria da confedera\u00e7\u00e3o, no entanto, n\u00e3o v\u00ea risco de a S\u00e9rie A se tornar invi\u00e1vel.\" \/>\n<meta name=\"robots\" content=\"index, follow, max-snippet:-1, max-image-preview:large, max-video-preview:-1\" \/>\n<link rel=\"canonical\" href=\"https:\/\/www.gaveanews.com\/index.php\/2020\/08\/11\/apos-inicio-com-3-surtos-cbf-nao-ve-risco-de-brasileiro-inviavel-por-covid\/\" \/>\n<meta property=\"og:locale\" content=\"pt_BR\" \/>\n<meta property=\"og:type\" content=\"article\" \/>\n<meta property=\"og:title\" content=\"Ap\u00f3s in\u00edcio com 3 surtos, CBF n\u00e3o v\u00ea risco de Brasileiro invi\u00e1vel por Covid\" \/>\n<meta property=\"og:description\" content=\"O in\u00edcio gerou cr\u00edticas e desconfian\u00e7a nos times. A diretoria da confedera\u00e7\u00e3o, no entanto, n\u00e3o v\u00ea risco de a S\u00e9rie A se tornar invi\u00e1vel.\" \/>\n<meta property=\"og:url\" content=\"https:\/\/www.gaveanews.com\/index.php\/2020\/08\/11\/apos-inicio-com-3-surtos-cbf-nao-ve-risco-de-brasileiro-inviavel-por-covid\/\" \/>\n<meta property=\"og:site_name\" content=\"G\u00e1vea News\" \/>\n<meta property=\"article:publisher\" content=\"https:\/\/facebook.com\/gaveaNews\/\" \/>\n<meta property=\"article:published_time\" content=\"2020-08-11T18:23:16+00:00\" \/>\n<meta property=\"article:modified_time\" content=\"2020-08-11T18:23:19+00:00\" \/>\n<meta property=\"og:image\" content=\"https:\/\/www.gaveanews.com\/wp-content\/uploads\/2019\/02\/Sede-da-CBF-no-Rio-de-Janeiro.webp\" \/>\n\t<meta property=\"og:image:width\" content=\"690\" \/>\n\t<meta property=\"og:image:height\" content=\"518\" \/>\n\t<meta property=\"og:image:type\" content=\"image\/jpeg\" \/>\n<meta name=\"author\" content=\"Equipe G\u00e1vea News\" \/>\n<meta name=\"twitter:card\" content=\"summary_large_image\" \/>\n<meta name=\"twitter:label1\" content=\"Escrito por\" \/>\n\t<meta name=\"twitter:data1\" content=\"Equipe G\u00e1vea News\" \/>\n\t<meta name=\"twitter:label2\" content=\"Est. tempo de leitura\" \/>\n\t<meta name=\"twitter:data2\" content=\"2 minutos\" \/>\n<script type=\"application\/ld+json\" class=\"yoast-schema-graph\">{\"@context\":\"https:\/\/schema.org\",\"@graph\":[{\"@type\":\"NewsArticle\",\"@id\":\"https:\/\/www.gaveanews.com\/index.php\/2020\/08\/11\/apos-inicio-com-3-surtos-cbf-nao-ve-risco-de-brasileiro-inviavel-por-covid\/#article\",\"isPartOf\":{\"@id\":\"https:\/\/www.gaveanews.com\/index.php\/2020\/08\/11\/apos-inicio-com-3-surtos-cbf-nao-ve-risco-de-brasileiro-inviavel-por-covid\/\"},\"author\":{\"name\":\"Equipe G\u00e1vea News\",\"@id\":\"https:\/\/www.gaveanews.com\/#\/schema\/person\/2ec14f73fb96be2caf28f91afb14749d\"},\"headline\":\"Ap\u00f3s in\u00edcio com 3 surtos, CBF n\u00e3o v\u00ea risco de Brasileiro invi\u00e1vel por Covid\",\"datePublished\":\"2020-08-11T18:23:16+00:00\",\"dateModified\":\"2020-08-11T18:23:19+00:00\",\"mainEntityOfPage\":{\"@id\":\"https:\/\/www.gaveanews.com\/index.php\/2020\/08\/11\/apos-inicio-com-3-surtos-cbf-nao-ve-risco-de-brasileiro-inviavel-por-covid\/\"},\"wordCount\":480,\"commentCount\":0,\"image\":{\"@id\":\"https:\/\/www.gaveanews.com\/index.php\/2020\/08\/11\/apos-inicio-com-3-surtos-cbf-nao-ve-risco-de-brasileiro-inviavel-por-covid\/#primaryimage\"},\"thumbnailUrl\":\"https:\/\/www.gaveanews.com\/wp-content\/uploads\/2019\/02\/Sede-da-CBF-no-Rio-de-Janeiro.webp\",\"articleSection\":[\"Flamengo\"],\"inLanguage\":\"pt-BR\",\"potentialAction\":[{\"@type\":\"CommentAction\",\"name\":\"Comment\",\"target\":[\"https:\/\/www.gaveanews.com\/index.php\/2020\/08\/11\/apos-inicio-com-3-surtos-cbf-nao-ve-risco-de-brasileiro-inviavel-por-covid\/#respond\"]}],\"copyrightYear\":\"2020\",\"copyrightHolder\":{\"@id\":\"https:\/\/www.gaveanews.com\/#organization\"}},{\"@type\":\"WebPage\",\"@id\":\"https:\/\/www.gaveanews.com\/index.php\/2020\/08\/11\/apos-inicio-com-3-surtos-cbf-nao-ve-risco-de-brasileiro-inviavel-por-covid\/\",\"url\":\"https:\/\/www.gaveanews.com\/index.php\/2020\/08\/11\/apos-inicio-com-3-surtos-cbf-nao-ve-risco-de-brasileiro-inviavel-por-covid\/\",\"name\":\"Ap\u00f3s in\u00edcio com 3 surtos, CBF n\u00e3o v\u00ea risco de Brasileiro invi\u00e1vel por Covid\",\"isPartOf\":{\"@id\":\"https:\/\/www.gaveanews.com\/#website\"},\"primaryImageOfPage\":{\"@id\":\"https:\/\/www.gaveanews.com\/index.php\/2020\/08\/11\/apos-inicio-com-3-surtos-cbf-nao-ve-risco-de-brasileiro-inviavel-por-covid\/#primaryimage\"},\"image\":{\"@id\":\"https:\/\/www.gaveanews.com\/index.php\/2020\/08\/11\/apos-inicio-com-3-surtos-cbf-nao-ve-risco-de-brasileiro-inviavel-por-covid\/#primaryimage\"},\"thumbnailUrl\":\"https:\/\/www.gaveanews.com\/wp-content\/uploads\/2019\/02\/Sede-da-CBF-no-Rio-de-Janeiro.webp\",\"datePublished\":\"2020-08-11T18:23:16+00:00\",\"dateModified\":\"2020-08-11T18:23:19+00:00\",\"author\":{\"@id\":\"https:\/\/www.gaveanews.com\/#\/schema\/person\/2ec14f73fb96be2caf28f91afb14749d\"},\"description\":\"O in\u00edcio gerou cr\u00edticas e desconfian\u00e7a nos times. A diretoria da confedera\u00e7\u00e3o, no entanto, n\u00e3o v\u00ea risco de a S\u00e9rie A se tornar invi\u00e1vel.\",\"breadcrumb\":{\"@id\":\"https:\/\/www.gaveanews.com\/index.php\/2020\/08\/11\/apos-inicio-com-3-surtos-cbf-nao-ve-risco-de-brasileiro-inviavel-por-covid\/#breadcrumb\"},\"inLanguage\":\"pt-BR\",\"potentialAction\":[{\"@type\":\"ReadAction\",\"target\":[\"https:\/\/www.gaveanews.com\/index.php\/2020\/08\/11\/apos-inicio-com-3-surtos-cbf-nao-ve-risco-de-brasileiro-inviavel-por-covid\/\"]}]},{\"@type\":\"ImageObject\",\"inLanguage\":\"pt-BR\",\"@id\":\"https:\/\/www.gaveanews.com\/index.php\/2020\/08\/11\/apos-inicio-com-3-surtos-cbf-nao-ve-risco-de-brasileiro-inviavel-por-covid\/#primaryimage\",\"url\":\"https:\/\/www.gaveanews.com\/wp-content\/uploads\/2019\/02\/Sede-da-CBF-no-Rio-de-Janeiro.webp\",\"contentUrl\":\"https:\/\/www.gaveanews.com\/wp-content\/uploads\/2019\/02\/Sede-da-CBF-no-Rio-de-Janeiro.webp\",\"width\":690,\"height\":518,\"caption\":\"Sede da CBF no Rio de Janeiro (Foto: Cah\u00ea Mota\/Globo Esporte)\"},{\"@type\":\"BreadcrumbList\",\"@id\":\"https:\/\/www.gaveanews.com\/index.php\/2020\/08\/11\/apos-inicio-com-3-surtos-cbf-nao-ve-risco-de-brasileiro-inviavel-por-covid\/#breadcrumb\",\"itemListElement\":[{\"@type\":\"ListItem\",\"position\":1,\"name\":\"Home\",\"item\":\"https:\/\/www.gaveanews.com\/\"},{\"@type\":\"ListItem\",\"position\":2,\"name\":\"Ap\u00f3s in\u00edcio com 3 surtos, CBF n\u00e3o v\u00ea risco de Brasileiro invi\u00e1vel por Covid\"}]},{\"@type\":\"WebSite\",\"@id\":\"https:\/\/www.gaveanews.com\/#website\",\"url\":\"https:\/\/www.gaveanews.com\/\",\"name\":\"G\u00e1vea News\",\"description\":\"Veja todas as not\u00edcias sobre o Flamengo: Contrata\u00e7\u00f5es, categorias de base, resultados das partidas, tabela de classifica\u00e7\u00e3o, pr\u00f3ximos jogos!\",\"potentialAction\":[{\"@type\":\"SearchAction\",\"target\":{\"@type\":\"EntryPoint\",\"urlTemplate\":\"https:\/\/www.gaveanews.com\/?s={search_term_string}\"},\"query-input\":{\"@type\":\"PropertyValueSpecification\",\"valueRequired\":true,\"valueName\":\"search_term_string\"}}],\"inLanguage\":\"pt-BR\"},{\"@type\":\"Person\",\"@id\":\"https:\/\/www.gaveanews.com\/#\/schema\/person\/2ec14f73fb96be2caf28f91afb14749d\",\"name\":\"Equipe G\u00e1vea News\",\"image\":{\"@type\":\"ImageObject\",\"inLanguage\":\"pt-BR\",\"@id\":\"https:\/\/www.gaveanews.com\/#\/schema\/person\/image\/\",\"url\":\"https:\/\/secure.gravatar.com\/avatar\/1e1956f1facbffd3f8fa53a326721950116b3b9dc9bd44939c01180fd4a745a9?s=96&d=mm&r=g\",\"contentUrl\":\"https:\/\/secure.gravatar.com\/avatar\/1e1956f1facbffd3f8fa53a326721950116b3b9dc9bd44939c01180fd4a745a9?s=96&d=mm&r=g\",\"caption\":\"Equipe G\u00e1vea News\"}}]}<\/script>\n<!-- \/ Yoast SEO Premium plugin. -->","yoast_head_json":{"title":"Ap\u00f3s in\u00edcio com 3 surtos, CBF n\u00e3o v\u00ea risco de Brasileiro invi\u00e1vel por Covid","description":"O in\u00edcio gerou cr\u00edticas e desconfian\u00e7a nos times. A diretoria da confedera\u00e7\u00e3o, no entanto, n\u00e3o v\u00ea risco de a S\u00e9rie A se tornar invi\u00e1vel.","robots":{"index":"index","follow":"follow","max-snippet":"max-snippet:-1","max-image-preview":"max-image-preview:large","max-video-preview":"max-video-preview:-1"},"canonical":"https:\/\/www.gaveanews.com\/index.php\/2020\/08\/11\/apos-inicio-com-3-surtos-cbf-nao-ve-risco-de-brasileiro-inviavel-por-covid\/","og_locale":"pt_BR","og_type":"article","og_title":"Ap\u00f3s in\u00edcio com 3 surtos, CBF n\u00e3o v\u00ea risco de Brasileiro invi\u00e1vel por Covid","og_description":"O in\u00edcio gerou cr\u00edticas e desconfian\u00e7a nos times. A diretoria da confedera\u00e7\u00e3o, no entanto, n\u00e3o v\u00ea risco de a S\u00e9rie A se tornar invi\u00e1vel.","og_url":"https:\/\/www.gaveanews.com\/index.php\/2020\/08\/11\/apos-inicio-com-3-surtos-cbf-nao-ve-risco-de-brasileiro-inviavel-por-covid\/","og_site_name":"G\u00e1vea News","article_publisher":"https:\/\/facebook.com\/gaveaNews\/","article_published_time":"2020-08-11T18:23:16+00:00","article_modified_time":"2020-08-11T18:23:19+00:00","og_image":[{"width":690,"height":518,"url":"https:\/\/www.gaveanews.com\/wp-content\/uploads\/2019\/02\/Sede-da-CBF-no-Rio-de-Janeiro.webp","type":"image\/jpeg"}],"author":"Equipe G\u00e1vea News","twitter_card":"summary_large_image","twitter_misc":{"Escrito por":"Equipe G\u00e1vea News","Est. tempo de leitura":"2 minutos"},"schema":{"@context":"https:\/\/schema.org","@graph":[{"@type":"NewsArticle","@id":"https:\/\/www.gaveanews.com\/index.php\/2020\/08\/11\/apos-inicio-com-3-surtos-cbf-nao-ve-risco-de-brasileiro-inviavel-por-covid\/#article","isPartOf":{"@id":"https:\/\/www.gaveanews.com\/index.php\/2020\/08\/11\/apos-inicio-com-3-surtos-cbf-nao-ve-risco-de-brasileiro-inviavel-por-covid\/"},"author":{"name":"Equipe G\u00e1vea News","@id":"https:\/\/www.gaveanews.com\/#\/schema\/person\/2ec14f73fb96be2caf28f91afb14749d"},"headline":"Ap\u00f3s in\u00edcio com 3 surtos, CBF n\u00e3o v\u00ea risco de Brasileiro invi\u00e1vel por Covid","datePublished":"2020-08-11T18:23:16+00:00","dateModified":"2020-08-11T18:23:19+00:00","mainEntityOfPage":{"@id":"https:\/\/www.gaveanews.com\/index.php\/2020\/08\/11\/apos-inicio-com-3-surtos-cbf-nao-ve-risco-de-brasileiro-inviavel-por-covid\/"},"wordCount":480,"commentCount":0,"image":{"@id":"https:\/\/www.gaveanews.com\/index.php\/2020\/08\/11\/apos-inicio-com-3-surtos-cbf-nao-ve-risco-de-brasileiro-inviavel-por-covid\/#primaryimage"},"thumbnailUrl":"https:\/\/www.gaveanews.com\/wp-content\/uploads\/2019\/02\/Sede-da-CBF-no-Rio-de-Janeiro.webp","articleSection":["Flamengo"],"inLanguage":"pt-BR","potentialAction":[{"@type":"CommentAction","name":"Comment","target":["https:\/\/www.gaveanews.com\/index.php\/2020\/08\/11\/apos-inicio-com-3-surtos-cbf-nao-ve-risco-de-brasileiro-inviavel-por-covid\/#respond"]}],"copyrightYear":"2020","copyrightHolder":{"@id":"https:\/\/www.gaveanews.com\/#organization"}},{"@type":"WebPage","@id":"https:\/\/www.gaveanews.com\/index.php\/2020\/08\/11\/apos-inicio-com-3-surtos-cbf-nao-ve-risco-de-brasileiro-inviavel-por-covid\/","url":"https:\/\/www.gaveanews.com\/index.php\/2020\/08\/11\/apos-inicio-com-3-surtos-cbf-nao-ve-risco-de-brasileiro-inviavel-por-covid\/","name":"Ap\u00f3s in\u00edcio com 3 surtos, CBF n\u00e3o v\u00ea risco de Brasileiro invi\u00e1vel por Covid","isPartOf":{"@id":"https:\/\/www.gaveanews.com\/#website"},"primaryImageOfPage":{"@id":"https:\/\/www.gaveanews.com\/index.php\/2020\/08\/11\/apos-inicio-com-3-surtos-cbf-nao-ve-risco-de-brasileiro-inviavel-por-covid\/#primaryimage"},"image":{"@id":"https:\/\/www.gaveanews.com\/index.php\/2020\/08\/11\/apos-inicio-com-3-surtos-cbf-nao-ve-risco-de-brasileiro-inviavel-por-covid\/#primaryimage"},"thumbnailUrl":"https:\/\/www.gaveanews.com\/wp-content\/uploads\/2019\/02\/Sede-da-CBF-no-Rio-de-Janeiro.webp","datePublished":"2020-08-11T18:23:16+00:00","dateModified":"2020-08-11T18:23:19+00:00","author":{"@id":"https:\/\/www.gaveanews.com\/#\/schema\/person\/2ec14f73fb96be2caf28f91afb14749d"},"description":"O in\u00edcio gerou cr\u00edticas e desconfian\u00e7a nos times. A diretoria da confedera\u00e7\u00e3o, no entanto, n\u00e3o v\u00ea risco de a S\u00e9rie A se tornar invi\u00e1vel.","breadcrumb":{"@id":"https:\/\/www.gaveanews.com\/index.php\/2020\/08\/11\/apos-inicio-com-3-surtos-cbf-nao-ve-risco-de-brasileiro-inviavel-por-covid\/#breadcrumb"},"inLanguage":"pt-BR","potentialAction":[{"@type":"ReadAction","target":["https:\/\/www.gaveanews.com\/index.php\/2020\/08\/11\/apos-inicio-com-3-surtos-cbf-nao-ve-risco-de-brasileiro-inviavel-por-covid\/"]}]},{"@type":"ImageObject","inLanguage":"pt-BR","@id":"https:\/\/www.gaveanews.com\/index.php\/2020\/08\/11\/apos-inicio-com-3-surtos-cbf-nao-ve-risco-de-brasileiro-inviavel-por-covid\/#primaryimage","url":"https:\/\/www.gaveanews.com\/wp-content\/uploads\/2019\/02\/Sede-da-CBF-no-Rio-de-Janeiro.webp","contentUrl":"https:\/\/www.gaveanews.com\/wp-content\/uploads\/2019\/02\/Sede-da-CBF-no-Rio-de-Janeiro.webp","width":690,"height":518,"caption":"Sede da CBF no Rio de Janeiro (Foto: Cah\u00ea Mota\/Globo Esporte)"},{"@type":"BreadcrumbList","@id":"https:\/\/www.gaveanews.com\/index.php\/2020\/08\/11\/apos-inicio-com-3-surtos-cbf-nao-ve-risco-de-brasileiro-inviavel-por-covid\/#breadcrumb","itemListElement":[{"@type":"ListItem","position":1,"name":"Home","item":"https:\/\/www.gaveanews.com\/"},{"@type":"ListItem","position":2,"name":"Ap\u00f3s in\u00edcio com 3 surtos, CBF n\u00e3o v\u00ea risco de Brasileiro invi\u00e1vel por Covid"}]},{"@type":"WebSite","@id":"https:\/\/www.gaveanews.com\/#website","url":"https:\/\/www.gaveanews.com\/","name":"G\u00e1vea News","description":"Veja todas as not\u00edcias sobre o Flamengo: Contrata\u00e7\u00f5es, categorias de base, resultados das partidas, tabela de classifica\u00e7\u00e3o, pr\u00f3ximos jogos!","potentialAction":[{"@type":"SearchAction","target":{"@type":"EntryPoint","urlTemplate":"https:\/\/www.gaveanews.com\/?s={search_term_string}"},"query-input":{"@type":"PropertyValueSpecification","valueRequired":true,"valueName":"search_term_string"}}],"inLanguage":"pt-BR"},{"@type":"Person","@id":"https:\/\/www.gaveanews.com\/#\/schema\/person\/2ec14f73fb96be2caf28f91afb14749d","name":"Equipe G\u00e1vea News","image":{"@type":"ImageObject","inLanguage":"pt-BR","@id":"https:\/\/www.gaveanews.com\/#\/schema\/person\/image\/","url":"https:\/\/secure.gravatar.com\/avatar\/1e1956f1facbffd3f8fa53a326721950116b3b9dc9bd44939c01180fd4a745a9?s=96&d=mm&r=g","contentUrl":"https:\/\/secure.gravatar.com\/avatar\/1e1956f1facbffd3f8fa53a326721950116b3b9dc9bd44939c01180fd4a745a9?s=96&d=mm&r=g","caption":"Equipe G\u00e1vea News"}}]}},"_links":{"self":[{"href":"https:\/\/www.gaveanews.com\/index.php\/wp-json\/wp\/v2\/posts\/45317","targetHints":{"allow":["GET"]}}],"collection":[{"href":"https:\/\/www.gaveanews.com\/index.php\/wp-json\/wp\/v2\/posts"}],"about":[{"href":"https:\/\/www.gaveanews.com\/index.php\/wp-json\/wp\/v2\/types\/post"}],"author":[{"embeddable":true,"href":"https:\/\/www.gaveanews.com\/index.php\/wp-json\/wp\/v2\/users\/1"}],"replies":[{"embeddable":true,"href":"https:\/\/www.gaveanews.com\/index.php\/wp-json\/wp\/v2\/comments?post=45317"}],"version-history":[{"count":0,"href":"https:\/\/www.gaveanews.com\/index.php\/wp-json\/wp\/v2\/posts\/45317\/revisions"}],"wp:featuredmedia":[{"embeddable":true,"href":"https:\/\/www.gaveanews.com\/index.php\/wp-json\/wp\/v2\/media\/16271"}],"wp:attachment":[{"href":"https:\/\/www.gaveanews.com\/index.php\/wp-json\/wp\/v2\/media?parent=45317"}],"wp:term":[{"taxonomy":"category","embeddable":true,"href":"https:\/\/www.gaveanews.com\/index.php\/wp-json\/wp\/v2\/categories?post=45317"},{"taxonomy":"post_tag","embeddable":true,"href":"https:\/\/www.gaveanews.com\/index.php\/wp-json\/wp\/v2\/tags?post=45317"}],"curies":[{"name":"wp","href":"https:\/\/api.w.org\/{rel}","templated":true}]}}