{"id":45362,"date":"2020-08-12T00:47:26","date_gmt":"2020-08-12T03:47:26","guid":{"rendered":"https:\/\/www.gaveanews.com\/?p=45362"},"modified":"2021-08-12T00:44:02","modified_gmt":"2021-08-12T03:44:02","slug":"atacante-emprestado-pelo-flamengo-e-diagnosticado-com-covid-19","status":"publish","type":"post","link":"https:\/\/www.gaveanews.com\/index.php\/2020\/08\/12\/atacante-emprestado-pelo-flamengo-e-diagnosticado-com-covid-19\/","title":{"rendered":"Atacante emprestado pelo Flamengo \u00e9 diagnosticado com COVID-19"},"content":{"rendered":"\n<p>No final da temporada de 2019, a diretoria do Flamengo acertou a contrata\u00e7\u00e3o de Thiago junto ao N\u00e1utico. Na ocasi\u00e3o, o time carioca pagou 7 milh\u00f5es de reais por 70% dos direitos econ\u00f4micos do jogador. Entretanto, o atacante sequer disputou uma partida pelo time da G\u00e1vea, isso porque, no inicio do m\u00eas de maio, ele foi emprestado para o pr\u00f3prio N\u00e1utico.<\/p>\n\n\n\n<p>E na \u00faltima ter\u00e7a-feira (11 de agosto), a equipe nordestino divulgou a informa\u00e7\u00e3o de que o atleta testou positivo em rela\u00e7\u00e3o ao teste do COVID-19. Segundo o time Nordestino, Thiago j\u00e1 havia apresentado resultado positivo para o IgG. Portanto, desta forma, ele est\u00e1 imune ao v\u00edrus.<\/p>\n\n\n\n<p>Vale destacar que o contrato de empr\u00e9stimo \u00e9 v\u00e1lido at\u00e9 o fim deste ano. Pelo N\u00e1utico, em 2020, ele j\u00e1 disputou cinco jogos e balan\u00e7ou as redes dos advers\u00e1rios em uma ocasi\u00e3o. <strong>Assista ao gol abaixo:<\/strong><\/p>\n\n\n\n<figure class=\"wp-block-embed-youtube wp-block-embed is-type-video is-provider-youtube wp-embed-aspect-16-9 wp-has-aspect-ratio\"><div class=\"wp-block-embed__wrapper\">\nhttps:\/\/youtu.be\/6_DAGATOFaA?t=18\n<\/div><\/figure>\n\n\n\n<p>Sem Thiago, o Flamengo ir\u00e1 enfrentar o Atl\u00e9tico-GO no noite desta quarta-feira (12 de agosto), \u00e0s 20 horas e 30 minutos (de acordo com o hor\u00e1rio de Bras\u00edlia), no est\u00e1dio Ol\u00edmpico.<\/p>\n","protected":false},"excerpt":{"rendered":"<p>No final da temporada de 2019, a diretoria do Flamengo acertou a contrata\u00e7\u00e3o de Thiago junto ao N\u00e1utico. Na ocasi\u00e3o, o time carioca pagou 7 milh\u00f5es de reais por 70% dos direitos econ\u00f4micos do jogador. Entretanto, o atacante sequer disputou uma partida pelo time da G\u00e1vea, isso porque, no inicio do m\u00eas de maio, ele [&hellip;]<\/p>\n","protected":false},"author":2,"featured_media":36218,"comment_status":"open","ping_status":"closed","sticky":false,"template":"","format":"standard","meta":{"footnotes":""},"categories":[47],"tags":[],"class_list":["post-45362","post","type-post","status-publish","format-standard","has-post-thumbnail","hentry","category-destaques"],"yoast_head":"<!-- This site is optimized with the Yoast SEO Premium plugin v24.2 (Yoast SEO v26.9) - https:\/\/yoast.com\/product\/yoast-seo-premium-wordpress\/ -->\n<title>Atacante emprestado pelo Flamengo \u00e9 diagnosticado com COVID-19<\/title>\n<meta name=\"description\" content=\"\u00c9 importante frisar que ele j\u00e1 havia apresentado resultado positivo para o IgG. Portanto, desta forma, ele est\u00e1 imune ao v\u00edrus.\" \/>\n<meta name=\"robots\" content=\"index, follow, max-snippet:-1, max-image-preview:large, max-video-preview:-1\" \/>\n<link rel=\"canonical\" href=\"https:\/\/www.gaveanews.com\/index.php\/2020\/08\/12\/atacante-emprestado-pelo-flamengo-e-diagnosticado-com-covid-19\/\" \/>\n<meta property=\"og:locale\" content=\"pt_BR\" \/>\n<meta property=\"og:type\" content=\"article\" \/>\n<meta property=\"og:title\" content=\"Atacante emprestado pelo Flamengo \u00e9 diagnosticado com COVID-19\" \/>\n<meta property=\"og:description\" content=\"\u00c9 importante frisar que ele j\u00e1 havia apresentado resultado positivo para o IgG. Portanto, desta forma, ele est\u00e1 imune ao v\u00edrus.\" \/>\n<meta property=\"og:url\" content=\"https:\/\/www.gaveanews.com\/index.php\/2020\/08\/12\/atacante-emprestado-pelo-flamengo-e-diagnosticado-com-covid-19\/\" \/>\n<meta property=\"og:site_name\" content=\"G\u00e1vea News\" \/>\n<meta property=\"article:publisher\" content=\"https:\/\/facebook.com\/gaveaNews\/\" \/>\n<meta property=\"article:published_time\" content=\"2020-08-12T03:47:26+00:00\" \/>\n<meta property=\"article:modified_time\" content=\"2021-08-12T03:44:02+00:00\" \/>\n<meta property=\"og:image\" content=\"https:\/\/www.gaveanews.com\/wp-content\/uploads\/Thiago-em-acao-pelo-Nautco.webp\" \/>\n\t<meta property=\"og:image:width\" content=\"1\" \/>\n\t<meta property=\"og:image:height\" content=\"1\" \/>\n\t<meta property=\"og:image:type\" content=\"image\/png\" \/>\n<meta name=\"author\" content=\"Hugo Nogueira\" \/>\n<meta name=\"twitter:card\" content=\"summary_large_image\" \/>\n<meta name=\"twitter:label1\" content=\"Escrito por\" \/>\n\t<meta name=\"twitter:data1\" content=\"Hugo Nogueira\" \/>\n\t<meta name=\"twitter:label2\" content=\"Est. tempo de leitura\" \/>\n\t<meta name=\"twitter:data2\" content=\"1 minuto\" \/>\n<script type=\"application\/ld+json\" class=\"yoast-schema-graph\">{\"@context\":\"https:\/\/schema.org\",\"@graph\":[{\"@type\":\"NewsArticle\",\"@id\":\"https:\/\/www.gaveanews.com\/index.php\/2020\/08\/12\/atacante-emprestado-pelo-flamengo-e-diagnosticado-com-covid-19\/#article\",\"isPartOf\":{\"@id\":\"https:\/\/www.gaveanews.com\/index.php\/2020\/08\/12\/atacante-emprestado-pelo-flamengo-e-diagnosticado-com-covid-19\/\"},\"author\":{\"name\":\"Hugo Nogueira\",\"@id\":\"https:\/\/www.gaveanews.com\/#\/schema\/person\/3a0372021fabaeec4e7e4242cfa27841\"},\"headline\":\"Atacante emprestado pelo Flamengo \u00e9 diagnosticado com COVID-19\",\"datePublished\":\"2020-08-12T03:47:26+00:00\",\"dateModified\":\"2021-08-12T03:44:02+00:00\",\"mainEntityOfPage\":{\"@id\":\"https:\/\/www.gaveanews.com\/index.php\/2020\/08\/12\/atacante-emprestado-pelo-flamengo-e-diagnosticado-com-covid-19\/\"},\"wordCount\":201,\"commentCount\":0,\"image\":{\"@id\":\"https:\/\/www.gaveanews.com\/index.php\/2020\/08\/12\/atacante-emprestado-pelo-flamengo-e-diagnosticado-com-covid-19\/#primaryimage\"},\"thumbnailUrl\":\"https:\/\/www.gaveanews.com\/wp-content\/uploads\/Thiago-em-acao-pelo-Nautco.webp\",\"articleSection\":[\"Destaques\"],\"inLanguage\":\"pt-BR\",\"potentialAction\":[{\"@type\":\"CommentAction\",\"name\":\"Comment\",\"target\":[\"https:\/\/www.gaveanews.com\/index.php\/2020\/08\/12\/atacante-emprestado-pelo-flamengo-e-diagnosticado-com-covid-19\/#respond\"]}],\"copyrightYear\":\"2020\",\"copyrightHolder\":{\"@id\":\"https:\/\/www.gaveanews.com\/#organization\"}},{\"@type\":\"WebPage\",\"@id\":\"https:\/\/www.gaveanews.com\/index.php\/2020\/08\/12\/atacante-emprestado-pelo-flamengo-e-diagnosticado-com-covid-19\/\",\"url\":\"https:\/\/www.gaveanews.com\/index.php\/2020\/08\/12\/atacante-emprestado-pelo-flamengo-e-diagnosticado-com-covid-19\/\",\"name\":\"Atacante emprestado pelo Flamengo \u00e9 diagnosticado com COVID-19\",\"isPartOf\":{\"@id\":\"https:\/\/www.gaveanews.com\/#website\"},\"primaryImageOfPage\":{\"@id\":\"https:\/\/www.gaveanews.com\/index.php\/2020\/08\/12\/atacante-emprestado-pelo-flamengo-e-diagnosticado-com-covid-19\/#primaryimage\"},\"image\":{\"@id\":\"https:\/\/www.gaveanews.com\/index.php\/2020\/08\/12\/atacante-emprestado-pelo-flamengo-e-diagnosticado-com-covid-19\/#primaryimage\"},\"thumbnailUrl\":\"https:\/\/www.gaveanews.com\/wp-content\/uploads\/Thiago-em-acao-pelo-Nautco.webp\",\"datePublished\":\"2020-08-12T03:47:26+00:00\",\"dateModified\":\"2021-08-12T03:44:02+00:00\",\"author\":{\"@id\":\"https:\/\/www.gaveanews.com\/#\/schema\/person\/3a0372021fabaeec4e7e4242cfa27841\"},\"description\":\"\u00c9 importante frisar que ele j\u00e1 havia apresentado resultado positivo para o IgG. Portanto, desta forma, ele est\u00e1 imune ao v\u00edrus.\",\"breadcrumb\":{\"@id\":\"https:\/\/www.gaveanews.com\/index.php\/2020\/08\/12\/atacante-emprestado-pelo-flamengo-e-diagnosticado-com-covid-19\/#breadcrumb\"},\"inLanguage\":\"pt-BR\",\"potentialAction\":[{\"@type\":\"ReadAction\",\"target\":[\"https:\/\/www.gaveanews.com\/index.php\/2020\/08\/12\/atacante-emprestado-pelo-flamengo-e-diagnosticado-com-covid-19\/\"]}]},{\"@type\":\"ImageObject\",\"inLanguage\":\"pt-BR\",\"@id\":\"https:\/\/www.gaveanews.com\/index.php\/2020\/08\/12\/atacante-emprestado-pelo-flamengo-e-diagnosticado-com-covid-19\/#primaryimage\",\"url\":\"https:\/\/www.gaveanews.com\/wp-content\/uploads\/Thiago-em-acao-pelo-Nautco.webp\",\"contentUrl\":\"https:\/\/www.gaveanews.com\/wp-content\/uploads\/Thiago-em-acao-pelo-Nautco.webp\"},{\"@type\":\"BreadcrumbList\",\"@id\":\"https:\/\/www.gaveanews.com\/index.php\/2020\/08\/12\/atacante-emprestado-pelo-flamengo-e-diagnosticado-com-covid-19\/#breadcrumb\",\"itemListElement\":[{\"@type\":\"ListItem\",\"position\":1,\"name\":\"Home\",\"item\":\"https:\/\/www.gaveanews.com\/\"},{\"@type\":\"ListItem\",\"position\":2,\"name\":\"Atacante emprestado pelo Flamengo \u00e9 diagnosticado com COVID-19\"}]},{\"@type\":\"WebSite\",\"@id\":\"https:\/\/www.gaveanews.com\/#website\",\"url\":\"https:\/\/www.gaveanews.com\/\",\"name\":\"G\u00e1vea News\",\"description\":\"Veja todas as not\u00edcias sobre o Flamengo: Contrata\u00e7\u00f5es, categorias de base, resultados das partidas, tabela de classifica\u00e7\u00e3o, pr\u00f3ximos jogos!\",\"potentialAction\":[{\"@type\":\"SearchAction\",\"target\":{\"@type\":\"EntryPoint\",\"urlTemplate\":\"https:\/\/www.gaveanews.com\/?s={search_term_string}\"},\"query-input\":{\"@type\":\"PropertyValueSpecification\",\"valueRequired\":true,\"valueName\":\"search_term_string\"}}],\"inLanguage\":\"pt-BR\"},{\"@type\":\"Person\",\"@id\":\"https:\/\/www.gaveanews.com\/#\/schema\/person\/3a0372021fabaeec4e7e4242cfa27841\",\"name\":\"Hugo Nogueira\",\"image\":{\"@type\":\"ImageObject\",\"inLanguage\":\"pt-BR\",\"@id\":\"https:\/\/www.gaveanews.com\/#\/schema\/person\/image\/\",\"url\":\"https:\/\/secure.gravatar.com\/avatar\/0cdd89f3b47bb55926c08eee2db992845cfdd53f84c9fdd47a49d89b3cd40c0a?s=96&d=mm&r=g\",\"contentUrl\":\"https:\/\/secure.gravatar.com\/avatar\/0cdd89f3b47bb55926c08eee2db992845cfdd53f84c9fdd47a49d89b3cd40c0a?s=96&d=mm&r=g\",\"caption\":\"Hugo Nogueira\"}}]}<\/script>\n<!-- \/ Yoast SEO Premium plugin. -->","yoast_head_json":{"title":"Atacante emprestado pelo Flamengo \u00e9 diagnosticado com COVID-19","description":"\u00c9 importante frisar que ele j\u00e1 havia apresentado resultado positivo para o IgG. Portanto, desta forma, ele est\u00e1 imune ao v\u00edrus.","robots":{"index":"index","follow":"follow","max-snippet":"max-snippet:-1","max-image-preview":"max-image-preview:large","max-video-preview":"max-video-preview:-1"},"canonical":"https:\/\/www.gaveanews.com\/index.php\/2020\/08\/12\/atacante-emprestado-pelo-flamengo-e-diagnosticado-com-covid-19\/","og_locale":"pt_BR","og_type":"article","og_title":"Atacante emprestado pelo Flamengo \u00e9 diagnosticado com COVID-19","og_description":"\u00c9 importante frisar que ele j\u00e1 havia apresentado resultado positivo para o IgG. Portanto, desta forma, ele est\u00e1 imune ao v\u00edrus.","og_url":"https:\/\/www.gaveanews.com\/index.php\/2020\/08\/12\/atacante-emprestado-pelo-flamengo-e-diagnosticado-com-covid-19\/","og_site_name":"G\u00e1vea News","article_publisher":"https:\/\/facebook.com\/gaveaNews\/","article_published_time":"2020-08-12T03:47:26+00:00","article_modified_time":"2021-08-12T03:44:02+00:00","og_image":[{"url":"https:\/\/www.gaveanews.com\/wp-content\/uploads\/Thiago-em-acao-pelo-Nautco.webp","width":1,"height":1,"type":"image\/png"}],"author":"Hugo Nogueira","twitter_card":"summary_large_image","twitter_misc":{"Escrito por":"Hugo Nogueira","Est. tempo de leitura":"1 minuto"},"schema":{"@context":"https:\/\/schema.org","@graph":[{"@type":"NewsArticle","@id":"https:\/\/www.gaveanews.com\/index.php\/2020\/08\/12\/atacante-emprestado-pelo-flamengo-e-diagnosticado-com-covid-19\/#article","isPartOf":{"@id":"https:\/\/www.gaveanews.com\/index.php\/2020\/08\/12\/atacante-emprestado-pelo-flamengo-e-diagnosticado-com-covid-19\/"},"author":{"name":"Hugo Nogueira","@id":"https:\/\/www.gaveanews.com\/#\/schema\/person\/3a0372021fabaeec4e7e4242cfa27841"},"headline":"Atacante emprestado pelo Flamengo \u00e9 diagnosticado com COVID-19","datePublished":"2020-08-12T03:47:26+00:00","dateModified":"2021-08-12T03:44:02+00:00","mainEntityOfPage":{"@id":"https:\/\/www.gaveanews.com\/index.php\/2020\/08\/12\/atacante-emprestado-pelo-flamengo-e-diagnosticado-com-covid-19\/"},"wordCount":201,"commentCount":0,"image":{"@id":"https:\/\/www.gaveanews.com\/index.php\/2020\/08\/12\/atacante-emprestado-pelo-flamengo-e-diagnosticado-com-covid-19\/#primaryimage"},"thumbnailUrl":"https:\/\/www.gaveanews.com\/wp-content\/uploads\/Thiago-em-acao-pelo-Nautco.webp","articleSection":["Destaques"],"inLanguage":"pt-BR","potentialAction":[{"@type":"CommentAction","name":"Comment","target":["https:\/\/www.gaveanews.com\/index.php\/2020\/08\/12\/atacante-emprestado-pelo-flamengo-e-diagnosticado-com-covid-19\/#respond"]}],"copyrightYear":"2020","copyrightHolder":{"@id":"https:\/\/www.gaveanews.com\/#organization"}},{"@type":"WebPage","@id":"https:\/\/www.gaveanews.com\/index.php\/2020\/08\/12\/atacante-emprestado-pelo-flamengo-e-diagnosticado-com-covid-19\/","url":"https:\/\/www.gaveanews.com\/index.php\/2020\/08\/12\/atacante-emprestado-pelo-flamengo-e-diagnosticado-com-covid-19\/","name":"Atacante emprestado pelo Flamengo \u00e9 diagnosticado com COVID-19","isPartOf":{"@id":"https:\/\/www.gaveanews.com\/#website"},"primaryImageOfPage":{"@id":"https:\/\/www.gaveanews.com\/index.php\/2020\/08\/12\/atacante-emprestado-pelo-flamengo-e-diagnosticado-com-covid-19\/#primaryimage"},"image":{"@id":"https:\/\/www.gaveanews.com\/index.php\/2020\/08\/12\/atacante-emprestado-pelo-flamengo-e-diagnosticado-com-covid-19\/#primaryimage"},"thumbnailUrl":"https:\/\/www.gaveanews.com\/wp-content\/uploads\/Thiago-em-acao-pelo-Nautco.webp","datePublished":"2020-08-12T03:47:26+00:00","dateModified":"2021-08-12T03:44:02+00:00","author":{"@id":"https:\/\/www.gaveanews.com\/#\/schema\/person\/3a0372021fabaeec4e7e4242cfa27841"},"description":"\u00c9 importante frisar que ele j\u00e1 havia apresentado resultado positivo para o IgG. Portanto, desta forma, ele est\u00e1 imune ao v\u00edrus.","breadcrumb":{"@id":"https:\/\/www.gaveanews.com\/index.php\/2020\/08\/12\/atacante-emprestado-pelo-flamengo-e-diagnosticado-com-covid-19\/#breadcrumb"},"inLanguage":"pt-BR","potentialAction":[{"@type":"ReadAction","target":["https:\/\/www.gaveanews.com\/index.php\/2020\/08\/12\/atacante-emprestado-pelo-flamengo-e-diagnosticado-com-covid-19\/"]}]},{"@type":"ImageObject","inLanguage":"pt-BR","@id":"https:\/\/www.gaveanews.com\/index.php\/2020\/08\/12\/atacante-emprestado-pelo-flamengo-e-diagnosticado-com-covid-19\/#primaryimage","url":"https:\/\/www.gaveanews.com\/wp-content\/uploads\/Thiago-em-acao-pelo-Nautco.webp","contentUrl":"https:\/\/www.gaveanews.com\/wp-content\/uploads\/Thiago-em-acao-pelo-Nautco.webp"},{"@type":"BreadcrumbList","@id":"https:\/\/www.gaveanews.com\/index.php\/2020\/08\/12\/atacante-emprestado-pelo-flamengo-e-diagnosticado-com-covid-19\/#breadcrumb","itemListElement":[{"@type":"ListItem","position":1,"name":"Home","item":"https:\/\/www.gaveanews.com\/"},{"@type":"ListItem","position":2,"name":"Atacante emprestado pelo Flamengo \u00e9 diagnosticado com COVID-19"}]},{"@type":"WebSite","@id":"https:\/\/www.gaveanews.com\/#website","url":"https:\/\/www.gaveanews.com\/","name":"G\u00e1vea News","description":"Veja todas as not\u00edcias sobre o Flamengo: Contrata\u00e7\u00f5es, categorias de base, resultados das partidas, tabela de classifica\u00e7\u00e3o, pr\u00f3ximos jogos!","potentialAction":[{"@type":"SearchAction","target":{"@type":"EntryPoint","urlTemplate":"https:\/\/www.gaveanews.com\/?s={search_term_string}"},"query-input":{"@type":"PropertyValueSpecification","valueRequired":true,"valueName":"search_term_string"}}],"inLanguage":"pt-BR"},{"@type":"Person","@id":"https:\/\/www.gaveanews.com\/#\/schema\/person\/3a0372021fabaeec4e7e4242cfa27841","name":"Hugo Nogueira","image":{"@type":"ImageObject","inLanguage":"pt-BR","@id":"https:\/\/www.gaveanews.com\/#\/schema\/person\/image\/","url":"https:\/\/secure.gravatar.com\/avatar\/0cdd89f3b47bb55926c08eee2db992845cfdd53f84c9fdd47a49d89b3cd40c0a?s=96&d=mm&r=g","contentUrl":"https:\/\/secure.gravatar.com\/avatar\/0cdd89f3b47bb55926c08eee2db992845cfdd53f84c9fdd47a49d89b3cd40c0a?s=96&d=mm&r=g","caption":"Hugo Nogueira"}}]}},"_links":{"self":[{"href":"https:\/\/www.gaveanews.com\/index.php\/wp-json\/wp\/v2\/posts\/45362","targetHints":{"allow":["GET"]}}],"collection":[{"href":"https:\/\/www.gaveanews.com\/index.php\/wp-json\/wp\/v2\/posts"}],"about":[{"href":"https:\/\/www.gaveanews.com\/index.php\/wp-json\/wp\/v2\/types\/post"}],"author":[{"embeddable":true,"href":"https:\/\/www.gaveanews.com\/index.php\/wp-json\/wp\/v2\/users\/2"}],"replies":[{"embeddable":true,"href":"https:\/\/www.gaveanews.com\/index.php\/wp-json\/wp\/v2\/comments?post=45362"}],"version-history":[{"count":0,"href":"https:\/\/www.gaveanews.com\/index.php\/wp-json\/wp\/v2\/posts\/45362\/revisions"}],"wp:featuredmedia":[{"embeddable":true,"href":"https:\/\/www.gaveanews.com\/index.php\/wp-json\/wp\/v2\/media\/36218"}],"wp:attachment":[{"href":"https:\/\/www.gaveanews.com\/index.php\/wp-json\/wp\/v2\/media?parent=45362"}],"wp:term":[{"taxonomy":"category","embeddable":true,"href":"https:\/\/www.gaveanews.com\/index.php\/wp-json\/wp\/v2\/categories?post=45362"},{"taxonomy":"post_tag","embeddable":true,"href":"https:\/\/www.gaveanews.com\/index.php\/wp-json\/wp\/v2\/tags?post=45362"}],"curies":[{"name":"wp","href":"https:\/\/api.w.org\/{rel}","templated":true}]}}