{"id":45363,"date":"2020-08-11T23:32:43","date_gmt":"2020-08-12T02:32:43","guid":{"rendered":"https:\/\/www.gaveanews.com\/?p=45363"},"modified":"2020-08-11T23:32:47","modified_gmt":"2020-08-12T02:32:47","slug":"com-multas-de-r-316-mi-destaques-da-base-assinam-contrato-com-o-flamengo","status":"publish","type":"post","link":"https:\/\/www.gaveanews.com\/index.php\/2020\/08\/11\/com-multas-de-r-316-mi-destaques-da-base-assinam-contrato-com-o-flamengo\/","title":{"rendered":"Com multas de R$ 316 Mi, destaques da base assinam contrato com o Flamengo"},"content":{"rendered":"\n<p>Dois contratos assinados, mas uma vit\u00f3ria tripla. O Flamengo acertou nesta semana os primeiros v\u00ednculos profissionais de duas promessas da gera\u00e7\u00e3o 2004: Eduardo F\u00e9lix, volante, e Peterson, atacante. O que une a dupla, no entanto, vai muito al\u00e9m da idade e da origem catarinense: levam consigo a lembran\u00e7a da amizade com Vitor Isa\u00edas.<\/p>\n\n\n\n<p>Os garotos, que aguardam um sinal do Flamengo para retomada dos treinos do sub-16 e 17, foram descobertos no mesmo projeto social do atacante que morreu no inc\u00eandio do Ninho, em fevereiro do ano passado. Juntos desde os seis anos de idade, Dudu, Peterson e Vitor encantavam com a camisa do Figueirense no futsal e despertaram o interesse de clubes maiores.<\/p>\n\n\n\n<p>O trio foi descoberto pelo Professor Campana, no projeto social Apaff, na capital de Santa Catarina. J\u00e1 no Sub-13, disputaram um Brasileiro de Futsal com a camisa do Figueira e foram campe\u00f5es. Na final, um sonoro 5 a 0 sobre o Fluminense seguido de muitos convites.<\/p>\n\n\n\n<figure class=\"wp-block-image size-large\"><img decoding=\"async\" src=\"https:\/\/s2.glbimg.com\/juAmE2KMwpjOHBgHDj753lxXE8A=\/0x412:1242x1152\/1000x0\/smart\/filters:strip_icc()\/i.s3.glbimg.com\/v1\/AUTH_bc8228b6673f488aa253bbcb03c80ec5\/internal_photos\/bs\/2020\/u\/d\/MCtOVAR3Cm4i1hDFFbWg\/whatsapp-image-2020-08-11-at-19.30.50.webp\" alt=\"\"\/><figcaption>Vitor Izaias, Dudu e Peterson jogaram juntos dos 6 aos 13 anos (Foto: Arquivo Pessoal)<\/figcaption><\/figure>\n\n\n\n<p>Eduardo F\u00e9lix e Peterson optaram pelo Flamengo, Vitor Isa\u00edas foi para o Athl\u00e9tico-PR. Separa\u00e7\u00e3o que n\u00e3o durou um ano, at\u00e9 a transfer\u00eancia do atacante para o Ninho do Urubu. A parceria continuou at\u00e9 a trag\u00e9dia de 8 de fevereiro, mas os remanescentes levam consigo o sonho do amigo: &#8220;\u00c9 uma supera\u00e7\u00e3o, mas ao mesmo tempo senti algo especial como motiva\u00e7\u00e3o em vencer, lutar por eles e tamb\u00e9m pelo Vitor. O que fazemos com eles \u00e9 mostrar os obst\u00e1culos&#8221;.<\/p>\n\n\n\n<p>\u2014 \u00c9 apenas o in\u00edcio de uma carreira e temos que superar algumas coisas. Essas conversas s\u00e3o importantes. E quando acontecem momentos dif\u00edceis como o que aconteceu, para n\u00f3s e para eles, que viviam quase que como irm\u00e3os &#8211; diz S\u00e1vio, \u00eddolo do Flamengo e agente dos meninos.<\/p>\n\n\n\n<figure class=\"wp-block-image size-large\"><img decoding=\"async\" src=\"https:\/\/s2.glbimg.com\/95yhCaPPb-STNSrSx1LdzQ3FCmI=\/0x0:768x1024\/984x0\/smart\/filters:strip_icc()\/i.s3.glbimg.com\/v1\/AUTH_bc8228b6673f488aa253bbcb03c80ec5\/internal_photos\/bs\/2020\/n\/P\/AsUImhTg2JLKexWZNMQg\/whatsapp-image-2020-08-11-at-19.30.50-1-.webp\" alt=\"\"\/><figcaption>Jovens com Guilherme Siqueira, S\u00e1vio e Marcos Marinho, que tamb\u00e9m agenciam Filipe Lu\u00eds (Foto: Arquivo Pessoal)<\/figcaption><\/figure>\n\n\n\n<p>O ex-atacante tem a parceria do ex-lateral Guilherme Siqueira e de Marcos Marinho na empresa You First Sports, que trabalha tamb\u00e9m com Filipe Lu\u00eds. Tamb\u00e9m catarinense e cria do Figueirense, o lateral-esquerdo \u00e9 uma das refer\u00eancias de Eduardo e Peterson no futebol.<\/p>\n\n\n\n<p>Al\u00e9m do zelo com a parte psicol\u00f3gica por tudo que aconteceu com Vitor, S\u00e1vio e seus pares usam a proximidade com exemplos bem-sucedidos no mundo da bola para indicar caminhos. Os dois garotos assinaram contrato com tr\u00eas anos de dura\u00e7\u00e3o e multa de 50 milh\u00f5es de euros (R$ 316 mi).<\/p>\n\n\n\n<p>\u2014 Estipulamos um planejamento de carreira muito bem trabalhado e executado. Ficamos felizes em ver essa primeira realiza\u00e7\u00e3o. Claro que \u00e9 apenas um in\u00edcio, mas ficamos felizes por ver as coisas acontecendo.<\/p>\n\n\n\n<p>Eduardo e Peterson t\u00eam treinado em casa desde o in\u00edcio da pandemia do coronav\u00edrus, ainda em mar\u00e7o. At\u00e9 o momento, o Flamengo voltou apenas com as atividades no sub-20, mas a tend\u00eancia \u00e9 que o sub-17 retorne aos trabalhos em setembro. A CBF j\u00e1 confirmou o calend\u00e1rio de competi\u00e7\u00f5es para a categoria.<\/p>\n\n\n\n<figure class=\"wp-block-image size-large\"><img decoding=\"async\" src=\"https:\/\/s2.glbimg.com\/0RfNFyMDF34LKB3ml8OFNlu4QH0=\/0x59:960x756\/1000x0\/smart\/filters:strip_icc()\/i.s3.glbimg.com\/v1\/AUTH_bc8228b6673f488aa253bbcb03c80ec5\/internal_photos\/bs\/2020\/5\/0\/YwWpxdTD6aBoSDpVrz2w\/whatsapp-image-2020-08-11-at-19.35.04.webp\" alt=\"\"\/><figcaption>Dudu e Peterson chegaram juntos ao Flamengo, em 2017 (Foto: Arquivo Pessoal)<\/figcaption><\/figure>\n\n\n\n<p>Retirado de: Globo Esporte<\/p>\n","protected":false},"excerpt":{"rendered":"<p>Dois contratos assinados, mas uma vit\u00f3ria tripla. O Flamengo acertou nesta semana os primeiros v\u00ednculos profissionais de duas promessas da gera\u00e7\u00e3o 2004: Eduardo F\u00e9lix, volante, e Peterson, atacante. O que une a dupla, no entanto, vai muito al\u00e9m da idade e da origem catarinense: levam consigo a lembran\u00e7a da amizade com Vitor Isa\u00edas. Os garotos, [&hellip;]<\/p>\n","protected":false},"author":1,"featured_media":15184,"comment_status":"open","ping_status":"closed","sticky":false,"template":"","format":"standard","meta":{"footnotes":""},"categories":[1],"tags":[],"class_list":["post-45363","post","type-post","status-publish","format-standard","has-post-thumbnail","hentry","category-flamengo"],"yoast_head":"<!-- This site is optimized with the Yoast SEO Premium plugin v24.2 (Yoast SEO v26.9) - https:\/\/yoast.com\/product\/yoast-seo-premium-wordpress\/ -->\n<title>Com multas de R$ 316 Mi, destaques da base assinam contrato com o Fla<\/title>\n<meta name=\"description\" content=\"Os garotos aguardam um sinal por parte da diretoria do Flamengo para retomada dos treinos das categorias sub-16 e sub-17.\" \/>\n<meta name=\"robots\" content=\"index, follow, max-snippet:-1, max-image-preview:large, max-video-preview:-1\" \/>\n<link rel=\"canonical\" href=\"https:\/\/www.gaveanews.com\/index.php\/2020\/08\/11\/com-multas-de-r-316-mi-destaques-da-base-assinam-contrato-com-o-flamengo\/\" \/>\n<meta property=\"og:locale\" content=\"pt_BR\" \/>\n<meta property=\"og:type\" content=\"article\" \/>\n<meta property=\"og:title\" content=\"Com multas de R$ 316 Mi, destaques da base assinam contrato com o Flamengo\" \/>\n<meta property=\"og:description\" content=\"Os garotos aguardam um sinal por parte da diretoria do Flamengo para retomada dos treinos das categorias sub-16 e sub-17.\" \/>\n<meta property=\"og:url\" content=\"https:\/\/www.gaveanews.com\/index.php\/2020\/08\/11\/com-multas-de-r-316-mi-destaques-da-base-assinam-contrato-com-o-flamengo\/\" \/>\n<meta property=\"og:site_name\" content=\"G\u00e1vea News\" \/>\n<meta property=\"article:publisher\" content=\"https:\/\/facebook.com\/gaveaNews\/\" \/>\n<meta property=\"article:published_time\" content=\"2020-08-12T02:32:43+00:00\" \/>\n<meta property=\"article:modified_time\" content=\"2020-08-12T02:32:47+00:00\" \/>\n<meta property=\"og:image\" content=\"https:\/\/www.gaveanews.com\/wp-content\/uploads\/2019\/03\/Entrada-do-Ninho-do-Urubu.webp\" \/>\n\t<meta property=\"og:image:width\" content=\"846\" \/>\n\t<meta property=\"og:image:height\" content=\"564\" \/>\n\t<meta property=\"og:image:type\" content=\"image\/jpeg\" \/>\n<meta name=\"author\" content=\"Equipe G\u00e1vea News\" \/>\n<meta name=\"twitter:card\" content=\"summary_large_image\" \/>\n<meta name=\"twitter:label1\" content=\"Escrito por\" \/>\n\t<meta name=\"twitter:data1\" content=\"Equipe G\u00e1vea News\" \/>\n\t<meta name=\"twitter:label2\" content=\"Est. tempo de leitura\" \/>\n\t<meta name=\"twitter:data2\" content=\"3 minutos\" \/>\n<script type=\"application\/ld+json\" class=\"yoast-schema-graph\">{\"@context\":\"https:\/\/schema.org\",\"@graph\":[{\"@type\":\"NewsArticle\",\"@id\":\"https:\/\/www.gaveanews.com\/index.php\/2020\/08\/11\/com-multas-de-r-316-mi-destaques-da-base-assinam-contrato-com-o-flamengo\/#article\",\"isPartOf\":{\"@id\":\"https:\/\/www.gaveanews.com\/index.php\/2020\/08\/11\/com-multas-de-r-316-mi-destaques-da-base-assinam-contrato-com-o-flamengo\/\"},\"author\":{\"name\":\"Equipe G\u00e1vea News\",\"@id\":\"https:\/\/www.gaveanews.com\/#\/schema\/person\/2ec14f73fb96be2caf28f91afb14749d\"},\"headline\":\"Com multas de R$ 316 Mi, destaques da base assinam contrato com o Flamengo\",\"datePublished\":\"2020-08-12T02:32:43+00:00\",\"dateModified\":\"2020-08-12T02:32:47+00:00\",\"mainEntityOfPage\":{\"@id\":\"https:\/\/www.gaveanews.com\/index.php\/2020\/08\/11\/com-multas-de-r-316-mi-destaques-da-base-assinam-contrato-com-o-flamengo\/\"},\"wordCount\":552,\"commentCount\":2,\"image\":{\"@id\":\"https:\/\/www.gaveanews.com\/index.php\/2020\/08\/11\/com-multas-de-r-316-mi-destaques-da-base-assinam-contrato-com-o-flamengo\/#primaryimage\"},\"thumbnailUrl\":\"https:\/\/www.gaveanews.com\/wp-content\/uploads\/2019\/03\/Entrada-do-Ninho-do-Urubu.webp\",\"articleSection\":[\"Flamengo\"],\"inLanguage\":\"pt-BR\",\"potentialAction\":[{\"@type\":\"CommentAction\",\"name\":\"Comment\",\"target\":[\"https:\/\/www.gaveanews.com\/index.php\/2020\/08\/11\/com-multas-de-r-316-mi-destaques-da-base-assinam-contrato-com-o-flamengo\/#respond\"]}],\"copyrightYear\":\"2020\",\"copyrightHolder\":{\"@id\":\"https:\/\/www.gaveanews.com\/#organization\"}},{\"@type\":\"WebPage\",\"@id\":\"https:\/\/www.gaveanews.com\/index.php\/2020\/08\/11\/com-multas-de-r-316-mi-destaques-da-base-assinam-contrato-com-o-flamengo\/\",\"url\":\"https:\/\/www.gaveanews.com\/index.php\/2020\/08\/11\/com-multas-de-r-316-mi-destaques-da-base-assinam-contrato-com-o-flamengo\/\",\"name\":\"Com multas de R$ 316 Mi, destaques da base assinam contrato com o Fla\",\"isPartOf\":{\"@id\":\"https:\/\/www.gaveanews.com\/#website\"},\"primaryImageOfPage\":{\"@id\":\"https:\/\/www.gaveanews.com\/index.php\/2020\/08\/11\/com-multas-de-r-316-mi-destaques-da-base-assinam-contrato-com-o-flamengo\/#primaryimage\"},\"image\":{\"@id\":\"https:\/\/www.gaveanews.com\/index.php\/2020\/08\/11\/com-multas-de-r-316-mi-destaques-da-base-assinam-contrato-com-o-flamengo\/#primaryimage\"},\"thumbnailUrl\":\"https:\/\/www.gaveanews.com\/wp-content\/uploads\/2019\/03\/Entrada-do-Ninho-do-Urubu.webp\",\"datePublished\":\"2020-08-12T02:32:43+00:00\",\"dateModified\":\"2020-08-12T02:32:47+00:00\",\"author\":{\"@id\":\"https:\/\/www.gaveanews.com\/#\/schema\/person\/2ec14f73fb96be2caf28f91afb14749d\"},\"description\":\"Os garotos aguardam um sinal por parte da diretoria do Flamengo para retomada dos treinos das categorias sub-16 e sub-17.\",\"breadcrumb\":{\"@id\":\"https:\/\/www.gaveanews.com\/index.php\/2020\/08\/11\/com-multas-de-r-316-mi-destaques-da-base-assinam-contrato-com-o-flamengo\/#breadcrumb\"},\"inLanguage\":\"pt-BR\",\"potentialAction\":[{\"@type\":\"ReadAction\",\"target\":[\"https:\/\/www.gaveanews.com\/index.php\/2020\/08\/11\/com-multas-de-r-316-mi-destaques-da-base-assinam-contrato-com-o-flamengo\/\"]}]},{\"@type\":\"ImageObject\",\"inLanguage\":\"pt-BR\",\"@id\":\"https:\/\/www.gaveanews.com\/index.php\/2020\/08\/11\/com-multas-de-r-316-mi-destaques-da-base-assinam-contrato-com-o-flamengo\/#primaryimage\",\"url\":\"https:\/\/www.gaveanews.com\/wp-content\/uploads\/2019\/03\/Entrada-do-Ninho-do-Urubu.webp\",\"contentUrl\":\"https:\/\/www.gaveanews.com\/wp-content\/uploads\/2019\/03\/Entrada-do-Ninho-do-Urubu.webp\",\"width\":846,\"height\":564,\"caption\":\"Entrada do Ninho do Urubu (Foto: Gilvan de Souza\/Flamengo)\"},{\"@type\":\"BreadcrumbList\",\"@id\":\"https:\/\/www.gaveanews.com\/index.php\/2020\/08\/11\/com-multas-de-r-316-mi-destaques-da-base-assinam-contrato-com-o-flamengo\/#breadcrumb\",\"itemListElement\":[{\"@type\":\"ListItem\",\"position\":1,\"name\":\"Home\",\"item\":\"https:\/\/www.gaveanews.com\/\"},{\"@type\":\"ListItem\",\"position\":2,\"name\":\"Com multas de R$ 316 Mi, destaques da base assinam contrato com o Flamengo\"}]},{\"@type\":\"WebSite\",\"@id\":\"https:\/\/www.gaveanews.com\/#website\",\"url\":\"https:\/\/www.gaveanews.com\/\",\"name\":\"G\u00e1vea News\",\"description\":\"Veja todas as not\u00edcias sobre o Flamengo: Contrata\u00e7\u00f5es, categorias de base, resultados das partidas, tabela de classifica\u00e7\u00e3o, pr\u00f3ximos jogos!\",\"potentialAction\":[{\"@type\":\"SearchAction\",\"target\":{\"@type\":\"EntryPoint\",\"urlTemplate\":\"https:\/\/www.gaveanews.com\/?s={search_term_string}\"},\"query-input\":{\"@type\":\"PropertyValueSpecification\",\"valueRequired\":true,\"valueName\":\"search_term_string\"}}],\"inLanguage\":\"pt-BR\"},{\"@type\":\"Person\",\"@id\":\"https:\/\/www.gaveanews.com\/#\/schema\/person\/2ec14f73fb96be2caf28f91afb14749d\",\"name\":\"Equipe G\u00e1vea News\",\"image\":{\"@type\":\"ImageObject\",\"inLanguage\":\"pt-BR\",\"@id\":\"https:\/\/www.gaveanews.com\/#\/schema\/person\/image\/\",\"url\":\"https:\/\/secure.gravatar.com\/avatar\/1e1956f1facbffd3f8fa53a326721950116b3b9dc9bd44939c01180fd4a745a9?s=96&d=mm&r=g\",\"contentUrl\":\"https:\/\/secure.gravatar.com\/avatar\/1e1956f1facbffd3f8fa53a326721950116b3b9dc9bd44939c01180fd4a745a9?s=96&d=mm&r=g\",\"caption\":\"Equipe G\u00e1vea News\"}}]}<\/script>\n<!-- \/ Yoast SEO Premium plugin. -->","yoast_head_json":{"title":"Com multas de R$ 316 Mi, destaques da base assinam contrato com o Fla","description":"Os garotos aguardam um sinal por parte da diretoria do Flamengo para retomada dos treinos das categorias sub-16 e sub-17.","robots":{"index":"index","follow":"follow","max-snippet":"max-snippet:-1","max-image-preview":"max-image-preview:large","max-video-preview":"max-video-preview:-1"},"canonical":"https:\/\/www.gaveanews.com\/index.php\/2020\/08\/11\/com-multas-de-r-316-mi-destaques-da-base-assinam-contrato-com-o-flamengo\/","og_locale":"pt_BR","og_type":"article","og_title":"Com multas de R$ 316 Mi, destaques da base assinam contrato com o Flamengo","og_description":"Os garotos aguardam um sinal por parte da diretoria do Flamengo para retomada dos treinos das categorias sub-16 e sub-17.","og_url":"https:\/\/www.gaveanews.com\/index.php\/2020\/08\/11\/com-multas-de-r-316-mi-destaques-da-base-assinam-contrato-com-o-flamengo\/","og_site_name":"G\u00e1vea News","article_publisher":"https:\/\/facebook.com\/gaveaNews\/","article_published_time":"2020-08-12T02:32:43+00:00","article_modified_time":"2020-08-12T02:32:47+00:00","og_image":[{"width":846,"height":564,"url":"https:\/\/www.gaveanews.com\/wp-content\/uploads\/2019\/03\/Entrada-do-Ninho-do-Urubu.webp","type":"image\/jpeg"}],"author":"Equipe G\u00e1vea News","twitter_card":"summary_large_image","twitter_misc":{"Escrito por":"Equipe G\u00e1vea News","Est. tempo de leitura":"3 minutos"},"schema":{"@context":"https:\/\/schema.org","@graph":[{"@type":"NewsArticle","@id":"https:\/\/www.gaveanews.com\/index.php\/2020\/08\/11\/com-multas-de-r-316-mi-destaques-da-base-assinam-contrato-com-o-flamengo\/#article","isPartOf":{"@id":"https:\/\/www.gaveanews.com\/index.php\/2020\/08\/11\/com-multas-de-r-316-mi-destaques-da-base-assinam-contrato-com-o-flamengo\/"},"author":{"name":"Equipe G\u00e1vea News","@id":"https:\/\/www.gaveanews.com\/#\/schema\/person\/2ec14f73fb96be2caf28f91afb14749d"},"headline":"Com multas de R$ 316 Mi, destaques da base assinam contrato com o Flamengo","datePublished":"2020-08-12T02:32:43+00:00","dateModified":"2020-08-12T02:32:47+00:00","mainEntityOfPage":{"@id":"https:\/\/www.gaveanews.com\/index.php\/2020\/08\/11\/com-multas-de-r-316-mi-destaques-da-base-assinam-contrato-com-o-flamengo\/"},"wordCount":552,"commentCount":2,"image":{"@id":"https:\/\/www.gaveanews.com\/index.php\/2020\/08\/11\/com-multas-de-r-316-mi-destaques-da-base-assinam-contrato-com-o-flamengo\/#primaryimage"},"thumbnailUrl":"https:\/\/www.gaveanews.com\/wp-content\/uploads\/2019\/03\/Entrada-do-Ninho-do-Urubu.webp","articleSection":["Flamengo"],"inLanguage":"pt-BR","potentialAction":[{"@type":"CommentAction","name":"Comment","target":["https:\/\/www.gaveanews.com\/index.php\/2020\/08\/11\/com-multas-de-r-316-mi-destaques-da-base-assinam-contrato-com-o-flamengo\/#respond"]}],"copyrightYear":"2020","copyrightHolder":{"@id":"https:\/\/www.gaveanews.com\/#organization"}},{"@type":"WebPage","@id":"https:\/\/www.gaveanews.com\/index.php\/2020\/08\/11\/com-multas-de-r-316-mi-destaques-da-base-assinam-contrato-com-o-flamengo\/","url":"https:\/\/www.gaveanews.com\/index.php\/2020\/08\/11\/com-multas-de-r-316-mi-destaques-da-base-assinam-contrato-com-o-flamengo\/","name":"Com multas de R$ 316 Mi, destaques da base assinam contrato com o Fla","isPartOf":{"@id":"https:\/\/www.gaveanews.com\/#website"},"primaryImageOfPage":{"@id":"https:\/\/www.gaveanews.com\/index.php\/2020\/08\/11\/com-multas-de-r-316-mi-destaques-da-base-assinam-contrato-com-o-flamengo\/#primaryimage"},"image":{"@id":"https:\/\/www.gaveanews.com\/index.php\/2020\/08\/11\/com-multas-de-r-316-mi-destaques-da-base-assinam-contrato-com-o-flamengo\/#primaryimage"},"thumbnailUrl":"https:\/\/www.gaveanews.com\/wp-content\/uploads\/2019\/03\/Entrada-do-Ninho-do-Urubu.webp","datePublished":"2020-08-12T02:32:43+00:00","dateModified":"2020-08-12T02:32:47+00:00","author":{"@id":"https:\/\/www.gaveanews.com\/#\/schema\/person\/2ec14f73fb96be2caf28f91afb14749d"},"description":"Os garotos aguardam um sinal por parte da diretoria do Flamengo para retomada dos treinos das categorias sub-16 e sub-17.","breadcrumb":{"@id":"https:\/\/www.gaveanews.com\/index.php\/2020\/08\/11\/com-multas-de-r-316-mi-destaques-da-base-assinam-contrato-com-o-flamengo\/#breadcrumb"},"inLanguage":"pt-BR","potentialAction":[{"@type":"ReadAction","target":["https:\/\/www.gaveanews.com\/index.php\/2020\/08\/11\/com-multas-de-r-316-mi-destaques-da-base-assinam-contrato-com-o-flamengo\/"]}]},{"@type":"ImageObject","inLanguage":"pt-BR","@id":"https:\/\/www.gaveanews.com\/index.php\/2020\/08\/11\/com-multas-de-r-316-mi-destaques-da-base-assinam-contrato-com-o-flamengo\/#primaryimage","url":"https:\/\/www.gaveanews.com\/wp-content\/uploads\/2019\/03\/Entrada-do-Ninho-do-Urubu.webp","contentUrl":"https:\/\/www.gaveanews.com\/wp-content\/uploads\/2019\/03\/Entrada-do-Ninho-do-Urubu.webp","width":846,"height":564,"caption":"Entrada do Ninho do Urubu (Foto: Gilvan de Souza\/Flamengo)"},{"@type":"BreadcrumbList","@id":"https:\/\/www.gaveanews.com\/index.php\/2020\/08\/11\/com-multas-de-r-316-mi-destaques-da-base-assinam-contrato-com-o-flamengo\/#breadcrumb","itemListElement":[{"@type":"ListItem","position":1,"name":"Home","item":"https:\/\/www.gaveanews.com\/"},{"@type":"ListItem","position":2,"name":"Com multas de R$ 316 Mi, destaques da base assinam contrato com o Flamengo"}]},{"@type":"WebSite","@id":"https:\/\/www.gaveanews.com\/#website","url":"https:\/\/www.gaveanews.com\/","name":"G\u00e1vea News","description":"Veja todas as not\u00edcias sobre o Flamengo: Contrata\u00e7\u00f5es, categorias de base, resultados das partidas, tabela de classifica\u00e7\u00e3o, pr\u00f3ximos jogos!","potentialAction":[{"@type":"SearchAction","target":{"@type":"EntryPoint","urlTemplate":"https:\/\/www.gaveanews.com\/?s={search_term_string}"},"query-input":{"@type":"PropertyValueSpecification","valueRequired":true,"valueName":"search_term_string"}}],"inLanguage":"pt-BR"},{"@type":"Person","@id":"https:\/\/www.gaveanews.com\/#\/schema\/person\/2ec14f73fb96be2caf28f91afb14749d","name":"Equipe G\u00e1vea News","image":{"@type":"ImageObject","inLanguage":"pt-BR","@id":"https:\/\/www.gaveanews.com\/#\/schema\/person\/image\/","url":"https:\/\/secure.gravatar.com\/avatar\/1e1956f1facbffd3f8fa53a326721950116b3b9dc9bd44939c01180fd4a745a9?s=96&d=mm&r=g","contentUrl":"https:\/\/secure.gravatar.com\/avatar\/1e1956f1facbffd3f8fa53a326721950116b3b9dc9bd44939c01180fd4a745a9?s=96&d=mm&r=g","caption":"Equipe G\u00e1vea News"}}]}},"_links":{"self":[{"href":"https:\/\/www.gaveanews.com\/index.php\/wp-json\/wp\/v2\/posts\/45363","targetHints":{"allow":["GET"]}}],"collection":[{"href":"https:\/\/www.gaveanews.com\/index.php\/wp-json\/wp\/v2\/posts"}],"about":[{"href":"https:\/\/www.gaveanews.com\/index.php\/wp-json\/wp\/v2\/types\/post"}],"author":[{"embeddable":true,"href":"https:\/\/www.gaveanews.com\/index.php\/wp-json\/wp\/v2\/users\/1"}],"replies":[{"embeddable":true,"href":"https:\/\/www.gaveanews.com\/index.php\/wp-json\/wp\/v2\/comments?post=45363"}],"version-history":[{"count":0,"href":"https:\/\/www.gaveanews.com\/index.php\/wp-json\/wp\/v2\/posts\/45363\/revisions"}],"wp:featuredmedia":[{"embeddable":true,"href":"https:\/\/www.gaveanews.com\/index.php\/wp-json\/wp\/v2\/media\/15184"}],"wp:attachment":[{"href":"https:\/\/www.gaveanews.com\/index.php\/wp-json\/wp\/v2\/media?parent=45363"}],"wp:term":[{"taxonomy":"category","embeddable":true,"href":"https:\/\/www.gaveanews.com\/index.php\/wp-json\/wp\/v2\/categories?post=45363"},{"taxonomy":"post_tag","embeddable":true,"href":"https:\/\/www.gaveanews.com\/index.php\/wp-json\/wp\/v2\/tags?post=45363"}],"curies":[{"name":"wp","href":"https:\/\/api.w.org\/{rel}","templated":true}]}}