{"id":45520,"date":"2020-08-13T16:20:17","date_gmt":"2020-08-13T19:20:17","guid":{"rendered":"https:\/\/www.gaveanews.com\/?p=45520"},"modified":"2020-08-13T16:20:19","modified_gmt":"2020-08-13T19:20:19","slug":"conmebol-descarta-adiar-libertadores-e-mandantes-poderao-ser-obrigados-a-marcar-a-partida-em-outro-pais","status":"publish","type":"post","link":"https:\/\/www.gaveanews.com\/index.php\/2020\/08\/13\/conmebol-descarta-adiar-libertadores-e-mandantes-poderao-ser-obrigados-a-marcar-a-partida-em-outro-pais\/","title":{"rendered":"Conmebol descarta adiar Libertadores e mandantes poder\u00e3o ser obrigados a marcar a partida em outro pa\u00eds"},"content":{"rendered":"\n<p>A Conmebol (Confedera\u00e7\u00e3o Sul-Americana de Futebol) decidiu que n\u00e3o adiar\u00e1 jogos da Libertadores ou da Sul-Americana, mesmo se times tenham muitos casos de contaminados pela Covid-19. Reuni\u00e3o do Conselho nesta quinta-feira (13) bateu o martelo que se um time n\u00e3o se apresentar perder\u00e1 por WO &#8211; vit\u00f3ria a uma equipe quando o advers\u00e1rio est\u00e1 impossibilitado de competir.<\/p>\n\n\n\n<p>\u00c9 diferente da postura que vem adotando a CBF no Campeonato Brasileiro, que tem optado pelo adiamento \u2014 houve um em cada uma das tr\u00eas principais divis\u00f5es at\u00e9 agora. A confedera\u00e7\u00e3o brasileira, por\u00e9m, tem uma janela maior do que a Conmebol para ajustar partidas at\u00e9 fevereiro de 2021, quando pretende acabar o Brasileiro. O discurso para Libertadores e Sul-Americana \u00e9 que n\u00e3o h\u00e1 datas para reagendamento de jogos e isso foi avisado a todos os membros do Conselho.<\/p>\n\n\n\n<p>Por isso que a reuni\u00e3o desta quinta tamb\u00e9m decidiu aumentar de 30 para 40 o n\u00famero de inscritos para a sequ\u00eancia dos torneios sul-americanos. A ideia \u00e9 evitar que uma equipe fique sem atletas para atuar \u2014 algo bem improv\u00e1vel j\u00e1 que com sete jogadores se pode iniciar um jogo. Mesmo assim a Conmebol fez quest\u00e3o de crescer a lista para evitar reclama\u00e7\u00f5es dos participantes e pedidos de adiamentos caso haja contamina\u00e7\u00e3o de v\u00e1rios jogadores.<\/p>\n\n\n\n<p>Na reuni\u00e3o foi dito que isso tamb\u00e9m faz com que os clubes realmente entendam sua responsabilidade no cumprimento dos protocolos. A Conmebol elaborou um guia m\u00e9dico que exige exames de PCR de toda a delega\u00e7\u00e3o 24 horas antes dos jogos e com instru\u00e7\u00f5es para viagens \u2014 a entidade liberou dinheiro para ajudar que os clubes fretem avi\u00f5es.<\/p>\n\n\n\n<p>Caso alguma na\u00e7\u00e3o feche a fronteira e um time n\u00e3o possa entrar para jogar, a Conmebol decidiu que ser\u00e1 obriga\u00e7\u00e3o do mandante marcar a partida para outro pa\u00eds \u2014 o blog revelou que por causa da pandemia a Conmebol havia liberado os clubes a atuarem como anfitri\u00f5es em vizinhos.<\/p>\n\n\n\n<p>Essa possibilidade \u00e9 vista como improv\u00e1vel pela Conmebol, que est\u00e1 em contato com as autoridades locais para abrir exce\u00e7\u00f5es sanit\u00e1rias \u00e0s delega\u00e7\u00f5es que viajarem para jogar a Libertadores ou a Sul-Americana. A Libertadores tem previs\u00e3o de volta em 15 de setembro, com sete brasileiros (Flamengo, Palmeiras, S\u00e3o Paulo, Santos, Gr\u00eamio, Inter e Athletico) e a Sul-Americana no fim de outubro com dois (Bahia e Vasco).<\/p>\n\n\n\n<p>Retirado de: Blog do Marcel Rizzo<\/p>\n","protected":false},"excerpt":{"rendered":"<p>A Conmebol (Confedera\u00e7\u00e3o Sul-Americana de Futebol) decidiu que n\u00e3o adiar\u00e1 jogos da Libertadores ou da Sul-Americana, mesmo se times tenham muitos casos de contaminados pela Covid-19. Reuni\u00e3o do Conselho nesta quinta-feira (13) bateu o martelo que se um time n\u00e3o se apresentar perder\u00e1 por WO &#8211; vit\u00f3ria a uma equipe quando o advers\u00e1rio est\u00e1 impossibilitado [&hellip;]<\/p>\n","protected":false},"author":1,"featured_media":35738,"comment_status":"open","ping_status":"closed","sticky":false,"template":"","format":"standard","meta":{"footnotes":""},"categories":[1],"tags":[],"class_list":["post-45520","post","type-post","status-publish","format-standard","has-post-thumbnail","hentry","category-flamengo"],"yoast_head":"<!-- This site is optimized with the Yoast SEO Premium plugin v24.2 (Yoast SEO v26.9) - https:\/\/yoast.com\/product\/yoast-seo-premium-wordpress\/ -->\n<title>Conmebol descarta adiar Libertadores e mandantes poder\u00e3o ser obrigados a marcar a partida em outro pa\u00eds<\/title>\n<meta name=\"robots\" content=\"index, follow, max-snippet:-1, max-image-preview:large, max-video-preview:-1\" \/>\n<link rel=\"canonical\" href=\"https:\/\/www.gaveanews.com\/index.php\/2020\/08\/13\/conmebol-descarta-adiar-libertadores-e-mandantes-poderao-ser-obrigados-a-marcar-a-partida-em-outro-pais\/\" \/>\n<meta property=\"og:locale\" content=\"pt_BR\" \/>\n<meta property=\"og:type\" content=\"article\" \/>\n<meta property=\"og:title\" content=\"Conmebol descarta adiar Libertadores e mandantes poder\u00e3o ser obrigados a marcar a partida em outro pa\u00eds\" \/>\n<meta property=\"og:description\" content=\"A Conmebol (Confedera\u00e7\u00e3o Sul-Americana de Futebol) decidiu que n\u00e3o adiar\u00e1 jogos da Libertadores ou da Sul-Americana, mesmo se times tenham muitos casos de contaminados pela Covid-19. Reuni\u00e3o do Conselho nesta quinta-feira (13) bateu o martelo que se um time n\u00e3o se apresentar perder\u00e1 por WO &#8211; vit\u00f3ria a uma equipe quando o advers\u00e1rio est\u00e1 impossibilitado [&hellip;]\" \/>\n<meta property=\"og:url\" content=\"https:\/\/www.gaveanews.com\/index.php\/2020\/08\/13\/conmebol-descarta-adiar-libertadores-e-mandantes-poderao-ser-obrigados-a-marcar-a-partida-em-outro-pais\/\" \/>\n<meta property=\"og:site_name\" content=\"G\u00e1vea News\" \/>\n<meta property=\"article:publisher\" content=\"https:\/\/facebook.com\/gaveaNews\/\" \/>\n<meta property=\"article:published_time\" content=\"2020-08-13T19:20:17+00:00\" \/>\n<meta property=\"article:modified_time\" content=\"2020-08-13T19:20:19+00:00\" \/>\n<meta property=\"og:image\" content=\"https:\/\/www.gaveanews.com\/wp-content\/uploads\/Logomarca-da-Conmebol.webp\" \/>\n\t<meta property=\"og:image:width\" content=\"1162\" \/>\n\t<meta property=\"og:image:height\" content=\"751\" \/>\n\t<meta property=\"og:image:type\" content=\"image\/jpeg\" \/>\n<meta name=\"author\" content=\"Equipe G\u00e1vea News\" \/>\n<meta name=\"twitter:card\" content=\"summary_large_image\" \/>\n<meta name=\"twitter:label1\" content=\"Escrito por\" \/>\n\t<meta name=\"twitter:data1\" content=\"Equipe G\u00e1vea News\" \/>\n\t<meta name=\"twitter:label2\" content=\"Est. tempo de leitura\" \/>\n\t<meta name=\"twitter:data2\" content=\"2 minutos\" \/>\n<script type=\"application\/ld+json\" class=\"yoast-schema-graph\">{\"@context\":\"https:\/\/schema.org\",\"@graph\":[{\"@type\":\"NewsArticle\",\"@id\":\"https:\/\/www.gaveanews.com\/index.php\/2020\/08\/13\/conmebol-descarta-adiar-libertadores-e-mandantes-poderao-ser-obrigados-a-marcar-a-partida-em-outro-pais\/#article\",\"isPartOf\":{\"@id\":\"https:\/\/www.gaveanews.com\/index.php\/2020\/08\/13\/conmebol-descarta-adiar-libertadores-e-mandantes-poderao-ser-obrigados-a-marcar-a-partida-em-outro-pais\/\"},\"author\":{\"name\":\"Equipe G\u00e1vea News\",\"@id\":\"https:\/\/www.gaveanews.com\/#\/schema\/person\/2ec14f73fb96be2caf28f91afb14749d\"},\"headline\":\"Conmebol descarta adiar Libertadores e mandantes poder\u00e3o ser obrigados a marcar a partida em outro pa\u00eds\",\"datePublished\":\"2020-08-13T19:20:17+00:00\",\"dateModified\":\"2020-08-13T19:20:19+00:00\",\"mainEntityOfPage\":{\"@id\":\"https:\/\/www.gaveanews.com\/index.php\/2020\/08\/13\/conmebol-descarta-adiar-libertadores-e-mandantes-poderao-ser-obrigados-a-marcar-a-partida-em-outro-pais\/\"},\"wordCount\":429,\"commentCount\":0,\"image\":{\"@id\":\"https:\/\/www.gaveanews.com\/index.php\/2020\/08\/13\/conmebol-descarta-adiar-libertadores-e-mandantes-poderao-ser-obrigados-a-marcar-a-partida-em-outro-pais\/#primaryimage\"},\"thumbnailUrl\":\"https:\/\/www.gaveanews.com\/wp-content\/uploads\/Logomarca-da-Conmebol.webp\",\"articleSection\":[\"Flamengo\"],\"inLanguage\":\"pt-BR\",\"potentialAction\":[{\"@type\":\"CommentAction\",\"name\":\"Comment\",\"target\":[\"https:\/\/www.gaveanews.com\/index.php\/2020\/08\/13\/conmebol-descarta-adiar-libertadores-e-mandantes-poderao-ser-obrigados-a-marcar-a-partida-em-outro-pais\/#respond\"]}],\"copyrightYear\":\"2020\",\"copyrightHolder\":{\"@id\":\"https:\/\/www.gaveanews.com\/#organization\"}},{\"@type\":\"WebPage\",\"@id\":\"https:\/\/www.gaveanews.com\/index.php\/2020\/08\/13\/conmebol-descarta-adiar-libertadores-e-mandantes-poderao-ser-obrigados-a-marcar-a-partida-em-outro-pais\/\",\"url\":\"https:\/\/www.gaveanews.com\/index.php\/2020\/08\/13\/conmebol-descarta-adiar-libertadores-e-mandantes-poderao-ser-obrigados-a-marcar-a-partida-em-outro-pais\/\",\"name\":\"Conmebol descarta adiar Libertadores e mandantes poder\u00e3o ser obrigados a marcar a partida em outro pa\u00eds\",\"isPartOf\":{\"@id\":\"https:\/\/www.gaveanews.com\/#website\"},\"primaryImageOfPage\":{\"@id\":\"https:\/\/www.gaveanews.com\/index.php\/2020\/08\/13\/conmebol-descarta-adiar-libertadores-e-mandantes-poderao-ser-obrigados-a-marcar-a-partida-em-outro-pais\/#primaryimage\"},\"image\":{\"@id\":\"https:\/\/www.gaveanews.com\/index.php\/2020\/08\/13\/conmebol-descarta-adiar-libertadores-e-mandantes-poderao-ser-obrigados-a-marcar-a-partida-em-outro-pais\/#primaryimage\"},\"thumbnailUrl\":\"https:\/\/www.gaveanews.com\/wp-content\/uploads\/Logomarca-da-Conmebol.webp\",\"datePublished\":\"2020-08-13T19:20:17+00:00\",\"dateModified\":\"2020-08-13T19:20:19+00:00\",\"author\":{\"@id\":\"https:\/\/www.gaveanews.com\/#\/schema\/person\/2ec14f73fb96be2caf28f91afb14749d\"},\"breadcrumb\":{\"@id\":\"https:\/\/www.gaveanews.com\/index.php\/2020\/08\/13\/conmebol-descarta-adiar-libertadores-e-mandantes-poderao-ser-obrigados-a-marcar-a-partida-em-outro-pais\/#breadcrumb\"},\"inLanguage\":\"pt-BR\",\"potentialAction\":[{\"@type\":\"ReadAction\",\"target\":[\"https:\/\/www.gaveanews.com\/index.php\/2020\/08\/13\/conmebol-descarta-adiar-libertadores-e-mandantes-poderao-ser-obrigados-a-marcar-a-partida-em-outro-pais\/\"]}]},{\"@type\":\"ImageObject\",\"inLanguage\":\"pt-BR\",\"@id\":\"https:\/\/www.gaveanews.com\/index.php\/2020\/08\/13\/conmebol-descarta-adiar-libertadores-e-mandantes-poderao-ser-obrigados-a-marcar-a-partida-em-outro-pais\/#primaryimage\",\"url\":\"https:\/\/www.gaveanews.com\/wp-content\/uploads\/Logomarca-da-Conmebol.webp\",\"contentUrl\":\"https:\/\/www.gaveanews.com\/wp-content\/uploads\/Logomarca-da-Conmebol.webp\",\"width\":1162,\"height\":751},{\"@type\":\"BreadcrumbList\",\"@id\":\"https:\/\/www.gaveanews.com\/index.php\/2020\/08\/13\/conmebol-descarta-adiar-libertadores-e-mandantes-poderao-ser-obrigados-a-marcar-a-partida-em-outro-pais\/#breadcrumb\",\"itemListElement\":[{\"@type\":\"ListItem\",\"position\":1,\"name\":\"Home\",\"item\":\"https:\/\/www.gaveanews.com\/\"},{\"@type\":\"ListItem\",\"position\":2,\"name\":\"Conmebol descarta adiar Libertadores e mandantes poder\u00e3o ser obrigados a marcar a partida em outro pa\u00eds\"}]},{\"@type\":\"WebSite\",\"@id\":\"https:\/\/www.gaveanews.com\/#website\",\"url\":\"https:\/\/www.gaveanews.com\/\",\"name\":\"G\u00e1vea News\",\"description\":\"Veja todas as not\u00edcias sobre o Flamengo: Contrata\u00e7\u00f5es, categorias de base, resultados das partidas, tabela de classifica\u00e7\u00e3o, pr\u00f3ximos jogos!\",\"potentialAction\":[{\"@type\":\"SearchAction\",\"target\":{\"@type\":\"EntryPoint\",\"urlTemplate\":\"https:\/\/www.gaveanews.com\/?s={search_term_string}\"},\"query-input\":{\"@type\":\"PropertyValueSpecification\",\"valueRequired\":true,\"valueName\":\"search_term_string\"}}],\"inLanguage\":\"pt-BR\"},{\"@type\":\"Person\",\"@id\":\"https:\/\/www.gaveanews.com\/#\/schema\/person\/2ec14f73fb96be2caf28f91afb14749d\",\"name\":\"Equipe G\u00e1vea News\",\"image\":{\"@type\":\"ImageObject\",\"inLanguage\":\"pt-BR\",\"@id\":\"https:\/\/www.gaveanews.com\/#\/schema\/person\/image\/\",\"url\":\"https:\/\/secure.gravatar.com\/avatar\/1e1956f1facbffd3f8fa53a326721950116b3b9dc9bd44939c01180fd4a745a9?s=96&d=mm&r=g\",\"contentUrl\":\"https:\/\/secure.gravatar.com\/avatar\/1e1956f1facbffd3f8fa53a326721950116b3b9dc9bd44939c01180fd4a745a9?s=96&d=mm&r=g\",\"caption\":\"Equipe G\u00e1vea News\"}}]}<\/script>\n<!-- \/ Yoast SEO Premium plugin. -->","yoast_head_json":{"title":"Conmebol descarta adiar Libertadores e mandantes poder\u00e3o ser obrigados a marcar a partida em outro pa\u00eds","robots":{"index":"index","follow":"follow","max-snippet":"max-snippet:-1","max-image-preview":"max-image-preview:large","max-video-preview":"max-video-preview:-1"},"canonical":"https:\/\/www.gaveanews.com\/index.php\/2020\/08\/13\/conmebol-descarta-adiar-libertadores-e-mandantes-poderao-ser-obrigados-a-marcar-a-partida-em-outro-pais\/","og_locale":"pt_BR","og_type":"article","og_title":"Conmebol descarta adiar Libertadores e mandantes poder\u00e3o ser obrigados a marcar a partida em outro pa\u00eds","og_description":"A Conmebol (Confedera\u00e7\u00e3o Sul-Americana de Futebol) decidiu que n\u00e3o adiar\u00e1 jogos da Libertadores ou da Sul-Americana, mesmo se times tenham muitos casos de contaminados pela Covid-19. Reuni\u00e3o do Conselho nesta quinta-feira (13) bateu o martelo que se um time n\u00e3o se apresentar perder\u00e1 por WO &#8211; vit\u00f3ria a uma equipe quando o advers\u00e1rio est\u00e1 impossibilitado [&hellip;]","og_url":"https:\/\/www.gaveanews.com\/index.php\/2020\/08\/13\/conmebol-descarta-adiar-libertadores-e-mandantes-poderao-ser-obrigados-a-marcar-a-partida-em-outro-pais\/","og_site_name":"G\u00e1vea News","article_publisher":"https:\/\/facebook.com\/gaveaNews\/","article_published_time":"2020-08-13T19:20:17+00:00","article_modified_time":"2020-08-13T19:20:19+00:00","og_image":[{"width":1162,"height":751,"url":"https:\/\/www.gaveanews.com\/wp-content\/uploads\/Logomarca-da-Conmebol.webp","type":"image\/jpeg"}],"author":"Equipe G\u00e1vea News","twitter_card":"summary_large_image","twitter_misc":{"Escrito por":"Equipe G\u00e1vea News","Est. tempo de leitura":"2 minutos"},"schema":{"@context":"https:\/\/schema.org","@graph":[{"@type":"NewsArticle","@id":"https:\/\/www.gaveanews.com\/index.php\/2020\/08\/13\/conmebol-descarta-adiar-libertadores-e-mandantes-poderao-ser-obrigados-a-marcar-a-partida-em-outro-pais\/#article","isPartOf":{"@id":"https:\/\/www.gaveanews.com\/index.php\/2020\/08\/13\/conmebol-descarta-adiar-libertadores-e-mandantes-poderao-ser-obrigados-a-marcar-a-partida-em-outro-pais\/"},"author":{"name":"Equipe G\u00e1vea News","@id":"https:\/\/www.gaveanews.com\/#\/schema\/person\/2ec14f73fb96be2caf28f91afb14749d"},"headline":"Conmebol descarta adiar Libertadores e mandantes poder\u00e3o ser obrigados a marcar a partida em outro pa\u00eds","datePublished":"2020-08-13T19:20:17+00:00","dateModified":"2020-08-13T19:20:19+00:00","mainEntityOfPage":{"@id":"https:\/\/www.gaveanews.com\/index.php\/2020\/08\/13\/conmebol-descarta-adiar-libertadores-e-mandantes-poderao-ser-obrigados-a-marcar-a-partida-em-outro-pais\/"},"wordCount":429,"commentCount":0,"image":{"@id":"https:\/\/www.gaveanews.com\/index.php\/2020\/08\/13\/conmebol-descarta-adiar-libertadores-e-mandantes-poderao-ser-obrigados-a-marcar-a-partida-em-outro-pais\/#primaryimage"},"thumbnailUrl":"https:\/\/www.gaveanews.com\/wp-content\/uploads\/Logomarca-da-Conmebol.webp","articleSection":["Flamengo"],"inLanguage":"pt-BR","potentialAction":[{"@type":"CommentAction","name":"Comment","target":["https:\/\/www.gaveanews.com\/index.php\/2020\/08\/13\/conmebol-descarta-adiar-libertadores-e-mandantes-poderao-ser-obrigados-a-marcar-a-partida-em-outro-pais\/#respond"]}],"copyrightYear":"2020","copyrightHolder":{"@id":"https:\/\/www.gaveanews.com\/#organization"}},{"@type":"WebPage","@id":"https:\/\/www.gaveanews.com\/index.php\/2020\/08\/13\/conmebol-descarta-adiar-libertadores-e-mandantes-poderao-ser-obrigados-a-marcar-a-partida-em-outro-pais\/","url":"https:\/\/www.gaveanews.com\/index.php\/2020\/08\/13\/conmebol-descarta-adiar-libertadores-e-mandantes-poderao-ser-obrigados-a-marcar-a-partida-em-outro-pais\/","name":"Conmebol descarta adiar Libertadores e mandantes poder\u00e3o ser obrigados a marcar a partida em outro pa\u00eds","isPartOf":{"@id":"https:\/\/www.gaveanews.com\/#website"},"primaryImageOfPage":{"@id":"https:\/\/www.gaveanews.com\/index.php\/2020\/08\/13\/conmebol-descarta-adiar-libertadores-e-mandantes-poderao-ser-obrigados-a-marcar-a-partida-em-outro-pais\/#primaryimage"},"image":{"@id":"https:\/\/www.gaveanews.com\/index.php\/2020\/08\/13\/conmebol-descarta-adiar-libertadores-e-mandantes-poderao-ser-obrigados-a-marcar-a-partida-em-outro-pais\/#primaryimage"},"thumbnailUrl":"https:\/\/www.gaveanews.com\/wp-content\/uploads\/Logomarca-da-Conmebol.webp","datePublished":"2020-08-13T19:20:17+00:00","dateModified":"2020-08-13T19:20:19+00:00","author":{"@id":"https:\/\/www.gaveanews.com\/#\/schema\/person\/2ec14f73fb96be2caf28f91afb14749d"},"breadcrumb":{"@id":"https:\/\/www.gaveanews.com\/index.php\/2020\/08\/13\/conmebol-descarta-adiar-libertadores-e-mandantes-poderao-ser-obrigados-a-marcar-a-partida-em-outro-pais\/#breadcrumb"},"inLanguage":"pt-BR","potentialAction":[{"@type":"ReadAction","target":["https:\/\/www.gaveanews.com\/index.php\/2020\/08\/13\/conmebol-descarta-adiar-libertadores-e-mandantes-poderao-ser-obrigados-a-marcar-a-partida-em-outro-pais\/"]}]},{"@type":"ImageObject","inLanguage":"pt-BR","@id":"https:\/\/www.gaveanews.com\/index.php\/2020\/08\/13\/conmebol-descarta-adiar-libertadores-e-mandantes-poderao-ser-obrigados-a-marcar-a-partida-em-outro-pais\/#primaryimage","url":"https:\/\/www.gaveanews.com\/wp-content\/uploads\/Logomarca-da-Conmebol.webp","contentUrl":"https:\/\/www.gaveanews.com\/wp-content\/uploads\/Logomarca-da-Conmebol.webp","width":1162,"height":751},{"@type":"BreadcrumbList","@id":"https:\/\/www.gaveanews.com\/index.php\/2020\/08\/13\/conmebol-descarta-adiar-libertadores-e-mandantes-poderao-ser-obrigados-a-marcar-a-partida-em-outro-pais\/#breadcrumb","itemListElement":[{"@type":"ListItem","position":1,"name":"Home","item":"https:\/\/www.gaveanews.com\/"},{"@type":"ListItem","position":2,"name":"Conmebol descarta adiar Libertadores e mandantes poder\u00e3o ser obrigados a marcar a partida em outro pa\u00eds"}]},{"@type":"WebSite","@id":"https:\/\/www.gaveanews.com\/#website","url":"https:\/\/www.gaveanews.com\/","name":"G\u00e1vea News","description":"Veja todas as not\u00edcias sobre o Flamengo: Contrata\u00e7\u00f5es, categorias de base, resultados das partidas, tabela de classifica\u00e7\u00e3o, pr\u00f3ximos jogos!","potentialAction":[{"@type":"SearchAction","target":{"@type":"EntryPoint","urlTemplate":"https:\/\/www.gaveanews.com\/?s={search_term_string}"},"query-input":{"@type":"PropertyValueSpecification","valueRequired":true,"valueName":"search_term_string"}}],"inLanguage":"pt-BR"},{"@type":"Person","@id":"https:\/\/www.gaveanews.com\/#\/schema\/person\/2ec14f73fb96be2caf28f91afb14749d","name":"Equipe G\u00e1vea News","image":{"@type":"ImageObject","inLanguage":"pt-BR","@id":"https:\/\/www.gaveanews.com\/#\/schema\/person\/image\/","url":"https:\/\/secure.gravatar.com\/avatar\/1e1956f1facbffd3f8fa53a326721950116b3b9dc9bd44939c01180fd4a745a9?s=96&d=mm&r=g","contentUrl":"https:\/\/secure.gravatar.com\/avatar\/1e1956f1facbffd3f8fa53a326721950116b3b9dc9bd44939c01180fd4a745a9?s=96&d=mm&r=g","caption":"Equipe G\u00e1vea News"}}]}},"_links":{"self":[{"href":"https:\/\/www.gaveanews.com\/index.php\/wp-json\/wp\/v2\/posts\/45520","targetHints":{"allow":["GET"]}}],"collection":[{"href":"https:\/\/www.gaveanews.com\/index.php\/wp-json\/wp\/v2\/posts"}],"about":[{"href":"https:\/\/www.gaveanews.com\/index.php\/wp-json\/wp\/v2\/types\/post"}],"author":[{"embeddable":true,"href":"https:\/\/www.gaveanews.com\/index.php\/wp-json\/wp\/v2\/users\/1"}],"replies":[{"embeddable":true,"href":"https:\/\/www.gaveanews.com\/index.php\/wp-json\/wp\/v2\/comments?post=45520"}],"version-history":[{"count":0,"href":"https:\/\/www.gaveanews.com\/index.php\/wp-json\/wp\/v2\/posts\/45520\/revisions"}],"wp:featuredmedia":[{"embeddable":true,"href":"https:\/\/www.gaveanews.com\/index.php\/wp-json\/wp\/v2\/media\/35738"}],"wp:attachment":[{"href":"https:\/\/www.gaveanews.com\/index.php\/wp-json\/wp\/v2\/media?parent=45520"}],"wp:term":[{"taxonomy":"category","embeddable":true,"href":"https:\/\/www.gaveanews.com\/index.php\/wp-json\/wp\/v2\/categories?post=45520"},{"taxonomy":"post_tag","embeddable":true,"href":"https:\/\/www.gaveanews.com\/index.php\/wp-json\/wp\/v2\/tags?post=45520"}],"curies":[{"name":"wp","href":"https:\/\/api.w.org\/{rel}","templated":true}]}}