{"id":45523,"date":"2020-08-13T17:56:33","date_gmt":"2020-08-13T20:56:33","guid":{"rendered":"https:\/\/www.gaveanews.com\/?p=45523"},"modified":"2020-08-13T17:56:35","modified_gmt":"2020-08-13T20:56:35","slug":"flamengo-obtem-liminar-contra-o-sao-paulo-e-a-cbf","status":"publish","type":"post","link":"https:\/\/www.gaveanews.com\/index.php\/2020\/08\/13\/flamengo-obtem-liminar-contra-o-sao-paulo-e-a-cbf\/","title":{"rendered":"Flamengo obt\u00e9m liminar contra o S\u00e3o Paulo e a CBF"},"content":{"rendered":"\n<p>A aparente eterna novela que tem a Ta\u00e7a das Bolinhas como protagonista ganhou um novo cap\u00edtulo nesta quinta-feira, depois de um longo per\u00edodo sem novidades. Atrav\u00e9s da ju\u00edza Bianca Ferreira do Amaral Machado Nigri, da 1\u00aa Vara C\u00edvel do Tribunal de Justi\u00e7a do Rio, o Flamengo conseguiu uma liminar que impede que a Confedera\u00e7\u00e3o Brasileira de Futebol (CBF) entregue o trof\u00e9u de forma definitiva ao S\u00e3o Paulo.<\/p>\n\n\n\n<p>Recentemente, o Rubro-Negro, representado pelo advogado Rodrigo Fux, havia protocolado um recurso. A informa\u00e7\u00e3o inicial \u00e9 da coluna do jornalista Ancelmo Gois, do jornal &#8220;O Globo&#8221;. Tal processo se encontra em fase embrion\u00e1ria, mas, com a liminar a favor do clube carioca, o S\u00e3o Paulo, que tamb\u00e9m briga pela ta\u00e7a h\u00e1 mais de uma d\u00e9cada, n\u00e3o pode receb\u00ea-la.<\/p>\n\n\n\n<p>A Caixa Econ\u00f4mica Federal, que possui a tutela da premia\u00e7\u00e3o, foi notificada pela CBF para devolu\u00e7\u00e3o da Ta\u00e7a das Bolinhas, ainda sem destino definido.<\/p>\n\n\n\n<p>Desenhada pelo escultor Maur\u00edcio Salgueiro, o Trof\u00e9u Copa Brasil &#8211; nome oficial &#8211; foi confeccionado pela CBD (Confedera\u00e7\u00e3o Brasileira de Desportos), entidade precursora da CBF, em 1975, e deveria ficar em definitivo com o primeiro clube que conquistasse o Campeonato Brasileiro por tr\u00eas vezes seguidas ou cinco alternadas. Desde 2007, entretanto, por conta da briga judicial do t\u00edtulo de 1987, a entrega desta ta\u00e7a tamb\u00e9m parou para ser discutida judicialmente.<\/p>\n\n\n\n<p>Retirado de: Lance<\/p>\n","protected":false},"excerpt":{"rendered":"<p>A aparente eterna novela que tem a Ta\u00e7a das Bolinhas como protagonista ganhou um novo cap\u00edtulo nesta quinta-feira, depois de um longo per\u00edodo sem novidades. Atrav\u00e9s da ju\u00edza Bianca Ferreira do Amaral Machado Nigri, da 1\u00aa Vara C\u00edvel do Tribunal de Justi\u00e7a do Rio, o Flamengo conseguiu uma liminar que impede que a Confedera\u00e7\u00e3o Brasileira [&hellip;]<\/p>\n","protected":false},"author":1,"featured_media":16271,"comment_status":"open","ping_status":"closed","sticky":false,"template":"","format":"standard","meta":{"footnotes":""},"categories":[1],"tags":[],"class_list":["post-45523","post","type-post","status-publish","format-standard","has-post-thumbnail","hentry","category-flamengo"],"yoast_head":"<!-- This site is optimized with the Yoast SEO Premium plugin v24.2 (Yoast SEO v26.9) - https:\/\/yoast.com\/product\/yoast-seo-premium-wordpress\/ -->\n<title>Flamengo obt\u00e9m liminar contra o S\u00e3o Paulo e a CBF<\/title>\n<meta name=\"description\" content=\"A decis\u00e3o foi da ju\u00edza Bianca Ferreira do Amaral Machado Nigri, da 1\u00aa Vara C\u00edvel do Tribunal de Justi\u00e7a do Rio de Janeiro.\" \/>\n<meta name=\"robots\" content=\"index, follow, max-snippet:-1, max-image-preview:large, max-video-preview:-1\" \/>\n<link rel=\"canonical\" href=\"https:\/\/www.gaveanews.com\/index.php\/2020\/08\/13\/flamengo-obtem-liminar-contra-o-sao-paulo-e-a-cbf\/\" \/>\n<meta property=\"og:locale\" content=\"pt_BR\" \/>\n<meta property=\"og:type\" content=\"article\" \/>\n<meta property=\"og:title\" content=\"Flamengo obt\u00e9m liminar contra o S\u00e3o Paulo e a CBF\" \/>\n<meta property=\"og:description\" content=\"A decis\u00e3o foi da ju\u00edza Bianca Ferreira do Amaral Machado Nigri, da 1\u00aa Vara C\u00edvel do Tribunal de Justi\u00e7a do Rio de Janeiro.\" \/>\n<meta property=\"og:url\" content=\"https:\/\/www.gaveanews.com\/index.php\/2020\/08\/13\/flamengo-obtem-liminar-contra-o-sao-paulo-e-a-cbf\/\" \/>\n<meta property=\"og:site_name\" content=\"G\u00e1vea News\" \/>\n<meta property=\"article:publisher\" content=\"https:\/\/facebook.com\/gaveaNews\/\" \/>\n<meta property=\"article:published_time\" content=\"2020-08-13T20:56:33+00:00\" \/>\n<meta property=\"article:modified_time\" content=\"2020-08-13T20:56:35+00:00\" \/>\n<meta property=\"og:image\" content=\"https:\/\/www.gaveanews.com\/wp-content\/uploads\/2019\/02\/Sede-da-CBF-no-Rio-de-Janeiro.webp\" \/>\n\t<meta property=\"og:image:width\" content=\"690\" \/>\n\t<meta property=\"og:image:height\" content=\"518\" \/>\n\t<meta property=\"og:image:type\" content=\"image\/jpeg\" \/>\n<meta name=\"author\" content=\"Equipe G\u00e1vea News\" \/>\n<meta name=\"twitter:card\" content=\"summary_large_image\" \/>\n<meta name=\"twitter:label1\" content=\"Escrito por\" \/>\n\t<meta name=\"twitter:data1\" content=\"Equipe G\u00e1vea News\" \/>\n\t<meta name=\"twitter:label2\" content=\"Est. tempo de leitura\" \/>\n\t<meta name=\"twitter:data2\" content=\"1 minuto\" \/>\n<script type=\"application\/ld+json\" class=\"yoast-schema-graph\">{\"@context\":\"https:\/\/schema.org\",\"@graph\":[{\"@type\":\"NewsArticle\",\"@id\":\"https:\/\/www.gaveanews.com\/index.php\/2020\/08\/13\/flamengo-obtem-liminar-contra-o-sao-paulo-e-a-cbf\/#article\",\"isPartOf\":{\"@id\":\"https:\/\/www.gaveanews.com\/index.php\/2020\/08\/13\/flamengo-obtem-liminar-contra-o-sao-paulo-e-a-cbf\/\"},\"author\":{\"name\":\"Equipe G\u00e1vea News\",\"@id\":\"https:\/\/www.gaveanews.com\/#\/schema\/person\/2ec14f73fb96be2caf28f91afb14749d\"},\"headline\":\"Flamengo obt\u00e9m liminar contra o S\u00e3o Paulo e a CBF\",\"datePublished\":\"2020-08-13T20:56:33+00:00\",\"dateModified\":\"2020-08-13T20:56:35+00:00\",\"mainEntityOfPage\":{\"@id\":\"https:\/\/www.gaveanews.com\/index.php\/2020\/08\/13\/flamengo-obtem-liminar-contra-o-sao-paulo-e-a-cbf\/\"},\"wordCount\":258,\"commentCount\":11,\"image\":{\"@id\":\"https:\/\/www.gaveanews.com\/index.php\/2020\/08\/13\/flamengo-obtem-liminar-contra-o-sao-paulo-e-a-cbf\/#primaryimage\"},\"thumbnailUrl\":\"https:\/\/www.gaveanews.com\/wp-content\/uploads\/2019\/02\/Sede-da-CBF-no-Rio-de-Janeiro.webp\",\"articleSection\":[\"Flamengo\"],\"inLanguage\":\"pt-BR\",\"potentialAction\":[{\"@type\":\"CommentAction\",\"name\":\"Comment\",\"target\":[\"https:\/\/www.gaveanews.com\/index.php\/2020\/08\/13\/flamengo-obtem-liminar-contra-o-sao-paulo-e-a-cbf\/#respond\"]}],\"copyrightYear\":\"2020\",\"copyrightHolder\":{\"@id\":\"https:\/\/www.gaveanews.com\/#organization\"}},{\"@type\":\"WebPage\",\"@id\":\"https:\/\/www.gaveanews.com\/index.php\/2020\/08\/13\/flamengo-obtem-liminar-contra-o-sao-paulo-e-a-cbf\/\",\"url\":\"https:\/\/www.gaveanews.com\/index.php\/2020\/08\/13\/flamengo-obtem-liminar-contra-o-sao-paulo-e-a-cbf\/\",\"name\":\"Flamengo obt\u00e9m liminar contra o S\u00e3o Paulo e a CBF\",\"isPartOf\":{\"@id\":\"https:\/\/www.gaveanews.com\/#website\"},\"primaryImageOfPage\":{\"@id\":\"https:\/\/www.gaveanews.com\/index.php\/2020\/08\/13\/flamengo-obtem-liminar-contra-o-sao-paulo-e-a-cbf\/#primaryimage\"},\"image\":{\"@id\":\"https:\/\/www.gaveanews.com\/index.php\/2020\/08\/13\/flamengo-obtem-liminar-contra-o-sao-paulo-e-a-cbf\/#primaryimage\"},\"thumbnailUrl\":\"https:\/\/www.gaveanews.com\/wp-content\/uploads\/2019\/02\/Sede-da-CBF-no-Rio-de-Janeiro.webp\",\"datePublished\":\"2020-08-13T20:56:33+00:00\",\"dateModified\":\"2020-08-13T20:56:35+00:00\",\"author\":{\"@id\":\"https:\/\/www.gaveanews.com\/#\/schema\/person\/2ec14f73fb96be2caf28f91afb14749d\"},\"description\":\"A decis\u00e3o foi da ju\u00edza Bianca Ferreira do Amaral Machado Nigri, da 1\u00aa Vara C\u00edvel do Tribunal de Justi\u00e7a do Rio de Janeiro.\",\"breadcrumb\":{\"@id\":\"https:\/\/www.gaveanews.com\/index.php\/2020\/08\/13\/flamengo-obtem-liminar-contra-o-sao-paulo-e-a-cbf\/#breadcrumb\"},\"inLanguage\":\"pt-BR\",\"potentialAction\":[{\"@type\":\"ReadAction\",\"target\":[\"https:\/\/www.gaveanews.com\/index.php\/2020\/08\/13\/flamengo-obtem-liminar-contra-o-sao-paulo-e-a-cbf\/\"]}]},{\"@type\":\"ImageObject\",\"inLanguage\":\"pt-BR\",\"@id\":\"https:\/\/www.gaveanews.com\/index.php\/2020\/08\/13\/flamengo-obtem-liminar-contra-o-sao-paulo-e-a-cbf\/#primaryimage\",\"url\":\"https:\/\/www.gaveanews.com\/wp-content\/uploads\/2019\/02\/Sede-da-CBF-no-Rio-de-Janeiro.webp\",\"contentUrl\":\"https:\/\/www.gaveanews.com\/wp-content\/uploads\/2019\/02\/Sede-da-CBF-no-Rio-de-Janeiro.webp\",\"width\":690,\"height\":518,\"caption\":\"Sede da CBF no Rio de Janeiro (Foto: Cah\u00ea Mota\/Globo Esporte)\"},{\"@type\":\"BreadcrumbList\",\"@id\":\"https:\/\/www.gaveanews.com\/index.php\/2020\/08\/13\/flamengo-obtem-liminar-contra-o-sao-paulo-e-a-cbf\/#breadcrumb\",\"itemListElement\":[{\"@type\":\"ListItem\",\"position\":1,\"name\":\"Home\",\"item\":\"https:\/\/www.gaveanews.com\/\"},{\"@type\":\"ListItem\",\"position\":2,\"name\":\"Flamengo obt\u00e9m liminar contra o S\u00e3o Paulo e a CBF\"}]},{\"@type\":\"WebSite\",\"@id\":\"https:\/\/www.gaveanews.com\/#website\",\"url\":\"https:\/\/www.gaveanews.com\/\",\"name\":\"G\u00e1vea News\",\"description\":\"Veja todas as not\u00edcias sobre o Flamengo: Contrata\u00e7\u00f5es, categorias de base, resultados das partidas, tabela de classifica\u00e7\u00e3o, pr\u00f3ximos jogos!\",\"potentialAction\":[{\"@type\":\"SearchAction\",\"target\":{\"@type\":\"EntryPoint\",\"urlTemplate\":\"https:\/\/www.gaveanews.com\/?s={search_term_string}\"},\"query-input\":{\"@type\":\"PropertyValueSpecification\",\"valueRequired\":true,\"valueName\":\"search_term_string\"}}],\"inLanguage\":\"pt-BR\"},{\"@type\":\"Person\",\"@id\":\"https:\/\/www.gaveanews.com\/#\/schema\/person\/2ec14f73fb96be2caf28f91afb14749d\",\"name\":\"Equipe G\u00e1vea News\",\"image\":{\"@type\":\"ImageObject\",\"inLanguage\":\"pt-BR\",\"@id\":\"https:\/\/www.gaveanews.com\/#\/schema\/person\/image\/\",\"url\":\"https:\/\/secure.gravatar.com\/avatar\/1e1956f1facbffd3f8fa53a326721950116b3b9dc9bd44939c01180fd4a745a9?s=96&d=mm&r=g\",\"contentUrl\":\"https:\/\/secure.gravatar.com\/avatar\/1e1956f1facbffd3f8fa53a326721950116b3b9dc9bd44939c01180fd4a745a9?s=96&d=mm&r=g\",\"caption\":\"Equipe G\u00e1vea News\"}}]}<\/script>\n<!-- \/ Yoast SEO Premium plugin. -->","yoast_head_json":{"title":"Flamengo obt\u00e9m liminar contra o S\u00e3o Paulo e a CBF","description":"A decis\u00e3o foi da ju\u00edza Bianca Ferreira do Amaral Machado Nigri, da 1\u00aa Vara C\u00edvel do Tribunal de Justi\u00e7a do Rio de Janeiro.","robots":{"index":"index","follow":"follow","max-snippet":"max-snippet:-1","max-image-preview":"max-image-preview:large","max-video-preview":"max-video-preview:-1"},"canonical":"https:\/\/www.gaveanews.com\/index.php\/2020\/08\/13\/flamengo-obtem-liminar-contra-o-sao-paulo-e-a-cbf\/","og_locale":"pt_BR","og_type":"article","og_title":"Flamengo obt\u00e9m liminar contra o S\u00e3o Paulo e a CBF","og_description":"A decis\u00e3o foi da ju\u00edza Bianca Ferreira do Amaral Machado Nigri, da 1\u00aa Vara C\u00edvel do Tribunal de Justi\u00e7a do Rio de Janeiro.","og_url":"https:\/\/www.gaveanews.com\/index.php\/2020\/08\/13\/flamengo-obtem-liminar-contra-o-sao-paulo-e-a-cbf\/","og_site_name":"G\u00e1vea News","article_publisher":"https:\/\/facebook.com\/gaveaNews\/","article_published_time":"2020-08-13T20:56:33+00:00","article_modified_time":"2020-08-13T20:56:35+00:00","og_image":[{"width":690,"height":518,"url":"https:\/\/www.gaveanews.com\/wp-content\/uploads\/2019\/02\/Sede-da-CBF-no-Rio-de-Janeiro.webp","type":"image\/jpeg"}],"author":"Equipe G\u00e1vea News","twitter_card":"summary_large_image","twitter_misc":{"Escrito por":"Equipe G\u00e1vea News","Est. tempo de leitura":"1 minuto"},"schema":{"@context":"https:\/\/schema.org","@graph":[{"@type":"NewsArticle","@id":"https:\/\/www.gaveanews.com\/index.php\/2020\/08\/13\/flamengo-obtem-liminar-contra-o-sao-paulo-e-a-cbf\/#article","isPartOf":{"@id":"https:\/\/www.gaveanews.com\/index.php\/2020\/08\/13\/flamengo-obtem-liminar-contra-o-sao-paulo-e-a-cbf\/"},"author":{"name":"Equipe G\u00e1vea News","@id":"https:\/\/www.gaveanews.com\/#\/schema\/person\/2ec14f73fb96be2caf28f91afb14749d"},"headline":"Flamengo obt\u00e9m liminar contra o S\u00e3o Paulo e a CBF","datePublished":"2020-08-13T20:56:33+00:00","dateModified":"2020-08-13T20:56:35+00:00","mainEntityOfPage":{"@id":"https:\/\/www.gaveanews.com\/index.php\/2020\/08\/13\/flamengo-obtem-liminar-contra-o-sao-paulo-e-a-cbf\/"},"wordCount":258,"commentCount":11,"image":{"@id":"https:\/\/www.gaveanews.com\/index.php\/2020\/08\/13\/flamengo-obtem-liminar-contra-o-sao-paulo-e-a-cbf\/#primaryimage"},"thumbnailUrl":"https:\/\/www.gaveanews.com\/wp-content\/uploads\/2019\/02\/Sede-da-CBF-no-Rio-de-Janeiro.webp","articleSection":["Flamengo"],"inLanguage":"pt-BR","potentialAction":[{"@type":"CommentAction","name":"Comment","target":["https:\/\/www.gaveanews.com\/index.php\/2020\/08\/13\/flamengo-obtem-liminar-contra-o-sao-paulo-e-a-cbf\/#respond"]}],"copyrightYear":"2020","copyrightHolder":{"@id":"https:\/\/www.gaveanews.com\/#organization"}},{"@type":"WebPage","@id":"https:\/\/www.gaveanews.com\/index.php\/2020\/08\/13\/flamengo-obtem-liminar-contra-o-sao-paulo-e-a-cbf\/","url":"https:\/\/www.gaveanews.com\/index.php\/2020\/08\/13\/flamengo-obtem-liminar-contra-o-sao-paulo-e-a-cbf\/","name":"Flamengo obt\u00e9m liminar contra o S\u00e3o Paulo e a CBF","isPartOf":{"@id":"https:\/\/www.gaveanews.com\/#website"},"primaryImageOfPage":{"@id":"https:\/\/www.gaveanews.com\/index.php\/2020\/08\/13\/flamengo-obtem-liminar-contra-o-sao-paulo-e-a-cbf\/#primaryimage"},"image":{"@id":"https:\/\/www.gaveanews.com\/index.php\/2020\/08\/13\/flamengo-obtem-liminar-contra-o-sao-paulo-e-a-cbf\/#primaryimage"},"thumbnailUrl":"https:\/\/www.gaveanews.com\/wp-content\/uploads\/2019\/02\/Sede-da-CBF-no-Rio-de-Janeiro.webp","datePublished":"2020-08-13T20:56:33+00:00","dateModified":"2020-08-13T20:56:35+00:00","author":{"@id":"https:\/\/www.gaveanews.com\/#\/schema\/person\/2ec14f73fb96be2caf28f91afb14749d"},"description":"A decis\u00e3o foi da ju\u00edza Bianca Ferreira do Amaral Machado Nigri, da 1\u00aa Vara C\u00edvel do Tribunal de Justi\u00e7a do Rio de Janeiro.","breadcrumb":{"@id":"https:\/\/www.gaveanews.com\/index.php\/2020\/08\/13\/flamengo-obtem-liminar-contra-o-sao-paulo-e-a-cbf\/#breadcrumb"},"inLanguage":"pt-BR","potentialAction":[{"@type":"ReadAction","target":["https:\/\/www.gaveanews.com\/index.php\/2020\/08\/13\/flamengo-obtem-liminar-contra-o-sao-paulo-e-a-cbf\/"]}]},{"@type":"ImageObject","inLanguage":"pt-BR","@id":"https:\/\/www.gaveanews.com\/index.php\/2020\/08\/13\/flamengo-obtem-liminar-contra-o-sao-paulo-e-a-cbf\/#primaryimage","url":"https:\/\/www.gaveanews.com\/wp-content\/uploads\/2019\/02\/Sede-da-CBF-no-Rio-de-Janeiro.webp","contentUrl":"https:\/\/www.gaveanews.com\/wp-content\/uploads\/2019\/02\/Sede-da-CBF-no-Rio-de-Janeiro.webp","width":690,"height":518,"caption":"Sede da CBF no Rio de Janeiro (Foto: Cah\u00ea Mota\/Globo Esporte)"},{"@type":"BreadcrumbList","@id":"https:\/\/www.gaveanews.com\/index.php\/2020\/08\/13\/flamengo-obtem-liminar-contra-o-sao-paulo-e-a-cbf\/#breadcrumb","itemListElement":[{"@type":"ListItem","position":1,"name":"Home","item":"https:\/\/www.gaveanews.com\/"},{"@type":"ListItem","position":2,"name":"Flamengo obt\u00e9m liminar contra o S\u00e3o Paulo e a CBF"}]},{"@type":"WebSite","@id":"https:\/\/www.gaveanews.com\/#website","url":"https:\/\/www.gaveanews.com\/","name":"G\u00e1vea News","description":"Veja todas as not\u00edcias sobre o Flamengo: Contrata\u00e7\u00f5es, categorias de base, resultados das partidas, tabela de classifica\u00e7\u00e3o, pr\u00f3ximos jogos!","potentialAction":[{"@type":"SearchAction","target":{"@type":"EntryPoint","urlTemplate":"https:\/\/www.gaveanews.com\/?s={search_term_string}"},"query-input":{"@type":"PropertyValueSpecification","valueRequired":true,"valueName":"search_term_string"}}],"inLanguage":"pt-BR"},{"@type":"Person","@id":"https:\/\/www.gaveanews.com\/#\/schema\/person\/2ec14f73fb96be2caf28f91afb14749d","name":"Equipe G\u00e1vea News","image":{"@type":"ImageObject","inLanguage":"pt-BR","@id":"https:\/\/www.gaveanews.com\/#\/schema\/person\/image\/","url":"https:\/\/secure.gravatar.com\/avatar\/1e1956f1facbffd3f8fa53a326721950116b3b9dc9bd44939c01180fd4a745a9?s=96&d=mm&r=g","contentUrl":"https:\/\/secure.gravatar.com\/avatar\/1e1956f1facbffd3f8fa53a326721950116b3b9dc9bd44939c01180fd4a745a9?s=96&d=mm&r=g","caption":"Equipe G\u00e1vea News"}}]}},"_links":{"self":[{"href":"https:\/\/www.gaveanews.com\/index.php\/wp-json\/wp\/v2\/posts\/45523","targetHints":{"allow":["GET"]}}],"collection":[{"href":"https:\/\/www.gaveanews.com\/index.php\/wp-json\/wp\/v2\/posts"}],"about":[{"href":"https:\/\/www.gaveanews.com\/index.php\/wp-json\/wp\/v2\/types\/post"}],"author":[{"embeddable":true,"href":"https:\/\/www.gaveanews.com\/index.php\/wp-json\/wp\/v2\/users\/1"}],"replies":[{"embeddable":true,"href":"https:\/\/www.gaveanews.com\/index.php\/wp-json\/wp\/v2\/comments?post=45523"}],"version-history":[{"count":0,"href":"https:\/\/www.gaveanews.com\/index.php\/wp-json\/wp\/v2\/posts\/45523\/revisions"}],"wp:featuredmedia":[{"embeddable":true,"href":"https:\/\/www.gaveanews.com\/index.php\/wp-json\/wp\/v2\/media\/16271"}],"wp:attachment":[{"href":"https:\/\/www.gaveanews.com\/index.php\/wp-json\/wp\/v2\/media?parent=45523"}],"wp:term":[{"taxonomy":"category","embeddable":true,"href":"https:\/\/www.gaveanews.com\/index.php\/wp-json\/wp\/v2\/categories?post=45523"},{"taxonomy":"post_tag","embeddable":true,"href":"https:\/\/www.gaveanews.com\/index.php\/wp-json\/wp\/v2\/tags?post=45523"}],"curies":[{"name":"wp","href":"https:\/\/api.w.org\/{rel}","templated":true}]}}