{"id":45525,"date":"2020-08-13T18:21:15","date_gmt":"2020-08-13T21:21:15","guid":{"rendered":"https:\/\/www.gaveanews.com\/?p=45525"},"modified":"2020-08-13T18:24:18","modified_gmt":"2020-08-13T21:24:18","slug":"atacante-do-flamengo-e-liberado-e-viaja-para-portugal","status":"publish","type":"post","link":"https:\/\/www.gaveanews.com\/index.php\/2020\/08\/13\/atacante-do-flamengo-e-liberado-e-viaja-para-portugal\/","title":{"rendered":"Atacante do Flamengo \u00e9 liberado e viaja para Portugal"},"content":{"rendered":"\n<p>O <strong><a href=\"https:\/\/bit.ly\/3alOFE8\">Flamengo <\/a><\/strong>liberou o atacante Lucas Silva, fora dos planos da comiss\u00e3o t\u00e9cnica, para acertar transfer\u00eancia para o Pa\u00e7os de Ferreira. O clube, inclusive, disputa a primeira divis\u00e3o em Portugal. De acordo com o jornal \u2018O Dia\u2019, ele viajou nesta quinta-feira.<\/p>\n\n\n\n<p>Lucas Silva tinha contrato com o <strong><a href=\"https:\/\/bit.ly\/3alOFE8\">Flamengo <\/a><\/strong>at\u00e9 dezembro. Como n\u00e3o teria o v\u00ednculo renovado, a diretoria rubro-negra o liberou sem receber uma compensa\u00e7\u00e3o financeira. Por outro lado, o clube conseguiu manter 30% dos direitos econ\u00f4micos visando uma negocia\u00e7\u00e3o no futuro.<\/p>\n\n\n\n<p>\u00c0 primeira vista, a sa\u00edda j\u00e1 era esperada pelos representantes do atleta. Antes de liberar o atacante, o <strong><a href=\"https:\/\/bit.ly\/3alOFE8\">Flamengo <\/a><\/strong>negociou com o Gil Vicente, de Portugal. Al\u00e9m disso, foi sondado pelo M\u00e1laga, da Espanha, no come\u00e7o da temporada. Ambas as tratativas, por\u00e9m, n\u00e3o tiveram um desfecho positivo.<\/p>\n\n\n\n<p>A Ponte Preta tamb\u00e9m mostrou grande interesse em ter Lucas Silva por empr\u00e9stimo na disputa da S\u00e9rie B do Campeonato Brasileiro. Mas a proposta do clube paulista previa que o <strong><a href=\"https:\/\/bit.ly\/3alOFE8\">Flamengo <\/a><\/strong>arcasse com a metade dos sal\u00e1rios do jogador. Por isso, a negocia\u00e7\u00e3o n\u00e3o avan\u00e7ou.<\/p>\n\n\n\n<p>Na atual temporada, a revela\u00e7\u00e3o rubro-negra disputou apenas quatro partidas pelo <strong><a href=\"https:\/\/bit.ly\/3alOFE8\">Flamengo<\/a><\/strong>. No ano passado, Lucas Silva foi promovido ao profissional por Abel Braga. O treinador incorporou o atleta ao elenco na disputa da Fl\u00f3rida Cup.<\/p>\n\n\n\n<p>Ao todo, o atacante, de 22 anos, disputou 22 partidas e marcou dois gols pelo <strong><a href=\"https:\/\/bit.ly\/3alOFE8\">Flamengo<\/a><\/strong>. Al\u00e9m disso, ele integrou o elenco na conquista da Recopa Sul-Americana, Copa Libertadores da Am\u00e9rica, Supercopa do Brasil, Campeonato Brasileiro e Campeonato Carioca.<\/p>\n\n\n\n<p>O t\u00e9cnico Pedro Miguel Marques da Costa Filipe, o Pepa, foi mantido pelo presidente Paulo Meneses no comando do Pa\u00e7os de Ferreira na temporada 2020\/2021. O treinador, inclusive, \u00e9 f\u00e3 declarado do futebol brasileiro.<\/p>\n\n\n\n<p>\u00c0 primeira vista, Lucas Silva ser\u00e1 o 12\u00ba jogador brasileiro dos Castores na pr\u00f3xima \u00e9poca. Sim\u00e3o Bertelli, Bruno Telles, Bruno Santos, Marcelo, Jobson Marac\u00e1s, Luiz Carlos, Den\u00edlson J\u00fanior, Welithon e Uilton Silva s\u00e3o os outros jogadores brasileiros do elenco.<\/p>\n\n\n\n<p>Vale lembrar que o Pa\u00e7os de Ferreira fez uma temporada modesta e esteve bem longe de obter classifica\u00e7\u00e3o para uma competi\u00e7\u00e3o europeia. O clube terminou na 13\u00aa coloca\u00e7\u00e3o da Liga NOS. O time terminou a competi\u00e7\u00e3o 43 pontos atr\u00e1s do Porto, que \u00e9 o atual campe\u00e3o portugu\u00eas.<\/p>\n\n\n\n<p>Retirado de: Torcedores<\/p>\n","protected":false},"excerpt":{"rendered":"<p>O Flamengo liberou o atacante Lucas Silva, fora dos planos da comiss\u00e3o t\u00e9cnica, para acertar transfer\u00eancia para o Pa\u00e7os de Ferreira. O clube, inclusive, disputa a primeira divis\u00e3o em Portugal. De acordo com o jornal \u2018O Dia\u2019, ele viajou nesta quinta-feira. Lucas Silva tinha contrato com o Flamengo at\u00e9 dezembro. Como n\u00e3o teria o v\u00ednculo [&hellip;]<\/p>\n","protected":false},"author":1,"featured_media":14953,"comment_status":"open","ping_status":"closed","sticky":false,"template":"","format":"standard","meta":{"footnotes":""},"categories":[48],"tags":[],"class_list":["post-45525","post","type-post","status-publish","format-standard","has-post-thumbnail","hentry","category-negociacoes"],"yoast_head":"<!-- This site is optimized with the Yoast SEO Premium plugin v24.2 (Yoast SEO v26.9) - https:\/\/yoast.com\/product\/yoast-seo-premium-wordpress\/ -->\n<title>Atacante do Flamengo \u00e9 liberado e viaja para Portugal<\/title>\n<meta name=\"description\" content=\"Apesar da negocia\u00e7\u00e3o, Flamengo manter\u00e1 30% dos direitos econ\u00f4micos do jogador visando uma negocia\u00e7\u00e3o no futuro.\" \/>\n<meta name=\"robots\" content=\"index, follow, max-snippet:-1, max-image-preview:large, max-video-preview:-1\" \/>\n<link rel=\"canonical\" href=\"https:\/\/www.gaveanews.com\/index.php\/2020\/08\/13\/atacante-do-flamengo-e-liberado-e-viaja-para-portugal\/\" \/>\n<meta property=\"og:locale\" content=\"pt_BR\" \/>\n<meta property=\"og:type\" content=\"article\" \/>\n<meta property=\"og:title\" content=\"Atacante do Flamengo \u00e9 liberado e viaja para Portugal\" \/>\n<meta property=\"og:description\" content=\"Apesar da negocia\u00e7\u00e3o, Flamengo manter\u00e1 30% dos direitos econ\u00f4micos do jogador visando uma negocia\u00e7\u00e3o no futuro.\" \/>\n<meta property=\"og:url\" content=\"https:\/\/www.gaveanews.com\/index.php\/2020\/08\/13\/atacante-do-flamengo-e-liberado-e-viaja-para-portugal\/\" \/>\n<meta property=\"og:site_name\" content=\"G\u00e1vea News\" \/>\n<meta property=\"article:publisher\" content=\"https:\/\/facebook.com\/gaveaNews\/\" \/>\n<meta property=\"article:published_time\" content=\"2020-08-13T21:21:15+00:00\" \/>\n<meta property=\"article:modified_time\" content=\"2020-08-13T21:24:18+00:00\" \/>\n<meta property=\"og:image\" content=\"https:\/\/www.gaveanews.com\/wp-content\/uploads\/2019\/03\/Lucas-Silva-em-acao-pelo-Flamengo-no-estadio-do-Maracana.webp\" \/>\n\t<meta property=\"og:image:width\" content=\"1\" \/>\n\t<meta property=\"og:image:height\" content=\"1\" \/>\n\t<meta property=\"og:image:type\" content=\"image\/jpeg\" \/>\n<meta name=\"author\" content=\"Equipe G\u00e1vea News\" \/>\n<meta name=\"twitter:card\" content=\"summary_large_image\" \/>\n<meta name=\"twitter:label1\" content=\"Escrito por\" \/>\n\t<meta name=\"twitter:data1\" content=\"Equipe G\u00e1vea News\" \/>\n\t<meta name=\"twitter:label2\" content=\"Est. tempo de leitura\" \/>\n\t<meta name=\"twitter:data2\" content=\"2 minutos\" \/>\n<script type=\"application\/ld+json\" class=\"yoast-schema-graph\">{\"@context\":\"https:\/\/schema.org\",\"@graph\":[{\"@type\":\"NewsArticle\",\"@id\":\"https:\/\/www.gaveanews.com\/index.php\/2020\/08\/13\/atacante-do-flamengo-e-liberado-e-viaja-para-portugal\/#article\",\"isPartOf\":{\"@id\":\"https:\/\/www.gaveanews.com\/index.php\/2020\/08\/13\/atacante-do-flamengo-e-liberado-e-viaja-para-portugal\/\"},\"author\":{\"name\":\"Equipe G\u00e1vea News\",\"@id\":\"https:\/\/www.gaveanews.com\/#\/schema\/person\/2ec14f73fb96be2caf28f91afb14749d\"},\"headline\":\"Atacante do Flamengo \u00e9 liberado e viaja para Portugal\",\"datePublished\":\"2020-08-13T21:21:15+00:00\",\"dateModified\":\"2020-08-13T21:24:18+00:00\",\"mainEntityOfPage\":{\"@id\":\"https:\/\/www.gaveanews.com\/index.php\/2020\/08\/13\/atacante-do-flamengo-e-liberado-e-viaja-para-portugal\/\"},\"wordCount\":412,\"commentCount\":3,\"image\":{\"@id\":\"https:\/\/www.gaveanews.com\/index.php\/2020\/08\/13\/atacante-do-flamengo-e-liberado-e-viaja-para-portugal\/#primaryimage\"},\"thumbnailUrl\":\"https:\/\/www.gaveanews.com\/wp-content\/uploads\/2019\/03\/Lucas-Silva-em-acao-pelo-Flamengo-no-estadio-do-Maracana.webp\",\"articleSection\":[\"Negocia\u00e7\u00f5es\"],\"inLanguage\":\"pt-BR\",\"potentialAction\":[{\"@type\":\"CommentAction\",\"name\":\"Comment\",\"target\":[\"https:\/\/www.gaveanews.com\/index.php\/2020\/08\/13\/atacante-do-flamengo-e-liberado-e-viaja-para-portugal\/#respond\"]}],\"copyrightYear\":\"2020\",\"copyrightHolder\":{\"@id\":\"https:\/\/www.gaveanews.com\/#organization\"}},{\"@type\":\"WebPage\",\"@id\":\"https:\/\/www.gaveanews.com\/index.php\/2020\/08\/13\/atacante-do-flamengo-e-liberado-e-viaja-para-portugal\/\",\"url\":\"https:\/\/www.gaveanews.com\/index.php\/2020\/08\/13\/atacante-do-flamengo-e-liberado-e-viaja-para-portugal\/\",\"name\":\"Atacante do Flamengo \u00e9 liberado e viaja para Portugal\",\"isPartOf\":{\"@id\":\"https:\/\/www.gaveanews.com\/#website\"},\"primaryImageOfPage\":{\"@id\":\"https:\/\/www.gaveanews.com\/index.php\/2020\/08\/13\/atacante-do-flamengo-e-liberado-e-viaja-para-portugal\/#primaryimage\"},\"image\":{\"@id\":\"https:\/\/www.gaveanews.com\/index.php\/2020\/08\/13\/atacante-do-flamengo-e-liberado-e-viaja-para-portugal\/#primaryimage\"},\"thumbnailUrl\":\"https:\/\/www.gaveanews.com\/wp-content\/uploads\/2019\/03\/Lucas-Silva-em-acao-pelo-Flamengo-no-estadio-do-Maracana.webp\",\"datePublished\":\"2020-08-13T21:21:15+00:00\",\"dateModified\":\"2020-08-13T21:24:18+00:00\",\"author\":{\"@id\":\"https:\/\/www.gaveanews.com\/#\/schema\/person\/2ec14f73fb96be2caf28f91afb14749d\"},\"description\":\"Apesar da negocia\u00e7\u00e3o, Flamengo manter\u00e1 30% dos direitos econ\u00f4micos do jogador visando uma negocia\u00e7\u00e3o no futuro.\",\"breadcrumb\":{\"@id\":\"https:\/\/www.gaveanews.com\/index.php\/2020\/08\/13\/atacante-do-flamengo-e-liberado-e-viaja-para-portugal\/#breadcrumb\"},\"inLanguage\":\"pt-BR\",\"potentialAction\":[{\"@type\":\"ReadAction\",\"target\":[\"https:\/\/www.gaveanews.com\/index.php\/2020\/08\/13\/atacante-do-flamengo-e-liberado-e-viaja-para-portugal\/\"]}]},{\"@type\":\"ImageObject\",\"inLanguage\":\"pt-BR\",\"@id\":\"https:\/\/www.gaveanews.com\/index.php\/2020\/08\/13\/atacante-do-flamengo-e-liberado-e-viaja-para-portugal\/#primaryimage\",\"url\":\"https:\/\/www.gaveanews.com\/wp-content\/uploads\/2019\/03\/Lucas-Silva-em-acao-pelo-Flamengo-no-estadio-do-Maracana.webp\",\"contentUrl\":\"https:\/\/www.gaveanews.com\/wp-content\/uploads\/2019\/03\/Lucas-Silva-em-acao-pelo-Flamengo-no-estadio-do-Maracana.webp\",\"caption\":\"Lucas Silva em a\u00e7\u00e3o pelo Flamengo, no est\u00e1dio do Maracan\u00e3 (Foto: Alexandre Vidal\/Flamengo)\"},{\"@type\":\"BreadcrumbList\",\"@id\":\"https:\/\/www.gaveanews.com\/index.php\/2020\/08\/13\/atacante-do-flamengo-e-liberado-e-viaja-para-portugal\/#breadcrumb\",\"itemListElement\":[{\"@type\":\"ListItem\",\"position\":1,\"name\":\"Home\",\"item\":\"https:\/\/www.gaveanews.com\/\"},{\"@type\":\"ListItem\",\"position\":2,\"name\":\"Atacante do Flamengo \u00e9 liberado e viaja para Portugal\"}]},{\"@type\":\"WebSite\",\"@id\":\"https:\/\/www.gaveanews.com\/#website\",\"url\":\"https:\/\/www.gaveanews.com\/\",\"name\":\"G\u00e1vea News\",\"description\":\"Veja todas as not\u00edcias sobre o Flamengo: Contrata\u00e7\u00f5es, categorias de base, resultados das partidas, tabela de classifica\u00e7\u00e3o, pr\u00f3ximos jogos!\",\"potentialAction\":[{\"@type\":\"SearchAction\",\"target\":{\"@type\":\"EntryPoint\",\"urlTemplate\":\"https:\/\/www.gaveanews.com\/?s={search_term_string}\"},\"query-input\":{\"@type\":\"PropertyValueSpecification\",\"valueRequired\":true,\"valueName\":\"search_term_string\"}}],\"inLanguage\":\"pt-BR\"},{\"@type\":\"Person\",\"@id\":\"https:\/\/www.gaveanews.com\/#\/schema\/person\/2ec14f73fb96be2caf28f91afb14749d\",\"name\":\"Equipe G\u00e1vea News\",\"image\":{\"@type\":\"ImageObject\",\"inLanguage\":\"pt-BR\",\"@id\":\"https:\/\/www.gaveanews.com\/#\/schema\/person\/image\/\",\"url\":\"https:\/\/secure.gravatar.com\/avatar\/1e1956f1facbffd3f8fa53a326721950116b3b9dc9bd44939c01180fd4a745a9?s=96&d=mm&r=g\",\"contentUrl\":\"https:\/\/secure.gravatar.com\/avatar\/1e1956f1facbffd3f8fa53a326721950116b3b9dc9bd44939c01180fd4a745a9?s=96&d=mm&r=g\",\"caption\":\"Equipe G\u00e1vea News\"}}]}<\/script>\n<!-- \/ Yoast SEO Premium plugin. -->","yoast_head_json":{"title":"Atacante do Flamengo \u00e9 liberado e viaja para Portugal","description":"Apesar da negocia\u00e7\u00e3o, Flamengo manter\u00e1 30% dos direitos econ\u00f4micos do jogador visando uma negocia\u00e7\u00e3o no futuro.","robots":{"index":"index","follow":"follow","max-snippet":"max-snippet:-1","max-image-preview":"max-image-preview:large","max-video-preview":"max-video-preview:-1"},"canonical":"https:\/\/www.gaveanews.com\/index.php\/2020\/08\/13\/atacante-do-flamengo-e-liberado-e-viaja-para-portugal\/","og_locale":"pt_BR","og_type":"article","og_title":"Atacante do Flamengo \u00e9 liberado e viaja para Portugal","og_description":"Apesar da negocia\u00e7\u00e3o, Flamengo manter\u00e1 30% dos direitos econ\u00f4micos do jogador visando uma negocia\u00e7\u00e3o no futuro.","og_url":"https:\/\/www.gaveanews.com\/index.php\/2020\/08\/13\/atacante-do-flamengo-e-liberado-e-viaja-para-portugal\/","og_site_name":"G\u00e1vea News","article_publisher":"https:\/\/facebook.com\/gaveaNews\/","article_published_time":"2020-08-13T21:21:15+00:00","article_modified_time":"2020-08-13T21:24:18+00:00","og_image":[{"url":"https:\/\/www.gaveanews.com\/wp-content\/uploads\/2019\/03\/Lucas-Silva-em-acao-pelo-Flamengo-no-estadio-do-Maracana.webp","width":1,"height":1,"type":"image\/jpeg"}],"author":"Equipe G\u00e1vea News","twitter_card":"summary_large_image","twitter_misc":{"Escrito por":"Equipe G\u00e1vea News","Est. tempo de leitura":"2 minutos"},"schema":{"@context":"https:\/\/schema.org","@graph":[{"@type":"NewsArticle","@id":"https:\/\/www.gaveanews.com\/index.php\/2020\/08\/13\/atacante-do-flamengo-e-liberado-e-viaja-para-portugal\/#article","isPartOf":{"@id":"https:\/\/www.gaveanews.com\/index.php\/2020\/08\/13\/atacante-do-flamengo-e-liberado-e-viaja-para-portugal\/"},"author":{"name":"Equipe G\u00e1vea News","@id":"https:\/\/www.gaveanews.com\/#\/schema\/person\/2ec14f73fb96be2caf28f91afb14749d"},"headline":"Atacante do Flamengo \u00e9 liberado e viaja para Portugal","datePublished":"2020-08-13T21:21:15+00:00","dateModified":"2020-08-13T21:24:18+00:00","mainEntityOfPage":{"@id":"https:\/\/www.gaveanews.com\/index.php\/2020\/08\/13\/atacante-do-flamengo-e-liberado-e-viaja-para-portugal\/"},"wordCount":412,"commentCount":3,"image":{"@id":"https:\/\/www.gaveanews.com\/index.php\/2020\/08\/13\/atacante-do-flamengo-e-liberado-e-viaja-para-portugal\/#primaryimage"},"thumbnailUrl":"https:\/\/www.gaveanews.com\/wp-content\/uploads\/2019\/03\/Lucas-Silva-em-acao-pelo-Flamengo-no-estadio-do-Maracana.webp","articleSection":["Negocia\u00e7\u00f5es"],"inLanguage":"pt-BR","potentialAction":[{"@type":"CommentAction","name":"Comment","target":["https:\/\/www.gaveanews.com\/index.php\/2020\/08\/13\/atacante-do-flamengo-e-liberado-e-viaja-para-portugal\/#respond"]}],"copyrightYear":"2020","copyrightHolder":{"@id":"https:\/\/www.gaveanews.com\/#organization"}},{"@type":"WebPage","@id":"https:\/\/www.gaveanews.com\/index.php\/2020\/08\/13\/atacante-do-flamengo-e-liberado-e-viaja-para-portugal\/","url":"https:\/\/www.gaveanews.com\/index.php\/2020\/08\/13\/atacante-do-flamengo-e-liberado-e-viaja-para-portugal\/","name":"Atacante do Flamengo \u00e9 liberado e viaja para Portugal","isPartOf":{"@id":"https:\/\/www.gaveanews.com\/#website"},"primaryImageOfPage":{"@id":"https:\/\/www.gaveanews.com\/index.php\/2020\/08\/13\/atacante-do-flamengo-e-liberado-e-viaja-para-portugal\/#primaryimage"},"image":{"@id":"https:\/\/www.gaveanews.com\/index.php\/2020\/08\/13\/atacante-do-flamengo-e-liberado-e-viaja-para-portugal\/#primaryimage"},"thumbnailUrl":"https:\/\/www.gaveanews.com\/wp-content\/uploads\/2019\/03\/Lucas-Silva-em-acao-pelo-Flamengo-no-estadio-do-Maracana.webp","datePublished":"2020-08-13T21:21:15+00:00","dateModified":"2020-08-13T21:24:18+00:00","author":{"@id":"https:\/\/www.gaveanews.com\/#\/schema\/person\/2ec14f73fb96be2caf28f91afb14749d"},"description":"Apesar da negocia\u00e7\u00e3o, Flamengo manter\u00e1 30% dos direitos econ\u00f4micos do jogador visando uma negocia\u00e7\u00e3o no futuro.","breadcrumb":{"@id":"https:\/\/www.gaveanews.com\/index.php\/2020\/08\/13\/atacante-do-flamengo-e-liberado-e-viaja-para-portugal\/#breadcrumb"},"inLanguage":"pt-BR","potentialAction":[{"@type":"ReadAction","target":["https:\/\/www.gaveanews.com\/index.php\/2020\/08\/13\/atacante-do-flamengo-e-liberado-e-viaja-para-portugal\/"]}]},{"@type":"ImageObject","inLanguage":"pt-BR","@id":"https:\/\/www.gaveanews.com\/index.php\/2020\/08\/13\/atacante-do-flamengo-e-liberado-e-viaja-para-portugal\/#primaryimage","url":"https:\/\/www.gaveanews.com\/wp-content\/uploads\/2019\/03\/Lucas-Silva-em-acao-pelo-Flamengo-no-estadio-do-Maracana.webp","contentUrl":"https:\/\/www.gaveanews.com\/wp-content\/uploads\/2019\/03\/Lucas-Silva-em-acao-pelo-Flamengo-no-estadio-do-Maracana.webp","caption":"Lucas Silva em a\u00e7\u00e3o pelo Flamengo, no est\u00e1dio do Maracan\u00e3 (Foto: Alexandre Vidal\/Flamengo)"},{"@type":"BreadcrumbList","@id":"https:\/\/www.gaveanews.com\/index.php\/2020\/08\/13\/atacante-do-flamengo-e-liberado-e-viaja-para-portugal\/#breadcrumb","itemListElement":[{"@type":"ListItem","position":1,"name":"Home","item":"https:\/\/www.gaveanews.com\/"},{"@type":"ListItem","position":2,"name":"Atacante do Flamengo \u00e9 liberado e viaja para Portugal"}]},{"@type":"WebSite","@id":"https:\/\/www.gaveanews.com\/#website","url":"https:\/\/www.gaveanews.com\/","name":"G\u00e1vea News","description":"Veja todas as not\u00edcias sobre o Flamengo: Contrata\u00e7\u00f5es, categorias de base, resultados das partidas, tabela de classifica\u00e7\u00e3o, pr\u00f3ximos jogos!","potentialAction":[{"@type":"SearchAction","target":{"@type":"EntryPoint","urlTemplate":"https:\/\/www.gaveanews.com\/?s={search_term_string}"},"query-input":{"@type":"PropertyValueSpecification","valueRequired":true,"valueName":"search_term_string"}}],"inLanguage":"pt-BR"},{"@type":"Person","@id":"https:\/\/www.gaveanews.com\/#\/schema\/person\/2ec14f73fb96be2caf28f91afb14749d","name":"Equipe G\u00e1vea News","image":{"@type":"ImageObject","inLanguage":"pt-BR","@id":"https:\/\/www.gaveanews.com\/#\/schema\/person\/image\/","url":"https:\/\/secure.gravatar.com\/avatar\/1e1956f1facbffd3f8fa53a326721950116b3b9dc9bd44939c01180fd4a745a9?s=96&d=mm&r=g","contentUrl":"https:\/\/secure.gravatar.com\/avatar\/1e1956f1facbffd3f8fa53a326721950116b3b9dc9bd44939c01180fd4a745a9?s=96&d=mm&r=g","caption":"Equipe G\u00e1vea News"}}]}},"_links":{"self":[{"href":"https:\/\/www.gaveanews.com\/index.php\/wp-json\/wp\/v2\/posts\/45525","targetHints":{"allow":["GET"]}}],"collection":[{"href":"https:\/\/www.gaveanews.com\/index.php\/wp-json\/wp\/v2\/posts"}],"about":[{"href":"https:\/\/www.gaveanews.com\/index.php\/wp-json\/wp\/v2\/types\/post"}],"author":[{"embeddable":true,"href":"https:\/\/www.gaveanews.com\/index.php\/wp-json\/wp\/v2\/users\/1"}],"replies":[{"embeddable":true,"href":"https:\/\/www.gaveanews.com\/index.php\/wp-json\/wp\/v2\/comments?post=45525"}],"version-history":[{"count":0,"href":"https:\/\/www.gaveanews.com\/index.php\/wp-json\/wp\/v2\/posts\/45525\/revisions"}],"wp:featuredmedia":[{"embeddable":true,"href":"https:\/\/www.gaveanews.com\/index.php\/wp-json\/wp\/v2\/media\/14953"}],"wp:attachment":[{"href":"https:\/\/www.gaveanews.com\/index.php\/wp-json\/wp\/v2\/media?parent=45525"}],"wp:term":[{"taxonomy":"category","embeddable":true,"href":"https:\/\/www.gaveanews.com\/index.php\/wp-json\/wp\/v2\/categories?post=45525"},{"taxonomy":"post_tag","embeddable":true,"href":"https:\/\/www.gaveanews.com\/index.php\/wp-json\/wp\/v2\/tags?post=45525"}],"curies":[{"name":"wp","href":"https:\/\/api.w.org\/{rel}","templated":true}]}}