{"id":45554,"date":"2020-08-14T02:43:46","date_gmt":"2020-08-14T05:43:46","guid":{"rendered":"https:\/\/www.gaveanews.com\/?p=45554"},"modified":"2020-08-14T02:44:44","modified_gmt":"2020-08-14T05:44:44","slug":"flamengo-mapeia-mercado-e-busca-substituto-para-rafinha","status":"publish","type":"post","link":"https:\/\/www.gaveanews.com\/index.php\/2020\/08\/14\/flamengo-mapeia-mercado-e-busca-substituto-para-rafinha\/","title":{"rendered":"Flamengo mapeia mercado e busca substituto para Rafinha"},"content":{"rendered":"\n<p>Na \u00faltima quarta-feira (12 de agosto), Dom\u00e8nec Torrent promoveu altera\u00e7\u00f5es em diversos aspectos e viu sua equipe perder de 3 a 0. <strong><a href=\"https:\/\/bit.ly\/3alOFE8\">Flamengo <\/a><\/strong>e Atl\u00e9tico-GO fizeram um jogo movimentado, mas com poucas oportunidades do lado carioca. <\/p>\n\n\n\n<p>Al\u00e9m do desempenho dentro de campo, fora das quatro linhas as coisas tamb\u00e9m n\u00e3o v\u00e3o muito bem. Rafinha, titular absoluto do Mais Querido, foi <strong><a href=\"https:\/\/www.gaveanews.com\/index.php\/2020\/08\/13\/adeus-rafinha-aceita-proposta-irrecusavel-do-olympiakos-da-grecia\/\">seduzido por uma proposta irrecus\u00e1vel do Olympiakos-GRE<\/a><\/strong> e est\u00e1 de sa\u00edda do <strong><a href=\"https:\/\/bit.ly\/3alOFE8\">Flamengo<\/a><\/strong>. Seu contrato na Gr\u00e9cia, inclusive, ser\u00e1 de dois anos. As tratativas foram conduzidas por Ricardo Scheidt, s\u00f3cio do lateral-direito na empresa R13 Fussball.<\/p>\n\n\n\n<p>Agora, para substitu\u00ed-lo, alguns nomes foram ventilados nos bastidores do Rubro-Negro. Guga, do Atl\u00e9tico, estava na mira do futebol russo, mas n\u00e3o deve mais sair neste momento. Apesar do interesse, os altos valores pedidos pela equipe mineira afastam qualquer possibilidade de negocia\u00e7\u00e3o. Cerca de 5,5 mi de euros s\u00e3o exigidos. Alguns laterais j\u00e1 estavam no radar h\u00e1 muito tempo e, com uma nova lacuna, ser\u00e3o reavaliados pelos dirigentes. Antonio Valencia e Pablo Zabaleta entraram na pauta.<\/p>\n\n\n\n<p>Independente da janela, Marcos Braz ir\u00e1 agir com rapidez para anunciar seu novo lateral-direito. O centro de intelig\u00eancia Rubro-Negro j\u00e1 mapeou alguns jogadores e dois nomes (ainda n\u00e3o revelados) est\u00e3o sendo analisados, sendo um deles da Europa. A informa\u00e7\u00e3o foi divulgada pela jornalista Isabelle Costa, do canal Paparazzo Rubro-Negro. <\/p>\n\n\n\n<p>Vale destacar que na reuni\u00e3o em que Rafinha divulgou a informa\u00e7\u00e3o que aceitou a oferta do Olympiakos, o <strong><a href=\"https:\/\/bit.ly\/3alOFE8\">Flamengo<\/a><\/strong> deixou claro seu descontentamento com as a\u00e7\u00f5es conduzidas pelo defensor e pelo seu representante.<\/p>\n\n\n\n<p>Rafinha chegou ao <strong><a href=\"https:\/\/bit.ly\/3alOFE8\">Flamengo<\/a><\/strong> em junho de 2019 e de l\u00e1 para c\u00e1 levantou seis trof\u00e9us: Campeonato Brasileiro (2019), <a href=\"https:\/\/www.gaveanews.com\/?s=libertadores\">Libertadores<\/a> (2019), Recopa (2020), Supercopa do Brasil (2020), Ta\u00e7a Guanabara (2020) e Carioca (2020). <\/p>\n\n\n\n<p>Retirado de: Bola Vip<\/p>\n","protected":false},"excerpt":{"rendered":"<p>Na \u00faltima quarta-feira (12 de agosto), Dom\u00e8nec Torrent promoveu altera\u00e7\u00f5es em diversos aspectos e viu sua equipe perder de 3 a 0. Flamengo e Atl\u00e9tico-GO fizeram um jogo movimentado, mas com poucas oportunidades do lado carioca. Al\u00e9m do desempenho dentro de campo, fora das quatro linhas as coisas tamb\u00e9m n\u00e3o v\u00e3o muito bem. Rafinha, titular [&hellip;]<\/p>\n","protected":false},"author":1,"featured_media":28894,"comment_status":"open","ping_status":"closed","sticky":false,"template":"","format":"standard","meta":{"footnotes":""},"categories":[48],"tags":[],"class_list":["post-45554","post","type-post","status-publish","format-standard","has-post-thumbnail","hentry","category-negociacoes"],"yoast_head":"<!-- This site is optimized with the Yoast SEO Premium plugin v24.2 (Yoast SEO v26.9) - https:\/\/yoast.com\/product\/yoast-seo-premium-wordpress\/ -->\n<title>Flamengo mapeia mercado e busca substituto para Rafinha<\/title>\n<meta name=\"description\" content=\"Vice-presidente de futebol do Flamengo, Marcos Braz ir\u00e1 agir com rapidez para anunciar seu novo lateral-direito.\" \/>\n<meta name=\"robots\" content=\"index, follow, max-snippet:-1, max-image-preview:large, max-video-preview:-1\" \/>\n<link rel=\"canonical\" href=\"https:\/\/www.gaveanews.com\/index.php\/2020\/08\/14\/flamengo-mapeia-mercado-e-busca-substituto-para-rafinha\/\" \/>\n<meta property=\"og:locale\" content=\"pt_BR\" \/>\n<meta property=\"og:type\" content=\"article\" \/>\n<meta property=\"og:title\" content=\"Flamengo mapeia mercado e busca substituto para Rafinha\" \/>\n<meta property=\"og:description\" content=\"Vice-presidente de futebol do Flamengo, Marcos Braz ir\u00e1 agir com rapidez para anunciar seu novo lateral-direito.\" \/>\n<meta property=\"og:url\" content=\"https:\/\/www.gaveanews.com\/index.php\/2020\/08\/14\/flamengo-mapeia-mercado-e-busca-substituto-para-rafinha\/\" \/>\n<meta property=\"og:site_name\" content=\"G\u00e1vea News\" \/>\n<meta property=\"article:publisher\" content=\"https:\/\/facebook.com\/gaveaNews\/\" \/>\n<meta property=\"article:published_time\" content=\"2020-08-14T05:43:46+00:00\" \/>\n<meta property=\"article:modified_time\" content=\"2020-08-14T05:44:44+00:00\" \/>\n<meta property=\"og:image\" content=\"https:\/\/www.gaveanews.com\/wp-content\/uploads\/Rafinha-em-acao-pelo-Flamengo.webp\" \/>\n\t<meta property=\"og:image:width\" content=\"1\" \/>\n\t<meta property=\"og:image:height\" content=\"1\" \/>\n\t<meta property=\"og:image:type\" content=\"image\/jpeg\" \/>\n<meta name=\"author\" content=\"Equipe G\u00e1vea News\" \/>\n<meta name=\"twitter:card\" content=\"summary_large_image\" \/>\n<meta name=\"twitter:label1\" content=\"Escrito por\" \/>\n\t<meta name=\"twitter:data1\" content=\"Equipe G\u00e1vea News\" \/>\n\t<meta name=\"twitter:label2\" content=\"Est. tempo de leitura\" \/>\n\t<meta name=\"twitter:data2\" content=\"2 minutos\" \/>\n<script type=\"application\/ld+json\" class=\"yoast-schema-graph\">{\"@context\":\"https:\/\/schema.org\",\"@graph\":[{\"@type\":\"NewsArticle\",\"@id\":\"https:\/\/www.gaveanews.com\/index.php\/2020\/08\/14\/flamengo-mapeia-mercado-e-busca-substituto-para-rafinha\/#article\",\"isPartOf\":{\"@id\":\"https:\/\/www.gaveanews.com\/index.php\/2020\/08\/14\/flamengo-mapeia-mercado-e-busca-substituto-para-rafinha\/\"},\"author\":{\"name\":\"Equipe G\u00e1vea News\",\"@id\":\"https:\/\/www.gaveanews.com\/#\/schema\/person\/2ec14f73fb96be2caf28f91afb14749d\"},\"headline\":\"Flamengo mapeia mercado e busca substituto para Rafinha\",\"datePublished\":\"2020-08-14T05:43:46+00:00\",\"dateModified\":\"2020-08-14T05:44:44+00:00\",\"mainEntityOfPage\":{\"@id\":\"https:\/\/www.gaveanews.com\/index.php\/2020\/08\/14\/flamengo-mapeia-mercado-e-busca-substituto-para-rafinha\/\"},\"wordCount\":314,\"commentCount\":19,\"image\":{\"@id\":\"https:\/\/www.gaveanews.com\/index.php\/2020\/08\/14\/flamengo-mapeia-mercado-e-busca-substituto-para-rafinha\/#primaryimage\"},\"thumbnailUrl\":\"https:\/\/www.gaveanews.com\/wp-content\/uploads\/Rafinha-em-acao-pelo-Flamengo.webp\",\"articleSection\":[\"Negocia\u00e7\u00f5es\"],\"inLanguage\":\"pt-BR\",\"potentialAction\":[{\"@type\":\"CommentAction\",\"name\":\"Comment\",\"target\":[\"https:\/\/www.gaveanews.com\/index.php\/2020\/08\/14\/flamengo-mapeia-mercado-e-busca-substituto-para-rafinha\/#respond\"]}],\"copyrightYear\":\"2020\",\"copyrightHolder\":{\"@id\":\"https:\/\/www.gaveanews.com\/#organization\"}},{\"@type\":\"WebPage\",\"@id\":\"https:\/\/www.gaveanews.com\/index.php\/2020\/08\/14\/flamengo-mapeia-mercado-e-busca-substituto-para-rafinha\/\",\"url\":\"https:\/\/www.gaveanews.com\/index.php\/2020\/08\/14\/flamengo-mapeia-mercado-e-busca-substituto-para-rafinha\/\",\"name\":\"Flamengo mapeia mercado e busca substituto para Rafinha\",\"isPartOf\":{\"@id\":\"https:\/\/www.gaveanews.com\/#website\"},\"primaryImageOfPage\":{\"@id\":\"https:\/\/www.gaveanews.com\/index.php\/2020\/08\/14\/flamengo-mapeia-mercado-e-busca-substituto-para-rafinha\/#primaryimage\"},\"image\":{\"@id\":\"https:\/\/www.gaveanews.com\/index.php\/2020\/08\/14\/flamengo-mapeia-mercado-e-busca-substituto-para-rafinha\/#primaryimage\"},\"thumbnailUrl\":\"https:\/\/www.gaveanews.com\/wp-content\/uploads\/Rafinha-em-acao-pelo-Flamengo.webp\",\"datePublished\":\"2020-08-14T05:43:46+00:00\",\"dateModified\":\"2020-08-14T05:44:44+00:00\",\"author\":{\"@id\":\"https:\/\/www.gaveanews.com\/#\/schema\/person\/2ec14f73fb96be2caf28f91afb14749d\"},\"description\":\"Vice-presidente de futebol do Flamengo, Marcos Braz ir\u00e1 agir com rapidez para anunciar seu novo lateral-direito.\",\"breadcrumb\":{\"@id\":\"https:\/\/www.gaveanews.com\/index.php\/2020\/08\/14\/flamengo-mapeia-mercado-e-busca-substituto-para-rafinha\/#breadcrumb\"},\"inLanguage\":\"pt-BR\",\"potentialAction\":[{\"@type\":\"ReadAction\",\"target\":[\"https:\/\/www.gaveanews.com\/index.php\/2020\/08\/14\/flamengo-mapeia-mercado-e-busca-substituto-para-rafinha\/\"]}]},{\"@type\":\"ImageObject\",\"inLanguage\":\"pt-BR\",\"@id\":\"https:\/\/www.gaveanews.com\/index.php\/2020\/08\/14\/flamengo-mapeia-mercado-e-busca-substituto-para-rafinha\/#primaryimage\",\"url\":\"https:\/\/www.gaveanews.com\/wp-content\/uploads\/Rafinha-em-acao-pelo-Flamengo.webp\",\"contentUrl\":\"https:\/\/www.gaveanews.com\/wp-content\/uploads\/Rafinha-em-acao-pelo-Flamengo.webp\",\"caption\":\"Rafinha em a\u00e7\u00e3o pelo Flamengo (Foto: Alexandre Vidal\/Flamengo)\"},{\"@type\":\"BreadcrumbList\",\"@id\":\"https:\/\/www.gaveanews.com\/index.php\/2020\/08\/14\/flamengo-mapeia-mercado-e-busca-substituto-para-rafinha\/#breadcrumb\",\"itemListElement\":[{\"@type\":\"ListItem\",\"position\":1,\"name\":\"Home\",\"item\":\"https:\/\/www.gaveanews.com\/\"},{\"@type\":\"ListItem\",\"position\":2,\"name\":\"Flamengo mapeia mercado e busca substituto para Rafinha\"}]},{\"@type\":\"WebSite\",\"@id\":\"https:\/\/www.gaveanews.com\/#website\",\"url\":\"https:\/\/www.gaveanews.com\/\",\"name\":\"G\u00e1vea News\",\"description\":\"Veja todas as not\u00edcias sobre o Flamengo: Contrata\u00e7\u00f5es, categorias de base, resultados das partidas, tabela de classifica\u00e7\u00e3o, pr\u00f3ximos jogos!\",\"potentialAction\":[{\"@type\":\"SearchAction\",\"target\":{\"@type\":\"EntryPoint\",\"urlTemplate\":\"https:\/\/www.gaveanews.com\/?s={search_term_string}\"},\"query-input\":{\"@type\":\"PropertyValueSpecification\",\"valueRequired\":true,\"valueName\":\"search_term_string\"}}],\"inLanguage\":\"pt-BR\"},{\"@type\":\"Person\",\"@id\":\"https:\/\/www.gaveanews.com\/#\/schema\/person\/2ec14f73fb96be2caf28f91afb14749d\",\"name\":\"Equipe G\u00e1vea News\",\"image\":{\"@type\":\"ImageObject\",\"inLanguage\":\"pt-BR\",\"@id\":\"https:\/\/www.gaveanews.com\/#\/schema\/person\/image\/\",\"url\":\"https:\/\/secure.gravatar.com\/avatar\/1e1956f1facbffd3f8fa53a326721950116b3b9dc9bd44939c01180fd4a745a9?s=96&d=mm&r=g\",\"contentUrl\":\"https:\/\/secure.gravatar.com\/avatar\/1e1956f1facbffd3f8fa53a326721950116b3b9dc9bd44939c01180fd4a745a9?s=96&d=mm&r=g\",\"caption\":\"Equipe G\u00e1vea News\"}}]}<\/script>\n<!-- \/ Yoast SEO Premium plugin. -->","yoast_head_json":{"title":"Flamengo mapeia mercado e busca substituto para Rafinha","description":"Vice-presidente de futebol do Flamengo, Marcos Braz ir\u00e1 agir com rapidez para anunciar seu novo lateral-direito.","robots":{"index":"index","follow":"follow","max-snippet":"max-snippet:-1","max-image-preview":"max-image-preview:large","max-video-preview":"max-video-preview:-1"},"canonical":"https:\/\/www.gaveanews.com\/index.php\/2020\/08\/14\/flamengo-mapeia-mercado-e-busca-substituto-para-rafinha\/","og_locale":"pt_BR","og_type":"article","og_title":"Flamengo mapeia mercado e busca substituto para Rafinha","og_description":"Vice-presidente de futebol do Flamengo, Marcos Braz ir\u00e1 agir com rapidez para anunciar seu novo lateral-direito.","og_url":"https:\/\/www.gaveanews.com\/index.php\/2020\/08\/14\/flamengo-mapeia-mercado-e-busca-substituto-para-rafinha\/","og_site_name":"G\u00e1vea News","article_publisher":"https:\/\/facebook.com\/gaveaNews\/","article_published_time":"2020-08-14T05:43:46+00:00","article_modified_time":"2020-08-14T05:44:44+00:00","og_image":[{"url":"https:\/\/www.gaveanews.com\/wp-content\/uploads\/Rafinha-em-acao-pelo-Flamengo.webp","width":1,"height":1,"type":"image\/jpeg"}],"author":"Equipe G\u00e1vea News","twitter_card":"summary_large_image","twitter_misc":{"Escrito por":"Equipe G\u00e1vea News","Est. tempo de leitura":"2 minutos"},"schema":{"@context":"https:\/\/schema.org","@graph":[{"@type":"NewsArticle","@id":"https:\/\/www.gaveanews.com\/index.php\/2020\/08\/14\/flamengo-mapeia-mercado-e-busca-substituto-para-rafinha\/#article","isPartOf":{"@id":"https:\/\/www.gaveanews.com\/index.php\/2020\/08\/14\/flamengo-mapeia-mercado-e-busca-substituto-para-rafinha\/"},"author":{"name":"Equipe G\u00e1vea News","@id":"https:\/\/www.gaveanews.com\/#\/schema\/person\/2ec14f73fb96be2caf28f91afb14749d"},"headline":"Flamengo mapeia mercado e busca substituto para Rafinha","datePublished":"2020-08-14T05:43:46+00:00","dateModified":"2020-08-14T05:44:44+00:00","mainEntityOfPage":{"@id":"https:\/\/www.gaveanews.com\/index.php\/2020\/08\/14\/flamengo-mapeia-mercado-e-busca-substituto-para-rafinha\/"},"wordCount":314,"commentCount":19,"image":{"@id":"https:\/\/www.gaveanews.com\/index.php\/2020\/08\/14\/flamengo-mapeia-mercado-e-busca-substituto-para-rafinha\/#primaryimage"},"thumbnailUrl":"https:\/\/www.gaveanews.com\/wp-content\/uploads\/Rafinha-em-acao-pelo-Flamengo.webp","articleSection":["Negocia\u00e7\u00f5es"],"inLanguage":"pt-BR","potentialAction":[{"@type":"CommentAction","name":"Comment","target":["https:\/\/www.gaveanews.com\/index.php\/2020\/08\/14\/flamengo-mapeia-mercado-e-busca-substituto-para-rafinha\/#respond"]}],"copyrightYear":"2020","copyrightHolder":{"@id":"https:\/\/www.gaveanews.com\/#organization"}},{"@type":"WebPage","@id":"https:\/\/www.gaveanews.com\/index.php\/2020\/08\/14\/flamengo-mapeia-mercado-e-busca-substituto-para-rafinha\/","url":"https:\/\/www.gaveanews.com\/index.php\/2020\/08\/14\/flamengo-mapeia-mercado-e-busca-substituto-para-rafinha\/","name":"Flamengo mapeia mercado e busca substituto para Rafinha","isPartOf":{"@id":"https:\/\/www.gaveanews.com\/#website"},"primaryImageOfPage":{"@id":"https:\/\/www.gaveanews.com\/index.php\/2020\/08\/14\/flamengo-mapeia-mercado-e-busca-substituto-para-rafinha\/#primaryimage"},"image":{"@id":"https:\/\/www.gaveanews.com\/index.php\/2020\/08\/14\/flamengo-mapeia-mercado-e-busca-substituto-para-rafinha\/#primaryimage"},"thumbnailUrl":"https:\/\/www.gaveanews.com\/wp-content\/uploads\/Rafinha-em-acao-pelo-Flamengo.webp","datePublished":"2020-08-14T05:43:46+00:00","dateModified":"2020-08-14T05:44:44+00:00","author":{"@id":"https:\/\/www.gaveanews.com\/#\/schema\/person\/2ec14f73fb96be2caf28f91afb14749d"},"description":"Vice-presidente de futebol do Flamengo, Marcos Braz ir\u00e1 agir com rapidez para anunciar seu novo lateral-direito.","breadcrumb":{"@id":"https:\/\/www.gaveanews.com\/index.php\/2020\/08\/14\/flamengo-mapeia-mercado-e-busca-substituto-para-rafinha\/#breadcrumb"},"inLanguage":"pt-BR","potentialAction":[{"@type":"ReadAction","target":["https:\/\/www.gaveanews.com\/index.php\/2020\/08\/14\/flamengo-mapeia-mercado-e-busca-substituto-para-rafinha\/"]}]},{"@type":"ImageObject","inLanguage":"pt-BR","@id":"https:\/\/www.gaveanews.com\/index.php\/2020\/08\/14\/flamengo-mapeia-mercado-e-busca-substituto-para-rafinha\/#primaryimage","url":"https:\/\/www.gaveanews.com\/wp-content\/uploads\/Rafinha-em-acao-pelo-Flamengo.webp","contentUrl":"https:\/\/www.gaveanews.com\/wp-content\/uploads\/Rafinha-em-acao-pelo-Flamengo.webp","caption":"Rafinha em a\u00e7\u00e3o pelo Flamengo (Foto: Alexandre Vidal\/Flamengo)"},{"@type":"BreadcrumbList","@id":"https:\/\/www.gaveanews.com\/index.php\/2020\/08\/14\/flamengo-mapeia-mercado-e-busca-substituto-para-rafinha\/#breadcrumb","itemListElement":[{"@type":"ListItem","position":1,"name":"Home","item":"https:\/\/www.gaveanews.com\/"},{"@type":"ListItem","position":2,"name":"Flamengo mapeia mercado e busca substituto para Rafinha"}]},{"@type":"WebSite","@id":"https:\/\/www.gaveanews.com\/#website","url":"https:\/\/www.gaveanews.com\/","name":"G\u00e1vea News","description":"Veja todas as not\u00edcias sobre o Flamengo: Contrata\u00e7\u00f5es, categorias de base, resultados das partidas, tabela de classifica\u00e7\u00e3o, pr\u00f3ximos jogos!","potentialAction":[{"@type":"SearchAction","target":{"@type":"EntryPoint","urlTemplate":"https:\/\/www.gaveanews.com\/?s={search_term_string}"},"query-input":{"@type":"PropertyValueSpecification","valueRequired":true,"valueName":"search_term_string"}}],"inLanguage":"pt-BR"},{"@type":"Person","@id":"https:\/\/www.gaveanews.com\/#\/schema\/person\/2ec14f73fb96be2caf28f91afb14749d","name":"Equipe G\u00e1vea News","image":{"@type":"ImageObject","inLanguage":"pt-BR","@id":"https:\/\/www.gaveanews.com\/#\/schema\/person\/image\/","url":"https:\/\/secure.gravatar.com\/avatar\/1e1956f1facbffd3f8fa53a326721950116b3b9dc9bd44939c01180fd4a745a9?s=96&d=mm&r=g","contentUrl":"https:\/\/secure.gravatar.com\/avatar\/1e1956f1facbffd3f8fa53a326721950116b3b9dc9bd44939c01180fd4a745a9?s=96&d=mm&r=g","caption":"Equipe G\u00e1vea News"}}]}},"_links":{"self":[{"href":"https:\/\/www.gaveanews.com\/index.php\/wp-json\/wp\/v2\/posts\/45554","targetHints":{"allow":["GET"]}}],"collection":[{"href":"https:\/\/www.gaveanews.com\/index.php\/wp-json\/wp\/v2\/posts"}],"about":[{"href":"https:\/\/www.gaveanews.com\/index.php\/wp-json\/wp\/v2\/types\/post"}],"author":[{"embeddable":true,"href":"https:\/\/www.gaveanews.com\/index.php\/wp-json\/wp\/v2\/users\/1"}],"replies":[{"embeddable":true,"href":"https:\/\/www.gaveanews.com\/index.php\/wp-json\/wp\/v2\/comments?post=45554"}],"version-history":[{"count":0,"href":"https:\/\/www.gaveanews.com\/index.php\/wp-json\/wp\/v2\/posts\/45554\/revisions"}],"wp:featuredmedia":[{"embeddable":true,"href":"https:\/\/www.gaveanews.com\/index.php\/wp-json\/wp\/v2\/media\/28894"}],"wp:attachment":[{"href":"https:\/\/www.gaveanews.com\/index.php\/wp-json\/wp\/v2\/media?parent=45554"}],"wp:term":[{"taxonomy":"category","embeddable":true,"href":"https:\/\/www.gaveanews.com\/index.php\/wp-json\/wp\/v2\/categories?post=45554"},{"taxonomy":"post_tag","embeddable":true,"href":"https:\/\/www.gaveanews.com\/index.php\/wp-json\/wp\/v2\/tags?post=45554"}],"curies":[{"name":"wp","href":"https:\/\/api.w.org\/{rel}","templated":true}]}}