{"id":45563,"date":"2020-08-14T11:14:48","date_gmt":"2020-08-14T14:14:48","guid":{"rendered":"https:\/\/www.gaveanews.com\/?p=45563"},"modified":"2024-04-07T09:12:43","modified_gmt":"2024-04-07T12:12:43","slug":"declaracao-de-domenec-torrent-gera-mal-estar-no-flamengo","status":"publish","type":"post","link":"https:\/\/www.gaveanews.com\/index.php\/2020\/08\/14\/declaracao-de-domenec-torrent-gera-mal-estar-no-flamengo\/","title":{"rendered":"Declara\u00e7\u00e3o de Dom\u00e8nec Torrent gera mal-estar no Flamengo"},"content":{"rendered":"\n<p>A segunda derrota consecutiva do Flamengo na era Dom\u00e8nec exp\u00f4s as dificuldades no in\u00edcio do trabalho do treinador e gerou inc\u00f4modo entre o espanhol, o seu estafe e os profissionais que j\u00e1 estavam no clube.<\/p>\n\n\n\n<p>Ao dizer que os jogadores precisam melhorar a forma f\u00edsica, Torrent verbalizou uma insatisfa\u00e7\u00e3o que ronda h\u00e1 dias o seu trabalho. As declara\u00e7\u00f5es, no entanto, foram mal digeridas por integrantes do departamento m\u00e9dico e da prepara\u00e7\u00e3o f\u00edsica, que se sentiram expostos pelo treinador. Houve ainda integrantes da c\u00fapula do clube que trataram as declara\u00e7\u00f5es como desculpas.<\/p>\n\n\n\n<p>Fato \u00e9 que as cr\u00edticas p\u00fablicas surtiram algum efeito pr\u00e1tico e a promessa de Dome \u00e9 cobrar duramente uma melhor performance neste aspecto. O t\u00e9cnico indicou que ir\u00e1 fiscalizar de muito perto quest\u00f5es como a pesagem dos atletas, por exemplo. Em Goi\u00e2nia (GO), ele convocou uma reuni\u00e3o para aparar arestas e buscar solu\u00e7\u00f5es conjuntas a curto prazo com o elenco. O tom foi amistoso, mas um problema se imp\u00f4s logo ap\u00f3s a troca de ideias: inclinado a aceitar a oferta do Olympiacos (GRE), Rafinha est\u00e1 com um p\u00e9 fora do Flamengo.<\/p>\n\n\n\n<p>Se a sa\u00edda de um dos principais nomes do elenco \u00e9 iminente, o cen\u00e1rio encontrado pelo novo comandante n\u00e3o \u00e9 muito diferente daquele que Jorge Jesus enfrentou em seus primeiros dias de Ninho do Urubu. N\u00e3o foram poucos os embates e discuss\u00f5es sobre metodologia que o Mister e seus colaboradores travaram com os respons\u00e1veis pela prepara\u00e7\u00e3o e recupera\u00e7\u00e3o at\u00e9 que as partes chegassem a um consenso para azeitar a m\u00e1quina rubro-negra.<\/p>\n\n\n\n<p>Coincid\u00eancia ou n\u00e3o, a queda de rendimento (f\u00edsico e t\u00e9cnico) do time caminha lado a lado com o in\u00edcio dos rumores da sa\u00edda do Mister. Adorado pelos atletas, o portugu\u00eas deixou o clube e causou uma sensa\u00e7\u00e3o coletiva de &#8220;fim de um ciclo&#8221;. Durante a busca da c\u00fapula por um substituto, o Rubro-Negro teve o dia a dia tocado por Maur\u00edcio Souza, t\u00e9cnico do sub-20, e pelo preparador f\u00edsico Betinho.<\/p>\n\n\n\n<p>Embora n\u00e3o tenha havido nenhum caso de insubordina\u00e7\u00e3o neste per\u00edodo, a aus\u00eancia de Jesus e de sua comiss\u00e3o deixou o elenco \u00f3rf\u00e3o e fez com que o n\u00edvel de intensidade no dia a dia baixasse. Como consequ\u00eancia, Dome chegou e foi apresentado a um grupo que estava desnivelado.<\/p>\n\n\n\n<p>Some-se a isso o fato de que o Mister tinha controle absoluto do ambiente e das atividades no Ninho do Urubu, e reprimia com veem\u00eancia quest\u00f5es como jogadores acima do peso, por exemplo. Em pleno processo de adapta\u00e7\u00e3o, Torrent pisa em ovos e tenta se ajustar ao novo ambiente.<\/p>\n\n\n\n<p>&#8220;Eu preciso de tempo, os jogadores precisam de tempo. N\u00e3o para jogar com Dome como t\u00e9cnico, mas para estarem melhor fisicamente, jogarem mais jogos e voltarem a vencer&#8221;, disse ele, em entrevista ap\u00f3s o rev\u00e9s por 3 a 0 para o Atl\u00e9tico-GO.<\/p>\n\n\n\n<p>Na lanterna do Campeonato Brasileiro, o Fla tem um jogo chave no s\u00e1bado diante do Coritiba, \u00e0s 19h30, no Couto Pereira. Um novo trope\u00e7o aumentaria a temperatura nos bastidores e dificultaria ainda mais o trabalho do novo comandante, que j\u00e1 encara cr\u00edticas da torcida.<\/p>\n\n\n\n<p>Retirado de: UOL<\/p>\n","protected":false},"excerpt":{"rendered":"<p>A segunda derrota consecutiva do Flamengo na era Dom\u00e8nec exp\u00f4s as dificuldades no in\u00edcio do trabalho do treinador e gerou inc\u00f4modo entre o espanhol, o seu estafe e os profissionais que j\u00e1 estavam no clube. Ao dizer que os jogadores precisam melhorar a forma f\u00edsica, Torrent verbalizou uma insatisfa\u00e7\u00e3o que ronda h\u00e1 dias o seu [&hellip;]<\/p>\n","protected":false},"author":1,"featured_media":45231,"comment_status":"open","ping_status":"closed","sticky":false,"template":"","format":"standard","meta":{"footnotes":""},"categories":[47],"tags":[198],"class_list":["post-45563","post","type-post","status-publish","format-standard","has-post-thumbnail","hentry","category-destaques","tag-domenec-torrent-font"],"yoast_head":"<!-- This site is optimized with the Yoast SEO Premium plugin v24.2 (Yoast SEO v26.9) - https:\/\/yoast.com\/product\/yoast-seo-premium-wordpress\/ -->\n<title>Declara\u00e7\u00e3o de Dom\u00e8nec Torrent gera mal-estar no Flamengo<\/title>\n<meta name=\"description\" content=\"A segunda derrota consecutiva do Flamengo na era Dom\u00e8nec exp\u00f4s as dificuldades no in\u00edcio do trabalho do treinador.\" \/>\n<meta name=\"robots\" content=\"index, follow, max-snippet:-1, max-image-preview:large, max-video-preview:-1\" \/>\n<link rel=\"canonical\" href=\"https:\/\/www.gaveanews.com\/index.php\/2020\/08\/14\/declaracao-de-domenec-torrent-gera-mal-estar-no-flamengo\/\" \/>\n<meta property=\"og:locale\" content=\"pt_BR\" \/>\n<meta property=\"og:type\" content=\"article\" \/>\n<meta property=\"og:title\" content=\"Declara\u00e7\u00e3o de Dom\u00e8nec Torrent gera mal-estar no Flamengo\" \/>\n<meta property=\"og:description\" content=\"A segunda derrota consecutiva do Flamengo na era Dom\u00e8nec exp\u00f4s as dificuldades no in\u00edcio do trabalho do treinador.\" \/>\n<meta property=\"og:url\" content=\"https:\/\/www.gaveanews.com\/index.php\/2020\/08\/14\/declaracao-de-domenec-torrent-gera-mal-estar-no-flamengo\/\" \/>\n<meta property=\"og:site_name\" content=\"G\u00e1vea News\" \/>\n<meta property=\"article:publisher\" content=\"https:\/\/facebook.com\/gaveaNews\/\" \/>\n<meta property=\"article:published_time\" content=\"2020-08-14T14:14:48+00:00\" \/>\n<meta property=\"article:modified_time\" content=\"2024-04-07T12:12:43+00:00\" \/>\n<meta property=\"og:image\" content=\"https:\/\/www.gaveanews.com\/wp-content\/uploads\/Domenec-Torrent-gesticula-na-area-tecnica-durante-uma-partida-do-Flamengo.webp\" \/>\n\t<meta property=\"og:image:width\" content=\"1\" \/>\n\t<meta property=\"og:image:height\" content=\"1\" \/>\n\t<meta property=\"og:image:type\" content=\"image\/jpeg\" \/>\n<meta name=\"author\" content=\"Equipe G\u00e1vea News\" \/>\n<meta name=\"twitter:card\" content=\"summary_large_image\" \/>\n<meta name=\"twitter:label1\" content=\"Escrito por\" \/>\n\t<meta name=\"twitter:data1\" content=\"Equipe G\u00e1vea News\" \/>\n\t<meta name=\"twitter:label2\" content=\"Est. tempo de leitura\" \/>\n\t<meta name=\"twitter:data2\" content=\"3 minutos\" \/>\n<script type=\"application\/ld+json\" class=\"yoast-schema-graph\">{\"@context\":\"https:\/\/schema.org\",\"@graph\":[{\"@type\":\"NewsArticle\",\"@id\":\"https:\/\/www.gaveanews.com\/index.php\/2020\/08\/14\/declaracao-de-domenec-torrent-gera-mal-estar-no-flamengo\/#article\",\"isPartOf\":{\"@id\":\"https:\/\/www.gaveanews.com\/index.php\/2020\/08\/14\/declaracao-de-domenec-torrent-gera-mal-estar-no-flamengo\/\"},\"author\":{\"name\":\"Equipe G\u00e1vea News\",\"@id\":\"https:\/\/www.gaveanews.com\/#\/schema\/person\/2ec14f73fb96be2caf28f91afb14749d\"},\"headline\":\"Declara\u00e7\u00e3o de Dom\u00e8nec Torrent gera mal-estar no Flamengo\",\"datePublished\":\"2020-08-14T14:14:48+00:00\",\"dateModified\":\"2024-04-07T12:12:43+00:00\",\"mainEntityOfPage\":{\"@id\":\"https:\/\/www.gaveanews.com\/index.php\/2020\/08\/14\/declaracao-de-domenec-torrent-gera-mal-estar-no-flamengo\/\"},\"wordCount\":575,\"commentCount\":59,\"image\":{\"@id\":\"https:\/\/www.gaveanews.com\/index.php\/2020\/08\/14\/declaracao-de-domenec-torrent-gera-mal-estar-no-flamengo\/#primaryimage\"},\"thumbnailUrl\":\"https:\/\/www.gaveanews.com\/wp-content\/uploads\/Domenec-Torrent-gesticula-na-area-tecnica-durante-uma-partida-do-Flamengo.webp\",\"keywords\":[\"Dom\u00e8nec Torrent Font\"],\"articleSection\":[\"Destaques\"],\"inLanguage\":\"pt-BR\",\"potentialAction\":[{\"@type\":\"CommentAction\",\"name\":\"Comment\",\"target\":[\"https:\/\/www.gaveanews.com\/index.php\/2020\/08\/14\/declaracao-de-domenec-torrent-gera-mal-estar-no-flamengo\/#respond\"]}],\"copyrightYear\":\"2020\",\"copyrightHolder\":{\"@id\":\"https:\/\/www.gaveanews.com\/#organization\"}},{\"@type\":\"WebPage\",\"@id\":\"https:\/\/www.gaveanews.com\/index.php\/2020\/08\/14\/declaracao-de-domenec-torrent-gera-mal-estar-no-flamengo\/\",\"url\":\"https:\/\/www.gaveanews.com\/index.php\/2020\/08\/14\/declaracao-de-domenec-torrent-gera-mal-estar-no-flamengo\/\",\"name\":\"Declara\u00e7\u00e3o de Dom\u00e8nec Torrent gera mal-estar no Flamengo\",\"isPartOf\":{\"@id\":\"https:\/\/www.gaveanews.com\/#website\"},\"primaryImageOfPage\":{\"@id\":\"https:\/\/www.gaveanews.com\/index.php\/2020\/08\/14\/declaracao-de-domenec-torrent-gera-mal-estar-no-flamengo\/#primaryimage\"},\"image\":{\"@id\":\"https:\/\/www.gaveanews.com\/index.php\/2020\/08\/14\/declaracao-de-domenec-torrent-gera-mal-estar-no-flamengo\/#primaryimage\"},\"thumbnailUrl\":\"https:\/\/www.gaveanews.com\/wp-content\/uploads\/Domenec-Torrent-gesticula-na-area-tecnica-durante-uma-partida-do-Flamengo.webp\",\"datePublished\":\"2020-08-14T14:14:48+00:00\",\"dateModified\":\"2024-04-07T12:12:43+00:00\",\"author\":{\"@id\":\"https:\/\/www.gaveanews.com\/#\/schema\/person\/2ec14f73fb96be2caf28f91afb14749d\"},\"description\":\"A segunda derrota consecutiva do Flamengo na era Dom\u00e8nec exp\u00f4s as dificuldades no in\u00edcio do trabalho do treinador.\",\"breadcrumb\":{\"@id\":\"https:\/\/www.gaveanews.com\/index.php\/2020\/08\/14\/declaracao-de-domenec-torrent-gera-mal-estar-no-flamengo\/#breadcrumb\"},\"inLanguage\":\"pt-BR\",\"potentialAction\":[{\"@type\":\"ReadAction\",\"target\":[\"https:\/\/www.gaveanews.com\/index.php\/2020\/08\/14\/declaracao-de-domenec-torrent-gera-mal-estar-no-flamengo\/\"]}]},{\"@type\":\"ImageObject\",\"inLanguage\":\"pt-BR\",\"@id\":\"https:\/\/www.gaveanews.com\/index.php\/2020\/08\/14\/declaracao-de-domenec-torrent-gera-mal-estar-no-flamengo\/#primaryimage\",\"url\":\"https:\/\/www.gaveanews.com\/wp-content\/uploads\/Domenec-Torrent-gesticula-na-area-tecnica-durante-uma-partida-do-Flamengo.webp\",\"contentUrl\":\"https:\/\/www.gaveanews.com\/wp-content\/uploads\/Domenec-Torrent-gesticula-na-area-tecnica-durante-uma-partida-do-Flamengo.webp\",\"caption\":\"Dom\u00e8nec Torrent gesticula na \u00e1rea t\u00e9cnica durante uma partida do Flamengo (Foto: Alexandre Vidal\/Flamengo)\"},{\"@type\":\"BreadcrumbList\",\"@id\":\"https:\/\/www.gaveanews.com\/index.php\/2020\/08\/14\/declaracao-de-domenec-torrent-gera-mal-estar-no-flamengo\/#breadcrumb\",\"itemListElement\":[{\"@type\":\"ListItem\",\"position\":1,\"name\":\"Home\",\"item\":\"https:\/\/www.gaveanews.com\/\"},{\"@type\":\"ListItem\",\"position\":2,\"name\":\"Declara\u00e7\u00e3o de Dom\u00e8nec Torrent gera mal-estar no Flamengo\"}]},{\"@type\":\"WebSite\",\"@id\":\"https:\/\/www.gaveanews.com\/#website\",\"url\":\"https:\/\/www.gaveanews.com\/\",\"name\":\"G\u00e1vea News\",\"description\":\"Veja todas as not\u00edcias sobre o Flamengo: Contrata\u00e7\u00f5es, categorias de base, resultados das partidas, tabela de classifica\u00e7\u00e3o, pr\u00f3ximos jogos!\",\"potentialAction\":[{\"@type\":\"SearchAction\",\"target\":{\"@type\":\"EntryPoint\",\"urlTemplate\":\"https:\/\/www.gaveanews.com\/?s={search_term_string}\"},\"query-input\":{\"@type\":\"PropertyValueSpecification\",\"valueRequired\":true,\"valueName\":\"search_term_string\"}}],\"inLanguage\":\"pt-BR\"},{\"@type\":\"Person\",\"@id\":\"https:\/\/www.gaveanews.com\/#\/schema\/person\/2ec14f73fb96be2caf28f91afb14749d\",\"name\":\"Equipe G\u00e1vea News\",\"image\":{\"@type\":\"ImageObject\",\"inLanguage\":\"pt-BR\",\"@id\":\"https:\/\/www.gaveanews.com\/#\/schema\/person\/image\/\",\"url\":\"https:\/\/secure.gravatar.com\/avatar\/1e1956f1facbffd3f8fa53a326721950116b3b9dc9bd44939c01180fd4a745a9?s=96&d=mm&r=g\",\"contentUrl\":\"https:\/\/secure.gravatar.com\/avatar\/1e1956f1facbffd3f8fa53a326721950116b3b9dc9bd44939c01180fd4a745a9?s=96&d=mm&r=g\",\"caption\":\"Equipe G\u00e1vea News\"}}]}<\/script>\n<!-- \/ Yoast SEO Premium plugin. -->","yoast_head_json":{"title":"Declara\u00e7\u00e3o de Dom\u00e8nec Torrent gera mal-estar no Flamengo","description":"A segunda derrota consecutiva do Flamengo na era Dom\u00e8nec exp\u00f4s as dificuldades no in\u00edcio do trabalho do treinador.","robots":{"index":"index","follow":"follow","max-snippet":"max-snippet:-1","max-image-preview":"max-image-preview:large","max-video-preview":"max-video-preview:-1"},"canonical":"https:\/\/www.gaveanews.com\/index.php\/2020\/08\/14\/declaracao-de-domenec-torrent-gera-mal-estar-no-flamengo\/","og_locale":"pt_BR","og_type":"article","og_title":"Declara\u00e7\u00e3o de Dom\u00e8nec Torrent gera mal-estar no Flamengo","og_description":"A segunda derrota consecutiva do Flamengo na era Dom\u00e8nec exp\u00f4s as dificuldades no in\u00edcio do trabalho do treinador.","og_url":"https:\/\/www.gaveanews.com\/index.php\/2020\/08\/14\/declaracao-de-domenec-torrent-gera-mal-estar-no-flamengo\/","og_site_name":"G\u00e1vea News","article_publisher":"https:\/\/facebook.com\/gaveaNews\/","article_published_time":"2020-08-14T14:14:48+00:00","article_modified_time":"2024-04-07T12:12:43+00:00","og_image":[{"url":"https:\/\/www.gaveanews.com\/wp-content\/uploads\/Domenec-Torrent-gesticula-na-area-tecnica-durante-uma-partida-do-Flamengo.webp","width":1,"height":1,"type":"image\/jpeg"}],"author":"Equipe G\u00e1vea News","twitter_card":"summary_large_image","twitter_misc":{"Escrito por":"Equipe G\u00e1vea News","Est. tempo de leitura":"3 minutos"},"schema":{"@context":"https:\/\/schema.org","@graph":[{"@type":"NewsArticle","@id":"https:\/\/www.gaveanews.com\/index.php\/2020\/08\/14\/declaracao-de-domenec-torrent-gera-mal-estar-no-flamengo\/#article","isPartOf":{"@id":"https:\/\/www.gaveanews.com\/index.php\/2020\/08\/14\/declaracao-de-domenec-torrent-gera-mal-estar-no-flamengo\/"},"author":{"name":"Equipe G\u00e1vea News","@id":"https:\/\/www.gaveanews.com\/#\/schema\/person\/2ec14f73fb96be2caf28f91afb14749d"},"headline":"Declara\u00e7\u00e3o de Dom\u00e8nec Torrent gera mal-estar no Flamengo","datePublished":"2020-08-14T14:14:48+00:00","dateModified":"2024-04-07T12:12:43+00:00","mainEntityOfPage":{"@id":"https:\/\/www.gaveanews.com\/index.php\/2020\/08\/14\/declaracao-de-domenec-torrent-gera-mal-estar-no-flamengo\/"},"wordCount":575,"commentCount":59,"image":{"@id":"https:\/\/www.gaveanews.com\/index.php\/2020\/08\/14\/declaracao-de-domenec-torrent-gera-mal-estar-no-flamengo\/#primaryimage"},"thumbnailUrl":"https:\/\/www.gaveanews.com\/wp-content\/uploads\/Domenec-Torrent-gesticula-na-area-tecnica-durante-uma-partida-do-Flamengo.webp","keywords":["Dom\u00e8nec Torrent Font"],"articleSection":["Destaques"],"inLanguage":"pt-BR","potentialAction":[{"@type":"CommentAction","name":"Comment","target":["https:\/\/www.gaveanews.com\/index.php\/2020\/08\/14\/declaracao-de-domenec-torrent-gera-mal-estar-no-flamengo\/#respond"]}],"copyrightYear":"2020","copyrightHolder":{"@id":"https:\/\/www.gaveanews.com\/#organization"}},{"@type":"WebPage","@id":"https:\/\/www.gaveanews.com\/index.php\/2020\/08\/14\/declaracao-de-domenec-torrent-gera-mal-estar-no-flamengo\/","url":"https:\/\/www.gaveanews.com\/index.php\/2020\/08\/14\/declaracao-de-domenec-torrent-gera-mal-estar-no-flamengo\/","name":"Declara\u00e7\u00e3o de Dom\u00e8nec Torrent gera mal-estar no Flamengo","isPartOf":{"@id":"https:\/\/www.gaveanews.com\/#website"},"primaryImageOfPage":{"@id":"https:\/\/www.gaveanews.com\/index.php\/2020\/08\/14\/declaracao-de-domenec-torrent-gera-mal-estar-no-flamengo\/#primaryimage"},"image":{"@id":"https:\/\/www.gaveanews.com\/index.php\/2020\/08\/14\/declaracao-de-domenec-torrent-gera-mal-estar-no-flamengo\/#primaryimage"},"thumbnailUrl":"https:\/\/www.gaveanews.com\/wp-content\/uploads\/Domenec-Torrent-gesticula-na-area-tecnica-durante-uma-partida-do-Flamengo.webp","datePublished":"2020-08-14T14:14:48+00:00","dateModified":"2024-04-07T12:12:43+00:00","author":{"@id":"https:\/\/www.gaveanews.com\/#\/schema\/person\/2ec14f73fb96be2caf28f91afb14749d"},"description":"A segunda derrota consecutiva do Flamengo na era Dom\u00e8nec exp\u00f4s as dificuldades no in\u00edcio do trabalho do treinador.","breadcrumb":{"@id":"https:\/\/www.gaveanews.com\/index.php\/2020\/08\/14\/declaracao-de-domenec-torrent-gera-mal-estar-no-flamengo\/#breadcrumb"},"inLanguage":"pt-BR","potentialAction":[{"@type":"ReadAction","target":["https:\/\/www.gaveanews.com\/index.php\/2020\/08\/14\/declaracao-de-domenec-torrent-gera-mal-estar-no-flamengo\/"]}]},{"@type":"ImageObject","inLanguage":"pt-BR","@id":"https:\/\/www.gaveanews.com\/index.php\/2020\/08\/14\/declaracao-de-domenec-torrent-gera-mal-estar-no-flamengo\/#primaryimage","url":"https:\/\/www.gaveanews.com\/wp-content\/uploads\/Domenec-Torrent-gesticula-na-area-tecnica-durante-uma-partida-do-Flamengo.webp","contentUrl":"https:\/\/www.gaveanews.com\/wp-content\/uploads\/Domenec-Torrent-gesticula-na-area-tecnica-durante-uma-partida-do-Flamengo.webp","caption":"Dom\u00e8nec Torrent gesticula na \u00e1rea t\u00e9cnica durante uma partida do Flamengo (Foto: Alexandre Vidal\/Flamengo)"},{"@type":"BreadcrumbList","@id":"https:\/\/www.gaveanews.com\/index.php\/2020\/08\/14\/declaracao-de-domenec-torrent-gera-mal-estar-no-flamengo\/#breadcrumb","itemListElement":[{"@type":"ListItem","position":1,"name":"Home","item":"https:\/\/www.gaveanews.com\/"},{"@type":"ListItem","position":2,"name":"Declara\u00e7\u00e3o de Dom\u00e8nec Torrent gera mal-estar no Flamengo"}]},{"@type":"WebSite","@id":"https:\/\/www.gaveanews.com\/#website","url":"https:\/\/www.gaveanews.com\/","name":"G\u00e1vea News","description":"Veja todas as not\u00edcias sobre o Flamengo: Contrata\u00e7\u00f5es, categorias de base, resultados das partidas, tabela de classifica\u00e7\u00e3o, pr\u00f3ximos jogos!","potentialAction":[{"@type":"SearchAction","target":{"@type":"EntryPoint","urlTemplate":"https:\/\/www.gaveanews.com\/?s={search_term_string}"},"query-input":{"@type":"PropertyValueSpecification","valueRequired":true,"valueName":"search_term_string"}}],"inLanguage":"pt-BR"},{"@type":"Person","@id":"https:\/\/www.gaveanews.com\/#\/schema\/person\/2ec14f73fb96be2caf28f91afb14749d","name":"Equipe G\u00e1vea News","image":{"@type":"ImageObject","inLanguage":"pt-BR","@id":"https:\/\/www.gaveanews.com\/#\/schema\/person\/image\/","url":"https:\/\/secure.gravatar.com\/avatar\/1e1956f1facbffd3f8fa53a326721950116b3b9dc9bd44939c01180fd4a745a9?s=96&d=mm&r=g","contentUrl":"https:\/\/secure.gravatar.com\/avatar\/1e1956f1facbffd3f8fa53a326721950116b3b9dc9bd44939c01180fd4a745a9?s=96&d=mm&r=g","caption":"Equipe G\u00e1vea News"}}]}},"_links":{"self":[{"href":"https:\/\/www.gaveanews.com\/index.php\/wp-json\/wp\/v2\/posts\/45563","targetHints":{"allow":["GET"]}}],"collection":[{"href":"https:\/\/www.gaveanews.com\/index.php\/wp-json\/wp\/v2\/posts"}],"about":[{"href":"https:\/\/www.gaveanews.com\/index.php\/wp-json\/wp\/v2\/types\/post"}],"author":[{"embeddable":true,"href":"https:\/\/www.gaveanews.com\/index.php\/wp-json\/wp\/v2\/users\/1"}],"replies":[{"embeddable":true,"href":"https:\/\/www.gaveanews.com\/index.php\/wp-json\/wp\/v2\/comments?post=45563"}],"version-history":[{"count":1,"href":"https:\/\/www.gaveanews.com\/index.php\/wp-json\/wp\/v2\/posts\/45563\/revisions"}],"predecessor-version":[{"id":136773,"href":"https:\/\/www.gaveanews.com\/index.php\/wp-json\/wp\/v2\/posts\/45563\/revisions\/136773"}],"wp:featuredmedia":[{"embeddable":true,"href":"https:\/\/www.gaveanews.com\/index.php\/wp-json\/wp\/v2\/media\/45231"}],"wp:attachment":[{"href":"https:\/\/www.gaveanews.com\/index.php\/wp-json\/wp\/v2\/media?parent=45563"}],"wp:term":[{"taxonomy":"category","embeddable":true,"href":"https:\/\/www.gaveanews.com\/index.php\/wp-json\/wp\/v2\/categories?post=45563"},{"taxonomy":"post_tag","embeddable":true,"href":"https:\/\/www.gaveanews.com\/index.php\/wp-json\/wp\/v2\/tags?post=45563"}],"curies":[{"name":"wp","href":"https:\/\/api.w.org\/{rel}","templated":true}]}}