{"id":45587,"date":"2020-08-14T14:56:28","date_gmt":"2020-08-14T17:56:28","guid":{"rendered":"https:\/\/www.gaveanews.com\/?p=45587"},"modified":"2020-08-14T14:56:32","modified_gmt":"2020-08-14T17:56:32","slug":"torcedores-do-flamengo-se-revoltam-com-rafinha-nas-redes-sociais","status":"publish","type":"post","link":"https:\/\/www.gaveanews.com\/index.php\/2020\/08\/14\/torcedores-do-flamengo-se-revoltam-com-rafinha-nas-redes-sociais\/","title":{"rendered":"Torcedores do Flamengo se revoltam com Rafinha nas redes sociais"},"content":{"rendered":"\n<p>O vice-presidente de futebol do Flamengo, Marcos Braz, confirmou durante a coletiva desta sexta-feira (14 de agosto) que o lateral Rafinha aceitou a proposta do Olympiacos, da Gr\u00e9cia. <\/p>\n\n\n\n<p>Logo ap\u00f3s o an\u00fancio, parte dos torcedores do Flamengo se revoltou e passou a xingar o ex-jogador do Rubro-Negro. Alguns mais exaltados chegaram a chamar o atleta de &#8220;mercen\u00e1rio&#8221;.<\/p>\n\n\n\n<p><strong>Veja algumas rea\u00e7\u00f5es:<\/strong><\/p>\n\n\n\n<figure class=\"wp-block-embed-twitter wp-block-embed is-type-rich is-provider-twitter\"><div class=\"wp-block-embed__wrapper\">\nhttps:\/\/twitter.com\/jantadaflatt\/status\/1294309267793747971?ref_src=twsrc%5Etfw%7Ctwcamp%5Etweetembed%7Ctwterm%5E1294309267793747971%7Ctwgr%5E&#038;ref_url=https%3A%2F%2Fwww.esporteinterativo.com.br%2Ffutebolbrasileiro%2FTorcedores-do-Flamengo-se-revoltam-com-Rafinha-nas-redes-sociais-Mercenario-20200814-0017.html\n<\/div><\/figure>\n\n\n\n<figure class=\"wp-block-embed-twitter wp-block-embed is-type-rich is-provider-twitter\"><div class=\"wp-block-embed__wrapper\">\nhttps:\/\/twitter.com\/raphaeldml22\/status\/1294313953842126848?ref_src=twsrc%5Etfw%7Ctwcamp%5Etweetembed%7Ctwterm%5E1294313953842126848%7Ctwgr%5E&#038;ref_url=https%3A%2F%2Fwww.esporteinterativo.com.br%2Ffutebolbrasileiro%2FTorcedores-do-Flamengo-se-revoltam-com-Rafinha-nas-redes-sociais-Mercenario-20200814-0017.html\n<\/div><\/figure>\n\n\n\n<figure class=\"wp-block-embed-twitter wp-block-embed is-type-rich is-provider-twitter\"><div class=\"wp-block-embed__wrapper\">\n<blockquote class=\"twitter-tweet\" data-width=\"550\" data-dnt=\"true\"><p lang=\"pt\" dir=\"ltr\">Eu acreditando q o Rafinha tinha amor pelo clube \ud83e\udd21\ud83e\udd21\ud83e\udd21\ud83e\udd21\ud83e\udd21\ud83e\udd21\ud83e\udd21\ud83e\udd21\ud83e\udd21<\/p>&mdash; sthefanny (@sthefannycris_) <a href=\"https:\/\/twitter.com\/sthefannycris_\/status\/1294314509730041857?ref_src=twsrc%5Etfw\">August 14, 2020<\/a><\/blockquote><script async src=\"https:\/\/platform.twitter.com\/widgets.js\" charset=\"utf-8\"><\/script>\n<\/div><\/figure>\n\n\n\n<figure class=\"wp-block-embed-twitter wp-block-embed is-type-rich is-provider-twitter\"><div class=\"wp-block-embed__wrapper\">\n<blockquote class=\"twitter-tweet\" data-width=\"550\" data-dnt=\"true\"><p lang=\"pt\" dir=\"ltr\">fui iludida pelo rafinha!<\/p>&mdash; \u0618 (@sarfsti) <a href=\"https:\/\/twitter.com\/sarfsti\/status\/1294314481284255748?ref_src=twsrc%5Etfw\">August 14, 2020<\/a><\/blockquote><script async src=\"https:\/\/platform.twitter.com\/widgets.js\" charset=\"utf-8\"><\/script>\n<\/div><\/figure>\n\n\n\n<figure class=\"wp-block-embed-twitter wp-block-embed is-type-rich is-provider-twitter\"><div class=\"wp-block-embed__wrapper\">\n<blockquote class=\"twitter-tweet\" data-width=\"550\" data-dnt=\"true\"><p lang=\"pt\" dir=\"ltr\">Adeus Rafinha e vai pra pu** que o par***<br>Entregador de Gatorade<\/p>&mdash; Hugo Felicidade (@hugo_felicidade) <a href=\"https:\/\/twitter.com\/hugo_felicidade\/status\/1294314474464317440?ref_src=twsrc%5Etfw\">August 14, 2020<\/a><\/blockquote><script async src=\"https:\/\/platform.twitter.com\/widgets.js\" charset=\"utf-8\"><\/script>\n<\/div><\/figure>\n\n\n\n<figure class=\"wp-block-embed-twitter wp-block-embed is-type-rich is-provider-twitter\"><div class=\"wp-block-embed__wrapper\">\n<blockquote class=\"twitter-tweet\" data-width=\"550\" data-dnt=\"true\"><p lang=\"pt\" dir=\"ltr\">Porra Rafinha vacilou muito fera<\/p>&mdash; malu \u1d40\u1d3f\u1d35\u2764\ufe0f\ud83d\udda4 (@maluuheckert) <a href=\"https:\/\/twitter.com\/maluuheckert\/status\/1294314414485757952?ref_src=twsrc%5Etfw\">August 14, 2020<\/a><\/blockquote><script async src=\"https:\/\/platform.twitter.com\/widgets.js\" charset=\"utf-8\"><\/script>\n<\/div><\/figure>\n\n\n\n<p>Retirado de: Esporte Interativo<\/p>\n","protected":false},"excerpt":{"rendered":"<p>O vice-presidente de futebol do Flamengo, Marcos Braz, confirmou durante a coletiva desta sexta-feira (14 de agosto) que o lateral Rafinha aceitou a proposta do Olympiacos, da Gr\u00e9cia. Logo ap\u00f3s o an\u00fancio, parte dos torcedores do Flamengo se revoltou e passou a xingar o ex-jogador do Rubro-Negro. Alguns mais exaltados chegaram a chamar o atleta [&hellip;]<\/p>\n","protected":false},"author":1,"featured_media":28894,"comment_status":"open","ping_status":"closed","sticky":false,"template":"","format":"standard","meta":{"footnotes":""},"categories":[47],"tags":[],"class_list":["post-45587","post","type-post","status-publish","format-standard","has-post-thumbnail","hentry","category-destaques"],"yoast_head":"<!-- This site is optimized with the Yoast SEO Premium plugin v24.2 (Yoast SEO v26.9) - https:\/\/yoast.com\/product\/yoast-seo-premium-wordpress\/ -->\n<title>Torcedores do Flamengo se revoltam com Rafinha nas redes sociais<\/title>\n<meta name=\"description\" content=\"Dirigente do Flamengo, Marcos Braz confirmou que o lateral Rafinha aceitou a proposta do Olympiacos, da Gr\u00e9cia.\" \/>\n<meta name=\"robots\" content=\"index, follow, max-snippet:-1, max-image-preview:large, max-video-preview:-1\" \/>\n<link rel=\"canonical\" href=\"https:\/\/www.gaveanews.com\/index.php\/2020\/08\/14\/torcedores-do-flamengo-se-revoltam-com-rafinha-nas-redes-sociais\/\" \/>\n<meta property=\"og:locale\" content=\"pt_BR\" \/>\n<meta property=\"og:type\" content=\"article\" \/>\n<meta property=\"og:title\" content=\"Torcedores do Flamengo se revoltam com Rafinha nas redes sociais\" \/>\n<meta property=\"og:description\" content=\"Dirigente do Flamengo, Marcos Braz confirmou que o lateral Rafinha aceitou a proposta do Olympiacos, da Gr\u00e9cia.\" \/>\n<meta property=\"og:url\" content=\"https:\/\/www.gaveanews.com\/index.php\/2020\/08\/14\/torcedores-do-flamengo-se-revoltam-com-rafinha-nas-redes-sociais\/\" \/>\n<meta property=\"og:site_name\" content=\"G\u00e1vea News\" \/>\n<meta property=\"article:publisher\" content=\"https:\/\/facebook.com\/gaveaNews\/\" \/>\n<meta property=\"article:published_time\" content=\"2020-08-14T17:56:28+00:00\" \/>\n<meta property=\"article:modified_time\" content=\"2020-08-14T17:56:32+00:00\" \/>\n<meta property=\"og:image\" content=\"https:\/\/www.gaveanews.com\/wp-content\/uploads\/Rafinha-em-acao-pelo-Flamengo.webp\" \/>\n\t<meta property=\"og:image:width\" content=\"1\" \/>\n\t<meta property=\"og:image:height\" content=\"1\" \/>\n\t<meta property=\"og:image:type\" content=\"image\/jpeg\" \/>\n<meta name=\"author\" content=\"Equipe G\u00e1vea News\" \/>\n<meta name=\"twitter:card\" content=\"summary_large_image\" \/>\n<meta name=\"twitter:label1\" content=\"Escrito por\" \/>\n\t<meta name=\"twitter:data1\" content=\"Equipe G\u00e1vea News\" \/>\n\t<meta name=\"twitter:label2\" content=\"Est. tempo de leitura\" \/>\n\t<meta name=\"twitter:data2\" content=\"1 minuto\" \/>\n<script type=\"application\/ld+json\" class=\"yoast-schema-graph\">{\"@context\":\"https:\/\/schema.org\",\"@graph\":[{\"@type\":\"NewsArticle\",\"@id\":\"https:\/\/www.gaveanews.com\/index.php\/2020\/08\/14\/torcedores-do-flamengo-se-revoltam-com-rafinha-nas-redes-sociais\/#article\",\"isPartOf\":{\"@id\":\"https:\/\/www.gaveanews.com\/index.php\/2020\/08\/14\/torcedores-do-flamengo-se-revoltam-com-rafinha-nas-redes-sociais\/\"},\"author\":{\"name\":\"Equipe G\u00e1vea News\",\"@id\":\"https:\/\/www.gaveanews.com\/#\/schema\/person\/2ec14f73fb96be2caf28f91afb14749d\"},\"headline\":\"Torcedores do Flamengo se revoltam com Rafinha nas redes sociais\",\"datePublished\":\"2020-08-14T17:56:28+00:00\",\"dateModified\":\"2020-08-14T17:56:32+00:00\",\"mainEntityOfPage\":{\"@id\":\"https:\/\/www.gaveanews.com\/index.php\/2020\/08\/14\/torcedores-do-flamengo-se-revoltam-com-rafinha-nas-redes-sociais\/\"},\"wordCount\":253,\"commentCount\":65,\"image\":{\"@id\":\"https:\/\/www.gaveanews.com\/index.php\/2020\/08\/14\/torcedores-do-flamengo-se-revoltam-com-rafinha-nas-redes-sociais\/#primaryimage\"},\"thumbnailUrl\":\"https:\/\/www.gaveanews.com\/wp-content\/uploads\/Rafinha-em-acao-pelo-Flamengo.webp\",\"articleSection\":[\"Destaques\"],\"inLanguage\":\"pt-BR\",\"potentialAction\":[{\"@type\":\"CommentAction\",\"name\":\"Comment\",\"target\":[\"https:\/\/www.gaveanews.com\/index.php\/2020\/08\/14\/torcedores-do-flamengo-se-revoltam-com-rafinha-nas-redes-sociais\/#respond\"]}],\"copyrightYear\":\"2020\",\"copyrightHolder\":{\"@id\":\"https:\/\/www.gaveanews.com\/#organization\"}},{\"@type\":\"WebPage\",\"@id\":\"https:\/\/www.gaveanews.com\/index.php\/2020\/08\/14\/torcedores-do-flamengo-se-revoltam-com-rafinha-nas-redes-sociais\/\",\"url\":\"https:\/\/www.gaveanews.com\/index.php\/2020\/08\/14\/torcedores-do-flamengo-se-revoltam-com-rafinha-nas-redes-sociais\/\",\"name\":\"Torcedores do Flamengo se revoltam com Rafinha nas redes sociais\",\"isPartOf\":{\"@id\":\"https:\/\/www.gaveanews.com\/#website\"},\"primaryImageOfPage\":{\"@id\":\"https:\/\/www.gaveanews.com\/index.php\/2020\/08\/14\/torcedores-do-flamengo-se-revoltam-com-rafinha-nas-redes-sociais\/#primaryimage\"},\"image\":{\"@id\":\"https:\/\/www.gaveanews.com\/index.php\/2020\/08\/14\/torcedores-do-flamengo-se-revoltam-com-rafinha-nas-redes-sociais\/#primaryimage\"},\"thumbnailUrl\":\"https:\/\/www.gaveanews.com\/wp-content\/uploads\/Rafinha-em-acao-pelo-Flamengo.webp\",\"datePublished\":\"2020-08-14T17:56:28+00:00\",\"dateModified\":\"2020-08-14T17:56:32+00:00\",\"author\":{\"@id\":\"https:\/\/www.gaveanews.com\/#\/schema\/person\/2ec14f73fb96be2caf28f91afb14749d\"},\"description\":\"Dirigente do Flamengo, Marcos Braz confirmou que o lateral Rafinha aceitou a proposta do Olympiacos, da Gr\u00e9cia.\",\"breadcrumb\":{\"@id\":\"https:\/\/www.gaveanews.com\/index.php\/2020\/08\/14\/torcedores-do-flamengo-se-revoltam-com-rafinha-nas-redes-sociais\/#breadcrumb\"},\"inLanguage\":\"pt-BR\",\"potentialAction\":[{\"@type\":\"ReadAction\",\"target\":[\"https:\/\/www.gaveanews.com\/index.php\/2020\/08\/14\/torcedores-do-flamengo-se-revoltam-com-rafinha-nas-redes-sociais\/\"]}]},{\"@type\":\"ImageObject\",\"inLanguage\":\"pt-BR\",\"@id\":\"https:\/\/www.gaveanews.com\/index.php\/2020\/08\/14\/torcedores-do-flamengo-se-revoltam-com-rafinha-nas-redes-sociais\/#primaryimage\",\"url\":\"https:\/\/www.gaveanews.com\/wp-content\/uploads\/Rafinha-em-acao-pelo-Flamengo.webp\",\"contentUrl\":\"https:\/\/www.gaveanews.com\/wp-content\/uploads\/Rafinha-em-acao-pelo-Flamengo.webp\",\"caption\":\"Rafinha em a\u00e7\u00e3o pelo Flamengo (Foto: Alexandre Vidal\/Flamengo)\"},{\"@type\":\"BreadcrumbList\",\"@id\":\"https:\/\/www.gaveanews.com\/index.php\/2020\/08\/14\/torcedores-do-flamengo-se-revoltam-com-rafinha-nas-redes-sociais\/#breadcrumb\",\"itemListElement\":[{\"@type\":\"ListItem\",\"position\":1,\"name\":\"Home\",\"item\":\"https:\/\/www.gaveanews.com\/\"},{\"@type\":\"ListItem\",\"position\":2,\"name\":\"Torcedores do Flamengo se revoltam com Rafinha nas redes sociais\"}]},{\"@type\":\"WebSite\",\"@id\":\"https:\/\/www.gaveanews.com\/#website\",\"url\":\"https:\/\/www.gaveanews.com\/\",\"name\":\"G\u00e1vea News\",\"description\":\"Veja todas as not\u00edcias sobre o Flamengo: Contrata\u00e7\u00f5es, categorias de base, resultados das partidas, tabela de classifica\u00e7\u00e3o, pr\u00f3ximos jogos!\",\"potentialAction\":[{\"@type\":\"SearchAction\",\"target\":{\"@type\":\"EntryPoint\",\"urlTemplate\":\"https:\/\/www.gaveanews.com\/?s={search_term_string}\"},\"query-input\":{\"@type\":\"PropertyValueSpecification\",\"valueRequired\":true,\"valueName\":\"search_term_string\"}}],\"inLanguage\":\"pt-BR\"},{\"@type\":\"Person\",\"@id\":\"https:\/\/www.gaveanews.com\/#\/schema\/person\/2ec14f73fb96be2caf28f91afb14749d\",\"name\":\"Equipe G\u00e1vea News\",\"image\":{\"@type\":\"ImageObject\",\"inLanguage\":\"pt-BR\",\"@id\":\"https:\/\/www.gaveanews.com\/#\/schema\/person\/image\/\",\"url\":\"https:\/\/secure.gravatar.com\/avatar\/1e1956f1facbffd3f8fa53a326721950116b3b9dc9bd44939c01180fd4a745a9?s=96&d=mm&r=g\",\"contentUrl\":\"https:\/\/secure.gravatar.com\/avatar\/1e1956f1facbffd3f8fa53a326721950116b3b9dc9bd44939c01180fd4a745a9?s=96&d=mm&r=g\",\"caption\":\"Equipe G\u00e1vea News\"}}]}<\/script>\n<!-- \/ Yoast SEO Premium plugin. -->","yoast_head_json":{"title":"Torcedores do Flamengo se revoltam com Rafinha nas redes sociais","description":"Dirigente do Flamengo, Marcos Braz confirmou que o lateral Rafinha aceitou a proposta do Olympiacos, da Gr\u00e9cia.","robots":{"index":"index","follow":"follow","max-snippet":"max-snippet:-1","max-image-preview":"max-image-preview:large","max-video-preview":"max-video-preview:-1"},"canonical":"https:\/\/www.gaveanews.com\/index.php\/2020\/08\/14\/torcedores-do-flamengo-se-revoltam-com-rafinha-nas-redes-sociais\/","og_locale":"pt_BR","og_type":"article","og_title":"Torcedores do Flamengo se revoltam com Rafinha nas redes sociais","og_description":"Dirigente do Flamengo, Marcos Braz confirmou que o lateral Rafinha aceitou a proposta do Olympiacos, da Gr\u00e9cia.","og_url":"https:\/\/www.gaveanews.com\/index.php\/2020\/08\/14\/torcedores-do-flamengo-se-revoltam-com-rafinha-nas-redes-sociais\/","og_site_name":"G\u00e1vea News","article_publisher":"https:\/\/facebook.com\/gaveaNews\/","article_published_time":"2020-08-14T17:56:28+00:00","article_modified_time":"2020-08-14T17:56:32+00:00","og_image":[{"url":"https:\/\/www.gaveanews.com\/wp-content\/uploads\/Rafinha-em-acao-pelo-Flamengo.webp","width":1,"height":1,"type":"image\/jpeg"}],"author":"Equipe G\u00e1vea News","twitter_card":"summary_large_image","twitter_misc":{"Escrito por":"Equipe G\u00e1vea News","Est. tempo de leitura":"1 minuto"},"schema":{"@context":"https:\/\/schema.org","@graph":[{"@type":"NewsArticle","@id":"https:\/\/www.gaveanews.com\/index.php\/2020\/08\/14\/torcedores-do-flamengo-se-revoltam-com-rafinha-nas-redes-sociais\/#article","isPartOf":{"@id":"https:\/\/www.gaveanews.com\/index.php\/2020\/08\/14\/torcedores-do-flamengo-se-revoltam-com-rafinha-nas-redes-sociais\/"},"author":{"name":"Equipe G\u00e1vea News","@id":"https:\/\/www.gaveanews.com\/#\/schema\/person\/2ec14f73fb96be2caf28f91afb14749d"},"headline":"Torcedores do Flamengo se revoltam com Rafinha nas redes sociais","datePublished":"2020-08-14T17:56:28+00:00","dateModified":"2020-08-14T17:56:32+00:00","mainEntityOfPage":{"@id":"https:\/\/www.gaveanews.com\/index.php\/2020\/08\/14\/torcedores-do-flamengo-se-revoltam-com-rafinha-nas-redes-sociais\/"},"wordCount":253,"commentCount":65,"image":{"@id":"https:\/\/www.gaveanews.com\/index.php\/2020\/08\/14\/torcedores-do-flamengo-se-revoltam-com-rafinha-nas-redes-sociais\/#primaryimage"},"thumbnailUrl":"https:\/\/www.gaveanews.com\/wp-content\/uploads\/Rafinha-em-acao-pelo-Flamengo.webp","articleSection":["Destaques"],"inLanguage":"pt-BR","potentialAction":[{"@type":"CommentAction","name":"Comment","target":["https:\/\/www.gaveanews.com\/index.php\/2020\/08\/14\/torcedores-do-flamengo-se-revoltam-com-rafinha-nas-redes-sociais\/#respond"]}],"copyrightYear":"2020","copyrightHolder":{"@id":"https:\/\/www.gaveanews.com\/#organization"}},{"@type":"WebPage","@id":"https:\/\/www.gaveanews.com\/index.php\/2020\/08\/14\/torcedores-do-flamengo-se-revoltam-com-rafinha-nas-redes-sociais\/","url":"https:\/\/www.gaveanews.com\/index.php\/2020\/08\/14\/torcedores-do-flamengo-se-revoltam-com-rafinha-nas-redes-sociais\/","name":"Torcedores do Flamengo se revoltam com Rafinha nas redes sociais","isPartOf":{"@id":"https:\/\/www.gaveanews.com\/#website"},"primaryImageOfPage":{"@id":"https:\/\/www.gaveanews.com\/index.php\/2020\/08\/14\/torcedores-do-flamengo-se-revoltam-com-rafinha-nas-redes-sociais\/#primaryimage"},"image":{"@id":"https:\/\/www.gaveanews.com\/index.php\/2020\/08\/14\/torcedores-do-flamengo-se-revoltam-com-rafinha-nas-redes-sociais\/#primaryimage"},"thumbnailUrl":"https:\/\/www.gaveanews.com\/wp-content\/uploads\/Rafinha-em-acao-pelo-Flamengo.webp","datePublished":"2020-08-14T17:56:28+00:00","dateModified":"2020-08-14T17:56:32+00:00","author":{"@id":"https:\/\/www.gaveanews.com\/#\/schema\/person\/2ec14f73fb96be2caf28f91afb14749d"},"description":"Dirigente do Flamengo, Marcos Braz confirmou que o lateral Rafinha aceitou a proposta do Olympiacos, da Gr\u00e9cia.","breadcrumb":{"@id":"https:\/\/www.gaveanews.com\/index.php\/2020\/08\/14\/torcedores-do-flamengo-se-revoltam-com-rafinha-nas-redes-sociais\/#breadcrumb"},"inLanguage":"pt-BR","potentialAction":[{"@type":"ReadAction","target":["https:\/\/www.gaveanews.com\/index.php\/2020\/08\/14\/torcedores-do-flamengo-se-revoltam-com-rafinha-nas-redes-sociais\/"]}]},{"@type":"ImageObject","inLanguage":"pt-BR","@id":"https:\/\/www.gaveanews.com\/index.php\/2020\/08\/14\/torcedores-do-flamengo-se-revoltam-com-rafinha-nas-redes-sociais\/#primaryimage","url":"https:\/\/www.gaveanews.com\/wp-content\/uploads\/Rafinha-em-acao-pelo-Flamengo.webp","contentUrl":"https:\/\/www.gaveanews.com\/wp-content\/uploads\/Rafinha-em-acao-pelo-Flamengo.webp","caption":"Rafinha em a\u00e7\u00e3o pelo Flamengo (Foto: Alexandre Vidal\/Flamengo)"},{"@type":"BreadcrumbList","@id":"https:\/\/www.gaveanews.com\/index.php\/2020\/08\/14\/torcedores-do-flamengo-se-revoltam-com-rafinha-nas-redes-sociais\/#breadcrumb","itemListElement":[{"@type":"ListItem","position":1,"name":"Home","item":"https:\/\/www.gaveanews.com\/"},{"@type":"ListItem","position":2,"name":"Torcedores do Flamengo se revoltam com Rafinha nas redes sociais"}]},{"@type":"WebSite","@id":"https:\/\/www.gaveanews.com\/#website","url":"https:\/\/www.gaveanews.com\/","name":"G\u00e1vea News","description":"Veja todas as not\u00edcias sobre o Flamengo: Contrata\u00e7\u00f5es, categorias de base, resultados das partidas, tabela de classifica\u00e7\u00e3o, pr\u00f3ximos jogos!","potentialAction":[{"@type":"SearchAction","target":{"@type":"EntryPoint","urlTemplate":"https:\/\/www.gaveanews.com\/?s={search_term_string}"},"query-input":{"@type":"PropertyValueSpecification","valueRequired":true,"valueName":"search_term_string"}}],"inLanguage":"pt-BR"},{"@type":"Person","@id":"https:\/\/www.gaveanews.com\/#\/schema\/person\/2ec14f73fb96be2caf28f91afb14749d","name":"Equipe G\u00e1vea News","image":{"@type":"ImageObject","inLanguage":"pt-BR","@id":"https:\/\/www.gaveanews.com\/#\/schema\/person\/image\/","url":"https:\/\/secure.gravatar.com\/avatar\/1e1956f1facbffd3f8fa53a326721950116b3b9dc9bd44939c01180fd4a745a9?s=96&d=mm&r=g","contentUrl":"https:\/\/secure.gravatar.com\/avatar\/1e1956f1facbffd3f8fa53a326721950116b3b9dc9bd44939c01180fd4a745a9?s=96&d=mm&r=g","caption":"Equipe G\u00e1vea News"}}]}},"_links":{"self":[{"href":"https:\/\/www.gaveanews.com\/index.php\/wp-json\/wp\/v2\/posts\/45587","targetHints":{"allow":["GET"]}}],"collection":[{"href":"https:\/\/www.gaveanews.com\/index.php\/wp-json\/wp\/v2\/posts"}],"about":[{"href":"https:\/\/www.gaveanews.com\/index.php\/wp-json\/wp\/v2\/types\/post"}],"author":[{"embeddable":true,"href":"https:\/\/www.gaveanews.com\/index.php\/wp-json\/wp\/v2\/users\/1"}],"replies":[{"embeddable":true,"href":"https:\/\/www.gaveanews.com\/index.php\/wp-json\/wp\/v2\/comments?post=45587"}],"version-history":[{"count":0,"href":"https:\/\/www.gaveanews.com\/index.php\/wp-json\/wp\/v2\/posts\/45587\/revisions"}],"wp:featuredmedia":[{"embeddable":true,"href":"https:\/\/www.gaveanews.com\/index.php\/wp-json\/wp\/v2\/media\/28894"}],"wp:attachment":[{"href":"https:\/\/www.gaveanews.com\/index.php\/wp-json\/wp\/v2\/media?parent=45587"}],"wp:term":[{"taxonomy":"category","embeddable":true,"href":"https:\/\/www.gaveanews.com\/index.php\/wp-json\/wp\/v2\/categories?post=45587"},{"taxonomy":"post_tag","embeddable":true,"href":"https:\/\/www.gaveanews.com\/index.php\/wp-json\/wp\/v2\/tags?post=45587"}],"curies":[{"name":"wp","href":"https:\/\/api.w.org\/{rel}","templated":true}]}}