{"id":45603,"date":"2020-08-14T19:17:54","date_gmt":"2020-08-14T22:17:54","guid":{"rendered":"https:\/\/www.gaveanews.com\/?p=45603"},"modified":"2024-04-07T09:12:42","modified_gmt":"2024-04-07T12:12:42","slug":"video-jornalista-questiona-marcos-braz-sobre-demissao-de-domenec-torrent","status":"publish","type":"post","link":"https:\/\/www.gaveanews.com\/index.php\/2020\/08\/14\/video-jornalista-questiona-marcos-braz-sobre-demissao-de-domenec-torrent\/","title":{"rendered":"V\u00eddeo: Jornalista questiona Marcos Braz sobre demiss\u00e3o de Domenec Torrent"},"content":{"rendered":"\n<p>Nesta sexta-feira (14 de agosto), Marcos Braz concedeu uma entrevista coletiva, na qual ele foi abordado sobre os mais diversos assuntos envolvendo o Flamengo. E em um determinado momento, Braz foi perguntado como a diretoria do Flamengo ir\u00e1 comportar-se, em caso de mais um resultado negativo neste s\u00e1bado (15 de agosto), contra o Coritiba.<\/p>\n\n\n\n<p>Segundo Braz, o Flamengo n\u00e3o cogita a demiss\u00e3o do treinador. O vice-presidente de futebol ainda destacou que h\u00e1 confian\u00e7a no trabalho do treinador espanhol.<\/p>\n\n\n\n<p><em>\u2014 A gente confira no profissional que contratamos e nos que chegaram com ele. O trabalho ser\u00e1 continuado normalmente. O t\u00e9cnico n\u00e3o vai cair s\u00e1bado, n\u00e3o \u00e9 por a\u00ed, n\u00e3o \u00e9 assim que trabalhamos.<\/em><\/p>\n\n\n\n<figure class=\"wp-block-embed-youtube wp-block-embed is-type-video is-provider-youtube wp-embed-aspect-16-9 wp-has-aspect-ratio\"><div class=\"wp-block-embed__wrapper\">\nhttps:\/\/www.youtube.com\/watch?v=waYpmTkgnQg\n<\/div><\/figure>\n\n\n\n<p><strong>Leia tamb\u00e9m: <a href=\"https:\/\/www.gaveanews.com\/index.php\/2020\/08\/14\/flamengo-quase-contratou-goleiro-do-sao-paulo-para-substituir-diego-alves\/\">Flamengo quase contratou goleiro do S\u00e3o Paulo para substituir Diego Alves<\/a><\/strong><\/p>\n","protected":false},"excerpt":{"rendered":"<p>Nesta sexta-feira (14 de agosto), Marcos Braz concedeu uma entrevista coletiva, na qual ele foi abordado sobre os mais diversos assuntos envolvendo o Flamengo. E em um determinado momento, Braz foi perguntado como a diretoria do Flamengo ir\u00e1 comportar-se, em caso de mais um resultado negativo neste s\u00e1bado (15 de agosto), contra o Coritiba. Segundo [&hellip;]<\/p>\n","protected":false},"author":2,"featured_media":45231,"comment_status":"open","ping_status":"closed","sticky":false,"template":"","format":"standard","meta":{"footnotes":""},"categories":[47],"tags":[198],"class_list":["post-45603","post","type-post","status-publish","format-standard","has-post-thumbnail","hentry","category-destaques","tag-domenec-torrent-font"],"yoast_head":"<!-- This site is optimized with the Yoast SEO Premium plugin v24.2 (Yoast SEO v26.9) - https:\/\/yoast.com\/product\/yoast-seo-premium-wordpress\/ -->\n<title>V\u00eddeo: Jornalista questiona Braz sobre demiss\u00e3o de Domenec Torrent<\/title>\n<meta name=\"description\" content=\"Marcos Braz concedeu uma entrevista coletiva, na qual ele foi abordado sobre os mais diversos assuntos envolvendo o Flamengo.\" \/>\n<meta name=\"robots\" content=\"index, follow, max-snippet:-1, max-image-preview:large, max-video-preview:-1\" \/>\n<link rel=\"canonical\" href=\"https:\/\/www.gaveanews.com\/index.php\/2020\/08\/14\/video-jornalista-questiona-marcos-braz-sobre-demissao-de-domenec-torrent\/\" \/>\n<meta property=\"og:locale\" content=\"pt_BR\" \/>\n<meta property=\"og:type\" content=\"article\" \/>\n<meta property=\"og:title\" content=\"V\u00eddeo: Jornalista questiona Marcos Braz sobre demiss\u00e3o de Domenec Torrent\" \/>\n<meta property=\"og:description\" content=\"Marcos Braz concedeu uma entrevista coletiva, na qual ele foi abordado sobre os mais diversos assuntos envolvendo o Flamengo.\" \/>\n<meta property=\"og:url\" content=\"https:\/\/www.gaveanews.com\/index.php\/2020\/08\/14\/video-jornalista-questiona-marcos-braz-sobre-demissao-de-domenec-torrent\/\" \/>\n<meta property=\"og:site_name\" content=\"G\u00e1vea News\" \/>\n<meta property=\"article:publisher\" content=\"https:\/\/facebook.com\/gaveaNews\/\" \/>\n<meta property=\"article:published_time\" content=\"2020-08-14T22:17:54+00:00\" \/>\n<meta property=\"article:modified_time\" content=\"2024-04-07T12:12:42+00:00\" \/>\n<meta property=\"og:image\" content=\"https:\/\/www.gaveanews.com\/wp-content\/uploads\/Domenec-Torrent-gesticula-na-area-tecnica-durante-uma-partida-do-Flamengo.webp\" \/>\n\t<meta property=\"og:image:width\" content=\"1\" \/>\n\t<meta property=\"og:image:height\" content=\"1\" \/>\n\t<meta property=\"og:image:type\" content=\"image\/jpeg\" \/>\n<meta name=\"author\" content=\"Hugo Nogueira\" \/>\n<meta name=\"twitter:card\" content=\"summary_large_image\" \/>\n<meta name=\"twitter:label1\" content=\"Escrito por\" \/>\n\t<meta name=\"twitter:data1\" content=\"Hugo Nogueira\" \/>\n\t<meta name=\"twitter:label2\" content=\"Est. tempo de leitura\" \/>\n\t<meta name=\"twitter:data2\" content=\"1 minuto\" \/>\n<script type=\"application\/ld+json\" class=\"yoast-schema-graph\">{\"@context\":\"https:\/\/schema.org\",\"@graph\":[{\"@type\":\"NewsArticle\",\"@id\":\"https:\/\/www.gaveanews.com\/index.php\/2020\/08\/14\/video-jornalista-questiona-marcos-braz-sobre-demissao-de-domenec-torrent\/#article\",\"isPartOf\":{\"@id\":\"https:\/\/www.gaveanews.com\/index.php\/2020\/08\/14\/video-jornalista-questiona-marcos-braz-sobre-demissao-de-domenec-torrent\/\"},\"author\":{\"name\":\"Hugo Nogueira\",\"@id\":\"https:\/\/www.gaveanews.com\/#\/schema\/person\/3a0372021fabaeec4e7e4242cfa27841\"},\"headline\":\"V\u00eddeo: Jornalista questiona Marcos Braz sobre demiss\u00e3o de Domenec Torrent\",\"datePublished\":\"2020-08-14T22:17:54+00:00\",\"dateModified\":\"2024-04-07T12:12:42+00:00\",\"mainEntityOfPage\":{\"@id\":\"https:\/\/www.gaveanews.com\/index.php\/2020\/08\/14\/video-jornalista-questiona-marcos-braz-sobre-demissao-de-domenec-torrent\/\"},\"wordCount\":150,\"commentCount\":11,\"image\":{\"@id\":\"https:\/\/www.gaveanews.com\/index.php\/2020\/08\/14\/video-jornalista-questiona-marcos-braz-sobre-demissao-de-domenec-torrent\/#primaryimage\"},\"thumbnailUrl\":\"https:\/\/www.gaveanews.com\/wp-content\/uploads\/Domenec-Torrent-gesticula-na-area-tecnica-durante-uma-partida-do-Flamengo.webp\",\"keywords\":[\"Dom\u00e8nec Torrent Font\"],\"articleSection\":[\"Destaques\"],\"inLanguage\":\"pt-BR\",\"potentialAction\":[{\"@type\":\"CommentAction\",\"name\":\"Comment\",\"target\":[\"https:\/\/www.gaveanews.com\/index.php\/2020\/08\/14\/video-jornalista-questiona-marcos-braz-sobre-demissao-de-domenec-torrent\/#respond\"]}],\"copyrightYear\":\"2020\",\"copyrightHolder\":{\"@id\":\"https:\/\/www.gaveanews.com\/#organization\"}},{\"@type\":\"WebPage\",\"@id\":\"https:\/\/www.gaveanews.com\/index.php\/2020\/08\/14\/video-jornalista-questiona-marcos-braz-sobre-demissao-de-domenec-torrent\/\",\"url\":\"https:\/\/www.gaveanews.com\/index.php\/2020\/08\/14\/video-jornalista-questiona-marcos-braz-sobre-demissao-de-domenec-torrent\/\",\"name\":\"V\u00eddeo: Jornalista questiona Braz sobre demiss\u00e3o de Domenec Torrent\",\"isPartOf\":{\"@id\":\"https:\/\/www.gaveanews.com\/#website\"},\"primaryImageOfPage\":{\"@id\":\"https:\/\/www.gaveanews.com\/index.php\/2020\/08\/14\/video-jornalista-questiona-marcos-braz-sobre-demissao-de-domenec-torrent\/#primaryimage\"},\"image\":{\"@id\":\"https:\/\/www.gaveanews.com\/index.php\/2020\/08\/14\/video-jornalista-questiona-marcos-braz-sobre-demissao-de-domenec-torrent\/#primaryimage\"},\"thumbnailUrl\":\"https:\/\/www.gaveanews.com\/wp-content\/uploads\/Domenec-Torrent-gesticula-na-area-tecnica-durante-uma-partida-do-Flamengo.webp\",\"datePublished\":\"2020-08-14T22:17:54+00:00\",\"dateModified\":\"2024-04-07T12:12:42+00:00\",\"author\":{\"@id\":\"https:\/\/www.gaveanews.com\/#\/schema\/person\/3a0372021fabaeec4e7e4242cfa27841\"},\"description\":\"Marcos Braz concedeu uma entrevista coletiva, na qual ele foi abordado sobre os mais diversos assuntos envolvendo o Flamengo.\",\"breadcrumb\":{\"@id\":\"https:\/\/www.gaveanews.com\/index.php\/2020\/08\/14\/video-jornalista-questiona-marcos-braz-sobre-demissao-de-domenec-torrent\/#breadcrumb\"},\"inLanguage\":\"pt-BR\",\"potentialAction\":[{\"@type\":\"ReadAction\",\"target\":[\"https:\/\/www.gaveanews.com\/index.php\/2020\/08\/14\/video-jornalista-questiona-marcos-braz-sobre-demissao-de-domenec-torrent\/\"]}]},{\"@type\":\"ImageObject\",\"inLanguage\":\"pt-BR\",\"@id\":\"https:\/\/www.gaveanews.com\/index.php\/2020\/08\/14\/video-jornalista-questiona-marcos-braz-sobre-demissao-de-domenec-torrent\/#primaryimage\",\"url\":\"https:\/\/www.gaveanews.com\/wp-content\/uploads\/Domenec-Torrent-gesticula-na-area-tecnica-durante-uma-partida-do-Flamengo.webp\",\"contentUrl\":\"https:\/\/www.gaveanews.com\/wp-content\/uploads\/Domenec-Torrent-gesticula-na-area-tecnica-durante-uma-partida-do-Flamengo.webp\",\"caption\":\"Dom\u00e8nec Torrent gesticula na \u00e1rea t\u00e9cnica durante uma partida do Flamengo (Foto: Alexandre Vidal\/Flamengo)\"},{\"@type\":\"BreadcrumbList\",\"@id\":\"https:\/\/www.gaveanews.com\/index.php\/2020\/08\/14\/video-jornalista-questiona-marcos-braz-sobre-demissao-de-domenec-torrent\/#breadcrumb\",\"itemListElement\":[{\"@type\":\"ListItem\",\"position\":1,\"name\":\"Home\",\"item\":\"https:\/\/www.gaveanews.com\/\"},{\"@type\":\"ListItem\",\"position\":2,\"name\":\"V\u00eddeo: Jornalista questiona Marcos Braz sobre demiss\u00e3o de Domenec Torrent\"}]},{\"@type\":\"WebSite\",\"@id\":\"https:\/\/www.gaveanews.com\/#website\",\"url\":\"https:\/\/www.gaveanews.com\/\",\"name\":\"G\u00e1vea News\",\"description\":\"Veja todas as not\u00edcias sobre o Flamengo: Contrata\u00e7\u00f5es, categorias de base, resultados das partidas, tabela de classifica\u00e7\u00e3o, pr\u00f3ximos jogos!\",\"potentialAction\":[{\"@type\":\"SearchAction\",\"target\":{\"@type\":\"EntryPoint\",\"urlTemplate\":\"https:\/\/www.gaveanews.com\/?s={search_term_string}\"},\"query-input\":{\"@type\":\"PropertyValueSpecification\",\"valueRequired\":true,\"valueName\":\"search_term_string\"}}],\"inLanguage\":\"pt-BR\"},{\"@type\":\"Person\",\"@id\":\"https:\/\/www.gaveanews.com\/#\/schema\/person\/3a0372021fabaeec4e7e4242cfa27841\",\"name\":\"Hugo Nogueira\",\"image\":{\"@type\":\"ImageObject\",\"inLanguage\":\"pt-BR\",\"@id\":\"https:\/\/www.gaveanews.com\/#\/schema\/person\/image\/\",\"url\":\"https:\/\/secure.gravatar.com\/avatar\/0cdd89f3b47bb55926c08eee2db992845cfdd53f84c9fdd47a49d89b3cd40c0a?s=96&d=mm&r=g\",\"contentUrl\":\"https:\/\/secure.gravatar.com\/avatar\/0cdd89f3b47bb55926c08eee2db992845cfdd53f84c9fdd47a49d89b3cd40c0a?s=96&d=mm&r=g\",\"caption\":\"Hugo Nogueira\"}}]}<\/script>\n<!-- \/ Yoast SEO Premium plugin. -->","yoast_head_json":{"title":"V\u00eddeo: Jornalista questiona Braz sobre demiss\u00e3o de Domenec Torrent","description":"Marcos Braz concedeu uma entrevista coletiva, na qual ele foi abordado sobre os mais diversos assuntos envolvendo o Flamengo.","robots":{"index":"index","follow":"follow","max-snippet":"max-snippet:-1","max-image-preview":"max-image-preview:large","max-video-preview":"max-video-preview:-1"},"canonical":"https:\/\/www.gaveanews.com\/index.php\/2020\/08\/14\/video-jornalista-questiona-marcos-braz-sobre-demissao-de-domenec-torrent\/","og_locale":"pt_BR","og_type":"article","og_title":"V\u00eddeo: Jornalista questiona Marcos Braz sobre demiss\u00e3o de Domenec Torrent","og_description":"Marcos Braz concedeu uma entrevista coletiva, na qual ele foi abordado sobre os mais diversos assuntos envolvendo o Flamengo.","og_url":"https:\/\/www.gaveanews.com\/index.php\/2020\/08\/14\/video-jornalista-questiona-marcos-braz-sobre-demissao-de-domenec-torrent\/","og_site_name":"G\u00e1vea News","article_publisher":"https:\/\/facebook.com\/gaveaNews\/","article_published_time":"2020-08-14T22:17:54+00:00","article_modified_time":"2024-04-07T12:12:42+00:00","og_image":[{"url":"https:\/\/www.gaveanews.com\/wp-content\/uploads\/Domenec-Torrent-gesticula-na-area-tecnica-durante-uma-partida-do-Flamengo.webp","width":1,"height":1,"type":"image\/jpeg"}],"author":"Hugo Nogueira","twitter_card":"summary_large_image","twitter_misc":{"Escrito por":"Hugo Nogueira","Est. tempo de leitura":"1 minuto"},"schema":{"@context":"https:\/\/schema.org","@graph":[{"@type":"NewsArticle","@id":"https:\/\/www.gaveanews.com\/index.php\/2020\/08\/14\/video-jornalista-questiona-marcos-braz-sobre-demissao-de-domenec-torrent\/#article","isPartOf":{"@id":"https:\/\/www.gaveanews.com\/index.php\/2020\/08\/14\/video-jornalista-questiona-marcos-braz-sobre-demissao-de-domenec-torrent\/"},"author":{"name":"Hugo Nogueira","@id":"https:\/\/www.gaveanews.com\/#\/schema\/person\/3a0372021fabaeec4e7e4242cfa27841"},"headline":"V\u00eddeo: Jornalista questiona Marcos Braz sobre demiss\u00e3o de Domenec Torrent","datePublished":"2020-08-14T22:17:54+00:00","dateModified":"2024-04-07T12:12:42+00:00","mainEntityOfPage":{"@id":"https:\/\/www.gaveanews.com\/index.php\/2020\/08\/14\/video-jornalista-questiona-marcos-braz-sobre-demissao-de-domenec-torrent\/"},"wordCount":150,"commentCount":11,"image":{"@id":"https:\/\/www.gaveanews.com\/index.php\/2020\/08\/14\/video-jornalista-questiona-marcos-braz-sobre-demissao-de-domenec-torrent\/#primaryimage"},"thumbnailUrl":"https:\/\/www.gaveanews.com\/wp-content\/uploads\/Domenec-Torrent-gesticula-na-area-tecnica-durante-uma-partida-do-Flamengo.webp","keywords":["Dom\u00e8nec Torrent Font"],"articleSection":["Destaques"],"inLanguage":"pt-BR","potentialAction":[{"@type":"CommentAction","name":"Comment","target":["https:\/\/www.gaveanews.com\/index.php\/2020\/08\/14\/video-jornalista-questiona-marcos-braz-sobre-demissao-de-domenec-torrent\/#respond"]}],"copyrightYear":"2020","copyrightHolder":{"@id":"https:\/\/www.gaveanews.com\/#organization"}},{"@type":"WebPage","@id":"https:\/\/www.gaveanews.com\/index.php\/2020\/08\/14\/video-jornalista-questiona-marcos-braz-sobre-demissao-de-domenec-torrent\/","url":"https:\/\/www.gaveanews.com\/index.php\/2020\/08\/14\/video-jornalista-questiona-marcos-braz-sobre-demissao-de-domenec-torrent\/","name":"V\u00eddeo: Jornalista questiona Braz sobre demiss\u00e3o de Domenec Torrent","isPartOf":{"@id":"https:\/\/www.gaveanews.com\/#website"},"primaryImageOfPage":{"@id":"https:\/\/www.gaveanews.com\/index.php\/2020\/08\/14\/video-jornalista-questiona-marcos-braz-sobre-demissao-de-domenec-torrent\/#primaryimage"},"image":{"@id":"https:\/\/www.gaveanews.com\/index.php\/2020\/08\/14\/video-jornalista-questiona-marcos-braz-sobre-demissao-de-domenec-torrent\/#primaryimage"},"thumbnailUrl":"https:\/\/www.gaveanews.com\/wp-content\/uploads\/Domenec-Torrent-gesticula-na-area-tecnica-durante-uma-partida-do-Flamengo.webp","datePublished":"2020-08-14T22:17:54+00:00","dateModified":"2024-04-07T12:12:42+00:00","author":{"@id":"https:\/\/www.gaveanews.com\/#\/schema\/person\/3a0372021fabaeec4e7e4242cfa27841"},"description":"Marcos Braz concedeu uma entrevista coletiva, na qual ele foi abordado sobre os mais diversos assuntos envolvendo o Flamengo.","breadcrumb":{"@id":"https:\/\/www.gaveanews.com\/index.php\/2020\/08\/14\/video-jornalista-questiona-marcos-braz-sobre-demissao-de-domenec-torrent\/#breadcrumb"},"inLanguage":"pt-BR","potentialAction":[{"@type":"ReadAction","target":["https:\/\/www.gaveanews.com\/index.php\/2020\/08\/14\/video-jornalista-questiona-marcos-braz-sobre-demissao-de-domenec-torrent\/"]}]},{"@type":"ImageObject","inLanguage":"pt-BR","@id":"https:\/\/www.gaveanews.com\/index.php\/2020\/08\/14\/video-jornalista-questiona-marcos-braz-sobre-demissao-de-domenec-torrent\/#primaryimage","url":"https:\/\/www.gaveanews.com\/wp-content\/uploads\/Domenec-Torrent-gesticula-na-area-tecnica-durante-uma-partida-do-Flamengo.webp","contentUrl":"https:\/\/www.gaveanews.com\/wp-content\/uploads\/Domenec-Torrent-gesticula-na-area-tecnica-durante-uma-partida-do-Flamengo.webp","caption":"Dom\u00e8nec Torrent gesticula na \u00e1rea t\u00e9cnica durante uma partida do Flamengo (Foto: Alexandre Vidal\/Flamengo)"},{"@type":"BreadcrumbList","@id":"https:\/\/www.gaveanews.com\/index.php\/2020\/08\/14\/video-jornalista-questiona-marcos-braz-sobre-demissao-de-domenec-torrent\/#breadcrumb","itemListElement":[{"@type":"ListItem","position":1,"name":"Home","item":"https:\/\/www.gaveanews.com\/"},{"@type":"ListItem","position":2,"name":"V\u00eddeo: Jornalista questiona Marcos Braz sobre demiss\u00e3o de Domenec Torrent"}]},{"@type":"WebSite","@id":"https:\/\/www.gaveanews.com\/#website","url":"https:\/\/www.gaveanews.com\/","name":"G\u00e1vea News","description":"Veja todas as not\u00edcias sobre o Flamengo: Contrata\u00e7\u00f5es, categorias de base, resultados das partidas, tabela de classifica\u00e7\u00e3o, pr\u00f3ximos jogos!","potentialAction":[{"@type":"SearchAction","target":{"@type":"EntryPoint","urlTemplate":"https:\/\/www.gaveanews.com\/?s={search_term_string}"},"query-input":{"@type":"PropertyValueSpecification","valueRequired":true,"valueName":"search_term_string"}}],"inLanguage":"pt-BR"},{"@type":"Person","@id":"https:\/\/www.gaveanews.com\/#\/schema\/person\/3a0372021fabaeec4e7e4242cfa27841","name":"Hugo Nogueira","image":{"@type":"ImageObject","inLanguage":"pt-BR","@id":"https:\/\/www.gaveanews.com\/#\/schema\/person\/image\/","url":"https:\/\/secure.gravatar.com\/avatar\/0cdd89f3b47bb55926c08eee2db992845cfdd53f84c9fdd47a49d89b3cd40c0a?s=96&d=mm&r=g","contentUrl":"https:\/\/secure.gravatar.com\/avatar\/0cdd89f3b47bb55926c08eee2db992845cfdd53f84c9fdd47a49d89b3cd40c0a?s=96&d=mm&r=g","caption":"Hugo Nogueira"}}]}},"_links":{"self":[{"href":"https:\/\/www.gaveanews.com\/index.php\/wp-json\/wp\/v2\/posts\/45603","targetHints":{"allow":["GET"]}}],"collection":[{"href":"https:\/\/www.gaveanews.com\/index.php\/wp-json\/wp\/v2\/posts"}],"about":[{"href":"https:\/\/www.gaveanews.com\/index.php\/wp-json\/wp\/v2\/types\/post"}],"author":[{"embeddable":true,"href":"https:\/\/www.gaveanews.com\/index.php\/wp-json\/wp\/v2\/users\/2"}],"replies":[{"embeddable":true,"href":"https:\/\/www.gaveanews.com\/index.php\/wp-json\/wp\/v2\/comments?post=45603"}],"version-history":[{"count":1,"href":"https:\/\/www.gaveanews.com\/index.php\/wp-json\/wp\/v2\/posts\/45603\/revisions"}],"predecessor-version":[{"id":136771,"href":"https:\/\/www.gaveanews.com\/index.php\/wp-json\/wp\/v2\/posts\/45603\/revisions\/136771"}],"wp:featuredmedia":[{"embeddable":true,"href":"https:\/\/www.gaveanews.com\/index.php\/wp-json\/wp\/v2\/media\/45231"}],"wp:attachment":[{"href":"https:\/\/www.gaveanews.com\/index.php\/wp-json\/wp\/v2\/media?parent=45603"}],"wp:term":[{"taxonomy":"category","embeddable":true,"href":"https:\/\/www.gaveanews.com\/index.php\/wp-json\/wp\/v2\/categories?post=45603"},{"taxonomy":"post_tag","embeddable":true,"href":"https:\/\/www.gaveanews.com\/index.php\/wp-json\/wp\/v2\/tags?post=45603"}],"curies":[{"name":"wp","href":"https:\/\/api.w.org\/{rel}","templated":true}]}}