{"id":45604,"date":"2020-08-14T18:38:09","date_gmt":"2020-08-14T21:38:09","guid":{"rendered":"https:\/\/www.gaveanews.com\/?p=45604"},"modified":"2020-08-14T18:38:11","modified_gmt":"2020-08-14T21:38:11","slug":"gabigol-emite-nota-oficial-para-rebater-jornalista","status":"publish","type":"post","link":"https:\/\/www.gaveanews.com\/index.php\/2020\/08\/14\/gabigol-emite-nota-oficial-para-rebater-jornalista\/","title":{"rendered":"Gabigol emite nota oficial para rebater jornalista"},"content":{"rendered":"\n<p>Na manh\u00e3 desta sexta-feira (14 de agosto), L\u00e9o Dias, publicou uma acusa\u00e7\u00e3o contra Gabigol, do Flamengo. Segundo o jornalista, o atacante traiu diversas vezes Rafaella Santos (irm\u00e3 de Neymar). De acordo com a publica\u00e7\u00e3o, Gabigol teve rela\u00e7\u00f5es com a DJ Allana enquanto namorava com Rafaella.<\/p>\n\n\n\n<p>Entretanto, o jogador, ao tomar conhecimento sobre tal situa\u00e7\u00e3o, fez quest\u00e3o de publicar uma nota para desmentir tais informa\u00e7\u00f5es. Atrav\u00e9s de seu perfil oficial no Twitter, Gabigol fez quest\u00e3o de destacar que est\u00e1 concentrado para buscar resultados melhores com o Flamengo.<\/p>\n\n\n\n<h2 class=\"wp-block-heading\">Leia a nota divulgada por Gabigol:<\/h2>\n\n\n\n<p><em>Tomei conhecimento da publica\u00e7\u00e3o do colunista L\u00e9o Dias nesta sexta-feira (14). Mais uma vez, venho a p\u00fablico negar toda e qualquer informa\u00e7\u00e3o contida na coluna. N\u00e3o tenho qualquer tipo de relacionamento com a DJ citada.<\/em><\/p>\n\n\n\n<p><em>No momento, estou em viagem com o Flamengo e completamente concentrado nos jogos que temos e na busca por resultados melhores de nossa equipe.<\/em><\/p>\n","protected":false},"excerpt":{"rendered":"<p>Na manh\u00e3 desta sexta-feira (14 de agosto), L\u00e9o Dias, publicou uma acusa\u00e7\u00e3o contra Gabigol, do Flamengo. Segundo o jornalista, o atacante traiu diversas vezes Rafaella Santos (irm\u00e3 de Neymar). De acordo com a publica\u00e7\u00e3o, Gabigol teve rela\u00e7\u00f5es com a DJ Allana enquanto namorava com Rafaella. Entretanto, o jogador, ao tomar conhecimento sobre tal situa\u00e7\u00e3o, fez [&hellip;]<\/p>\n","protected":false},"author":1,"featured_media":28921,"comment_status":"open","ping_status":"closed","sticky":false,"template":"","format":"standard","meta":{"footnotes":""},"categories":[47],"tags":[],"class_list":["post-45604","post","type-post","status-publish","format-standard","has-post-thumbnail","hentry","category-destaques"],"yoast_head":"<!-- This site is optimized with the Yoast SEO Premium plugin v24.2 (Yoast SEO v26.9) - https:\/\/yoast.com\/product\/yoast-seo-premium-wordpress\/ -->\n<title>Gabigol emite nota oficial para rebater jornalista<\/title>\n<meta name=\"description\" content=\"Gabigol fez quest\u00e3o de destacar que est\u00e1 concentrado para buscar resultados melhores com o time do Flamengo.\" \/>\n<meta name=\"robots\" content=\"index, follow, max-snippet:-1, max-image-preview:large, max-video-preview:-1\" \/>\n<link rel=\"canonical\" href=\"https:\/\/www.gaveanews.com\/index.php\/2020\/08\/14\/gabigol-emite-nota-oficial-para-rebater-jornalista\/\" \/>\n<meta property=\"og:locale\" content=\"pt_BR\" \/>\n<meta property=\"og:type\" content=\"article\" \/>\n<meta property=\"og:title\" content=\"Gabigol emite nota oficial para rebater jornalista\" \/>\n<meta property=\"og:description\" content=\"Gabigol fez quest\u00e3o de destacar que est\u00e1 concentrado para buscar resultados melhores com o time do Flamengo.\" \/>\n<meta property=\"og:url\" content=\"https:\/\/www.gaveanews.com\/index.php\/2020\/08\/14\/gabigol-emite-nota-oficial-para-rebater-jornalista\/\" \/>\n<meta property=\"og:site_name\" content=\"G\u00e1vea News\" \/>\n<meta property=\"article:publisher\" content=\"https:\/\/facebook.com\/gaveaNews\/\" \/>\n<meta property=\"article:published_time\" content=\"2020-08-14T21:38:09+00:00\" \/>\n<meta property=\"article:modified_time\" content=\"2020-08-14T21:38:11+00:00\" \/>\n<meta property=\"og:image\" content=\"https:\/\/www.gaveanews.com\/wp-content\/uploads\/Gabriel-Barbosa-em-acao-pelo-Flamengo.webp\" \/>\n\t<meta property=\"og:image:width\" content=\"1\" \/>\n\t<meta property=\"og:image:height\" content=\"1\" \/>\n\t<meta property=\"og:image:type\" content=\"image\/jpeg\" \/>\n<meta name=\"author\" content=\"Equipe G\u00e1vea News\" \/>\n<meta name=\"twitter:card\" content=\"summary_large_image\" \/>\n<meta name=\"twitter:label1\" content=\"Escrito por\" \/>\n\t<meta name=\"twitter:data1\" content=\"Equipe G\u00e1vea News\" \/>\n\t<meta name=\"twitter:label2\" content=\"Est. tempo de leitura\" \/>\n\t<meta name=\"twitter:data2\" content=\"1 minuto\" \/>\n<script type=\"application\/ld+json\" class=\"yoast-schema-graph\">{\"@context\":\"https:\/\/schema.org\",\"@graph\":[{\"@type\":\"NewsArticle\",\"@id\":\"https:\/\/www.gaveanews.com\/index.php\/2020\/08\/14\/gabigol-emite-nota-oficial-para-rebater-jornalista\/#article\",\"isPartOf\":{\"@id\":\"https:\/\/www.gaveanews.com\/index.php\/2020\/08\/14\/gabigol-emite-nota-oficial-para-rebater-jornalista\/\"},\"author\":{\"name\":\"Equipe G\u00e1vea News\",\"@id\":\"https:\/\/www.gaveanews.com\/#\/schema\/person\/2ec14f73fb96be2caf28f91afb14749d\"},\"headline\":\"Gabigol emite nota oficial para rebater jornalista\",\"datePublished\":\"2020-08-14T21:38:09+00:00\",\"dateModified\":\"2020-08-14T21:38:11+00:00\",\"mainEntityOfPage\":{\"@id\":\"https:\/\/www.gaveanews.com\/index.php\/2020\/08\/14\/gabigol-emite-nota-oficial-para-rebater-jornalista\/\"},\"wordCount\":170,\"commentCount\":18,\"image\":{\"@id\":\"https:\/\/www.gaveanews.com\/index.php\/2020\/08\/14\/gabigol-emite-nota-oficial-para-rebater-jornalista\/#primaryimage\"},\"thumbnailUrl\":\"https:\/\/www.gaveanews.com\/wp-content\/uploads\/Gabriel-Barbosa-em-acao-pelo-Flamengo.webp\",\"articleSection\":[\"Destaques\"],\"inLanguage\":\"pt-BR\",\"potentialAction\":[{\"@type\":\"CommentAction\",\"name\":\"Comment\",\"target\":[\"https:\/\/www.gaveanews.com\/index.php\/2020\/08\/14\/gabigol-emite-nota-oficial-para-rebater-jornalista\/#respond\"]}],\"copyrightYear\":\"2020\",\"copyrightHolder\":{\"@id\":\"https:\/\/www.gaveanews.com\/#organization\"}},{\"@type\":\"WebPage\",\"@id\":\"https:\/\/www.gaveanews.com\/index.php\/2020\/08\/14\/gabigol-emite-nota-oficial-para-rebater-jornalista\/\",\"url\":\"https:\/\/www.gaveanews.com\/index.php\/2020\/08\/14\/gabigol-emite-nota-oficial-para-rebater-jornalista\/\",\"name\":\"Gabigol emite nota oficial para rebater jornalista\",\"isPartOf\":{\"@id\":\"https:\/\/www.gaveanews.com\/#website\"},\"primaryImageOfPage\":{\"@id\":\"https:\/\/www.gaveanews.com\/index.php\/2020\/08\/14\/gabigol-emite-nota-oficial-para-rebater-jornalista\/#primaryimage\"},\"image\":{\"@id\":\"https:\/\/www.gaveanews.com\/index.php\/2020\/08\/14\/gabigol-emite-nota-oficial-para-rebater-jornalista\/#primaryimage\"},\"thumbnailUrl\":\"https:\/\/www.gaveanews.com\/wp-content\/uploads\/Gabriel-Barbosa-em-acao-pelo-Flamengo.webp\",\"datePublished\":\"2020-08-14T21:38:09+00:00\",\"dateModified\":\"2020-08-14T21:38:11+00:00\",\"author\":{\"@id\":\"https:\/\/www.gaveanews.com\/#\/schema\/person\/2ec14f73fb96be2caf28f91afb14749d\"},\"description\":\"Gabigol fez quest\u00e3o de destacar que est\u00e1 concentrado para buscar resultados melhores com o time do Flamengo.\",\"breadcrumb\":{\"@id\":\"https:\/\/www.gaveanews.com\/index.php\/2020\/08\/14\/gabigol-emite-nota-oficial-para-rebater-jornalista\/#breadcrumb\"},\"inLanguage\":\"pt-BR\",\"potentialAction\":[{\"@type\":\"ReadAction\",\"target\":[\"https:\/\/www.gaveanews.com\/index.php\/2020\/08\/14\/gabigol-emite-nota-oficial-para-rebater-jornalista\/\"]}]},{\"@type\":\"ImageObject\",\"inLanguage\":\"pt-BR\",\"@id\":\"https:\/\/www.gaveanews.com\/index.php\/2020\/08\/14\/gabigol-emite-nota-oficial-para-rebater-jornalista\/#primaryimage\",\"url\":\"https:\/\/www.gaveanews.com\/wp-content\/uploads\/Gabriel-Barbosa-em-acao-pelo-Flamengo.webp\",\"contentUrl\":\"https:\/\/www.gaveanews.com\/wp-content\/uploads\/Gabriel-Barbosa-em-acao-pelo-Flamengo.webp\",\"caption\":\"Gabriel Barbosa em a\u00e7\u00e3o pelo Flamengo (Foto: Alexandre Vidal\/Flamengo)\"},{\"@type\":\"BreadcrumbList\",\"@id\":\"https:\/\/www.gaveanews.com\/index.php\/2020\/08\/14\/gabigol-emite-nota-oficial-para-rebater-jornalista\/#breadcrumb\",\"itemListElement\":[{\"@type\":\"ListItem\",\"position\":1,\"name\":\"Home\",\"item\":\"https:\/\/www.gaveanews.com\/\"},{\"@type\":\"ListItem\",\"position\":2,\"name\":\"Gabigol emite nota oficial para rebater jornalista\"}]},{\"@type\":\"WebSite\",\"@id\":\"https:\/\/www.gaveanews.com\/#website\",\"url\":\"https:\/\/www.gaveanews.com\/\",\"name\":\"G\u00e1vea News\",\"description\":\"Veja todas as not\u00edcias sobre o Flamengo: Contrata\u00e7\u00f5es, categorias de base, resultados das partidas, tabela de classifica\u00e7\u00e3o, pr\u00f3ximos jogos!\",\"potentialAction\":[{\"@type\":\"SearchAction\",\"target\":{\"@type\":\"EntryPoint\",\"urlTemplate\":\"https:\/\/www.gaveanews.com\/?s={search_term_string}\"},\"query-input\":{\"@type\":\"PropertyValueSpecification\",\"valueRequired\":true,\"valueName\":\"search_term_string\"}}],\"inLanguage\":\"pt-BR\"},{\"@type\":\"Person\",\"@id\":\"https:\/\/www.gaveanews.com\/#\/schema\/person\/2ec14f73fb96be2caf28f91afb14749d\",\"name\":\"Equipe G\u00e1vea News\",\"image\":{\"@type\":\"ImageObject\",\"inLanguage\":\"pt-BR\",\"@id\":\"https:\/\/www.gaveanews.com\/#\/schema\/person\/image\/\",\"url\":\"https:\/\/secure.gravatar.com\/avatar\/1e1956f1facbffd3f8fa53a326721950116b3b9dc9bd44939c01180fd4a745a9?s=96&d=mm&r=g\",\"contentUrl\":\"https:\/\/secure.gravatar.com\/avatar\/1e1956f1facbffd3f8fa53a326721950116b3b9dc9bd44939c01180fd4a745a9?s=96&d=mm&r=g\",\"caption\":\"Equipe G\u00e1vea News\"}}]}<\/script>\n<!-- \/ Yoast SEO Premium plugin. -->","yoast_head_json":{"title":"Gabigol emite nota oficial para rebater jornalista","description":"Gabigol fez quest\u00e3o de destacar que est\u00e1 concentrado para buscar resultados melhores com o time do Flamengo.","robots":{"index":"index","follow":"follow","max-snippet":"max-snippet:-1","max-image-preview":"max-image-preview:large","max-video-preview":"max-video-preview:-1"},"canonical":"https:\/\/www.gaveanews.com\/index.php\/2020\/08\/14\/gabigol-emite-nota-oficial-para-rebater-jornalista\/","og_locale":"pt_BR","og_type":"article","og_title":"Gabigol emite nota oficial para rebater jornalista","og_description":"Gabigol fez quest\u00e3o de destacar que est\u00e1 concentrado para buscar resultados melhores com o time do Flamengo.","og_url":"https:\/\/www.gaveanews.com\/index.php\/2020\/08\/14\/gabigol-emite-nota-oficial-para-rebater-jornalista\/","og_site_name":"G\u00e1vea News","article_publisher":"https:\/\/facebook.com\/gaveaNews\/","article_published_time":"2020-08-14T21:38:09+00:00","article_modified_time":"2020-08-14T21:38:11+00:00","og_image":[{"url":"https:\/\/www.gaveanews.com\/wp-content\/uploads\/Gabriel-Barbosa-em-acao-pelo-Flamengo.webp","width":1,"height":1,"type":"image\/jpeg"}],"author":"Equipe G\u00e1vea News","twitter_card":"summary_large_image","twitter_misc":{"Escrito por":"Equipe G\u00e1vea News","Est. tempo de leitura":"1 minuto"},"schema":{"@context":"https:\/\/schema.org","@graph":[{"@type":"NewsArticle","@id":"https:\/\/www.gaveanews.com\/index.php\/2020\/08\/14\/gabigol-emite-nota-oficial-para-rebater-jornalista\/#article","isPartOf":{"@id":"https:\/\/www.gaveanews.com\/index.php\/2020\/08\/14\/gabigol-emite-nota-oficial-para-rebater-jornalista\/"},"author":{"name":"Equipe G\u00e1vea News","@id":"https:\/\/www.gaveanews.com\/#\/schema\/person\/2ec14f73fb96be2caf28f91afb14749d"},"headline":"Gabigol emite nota oficial para rebater jornalista","datePublished":"2020-08-14T21:38:09+00:00","dateModified":"2020-08-14T21:38:11+00:00","mainEntityOfPage":{"@id":"https:\/\/www.gaveanews.com\/index.php\/2020\/08\/14\/gabigol-emite-nota-oficial-para-rebater-jornalista\/"},"wordCount":170,"commentCount":18,"image":{"@id":"https:\/\/www.gaveanews.com\/index.php\/2020\/08\/14\/gabigol-emite-nota-oficial-para-rebater-jornalista\/#primaryimage"},"thumbnailUrl":"https:\/\/www.gaveanews.com\/wp-content\/uploads\/Gabriel-Barbosa-em-acao-pelo-Flamengo.webp","articleSection":["Destaques"],"inLanguage":"pt-BR","potentialAction":[{"@type":"CommentAction","name":"Comment","target":["https:\/\/www.gaveanews.com\/index.php\/2020\/08\/14\/gabigol-emite-nota-oficial-para-rebater-jornalista\/#respond"]}],"copyrightYear":"2020","copyrightHolder":{"@id":"https:\/\/www.gaveanews.com\/#organization"}},{"@type":"WebPage","@id":"https:\/\/www.gaveanews.com\/index.php\/2020\/08\/14\/gabigol-emite-nota-oficial-para-rebater-jornalista\/","url":"https:\/\/www.gaveanews.com\/index.php\/2020\/08\/14\/gabigol-emite-nota-oficial-para-rebater-jornalista\/","name":"Gabigol emite nota oficial para rebater jornalista","isPartOf":{"@id":"https:\/\/www.gaveanews.com\/#website"},"primaryImageOfPage":{"@id":"https:\/\/www.gaveanews.com\/index.php\/2020\/08\/14\/gabigol-emite-nota-oficial-para-rebater-jornalista\/#primaryimage"},"image":{"@id":"https:\/\/www.gaveanews.com\/index.php\/2020\/08\/14\/gabigol-emite-nota-oficial-para-rebater-jornalista\/#primaryimage"},"thumbnailUrl":"https:\/\/www.gaveanews.com\/wp-content\/uploads\/Gabriel-Barbosa-em-acao-pelo-Flamengo.webp","datePublished":"2020-08-14T21:38:09+00:00","dateModified":"2020-08-14T21:38:11+00:00","author":{"@id":"https:\/\/www.gaveanews.com\/#\/schema\/person\/2ec14f73fb96be2caf28f91afb14749d"},"description":"Gabigol fez quest\u00e3o de destacar que est\u00e1 concentrado para buscar resultados melhores com o time do Flamengo.","breadcrumb":{"@id":"https:\/\/www.gaveanews.com\/index.php\/2020\/08\/14\/gabigol-emite-nota-oficial-para-rebater-jornalista\/#breadcrumb"},"inLanguage":"pt-BR","potentialAction":[{"@type":"ReadAction","target":["https:\/\/www.gaveanews.com\/index.php\/2020\/08\/14\/gabigol-emite-nota-oficial-para-rebater-jornalista\/"]}]},{"@type":"ImageObject","inLanguage":"pt-BR","@id":"https:\/\/www.gaveanews.com\/index.php\/2020\/08\/14\/gabigol-emite-nota-oficial-para-rebater-jornalista\/#primaryimage","url":"https:\/\/www.gaveanews.com\/wp-content\/uploads\/Gabriel-Barbosa-em-acao-pelo-Flamengo.webp","contentUrl":"https:\/\/www.gaveanews.com\/wp-content\/uploads\/Gabriel-Barbosa-em-acao-pelo-Flamengo.webp","caption":"Gabriel Barbosa em a\u00e7\u00e3o pelo Flamengo (Foto: Alexandre Vidal\/Flamengo)"},{"@type":"BreadcrumbList","@id":"https:\/\/www.gaveanews.com\/index.php\/2020\/08\/14\/gabigol-emite-nota-oficial-para-rebater-jornalista\/#breadcrumb","itemListElement":[{"@type":"ListItem","position":1,"name":"Home","item":"https:\/\/www.gaveanews.com\/"},{"@type":"ListItem","position":2,"name":"Gabigol emite nota oficial para rebater jornalista"}]},{"@type":"WebSite","@id":"https:\/\/www.gaveanews.com\/#website","url":"https:\/\/www.gaveanews.com\/","name":"G\u00e1vea News","description":"Veja todas as not\u00edcias sobre o Flamengo: Contrata\u00e7\u00f5es, categorias de base, resultados das partidas, tabela de classifica\u00e7\u00e3o, pr\u00f3ximos jogos!","potentialAction":[{"@type":"SearchAction","target":{"@type":"EntryPoint","urlTemplate":"https:\/\/www.gaveanews.com\/?s={search_term_string}"},"query-input":{"@type":"PropertyValueSpecification","valueRequired":true,"valueName":"search_term_string"}}],"inLanguage":"pt-BR"},{"@type":"Person","@id":"https:\/\/www.gaveanews.com\/#\/schema\/person\/2ec14f73fb96be2caf28f91afb14749d","name":"Equipe G\u00e1vea News","image":{"@type":"ImageObject","inLanguage":"pt-BR","@id":"https:\/\/www.gaveanews.com\/#\/schema\/person\/image\/","url":"https:\/\/secure.gravatar.com\/avatar\/1e1956f1facbffd3f8fa53a326721950116b3b9dc9bd44939c01180fd4a745a9?s=96&d=mm&r=g","contentUrl":"https:\/\/secure.gravatar.com\/avatar\/1e1956f1facbffd3f8fa53a326721950116b3b9dc9bd44939c01180fd4a745a9?s=96&d=mm&r=g","caption":"Equipe G\u00e1vea News"}}]}},"_links":{"self":[{"href":"https:\/\/www.gaveanews.com\/index.php\/wp-json\/wp\/v2\/posts\/45604","targetHints":{"allow":["GET"]}}],"collection":[{"href":"https:\/\/www.gaveanews.com\/index.php\/wp-json\/wp\/v2\/posts"}],"about":[{"href":"https:\/\/www.gaveanews.com\/index.php\/wp-json\/wp\/v2\/types\/post"}],"author":[{"embeddable":true,"href":"https:\/\/www.gaveanews.com\/index.php\/wp-json\/wp\/v2\/users\/1"}],"replies":[{"embeddable":true,"href":"https:\/\/www.gaveanews.com\/index.php\/wp-json\/wp\/v2\/comments?post=45604"}],"version-history":[{"count":0,"href":"https:\/\/www.gaveanews.com\/index.php\/wp-json\/wp\/v2\/posts\/45604\/revisions"}],"wp:featuredmedia":[{"embeddable":true,"href":"https:\/\/www.gaveanews.com\/index.php\/wp-json\/wp\/v2\/media\/28921"}],"wp:attachment":[{"href":"https:\/\/www.gaveanews.com\/index.php\/wp-json\/wp\/v2\/media?parent=45604"}],"wp:term":[{"taxonomy":"category","embeddable":true,"href":"https:\/\/www.gaveanews.com\/index.php\/wp-json\/wp\/v2\/categories?post=45604"},{"taxonomy":"post_tag","embeddable":true,"href":"https:\/\/www.gaveanews.com\/index.php\/wp-json\/wp\/v2\/tags?post=45604"}],"curies":[{"name":"wp","href":"https:\/\/api.w.org\/{rel}","templated":true}]}}